{"id":199,"date":"2014-04-09T20:58:59","date_gmt":"2014-04-09T19:58:59","guid":{"rendered":"http:\/\/kouskeol.fr\/?p=199"},"modified":"2017-06-07T19:06:40","modified_gmt":"2017-06-07T18:06:40","slug":"punta-arenas-puerto-montt-3e-etape-caleta-tortel-castroile-de-chiloe","status":"publish","type":"post","link":"http:\/\/kouskeol.fr\/?p=199","title":{"rendered":"Punta Arenas\u2013Puerto Montt \u2013 3e \u00e9tape: Caleta Tortel \u2013 Castro\/Ile de Chiloe"},"content":{"rendered":"<div class=\"ob-section ob-section-html\">\n<p>Le grand silence qui s&rsquo;est abattu sur ce blog n&rsquo;a rien \u00e0 voir avec une quelconque procrastination rampante dont aurait pu \u00eatre atteinte l&rsquo;\u00e9quipe d&rsquo;\u00e9dition de ce ramassis de banalit\u00e9s. D&rsquo;ailleurs, pour \u00e9viter d&rsquo;\u00eatre accus\u00e9e de ce mal pernicieux \u00e0 l&rsquo;avenir, l&rsquo;\u00e9quipe a d\u00e9cid\u00e9 une fois pour toute d&rsquo;arr\u00eater de procrastiner d\u00e8s demain!<\/p>\n<p>Ce n&rsquo;est pas faute d&rsquo;avoir essay\u00e9: \u00e0 <i>Caleta Tortel<\/i> non plus l&rsquo;Internet n&rsquo;a tenu ses promesses..<\/p>\n<p>En fait c&rsquo;\u00e9tait reculer pour mieux sauter: au lieu d&rsquo;une mise \u00e0 jour minable, c&rsquo;est \u00e0 une anamn\u00e8se bal\u00e8ze que vous avez droit, petits veinards!<\/p>\n<p>Non seulement cet article, mais tous les pr\u00e9c\u00e9dents qui attendaient la connexion lib\u00e9ratoire. L\u00e0 c&rsquo;est s\u00fbr: l&rsquo;INSEE ne pourra pas faire autrement que de constater avec effroi une baisse de la productivit\u00e9 g\u00e9n\u00e9rale dans les pays de langue fran\u00e7aise (m\u00eame rudimentaire, comme pour ce blog), parmi les citoyens avides d&rsquo;\u00e9l\u00e9vation culturelle de qualit\u00e9.<\/p>\n<p>Mais reprenons ensembles le fil du r\u00e9cit, si vous le voulez bien.<\/p>\n<p>Au risque de me r\u00e9p\u00e9ter, le tarif est identique m\u00eame si vous ne le voulez pas&#8230;<\/p>\n<p>On n&rsquo;est pas encore rendu \u00e0 Puerto Montt&#8230;<\/p>\n<p>Et on reprend o\u00f9 on vous avait laiss\u00e9 la derni\u00e8re fois&#8230;<\/p>\n<p><b>Samedi 5 Avril:<\/b> La pause ensoleill\u00e9e de <i>Caleta Tortel<\/i> \u00e9tant termin\u00e9e, nous reprenons notre p\u00e9riple&#8230;<\/p>\n<p>Nous avons appris hier que suite au tremblement de terre \u00e0 Iquique dans le Nord du pays, une alerte au tsunami avait \u00e9t\u00e9 d\u00e9clench\u00e9e sur toute la c\u00f4te du Chili, jusqu&rsquo;\u00e0 Puerto Williams! Nous comprenons mieux la signification de tous les panneaux montrant les chemins d&rsquo;\u00e9vacuation&#8230;<\/p>\n<p>La m\u00e9t\u00e9o est toujours bonne, et la fen\u00eatre se maintient pour traverser le <i>Golfo de Penas<\/i>. La journ\u00e9e est magnifique aujourd&rsquo;hui, mais le temps doit changer Lundi 7: on ne s&rsquo;arr\u00eatera donc pas en route afin de traverser le golfe dans la foul\u00e9e.<\/p>\n<p>Et en fin d&rsquo;une journ\u00e9e magnifique, mais sans trop de vent, nous nous pr\u00e9sentons \u00e0 l&rsquo;entr\u00e9e du <i>Golfo de Penas<\/i>. Petit moment d&rsquo;\u00e9motion: nous sommes sortis du syst\u00e8me de canaux du Sud, et de la Terre de Feu, o\u00f9 nous venons de passer un mois et demi, avec passage du Cap Horn, du D\u00e9troit de Le Maire, et remont\u00e9es des canaux de Beagle et Magellan pour ne citer que les plus connus.<\/p>\n<p>Et une heure plus tard, nous passons pr\u00e8s d&rsquo;un groupe de baleines.<br \/>\nEncore deux heures, et c&rsquo;est le premier coucher de soleil sur le Pacifique pour Kousk Eol!<\/p>\n<p><a href=\"http:\/\/kouskeol.fr\/wp-content\/uploads\/2014\/09\/GolfoPenas-Montagnes.jpg\" target=\"_blank\"><img loading=\"lazy\" decoding=\"async\" class=\"alignnone wp-image-149 size-thumbnail\" src=\"http:\/\/kouskeol.fr\/wp-content\/uploads\/2014\/09\/GolfoPenas-Montagnes-150x150.jpg\" alt=\"GolfoPenas-Montagnes\" width=\"150\" height=\"150\" \/><\/a> <a href=\"http:\/\/kouskeol.fr\/wp-content\/uploads\/2014\/09\/GolfoPenas-Entree.jpg\" target=\"_blank\"><img loading=\"lazy\" decoding=\"async\" class=\"alignnone wp-image-148 size-thumbnail\" src=\"http:\/\/kouskeol.fr\/wp-content\/uploads\/2014\/09\/GolfoPenas-Entree-150x150.jpg\" alt=\"GolfoPenas-Entree\" width=\"150\" height=\"150\" \/><\/a> <a href=\"http:\/\/kouskeol.fr\/wp-content\/uploads\/2014\/09\/GolfoPenas-CoucherSoleil.jpg\" target=\"_blank\"><img loading=\"lazy\" decoding=\"async\" class=\"alignnone wp-image-147 size-thumbnail\" src=\"http:\/\/kouskeol.fr\/wp-content\/uploads\/2014\/09\/GolfoPenas-CoucherSoleil-150x150.jpg\" alt=\"GolfoPenas-CoucherSoleil\" width=\"150\" height=\"150\" \/><\/a><\/p>\n<p style=\"text-align: center;\"><em>Le Golfo de Penas, coucher et lever de soleil<\/em><\/p>\n<div class=\"ob-section ob-section-html\">\n<p>Dimanche 6, 3h du matin: le <i>Golfo de Penas<\/i> est travers\u00e9. C&rsquo;est notre premi\u00e8re navigation de nuit depuis longtemps, et la premi\u00e8re dans le Pacifique. Reste \u00e0 rejoindre la baie <i>Anna Pink<\/i> pour entrer dans le syst\u00e8me des canaux du Nord.<\/p>\n<p>Baie que nous rejoignons dans la soir\u00e9e, pour mouiller dans la <i>Caleta Giuanin<\/i> o\u00f9 une ferme \u00e0 saumons s&rsquo;est install\u00e9e&#8230;Tant pis: il est trop tard pour aller plus loin. Mais le coin est quand m\u00eame sympa. C&rsquo;est sans doute que nous retrouvons la civilisation!<\/p>\n<figure id=\"attachment_129\" aria-describedby=\"caption-attachment-129\" style=\"width: 300px\" class=\"wp-caption aligncenter\"><a href=\"http:\/\/kouskeol.fr\/wp-content\/uploads\/2014\/09\/CaletaGiuania.jpg\" target=\"_blank\"><img loading=\"lazy\" decoding=\"async\" class=\"wp-image-129 size-medium\" src=\"http:\/\/kouskeol.fr\/wp-content\/uploads\/2014\/09\/CaletaGiuania-300x225.jpg\" alt=\"CaletaGiuania\" width=\"300\" height=\"225\" srcset=\"http:\/\/kouskeol.fr\/wp-content\/uploads\/2014\/09\/CaletaGiuania-300x225.jpg 300w, http:\/\/kouskeol.fr\/wp-content\/uploads\/2014\/09\/CaletaGiuania-600x450.jpg 600w, http:\/\/kouskeol.fr\/wp-content\/uploads\/2014\/09\/CaletaGiuania.jpg 1024w\" sizes=\"auto, (max-width: 300px) 100vw, 300px\" \/><\/a><figcaption id=\"caption-attachment-129\" class=\"wp-caption-text\">P\u00eache dans la Caleta Giuanin: finalement on mangera une omelette le soir&#8230;<\/figcaption><\/figure>\n<p>Et Lundi, petite journ\u00e9e de r\u00e9cup\u00e9ration, surtout que le beau temps nous a l\u00e2ch\u00e9! 12 milles et mouillage dans la petite <i>Caleta Saudade<\/i>, o\u00f9 nous trouvons des m\u00e9duses de belle taille! Enfin une bonne excuse pour ne pas se baigner&#8230; Quoiqu&rsquo;Andr\u00e9 y soit all\u00e9 pour p\u00eacher des oursins! Que Nico s&#8217;empresse de pr\u00e9parer. Et chose curieuse, du moins pour des amateurs comme nous, chaque oursin semble h\u00e9berger un crabe parasite de 4 \u00e0 5 cm, \u00e0 la carapace molle!<\/p>\n<p><a href=\"http:\/\/kouskeol.fr\/wp-content\/uploads\/2014\/09\/CaletaSaudade2.jpg\" target=\"_blank\"><img loading=\"lazy\" decoding=\"async\" class=\"alignnone wp-image-131 size-thumbnail\" src=\"http:\/\/kouskeol.fr\/wp-content\/uploads\/2014\/09\/CaletaSaudade2-150x150.jpg\" alt=\"CaletaSaudade2\" width=\"150\" height=\"150\" \/><\/a> <a href=\"http:\/\/kouskeol.fr\/wp-content\/uploads\/2014\/09\/CaletaSaudade1.jpg\" target=\"_blank\"><img loading=\"lazy\" decoding=\"async\" class=\"alignnone wp-image-130 size-thumbnail\" src=\"http:\/\/kouskeol.fr\/wp-content\/uploads\/2014\/09\/CaletaSaudade1-150x150.jpg\" alt=\"CaletaSaudade1\" width=\"150\" height=\"150\" \/><\/a> <a href=\"http:\/\/kouskeol.fr\/wp-content\/uploads\/2014\/09\/CaletaSaudade-Meduse2.jpg\" target=\"_blank\"><img loading=\"lazy\" decoding=\"async\" class=\"alignnone wp-image-134 size-thumbnail\" src=\"http:\/\/kouskeol.fr\/wp-content\/uploads\/2014\/09\/CaletaSaudade-Meduse2-150x150.jpg\" alt=\"CaletaSaudade-Meduse2\" width=\"150\" height=\"150\" \/><\/a><a href=\"http:\/\/kouskeol.fr\/wp-content\/uploads\/2014\/09\/CaletaSaudade-Meduse1.jpg\" target=\"_blank\"><img loading=\"lazy\" decoding=\"async\" class=\"alignnone wp-image-133 size-thumbnail\" src=\"http:\/\/kouskeol.fr\/wp-content\/uploads\/2014\/09\/CaletaSaudade-Meduse1-150x150.jpg\" alt=\"CaletaSaudade-Meduse1\" width=\"150\" height=\"150\" \/><\/a> <a href=\"http:\/\/kouskeol.fr\/wp-content\/uploads\/2014\/09\/CaletaSaudade-Oursins.jpg\" target=\"_blank\"><img loading=\"lazy\" decoding=\"async\" class=\"alignnone wp-image-136 size-thumbnail\" src=\"http:\/\/kouskeol.fr\/wp-content\/uploads\/2014\/09\/CaletaSaudade-Oursins-150x150.jpg\" alt=\"CaletaSaudade-Oursins\" width=\"150\" height=\"150\" \/><\/a> <a href=\"http:\/\/kouskeol.fr\/wp-content\/uploads\/2014\/09\/CaletaSaudade-CrabeOursin.jpg\" target=\"_blank\"><img loading=\"lazy\" decoding=\"async\" class=\"alignnone wp-image-132 size-thumbnail\" src=\"http:\/\/kouskeol.fr\/wp-content\/uploads\/2014\/09\/CaletaSaudade-CrabeOursin-150x150.jpg\" alt=\"CaletaSaudade-CrabeOursin\" width=\"150\" height=\"150\" \/><\/a><\/p>\n<p><em>La Caleta Saudade, ses m\u00e9duses, ses oursins&#8230;<\/em><\/p>\n<div class=\"ob-section ob-section-html\">\n<p>Durant la nuit, un vison vient m\u00eame visiter le bateau \u00e0 la nage&#8230;<\/p>\n<p>Et en repartant sur le <i>Canal Puluche<\/i>, dans moins de 30m d&rsquo;eau, des baleines: l&rsquo;eau grouille de petites \u00e9crevisses rouges! Les fermes \u00e0 saumons aux alentours ne sont sans doute pas \u00e9trang\u00e8res \u00e0 ce ph\u00e9nom\u00e8ne: la nourriture de ces fermes ne va certainement pas uniquement aux saumons&#8230;<\/p>\n<p><a href=\"http:\/\/kouskeol.fr\/wp-content\/uploads\/2014\/09\/CanalPuluche-Baleines1.jpg\" target=\"_blank\"><img loading=\"lazy\" decoding=\"async\" class=\"alignnone wp-image-137 size-thumbnail\" src=\"http:\/\/kouskeol.fr\/wp-content\/uploads\/2014\/09\/CanalPuluche-Baleines1-150x150.jpg\" alt=\"CanalPuluche-Baleines1\" width=\"150\" height=\"150\" \/><\/a> <a href=\"http:\/\/kouskeol.fr\/wp-content\/uploads\/2014\/09\/CanalPuluche-Baleines2.jpg\" target=\"_blank\"><img loading=\"lazy\" decoding=\"async\" class=\"alignnone wp-image-138 size-thumbnail\" src=\"http:\/\/kouskeol.fr\/wp-content\/uploads\/2014\/09\/CanalPuluche-Baleines2-150x150.jpg\" alt=\"CanalPuluche-Baleines2\" width=\"150\" height=\"150\" \/><\/a><\/p>\n<div class=\"ob-section ob-section-html\">\n<p>Les experts du bord pr\u00e9tendent que ce sont des rorquals de Rudolfi.<\/p>\n<p>Le soir, nous nous arr\u00eatons dans la <i>Caleta Jacqueline<\/i>, mais, oh scandale! Un catamaran s&rsquo;est autoris\u00e9 \u00e0 mouiller dans la m\u00eame caleta avant nous&#8230; Heureusement pour lui, il y a largement de la place pour deux bateaux. Et finalement nous invitons le skipper, Dave, seul \u00e0 bord, \u00e0 venir manger avec nous: malgr\u00e9 qu&rsquo;il ne parle qu&rsquo;anglais, c&rsquo;est bien de voir une autre t\u00eate!<\/p>\n<p>Et le lendemain matin, \u00f4 rythmes infernaux! , nous reprenons notre route. Et devinez quoi? Il pleut et on a un petit z\u00e9phyr entre 20-30 nds dans le nez! Il y avait longtemps! Et les cir\u00e9s avaient bien eu le temps de s\u00e9cher&#8230; Nous remontons le <i>Cana<\/i><i>l<\/i><i> Errazuriz<\/i>, bord\u00e9 de fermes \u00e0 saumons, et de nouveau nous apercevons des rorquals de Rudolfi, attir\u00e9s par les bestioles qui viennent se nourrir des d\u00e9chets des fermes&#8230;<\/p>\n<p>Mouillage dans <i>l&rsquo;Estero Atracadero<\/i>, pas loin d&rsquo;une autre ferme \u00e0 saumons, puis re-d\u00e9part au matin, de nouveau sous une petite pluie et un vent de 15-20 nds obligeant \u00e0 tirer des bords.<\/p>\n<p><b>Jeudi 10 Avril<\/b>: navigation un peu p\u00e9nible, toujours le vent dans le nez, et avec la pluie et une mer hach\u00e9e&#8230; Du coup, petite \u00e9tape aujourd&rsquo;hui, et arr\u00eat au mouillage de <i>Puerto Americano<\/i>.<\/p>\n<p><a href=\"http:\/\/kouskeol.fr\/wp-content\/uploads\/2014\/09\/Dauphin.jpg\" target=\"_blank\"><img loading=\"lazy\" decoding=\"async\" class=\"alignnone wp-image-146 size-thumbnail\" src=\"http:\/\/kouskeol.fr\/wp-content\/uploads\/2014\/09\/Dauphin-150x150.jpg\" alt=\"Dauphin\" width=\"150\" height=\"150\" \/><\/a> <a href=\"http:\/\/kouskeol.fr\/wp-content\/uploads\/2014\/09\/PuertoAmericano.jpg\" target=\"_blank\"><img loading=\"lazy\" decoding=\"async\" class=\"alignnone wp-image-150 size-thumbnail\" src=\"http:\/\/kouskeol.fr\/wp-content\/uploads\/2014\/09\/PuertoAmericano-150x150.jpg\" alt=\"PuertoAmericano\" width=\"150\" height=\"150\" \/><\/a><\/p>\n<div class=\"ob-section ob-section-html\">\n<p>Puis ce sera la travers\u00e9e du <i>Golfo Corcovado<\/i>, le dernier avant d&rsquo;atteindre Chiloe. Et, on ne pouvait pas la rater celle-la, mouillage dans la <i>Bahia Tictoc<\/i>: comme quoi, pour enchainer du tac au tac, tout toqu\u00e9 qu&rsquo;on soit, notre tactique n&rsquo;\u00e9tait pas si toc, avec la coque de Kousk dans la crique de la c\u00f4te pour troquer la trinquette contre le couteau et croquer co\u00fbte que co\u00fbte la quiche toute cuite, pas crue, \u00e0 la cro\u00fbte craquante de notre accort cuistot sans toque, en trinquant le cru du coin, qui l&rsquo;eut cru? \u00c7a craint: pauvre Bobby&#8230;<\/p>\n<p style=\"padding-left: 30px;\"><i><span style=\"text-decoration: underline;\">Note de la r\u00e9daction:<\/span> il semblerait que ce genre de d\u00e9lire soit malheureusement l&rsquo;un des sympt\u00f4mes li\u00e9s \u00e0 une absorption massive de moules contamin\u00e9es par la \u00ab\u00a0mar\u00e9e rouge\u00a0\u00bb par un esprit nagu\u00e8re brillant, mais ayant largement d\u00e9pass\u00e9 la date limite. Un compte a \u00e9t\u00e9 ouvert dans une banque des Iles Ca\u00efman dans le but de r\u00e9colter vos dons et permettre ainsi une prise en charge du malheureux, afin de le mettre hors d&rsquo;\u00e9tat de nuire. Le num\u00e9ro du compte est disponible sur demande. Au cas fort improbable o\u00f9 une inimaginable pingrerie ferait que ce compte rest\u00e2t d\u00e9sesp\u00e9r\u00e9ment \u00e0 z\u00e9ro, la r\u00e9daction n&rsquo;aurait alors aucun autre moyen pour esp\u00e9rer emp\u00eacher la continuation de ce blog: c&rsquo;est \u00e0 vous de voir&#8230;<\/i><\/p>\n<p>Bon, avant tout \u00e7a, comme d&rsquo;hab, il y a eu les dauphins, les albatros, les baleines, les manchots, \u2026 Le tout sur fond de sommets enneig\u00e9s. La routine, quoi.<\/p>\n<p>En fait de <i>Bahia Tictoc<\/i>, c&rsquo;est le tic-tac de la tocante qu&rsquo;on surveille: la m\u00e9t\u00e9o, oh surprise, nous a encore r\u00e9serv\u00e9 un de ces coups de chien dont elle a le secret, nous bloquant sur place \u00e0 attendre le fameux cr\u00e9neau&#8230; Peut-\u00eatre en fin de journ\u00e9e, ce qui imposerait une navigation de nuit pour pouvoir traverser sur Chiloe dans de bonnes conditions.<\/p>\n<p>Et effectivement, on l\u00e8ve l&rsquo;ancre sur le coup des 19h30, avant la nuit pour voir les nombreux cailloux qui entourent le mouillage. Temps maussade: brouillard humide et froid, peu de vent&#8230; Donc la totale: botte-bonnet-salopette-veste de cir\u00e9-goutte sur le bout du nez pour affronter une nuit noire malgr\u00e9 la pleine lune. Et le lendemain matin, nous touchons les c\u00f4tes de Chiloe&#8230; Avec un moteur qui a des sautes d&rsquo;humeur, le r\u00e9gime passant de 1800 \u00e0 1000 tours\/minute, voire moins, pour ensuite reprendre, et recommencer quelques minutes apr\u00e8s&#8230; \u00c7a rappelle furieusement le retour de l&rsquo;\u00eele d&rsquo;Elbe il y a deux ans, alimentation du moteur compl\u00e8tement bouch\u00e9e.<\/p>\n<p>\u00c7a y est, me re-voila! Le moteur, c&rsquo;\u00e9tait bien les filtres \u00e0 gas-oil. Toute bouch\u00e9e, l&rsquo;alimentation! Mais que on s&rsquo;y fait pas prendre une deuxi\u00e8me fois et qu&rsquo;on te r\u00e9pare le bousin en moins de deux! Et en attendant, on est \u00e0 \u00bd mille de la c\u00f4te orientale de Chiloe&#8230; Avec tout plein de belles maisons et petites fermes sur des pr\u00e9s bien verts. On dirait les bords du L\u00e9man. En mieux, bien s\u00fbr!<\/p>\n<p><a href=\"http:\/\/kouskeol.fr\/wp-content\/uploads\/2014\/09\/Chiloe0.jpg\" target=\"_blank\"><img loading=\"lazy\" decoding=\"async\" class=\"alignnone wp-image-139 size-thumbnail\" src=\"http:\/\/kouskeol.fr\/wp-content\/uploads\/2014\/09\/Chiloe0-150x150.jpg\" alt=\"Chiloe0\" width=\"150\" height=\"150\" \/><\/a> <a href=\"http:\/\/kouskeol.fr\/wp-content\/uploads\/2014\/09\/Chiloe-Eglise.jpg\" target=\"_blank\"><img loading=\"lazy\" decoding=\"async\" class=\"alignnone wp-image-143 size-thumbnail\" src=\"http:\/\/kouskeol.fr\/wp-content\/uploads\/2014\/09\/Chiloe-Eglise-150x150.jpg\" alt=\"Chiloe-Eglise\" width=\"150\" height=\"150\" \/><\/a><\/p>\n<p><a href=\"http:\/\/kouskeol.fr\/wp-content\/uploads\/2014\/09\/ChiloeA.jpg\" target=\"_blank\"><img loading=\"lazy\" decoding=\"async\" class=\"alignnone wp-image-142 size-thumbnail\" src=\"http:\/\/kouskeol.fr\/wp-content\/uploads\/2014\/09\/ChiloeA-150x150.jpg\" alt=\"ChiloeA\" width=\"150\" height=\"150\" \/><\/a> <a href=\"http:\/\/kouskeol.fr\/wp-content\/uploads\/2014\/09\/Chiloe-ParcMoules.jpg\" target=\"_blank\"><img loading=\"lazy\" decoding=\"async\" class=\"alignnone wp-image-144 size-thumbnail\" src=\"http:\/\/kouskeol.fr\/wp-content\/uploads\/2014\/09\/Chiloe-ParcMoules-150x150.jpg\" alt=\"Chiloe-ParcMoules\" width=\"150\" height=\"150\" \/><\/a><\/p>\n<p><em>Dernier repas avant Castro, l&rsquo;herbe verte et les parcs \u00e0 moules&#8230;<\/em><\/p>\n<div class=\"ob-section ob-section-html\">\n<p>Pour arriver \u00e0 Castro, capitale de Chiloe, il faut enfiler un canal tr\u00e8s sinueux entre de jolies petites \u00eeles, toutes habit\u00e9es, et l\u2019\u00eele principale.<\/p>\n<p>Nous mouillons sur ancre sous l&rsquo;\u00e9glise en bois.<\/p>\n<p><a href=\"http:\/\/kouskeol.fr\/wp-content\/uploads\/2014\/09\/Chiloe2.jpg\" target=\"_blank\"><img loading=\"lazy\" decoding=\"async\" class=\"alignnone wp-image-140 size-thumbnail\" src=\"http:\/\/kouskeol.fr\/wp-content\/uploads\/2014\/09\/Chiloe2-150x150.jpg\" alt=\"Chiloe2\" width=\"150\" height=\"150\" \/><\/a> <a href=\"http:\/\/kouskeol.fr\/wp-content\/uploads\/2014\/09\/Chiloe3.jpg\" target=\"_blank\"><img loading=\"lazy\" decoding=\"async\" class=\"alignnone wp-image-141 size-thumbnail\" src=\"http:\/\/kouskeol.fr\/wp-content\/uploads\/2014\/09\/Chiloe3-150x150.jpg\" alt=\"Chiloe3\" width=\"150\" height=\"150\" \/><\/a><\/p>\n<div class=\"ob-section ob-section-images ob-layout2-1\">\n<p class=\"ob-desc\" style=\"text-align: left;\"><em>Devant Castro<\/em><\/p>\n<\/div>\n<div class=\"ob-section ob-section-html\">\n<p>Et il restera encore un petit bout de chemin pour arriver \u00e0 Puerto Montt, apr\u00e8s le <i>Golfo de Ancud<\/i>, au fond du <i>Seno Reloncavi<\/i>. soit une petite 100<sup>e<\/sup> de milles.<\/p>\n<\/div>\n<\/div>\n<\/div>\n<\/div>\n<\/div>\n<\/div>\n<\/div>\n","protected":false},"excerpt":{"rendered":"<p>Le grand silence qui s&rsquo;est abattu sur ce blog n&rsquo;a rien \u00e0 voir avec une quelconque procrastination rampante dont aurait pu \u00eatre atteinte l&rsquo;\u00e9quipe d&rsquo;\u00e9dition de ce ramassis de banalit\u00e9s. D&rsquo;ailleurs, pour \u00e9viter d&rsquo;\u00eatre accus\u00e9e de ce mal pernicieux \u00e0 l&rsquo;avenir, l&rsquo;\u00e9quipe a d\u00e9cid\u00e9 une fois pour toute d&rsquo;arr\u00eater de procrastiner d\u00e8s demain! Ce n&rsquo;est &hellip; <a href=\"http:\/\/kouskeol.fr\/?p=199\" class=\"more-link\">Continuer la lecture de <span class=\"screen-reader-text\">Punta Arenas\u2013Puerto Montt \u2013 3e \u00e9tape: Caleta Tortel \u2013 Castro\/Ile de Chiloe<\/span>  <span class=\"meta-nav\">&rarr;<\/span><\/a><\/p>\n","protected":false},"author":1,"featured_media":0,"comment_status":"open","ping_status":"open","sticky":false,"template":"","format":"standard","meta":{"ngg_post_thumbnail":0,"footnotes":""},"categories":[17,8,75],"tags":[46],"class_list":["post-199","post","type-post","status-publish","format-standard","hentry","category-chili","category-voyage","category-patagonie","tag-puerto-montt"],"_links":{"self":[{"href":"http:\/\/kouskeol.fr\/index.php?rest_route=\/wp\/v2\/posts\/199","targetHints":{"allow":["GET"]}}],"collection":[{"href":"http:\/\/kouskeol.fr\/index.php?rest_route=\/wp\/v2\/posts"}],"about":[{"href":"http:\/\/kouskeol.fr\/index.php?rest_route=\/wp\/v2\/types\/post"}],"author":[{"embeddable":true,"href":"http:\/\/kouskeol.fr\/index.php?rest_route=\/wp\/v2\/users\/1"}],"replies":[{"embeddable":true,"href":"http:\/\/kouskeol.fr\/index.php?rest_route=%2Fwp%2Fv2%2Fcomments&post=199"}],"version-history":[{"count":4,"href":"http:\/\/kouskeol.fr\/index.php?rest_route=\/wp\/v2\/posts\/199\/revisions"}],"predecessor-version":[{"id":1848,"href":"http:\/\/kouskeol.fr\/index.php?rest_route=\/wp\/v2\/posts\/199\/revisions\/1848"}],"wp:attachment":[{"href":"http:\/\/kouskeol.fr\/index.php?rest_route=%2Fwp%2Fv2%2Fmedia&parent=199"}],"wp:term":[{"taxonomy":"category","embeddable":true,"href":"http:\/\/kouskeol.fr\/index.php?rest_route=%2Fwp%2Fv2%2Fcategories&post=199"},{"taxonomy":"post_tag","embeddable":true,"href":"http:\/\/kouskeol.fr\/index.php?rest_route=%2Fwp%2Fv2%2Ftags&post=199"}],"curies":[{"name":"wp","href":"https:\/\/api.w.org\/{rel}","templated":true}]}}