{"id":2197,"date":"2015-02-11T23:10:21","date_gmt":"2015-02-11T22:10:21","guid":{"rendered":"http:\/\/kouskeol.fr\/?p=2197"},"modified":"2017-06-07T19:02:25","modified_gmt":"2017-06-07T18:02:25","slug":"puerto-montt-suite-et-fin","status":"publish","type":"post","link":"http:\/\/kouskeol.fr\/?p=2197","title":{"rendered":"Puerto Montt \u2013 Suite et fin"},"content":{"rendered":"<p>Vous n&rsquo;en avez pas marre, vous, de vous payer les \u00e9tats d\u2019\u00e2me du DD et du Glaude? Rassurez-vous, cette fois, \u00e7a y est: \u00e7a sent le d\u00e9part!<\/p>\n<p><strong>9 f\u00e9vrier 2015<\/strong>. Un voilier n\u00e9o-z\u00e9landais, <em>Denique<\/em>, vient d\u2019arriver, apr\u00e8s 45 jours de travers\u00e9e avec Lenaka, Anna et Ted \u00e0 bord. Voici qui en rajoute un peu au c\u00f4t\u00e9 cosmopolite du petit ponton. Impressionnants: ils nous rendent visite \u00e0 bord comme s\u2019ils arrivaient de leur maison \u00e0 3 km\u2026 Chics et repos\u00e9s\u2026 Trop forts, ces anglo-saxons! Leur projet est de descendre les canaux vers Puerto William: eux seront dans le bon sens!<\/p>\n<p>Nous avons commenc\u00e9 \u00e0 faire les courses de ravitaillement: aujourd\u2019hui c&rsquo;est le tour de ce qui se conserve et demain on prendra le frais\u2026<\/p>\n<figure id=\"attachment_2201\" aria-describedby=\"caption-attachment-2201\" style=\"width: 300px\" class=\"wp-caption aligncenter\"><a href=\"http:\/\/kouskeol.fr\/wp-content\/uploads\/2015\/02\/EglisePuertoMontt.jpg\" target=\"_blank\" rel=\"noopener noreferrer\"><img loading=\"lazy\" decoding=\"async\" class=\"wp-image-2201 size-medium\" src=\"http:\/\/kouskeol.fr\/wp-content\/uploads\/2015\/02\/EglisePuertoMontt-300x221.jpg\" alt=\"EglisePuertoMontt\" width=\"300\" height=\"221\" srcset=\"http:\/\/kouskeol.fr\/wp-content\/uploads\/2015\/02\/EglisePuertoMontt-300x221.jpg 300w, http:\/\/kouskeol.fr\/wp-content\/uploads\/2015\/02\/EglisePuertoMontt-1024x755.jpg 1024w, http:\/\/kouskeol.fr\/wp-content\/uploads\/2015\/02\/EglisePuertoMontt.jpg 1258w\" sizes=\"auto, (max-width: 300px) 100vw, 300px\" \/><\/a><figcaption id=\"caption-attachment-2201\" class=\"wp-caption-text\">L&rsquo;\u00e9glise en alerce de Puerto Montt.<\/figcaption><\/figure>\n<p>Soir\u00e9e sympa \u00e0 bord de Kousk Eol o\u00f9 nous avons invit\u00e9 nos nouveaux amis australiens et n\u00e9o-z\u00e9landais.<\/p>\n<p><strong>10 f\u00e9vrier<\/strong>. Derni\u00e8res nouvelles du front: la fameuse pi\u00e8ce pour la drisse de trinquette devrait \u00eatre pr\u00eate ce soir! Si c\u2019est le cas, remise en place demain, ce qui permettrait un d\u00e9part jeudi 12. Malheureusement un peu juste pour aller avec Jacques jusqu\u2019\u00e0 Robinson Cruso\u00e9: il doit \u00eatre \u00e0 Santiago le 18 au plus tard pour accueillir Myriam. Et r\u00e9server un avion depuis l&rsquo;\u00eele s&rsquo;apparente assez bien \u00e0 un parcours du combattant&#8230;<br \/>\nLe nouveau plan serait de poser Jacques \u00e0 Valdivia, beaucoup plus proche de Puerto Montt.<br \/>\nEt pour les frangins de continuer via Robinson Cruso\u00e9 vers Arica.<\/p>\n<p>Petit \u00e9change d&rsquo;exp\u00e9riences et petite le\u00e7on d&rsquo;informatique avec Mike sur Carmen: comment adapter la taille des fichiers GRIB? Comment marche zyGrib? Avantages\/inconv\u00e9nients par rapport \u00e0 Saildocs? Comparaison entre TideComp et \u00ab&nbsp;Mar\u00e9es dans le monde&nbsp;\u00bb? Pour une fois qu&rsquo;on peut frimer, et en anglais de surcroit, on ne va pas se g\u00eaner!<\/p>\n<p>Comme il ne faut pas non plus se prendre trop la t\u00eate, on retournera au <em>Cotel\u00e9<\/em> voir Jeremy ce soir&#8230;<\/p>\n<p><strong>11 f\u00e9vrier<\/strong>. Nouvelle journ\u00e9e d&rsquo;attente: nous n&rsquo;avons pas pu r\u00e9cup\u00e9rer la pi\u00e8ce du m\u00e2t hier soir&#8230;<br \/>\nMike et Shane sont partis ce matin vers Valdivia: le ponton se vide peu \u00e0 peu.<\/p>\n<p>Bonne soir\u00e9e hier soir chez Jeremy: viande excellente comme \u00e0 l&rsquo;habitude! C&rsquo;est bon pour le moral&#8230;<\/p>\n<figure id=\"attachment_2199\" aria-describedby=\"caption-attachment-2199\" style=\"width: 300px\" class=\"wp-caption aligncenter\"><a href=\"http:\/\/kouskeol.fr\/wp-content\/uploads\/2015\/02\/PhotoCotele2.jpg\" target=\"_blank\" rel=\"noopener noreferrer\"><img loading=\"lazy\" decoding=\"async\" class=\"wp-image-2199 size-medium\" src=\"http:\/\/kouskeol.fr\/wp-content\/uploads\/2015\/02\/PhotoCotele2-300x239.jpg\" alt=\"PhotoCotele2\" width=\"300\" height=\"239\" srcset=\"http:\/\/kouskeol.fr\/wp-content\/uploads\/2015\/02\/PhotoCotele2-300x239.jpg 300w, http:\/\/kouskeol.fr\/wp-content\/uploads\/2015\/02\/PhotoCotele2-1024x815.jpg 1024w, http:\/\/kouskeol.fr\/wp-content\/uploads\/2015\/02\/PhotoCotele2.jpg 1272w\" sizes=\"auto, (max-width: 300px) 100vw, 300px\" \/><\/a><figcaption id=\"caption-attachment-2199\" class=\"wp-caption-text\">La photo de Kousk Eol au Cotel\u00e9.<\/figcaption><\/figure>\n<p><a href=\"http:\/\/kouskeol.fr\/wp-content\/uploads\/2015\/02\/PhotoCotele1.jpg\"><img loading=\"lazy\" decoding=\"async\" class=\" size-medium wp-image-2198 aligncenter\" src=\"http:\/\/kouskeol.fr\/wp-content\/uploads\/2015\/02\/PhotoCotele1-300x221.jpg\" alt=\"PhotoCotele1\" width=\"300\" height=\"221\" srcset=\"http:\/\/kouskeol.fr\/wp-content\/uploads\/2015\/02\/PhotoCotele1-300x221.jpg 300w, http:\/\/kouskeol.fr\/wp-content\/uploads\/2015\/02\/PhotoCotele1-1024x754.jpg 1024w, http:\/\/kouskeol.fr\/wp-content\/uploads\/2015\/02\/PhotoCotele1.jpg 1252w\" sizes=\"auto, (max-width: 300px) 100vw, 300px\" \/><\/a><br \/>\nJeremy, sympa, a tout de suite compris qu&rsquo;il ne pouvait pas faire moins que d&rsquo;afficher la photo de Kousk Eol dans son restau pour satisfaire notre ego&#8230;<\/p>\n<p>Et enfin, LA pi\u00e8ce arrive&#8230; Bien r\u00e9par\u00e9e! Et aussit\u00f4t remont\u00e9e.<\/p>\n<figure id=\"attachment_2200\" aria-describedby=\"caption-attachment-2200\" style=\"width: 300px\" class=\"wp-caption aligncenter\"><a href=\"http:\/\/kouskeol.fr\/wp-content\/uploads\/2015\/02\/LApiece.jpg\" target=\"_blank\" rel=\"noopener noreferrer\"><img loading=\"lazy\" decoding=\"async\" class=\"wp-image-2200 size-medium\" src=\"http:\/\/kouskeol.fr\/wp-content\/uploads\/2015\/02\/LApiece-300x221.jpg\" alt=\"LApiece\" width=\"300\" height=\"221\" srcset=\"http:\/\/kouskeol.fr\/wp-content\/uploads\/2015\/02\/LApiece-300x221.jpg 300w, http:\/\/kouskeol.fr\/wp-content\/uploads\/2015\/02\/LApiece-1024x755.jpg 1024w, http:\/\/kouskeol.fr\/wp-content\/uploads\/2015\/02\/LApiece.jpg 1256w\" sizes=\"auto, (max-width: 300px) 100vw, 300px\" \/><\/a><figcaption id=\"caption-attachment-2200\" class=\"wp-caption-text\">LA pi\u00e8ce&#8230;<a href=\"http:\/\/kouskeol.fr\/wp-content\/uploads\/2015\/02\/Trinquette1.jpg\"><img loading=\"lazy\" decoding=\"async\" class=\"alignnone size-medium wp-image-2202\" src=\"http:\/\/kouskeol.fr\/wp-content\/uploads\/2015\/02\/Trinquette1-300x198.jpg\" alt=\"Trinquette1\" width=\"300\" height=\"198\" srcset=\"http:\/\/kouskeol.fr\/wp-content\/uploads\/2015\/02\/Trinquette1-300x198.jpg 300w, http:\/\/kouskeol.fr\/wp-content\/uploads\/2015\/02\/Trinquette1-1024x675.jpg 1024w, http:\/\/kouskeol.fr\/wp-content\/uploads\/2015\/02\/Trinquette1.jpg 1274w\" sizes=\"auto, (max-width: 300px) 100vw, 300px\" \/><\/a><\/figcaption><\/figure>\n<figure id=\"attachment_2203\" aria-describedby=\"caption-attachment-2203\" style=\"width: 300px\" class=\"wp-caption aligncenter\"><a href=\"http:\/\/kouskeol.fr\/wp-content\/uploads\/2015\/02\/Trinquette2.jpg\" target=\"_blank\" rel=\"noopener noreferrer\"><img loading=\"lazy\" decoding=\"async\" class=\"wp-image-2203 size-medium\" src=\"http:\/\/kouskeol.fr\/wp-content\/uploads\/2015\/02\/Trinquette2-300x193.jpg\" alt=\"Trinquette2\" width=\"300\" height=\"193\" srcset=\"http:\/\/kouskeol.fr\/wp-content\/uploads\/2015\/02\/Trinquette2-300x193.jpg 300w, http:\/\/kouskeol.fr\/wp-content\/uploads\/2015\/02\/Trinquette2-1024x660.jpg 1024w, http:\/\/kouskeol.fr\/wp-content\/uploads\/2015\/02\/Trinquette2.jpg 1254w\" sizes=\"auto, (max-width: 300px) 100vw, 300px\" \/><\/a><figcaption id=\"caption-attachment-2203\" class=\"wp-caption-text\">Et la r\u00e9paration&#8230;<\/figcaption><\/figure>\n<p>&nbsp;<\/p>\n<p>Quelques derni\u00e8res courses, surtout du frais, et le passage oblig\u00e9 \u00e0 l&rsquo;Armada pour le \u00ab&nbsp;zarpe&nbsp;\u00bb qui nous autorise \u00e0 continuer notre p\u00e9riple, et nous voici pr\u00eats pour le d\u00e9part.<\/p>\n<p>Du coup, nous d\u00e9cidons de f\u00eater \u00e7a ce soir avec Lenaka, Anna et Ted, en leur faisant d\u00e9couvrir le <em>Cotel\u00e9<\/em>: promis, apr\u00e8s nous ne mangerons plus de viande pendant quelques jours&#8230;<\/p>\n<p>Et demain matin, d\u00e9part vers Chiloe puis Valdivia&#8230; A bient\u00f4t pour la suite.<\/p>\n","protected":false},"excerpt":{"rendered":"<p>Vous n&rsquo;en avez pas marre, vous, de vous payer les \u00e9tats d\u2019\u00e2me du DD et du Glaude? Rassurez-vous, cette fois, \u00e7a y est: \u00e7a sent le d\u00e9part! 9 f\u00e9vrier 2015. Un voilier n\u00e9o-z\u00e9landais, Denique, vient d\u2019arriver, apr\u00e8s 45 jours de travers\u00e9e avec Lenaka, Anna et Ted \u00e0 bord. Voici qui en rajoute un peu au &hellip; <a href=\"http:\/\/kouskeol.fr\/?p=2197\" class=\"more-link\">Continuer la lecture de <span class=\"screen-reader-text\">Puerto Montt \u2013 Suite et fin<\/span>  <span class=\"meta-nav\">&rarr;<\/span><\/a><\/p>\n","protected":false},"author":1,"featured_media":0,"comment_status":"open","ping_status":"open","sticky":false,"template":"","format":"standard","meta":{"ngg_post_thumbnail":0,"footnotes":""},"categories":[17,8,75],"tags":[],"class_list":["post-2197","post","type-post","status-publish","format-standard","hentry","category-chili","category-voyage","category-patagonie"],"_links":{"self":[{"href":"http:\/\/kouskeol.fr\/index.php?rest_route=\/wp\/v2\/posts\/2197","targetHints":{"allow":["GET"]}}],"collection":[{"href":"http:\/\/kouskeol.fr\/index.php?rest_route=\/wp\/v2\/posts"}],"about":[{"href":"http:\/\/kouskeol.fr\/index.php?rest_route=\/wp\/v2\/types\/post"}],"author":[{"embeddable":true,"href":"http:\/\/kouskeol.fr\/index.php?rest_route=\/wp\/v2\/users\/1"}],"replies":[{"embeddable":true,"href":"http:\/\/kouskeol.fr\/index.php?rest_route=%2Fwp%2Fv2%2Fcomments&post=2197"}],"version-history":[{"count":2,"href":"http:\/\/kouskeol.fr\/index.php?rest_route=\/wp\/v2\/posts\/2197\/revisions"}],"predecessor-version":[{"id":5149,"href":"http:\/\/kouskeol.fr\/index.php?rest_route=\/wp\/v2\/posts\/2197\/revisions\/5149"}],"wp:attachment":[{"href":"http:\/\/kouskeol.fr\/index.php?rest_route=%2Fwp%2Fv2%2Fmedia&parent=2197"}],"wp:term":[{"taxonomy":"category","embeddable":true,"href":"http:\/\/kouskeol.fr\/index.php?rest_route=%2Fwp%2Fv2%2Fcategories&post=2197"},{"taxonomy":"post_tag","embeddable":true,"href":"http:\/\/kouskeol.fr\/index.php?rest_route=%2Fwp%2Fv2%2Ftags&post=2197"}],"curies":[{"name":"wp","href":"https:\/\/api.w.org\/{rel}","templated":true}]}}