{"id":2329,"date":"2015-03-05T04:28:10","date_gmt":"2015-03-05T03:28:10","guid":{"rendered":"http:\/\/kouskeol.fr\/?p=2329"},"modified":"2015-03-07T16:52:05","modified_gmt":"2015-03-07T15:52:05","slug":"robinson-crusoe-arica","status":"publish","type":"post","link":"http:\/\/kouskeol.fr\/?p=2329","title":{"rendered":"Robinson Cruso\u00e9 \u2013 Arica"},"content":{"rendered":"<p>D\u00e9part donc le 24 f\u00e9vrier 2015 en fin d\u2019apr\u00e8s-midi\u00a0: l\u2019\u00eele, sans doute triste de nous voir partir, s\u2019est recouverte de nuages.<\/p>\n<figure id=\"attachment_2331\" aria-describedby=\"caption-attachment-2331\" style=\"width: 300px\" class=\"wp-caption aligncenter\"><a href=\"http:\/\/kouskeol.fr\/wp-content\/uploads\/2015\/03\/Crusoe-Depart2.jpg\" target=\"_blank\"><img loading=\"lazy\" decoding=\"async\" class=\"wp-image-2331 size-medium\" src=\"http:\/\/kouskeol.fr\/wp-content\/uploads\/2015\/03\/Crusoe-Depart2-300x225.jpg\" alt=\"Crusoe-Depart2\" width=\"300\" height=\"225\" srcset=\"http:\/\/kouskeol.fr\/wp-content\/uploads\/2015\/03\/Crusoe-Depart2-300x225.jpg 300w, http:\/\/kouskeol.fr\/wp-content\/uploads\/2015\/03\/Crusoe-Depart2.jpg 1024w\" sizes=\"auto, (max-width: 300px) 100vw, 300px\" \/><\/a><figcaption id=\"caption-attachment-2331\" class=\"wp-caption-text\">Robinson Cruso\u00e9 qui disparait&#8230;<\/figcaption><\/figure>\n<p><a href=\"http:\/\/kouskeol.fr\/wp-content\/uploads\/2015\/03\/Crusoe-Depart1.jpg\" target=\"_blank\"><img loading=\"lazy\" decoding=\"async\" class=\"aligncenter wp-image-2330 size-medium\" src=\"http:\/\/kouskeol.fr\/wp-content\/uploads\/2015\/03\/Crusoe-Depart1-300x225.jpg\" alt=\"Crusoe-Depart1\" width=\"300\" height=\"225\" srcset=\"http:\/\/kouskeol.fr\/wp-content\/uploads\/2015\/03\/Crusoe-Depart1-300x225.jpg 300w, http:\/\/kouskeol.fr\/wp-content\/uploads\/2015\/03\/Crusoe-Depart1.jpg 1024w\" sizes=\"auto, (max-width: 300px) 100vw, 300px\" \/><\/a><\/p>\n<p>En fait, toute cette premi\u00e8re nuit, nous essuierons des grains, avec leurs vents changeants\u00a0: deux ris dans la grand-voile, et un tiers de g\u00e9nois pour \u00eatre un peu tranquille, relativement.<\/p>\n<p>Cette \u00e9tape fait un peu plus de mille milles nautiques\u00a0: nous devrions arriver \u00e0 Arica d\u2019ici une petite semaine si la m\u00e9t\u00e9o ne nous l\u00e2che pas.<\/p>\n<p>Pour l\u2019instant et durant presque deux jours, nous sommes secou\u00e9s dans tous les sens\u00a0: grand largue sur une mer d\u00e9sordonn\u00e9e. Le bateau est tr\u00e8s inconfortable, au point qu\u2019il est m\u00eame difficile d\u2019arriver \u00e0 se caler pour dormir\u00a0! Pour ne pas tomber dans le scabreux, j&rsquo;\u00e9viterai de parler des op\u00e9rations toilette&#8230;<\/p>\n<p>Nous avons un visiteur une nuit\u00a0: un petit calmar vient s\u2019\u00e9chouer sur le pont. Dommage qu\u2019il soit venu seul\u2026<\/p>\n<p><a href=\"http:\/\/kouskeol.fr\/wp-content\/uploads\/2015\/03\/Calmar.jpg\" target=\"_blank\"><img loading=\"lazy\" decoding=\"async\" class=\"aligncenter wp-image-2332 size-medium\" src=\"http:\/\/kouskeol.fr\/wp-content\/uploads\/2015\/03\/Calmar-300x221.jpg\" alt=\"Calmar\" width=\"300\" height=\"221\" srcset=\"http:\/\/kouskeol.fr\/wp-content\/uploads\/2015\/03\/Calmar-300x221.jpg 300w, http:\/\/kouskeol.fr\/wp-content\/uploads\/2015\/03\/Calmar.jpg 1024w\" sizes=\"auto, (max-width: 300px) 100vw, 300px\" \/><\/a><\/p>\n<p>Puis, comme la m\u00e9t\u00e9o le pr\u00e9voyait, une petite d\u00e9pression a r\u00e9ussi \u00e0 forcer le mur de l\u2019anticyclone et nous apporte son r\u00e9gime instable. Le vent tombe. Essai de Code D pour se sortir de l\u00e0, mais impossible de faire route directe. Et le vent, d\u00e9j\u00e0 faible, ne cesse de faire la girouette\u2026 De d\u00e9pit, nous enroulons la voile\u00a0: on attendra que le vent se stabilise sous grand-voile seule.<\/p>\n<p>Ce n\u2019est pas aujourd\u2019hui que nous battrons notre record de plus de 200 milles en 24 heures: nous ne ferons que 80 milles ce jour\u00a0! Enfin, apr\u00e8s avoir jongl\u00e9 quelque temps entre g\u00e9nois, Code D, empannages, il semble que le vent veuille se stabiliser un peu, cette fois du sud-ouest\u00a0: cap direct sur Arica\u00a0!<br \/>\nPuis finalement, nous commen\u00e7ons \u00e0 nous faire bercer par une vraie houle, longue, r\u00e9guli\u00e8re, d\u00e9bonnaire\u00a0: \u00e7a sent les aliz\u00e9es\u00a0! Surtout qu\u2019on vient de laisser les 30\u00b0S derri\u00e8re nous.<\/p>\n<p>Tiens, c\u2019est marrant \u00e7a au fait\u00a0: alors que nous pauvres Fran\u00e7ais nous \u00e9vertuons \u00e0 attribuer des noms tr\u00e8s po\u00e9tiques \u00e0 toute chose d\u00e8s que nous le pouvons, nos cousins anglo-saxons, eux, ne tournent pas autour du pot. Les aliz\u00e9es, au moins du temps de la marine \u00e0 voile, n\u2019\u00e9taient pas l\u00e0 pour faire plaisir \u00e0 d\u2019improbables plaisanciers, mais pour faire avancer des navires remplis de denr\u00e9es \u00e0 \u00e9changer contre un maximum d\u2019esp\u00e8ces plus sonnantes que tr\u00e9buchantes. Et donc nos cousins de les nommer \u00ab\u00a0trade winds\u00a0\u00bb, pas d\u2019hypocrisie\u00a0!<br \/>\nRappelez-vous aussi le coup des Bal\u00e9ares et de Mahon: pendant que les Anglais nous viraient de l&rsquo;\u00eele, nous on r\u00e9cup\u00e9rait la recette de la mayonnaise&#8230; Ils nous font peut-\u00eatre moins r\u00eaver, mais du coup, c\u2019est qui les ma\u00eetres du monde\u00a0?<\/p>\n<p>Les deux frangins, quant \u00e0 nous, nous resterons \u00e0 jamais d\u2019ind\u00e9crottables WAFIs\u2026<\/p>\n<p>Un autre signe qui ne trompe pas que nous allons bien vers les aliz\u00e9es\u00a0: les <a href=\"http:\/\/kouskeol.fr\/?p=936%20\" target=\"_blank\">couilles des Gl\u00e9nans <\/a>(ou les couilles de loup, il y en faut pour tout le monde\u00a0!), sont ressorties.<\/p>\n<figure id=\"attachment_2334\" aria-describedby=\"caption-attachment-2334\" style=\"width: 300px\" class=\"wp-caption aligncenter\"><a href=\"http:\/\/kouskeol.fr\/wp-content\/uploads\/2015\/03\/CLAU3552-1280x960.jpg\" target=\"_blank\"><img loading=\"lazy\" decoding=\"async\" class=\"wp-image-2334 size-medium\" src=\"http:\/\/kouskeol.fr\/wp-content\/uploads\/2015\/03\/CLAU3552-1280x960-300x222.jpg\" alt=\"CLAU3552 (1280x960)\" width=\"300\" height=\"222\" srcset=\"http:\/\/kouskeol.fr\/wp-content\/uploads\/2015\/03\/CLAU3552-1280x960-300x222.jpg 300w, http:\/\/kouskeol.fr\/wp-content\/uploads\/2015\/03\/CLAU3552-1280x960-1024x757.jpg 1024w, http:\/\/kouskeol.fr\/wp-content\/uploads\/2015\/03\/CLAU3552-1280x960.jpg 1260w\" sizes=\"auto, (max-width: 300px) 100vw, 300px\" \/><\/a><figcaption id=\"caption-attachment-2334\" class=\"wp-caption-text\">Elles sont sorties!<\/figcaption><\/figure>\n<p>Et comme chacun sait, quelles sont les \u00e9coutes qu\u2019on a en g\u00e9n\u00e9ral le plus souvent besoin de lover pour qu\u00a0&lsquo;elles n\u2019encombrent pas le pont, les plus longues\u00a0? Ben les \u00e9coutes de spi pardi\u00a0! Et le spi, c\u2019est quand le vent est r\u00e9gulier et pas trop fort\u2026 Et dans le grand sud, le spi et ses \u00e9coutes \u00e9taient bien \u00e0 l&rsquo;abri dans la soute \u00e0 voile. Donc\u00a0?<\/p>\n<p>C\u2019est comme l\u2019histoire du trappeur blanc qui ramasse du bois\u00a0: quand le marin de Kousk Eol tricote des couilles des Gl\u00e9nans, les aliz\u00e9es ne sont pas loin\u2026 Principe peu connu qui m\u00e9riterait qu\u2019on lui fasse une place majeure dans tout trait\u00e9 pr\u00e9tendant dispenser un quelconque savoir en m\u00e9t\u00e9orologie.<\/p>\n<p>Depuis que nous sommes deux \u00e0 bord, nous nous organisons par quart de cinq heures la nuit, avec changement \u00e0 3 h\u00a0: on s\u2019habitue vite au rythme. Et cela permet de dormir vraiment. Enfin: quand l&rsquo;\u00e9tat de la mer le permet!<\/p>\n<figure id=\"attachment_2337\" aria-describedby=\"caption-attachment-2337\" style=\"width: 300px\" class=\"wp-caption aligncenter\"><a href=\"http:\/\/kouskeol.fr\/wp-content\/uploads\/2015\/03\/CoucheSoleil2.jpg\" target=\"_blank\"><img loading=\"lazy\" decoding=\"async\" class=\"wp-image-2337 size-medium\" src=\"http:\/\/kouskeol.fr\/wp-content\/uploads\/2015\/03\/CoucheSoleil2-300x197.jpg\" alt=\"CoucheSoleil2\" width=\"300\" height=\"197\" srcset=\"http:\/\/kouskeol.fr\/wp-content\/uploads\/2015\/03\/CoucheSoleil2-300x197.jpg 300w, http:\/\/kouskeol.fr\/wp-content\/uploads\/2015\/03\/CoucheSoleil2-1024x671.jpg 1024w, http:\/\/kouskeol.fr\/wp-content\/uploads\/2015\/03\/CoucheSoleil2.jpg 1270w\" sizes=\"auto, (max-width: 300px) 100vw, 300px\" \/><\/a><figcaption id=\"caption-attachment-2337\" class=\"wp-caption-text\">Ah les couchers de soleil!<\/figcaption><\/figure>\n<figure id=\"attachment_2335\" aria-describedby=\"caption-attachment-2335\" style=\"width: 300px\" class=\"wp-caption aligncenter\"><a href=\"http:\/\/kouskeol.fr\/wp-content\/uploads\/2015\/03\/ClairLune.jpg\" target=\"_blank\"><img loading=\"lazy\" decoding=\"async\" class=\"wp-image-2335 size-medium\" src=\"http:\/\/kouskeol.fr\/wp-content\/uploads\/2015\/03\/ClairLune-300x196.jpg\" alt=\"ClairLune\" width=\"300\" height=\"196\" srcset=\"http:\/\/kouskeol.fr\/wp-content\/uploads\/2015\/03\/ClairLune-300x196.jpg 300w, http:\/\/kouskeol.fr\/wp-content\/uploads\/2015\/03\/ClairLune-1024x668.jpg 1024w, http:\/\/kouskeol.fr\/wp-content\/uploads\/2015\/03\/ClairLune.jpg 1266w\" sizes=\"auto, (max-width: 300px) 100vw, 300px\" \/><\/a><figcaption id=\"caption-attachment-2335\" class=\"wp-caption-text\">Mais la lune, c&rsquo;est pas mal non plus&#8230;<\/figcaption><\/figure>\n<p><a href=\"http:\/\/kouskeol.fr\/wp-content\/uploads\/2015\/03\/CoucheSoleil.jpg\"><img loading=\"lazy\" decoding=\"async\" class=\" size-medium wp-image-2336 aligncenter\" src=\"http:\/\/kouskeol.fr\/wp-content\/uploads\/2015\/03\/CoucheSoleil-300x224.jpg\" alt=\"CoucheSoleil\" width=\"300\" height=\"224\" srcset=\"http:\/\/kouskeol.fr\/wp-content\/uploads\/2015\/03\/CoucheSoleil-300x224.jpg 300w, http:\/\/kouskeol.fr\/wp-content\/uploads\/2015\/03\/CoucheSoleil-1024x766.jpg 1024w, http:\/\/kouskeol.fr\/wp-content\/uploads\/2015\/03\/CoucheSoleil.jpg 1276w\" sizes=\"auto, (max-width: 300px) 100vw, 300px\" \/><\/a><\/p>\n<p><strong>28 f\u00e9vrier<\/strong>: deux jours que le vent n&rsquo;est plus notre copain&#8230; De petites d\u00e9pressions peu actives viennent du sud et perturbent les flux d&rsquo;air: direction et force erratiques. La moyenne tombe brutalement: \u00e0 peine une trentaine de milles cette nuit! La mer est plate et les oiseaux sont pos\u00e9s: il n&rsquo;y a m\u00eame pas le minimum d&rsquo;air pour qu&rsquo;ils puissent voler, et ils font moins les malins, les seigneurs des vents forts!<br \/>\nC&rsquo;est Humbolt qui fait tout le boulot: son courant remonte du sud le long de la c\u00f4te \u00e0 un peu plus d&rsquo;un n\u0153ud, et avec lui son eau froide.<\/p>\n<p>Et puis petit \u00e0 petit le temps se stabilise: mer presque plate et petite brise qui nous d\u00e9hale entre quatre et cinq n\u0153uds. On ne va pas se plaindre!<\/p>\n<figure id=\"attachment_2338\" aria-describedby=\"caption-attachment-2338\" style=\"width: 300px\" class=\"wp-caption aligncenter\"><a href=\"http:\/\/kouskeol.fr\/wp-content\/uploads\/2015\/03\/OceanPacifique.jpg\" target=\"_blank\"><img loading=\"lazy\" decoding=\"async\" class=\"wp-image-2338 size-medium\" src=\"http:\/\/kouskeol.fr\/wp-content\/uploads\/2015\/03\/OceanPacifique-300x222.jpg\" alt=\"OceanPacifique\" width=\"300\" height=\"222\" srcset=\"http:\/\/kouskeol.fr\/wp-content\/uploads\/2015\/03\/OceanPacifique-300x222.jpg 300w, http:\/\/kouskeol.fr\/wp-content\/uploads\/2015\/03\/OceanPacifique-1024x757.jpg 1024w, http:\/\/kouskeol.fr\/wp-content\/uploads\/2015\/03\/OceanPacifique.jpg 1258w\" sizes=\"auto, (max-width: 300px) 100vw, 300px\" \/><\/a><figcaption id=\"caption-attachment-2338\" class=\"wp-caption-text\">Oc\u00e9an compl\u00e8tement pacifique&#8230;<\/figcaption><\/figure>\n<p>Soudain, deux otaries, \u00e0 plus de 200 milles des c\u00f4tes, se pr\u00e9lassant, pas du tout impressionn\u00e9es par Kousk Eol et son train de s\u00e9nateur (un comble pour un Centurion!).<\/p>\n<p>Encore plus \u00e9tonnant: une cinquantaine de grands dauphins viennent tourner autour de Kousk Eol, encadr\u00e9s par une dizaine de globic\u00e9phales noirs, majestueux! Nous profitons du spectacle comme de grands gamins.<\/p>\n<p><a href=\"http:\/\/kouskeol.fr\/wp-content\/uploads\/2015\/03\/Dauphins1.jpg\" target=\"_blank\"><img loading=\"lazy\" decoding=\"async\" class=\"aligncenter wp-image-2339 size-medium\" src=\"http:\/\/kouskeol.fr\/wp-content\/uploads\/2015\/03\/Dauphins1-300x199.jpg\" alt=\"Dauphins1\" width=\"300\" height=\"199\" srcset=\"http:\/\/kouskeol.fr\/wp-content\/uploads\/2015\/03\/Dauphins1-300x199.jpg 300w, http:\/\/kouskeol.fr\/wp-content\/uploads\/2015\/03\/Dauphins1-1024x678.jpg 1024w, http:\/\/kouskeol.fr\/wp-content\/uploads\/2015\/03\/Dauphins1.jpg 1280w\" sizes=\"auto, (max-width: 300px) 100vw, 300px\" \/><\/a> <a href=\"http:\/\/kouskeol.fr\/wp-content\/uploads\/2015\/03\/Dauphins2.jpg\" target=\"_blank\"><img loading=\"lazy\" decoding=\"async\" class=\"aligncenter wp-image-2340 size-medium\" src=\"http:\/\/kouskeol.fr\/wp-content\/uploads\/2015\/03\/Dauphins2-300x198.jpg\" alt=\"Dauphins2\" width=\"300\" height=\"198\" srcset=\"http:\/\/kouskeol.fr\/wp-content\/uploads\/2015\/03\/Dauphins2-300x198.jpg 300w, http:\/\/kouskeol.fr\/wp-content\/uploads\/2015\/03\/Dauphins2-1024x677.jpg 1024w, http:\/\/kouskeol.fr\/wp-content\/uploads\/2015\/03\/Dauphins2.jpg 1280w\" sizes=\"auto, (max-width: 300px) 100vw, 300px\" \/><\/a> <a href=\"http:\/\/kouskeol.fr\/wp-content\/uploads\/2015\/03\/Globi1.jpg\" target=\"_blank\"><img loading=\"lazy\" decoding=\"async\" class=\"aligncenter wp-image-2341 size-medium\" src=\"http:\/\/kouskeol.fr\/wp-content\/uploads\/2015\/03\/Globi1-300x199.jpg\" alt=\"Globi1\" width=\"300\" height=\"199\" srcset=\"http:\/\/kouskeol.fr\/wp-content\/uploads\/2015\/03\/Globi1-300x199.jpg 300w, http:\/\/kouskeol.fr\/wp-content\/uploads\/2015\/03\/Globi1-1024x678.jpg 1024w, http:\/\/kouskeol.fr\/wp-content\/uploads\/2015\/03\/Globi1.jpg 1280w\" sizes=\"auto, (max-width: 300px) 100vw, 300px\" \/><\/a> <a href=\"http:\/\/kouskeol.fr\/wp-content\/uploads\/2015\/03\/Globi2.jpg\" target=\"_blank\"><img loading=\"lazy\" decoding=\"async\" class=\"aligncenter wp-image-2342 size-medium\" src=\"http:\/\/kouskeol.fr\/wp-content\/uploads\/2015\/03\/Globi2-300x199.jpg\" alt=\"Globi2\" width=\"300\" height=\"199\" srcset=\"http:\/\/kouskeol.fr\/wp-content\/uploads\/2015\/03\/Globi2-300x199.jpg 300w, http:\/\/kouskeol.fr\/wp-content\/uploads\/2015\/03\/Globi2-1024x678.jpg 1024w, http:\/\/kouskeol.fr\/wp-content\/uploads\/2015\/03\/Globi2.jpg 1278w\" sizes=\"auto, (max-width: 300px) 100vw, 300px\" \/><\/a> <a href=\"http:\/\/kouskeol.fr\/wp-content\/uploads\/2015\/03\/Globi3.jpg\" target=\"_blank\"><img loading=\"lazy\" decoding=\"async\" class=\"aligncenter wp-image-2343 size-medium\" src=\"http:\/\/kouskeol.fr\/wp-content\/uploads\/2015\/03\/Globi3-300x206.jpg\" alt=\"Globi3\" width=\"300\" height=\"206\" srcset=\"http:\/\/kouskeol.fr\/wp-content\/uploads\/2015\/03\/Globi3-300x206.jpg 300w, http:\/\/kouskeol.fr\/wp-content\/uploads\/2015\/03\/Globi3-1024x703.jpg 1024w, http:\/\/kouskeol.fr\/wp-content\/uploads\/2015\/03\/Globi3.jpg 1278w\" sizes=\"auto, (max-width: 300px) 100vw, 300px\" \/><\/a> <a href=\"http:\/\/kouskeol.fr\/wp-content\/uploads\/2015\/03\/Globi4.jpg\" target=\"_blank\"><img loading=\"lazy\" decoding=\"async\" class=\"aligncenter wp-image-2344 size-medium\" src=\"http:\/\/kouskeol.fr\/wp-content\/uploads\/2015\/03\/Globi4-300x198.jpg\" alt=\"Globi4\" width=\"300\" height=\"198\" srcset=\"http:\/\/kouskeol.fr\/wp-content\/uploads\/2015\/03\/Globi4-300x198.jpg 300w, http:\/\/kouskeol.fr\/wp-content\/uploads\/2015\/03\/Globi4-1024x675.jpg 1024w, http:\/\/kouskeol.fr\/wp-content\/uploads\/2015\/03\/Globi4.jpg 1278w\" sizes=\"auto, (max-width: 300px) 100vw, 300px\" \/><\/a><figure class=\"wp-block-embed wp-block-embed-youtube is-type-video is-provider-youtube epyt-figure\"><div class=\"wp-block-embed__wrapper\"><iframe loading=\"lazy\"  style=\"display: block; margin: 0px auto;\"  id=\"_ytid_79602\"  width=\"474\" height=\"267\"  data-origwidth=\"474\" data-origheight=\"267\" src=\"https:\/\/www.youtube.com\/embed\/OdQytogLrtE?enablejsapi=1&autoplay=0&cc_load_policy=0&cc_lang_pref=&iv_load_policy=1&loop=0&rel=0&fs=1&playsinline=0&autohide=2&theme=dark&color=red&controls=1&disablekb=0&\" class=\"__youtube_prefs__  no-lazyload\" title=\"YouTube player\"  allow=\"fullscreen; accelerometer; autoplay; clipboard-write; encrypted-media; gyroscope; picture-in-picture; web-share\" referrerpolicy=\"strict-origin-when-cross-origin\" allowfullscreen data-no-lazy=\"1\" data-skipgform_ajax_framebjll=\"\"><\/iframe><\/div><\/figure><\/p>\n<p>Des myriades de m\u00e9duses et autres planctons occupent tout l&rsquo;oc\u00e9an: pas un espace de libre, en tout cas pas d&rsquo;incitation \u00e0 la nage&#8230; Une nuit, nous aurons m\u00eame une douzaine de calmars sur le pont: malheureusement trop dess\u00e9ch\u00e9s pour finir \u00e0 la po\u00eale&#8230;<\/p>\n<p>La nuit, la mer \u00e9tincelle lorsque l&rsquo;\u00e9trave de Kousk Eol allume le plancton phosphorescent: vision f\u00e9erique!<\/p>\n<p>C\u00f4t\u00e9 navigation, \u00e7a s&rsquo;am\u00e9liore: le vent repasse au SSE et monte \u00e0 une douzaine de n\u0153uds. Y a bon pour le Code D! Et du coup, le temps estim\u00e9 par le calculateur pour arriver \u00e0 Arica passe brutalement de 400h \u00e0 60h! Le Pacifique ressemble enfin \u00e0 l&rsquo;id\u00e9e qu&rsquo;on s&rsquo;en faisait: vents r\u00e9guliers et mer tranquille.<\/p>\n<p>Il fait grand beau. De nouveau, nous avons droit aux couchers de soleil somptueux, avec chasse r\u00e9guli\u00e8re au rayon vert! On parlerait bien des nuits fantastiques si on n&rsquo;avait pas peur de vous d\u00e9moraliser: Voie Lact\u00e9e immanquable, \u00e9toiles filantes, constellations exotiques, et bien s\u00fbr, la Croix du Sud&#8230;<\/p>\n<p><b>2 mars 2015<\/b>, 11h30: nous repassons le Tropique du Capricorne (23\u00b0 27S). Cette fois c&rsquo;est s\u00fbr, il va faire meilleur! D&rsquo;ailleurs, un autre signe qui ne trompe pas: le taud\/casquette du poste de barre est de nouveau d\u00e9ploy\u00e9. Et tiens, Arica est maintenant \u00e0 moins de 300 milles. Nous passons sur une fosse \u00e0 plus de 8000m de profondeur: un Everest \u00e0 l&rsquo;envers&#8230; On fera attention de ne pas faire tomber une petite cuiller&#8230;<\/p>\n<p>Ce matin, nous admirons le lever de soleil au-dessus de la cordill\u00e8re des Andes au loin: la terre est toujours l\u00e0! Tr\u00e8s belle journ\u00e9e, vent raisonnable et mer calme: juste ce qu&rsquo;il faut pour faire un tr\u00e8s long bord sous Code D, et compenser les \u00ab\u00a0petites\u00a0\u00bb journ\u00e9es pr\u00e9c\u00e9dentes. Arica continue \u00e0 s&rsquo;approcher. En d\u00e9but d&rsquo;apr\u00e8s-midi, le moulinet de la canne \u00e0 p\u00eache siffle: une belle dorade vient de se faire prendre! \u00c7a va nous changer des saucisses&#8230; Eh ben non: elle trouve moyen de se faire la belle au moment de la remonter dans le cockpit&#8230;<\/p>\n<p>A bord, une esp\u00e8ce de routine s&rsquo;installe: tel un vieux couple n&rsquo;ayant plus besoin de parler pour que les choses soient dites, les deux frangins s&rsquo;installent devant l&rsquo;\u00e9cran du PC apr\u00e8s le repas du soir pour se faire un film (merci Marco!), avant les quarts de nuit&#8230; Cool.<\/p>\n<p><b>Mercredi 4 mars<\/b>: la c\u00f4te \u00e9merge de la brume au petit matin. De nouveau des otaries autour de nous, survol\u00e9es par des p\u00e9licans. Et on aper\u00e7oit m\u00eame des baleines plus au large&#8230;<\/p>\n<p>Mais le vent tombe 20 milles avant l&rsquo;arriv\u00e9e \u00e0 Arica: c&rsquo;est Volvo qui s&rsquo;y colle pour le coup. Mais il n&rsquo;a pas int\u00e9r\u00eat \u00e0 r\u00e2ler: on lui a largement fichu la paix ces derniers jours!<\/p>\n<p>14h: \u00e7a y est, nous sommes amarr\u00e9s entre deux bou\u00e9es du Club de Yates d&rsquo;Arica&#8230; Un lion de mer vient v\u00e9rifier le mouillage, d\u00e9bonnaire.<\/p>\n<figure id=\"attachment_2345\" aria-describedby=\"caption-attachment-2345\" style=\"width: 300px\" class=\"wp-caption aligncenter\"><a href=\"http:\/\/kouskeol.fr\/wp-content\/uploads\/2015\/03\/Arica1.jpg\" target=\"_blank\"><img loading=\"lazy\" decoding=\"async\" class=\"wp-image-2345 size-medium\" src=\"http:\/\/kouskeol.fr\/wp-content\/uploads\/2015\/03\/Arica1-300x225.jpg\" alt=\"Arica1\" width=\"300\" height=\"225\" srcset=\"http:\/\/kouskeol.fr\/wp-content\/uploads\/2015\/03\/Arica1-300x225.jpg 300w, http:\/\/kouskeol.fr\/wp-content\/uploads\/2015\/03\/Arica1-1024x768.jpg 1024w, http:\/\/kouskeol.fr\/wp-content\/uploads\/2015\/03\/Arica1.jpg 1280w\" sizes=\"auto, (max-width: 300px) 100vw, 300px\" \/><\/a><figcaption id=\"caption-attachment-2345\" class=\"wp-caption-text\">L&rsquo;arriv\u00e9e sur Arica.<\/figcaption><\/figure>\n<p><a href=\"http:\/\/kouskeol.fr\/wp-content\/uploads\/2015\/03\/Arica2.jpg\" target=\"_blank\"><img loading=\"lazy\" decoding=\"async\" class=\"aligncenter wp-image-2346 size-medium\" src=\"http:\/\/kouskeol.fr\/wp-content\/uploads\/2015\/03\/Arica2-300x225.jpg\" alt=\"Arica2\" width=\"300\" height=\"225\" srcset=\"http:\/\/kouskeol.fr\/wp-content\/uploads\/2015\/03\/Arica2-300x225.jpg 300w, http:\/\/kouskeol.fr\/wp-content\/uploads\/2015\/03\/Arica2-1024x768.jpg 1024w, http:\/\/kouskeol.fr\/wp-content\/uploads\/2015\/03\/Arica2.jpg 1280w\" sizes=\"auto, (max-width: 300px) 100vw, 300px\" \/><\/a> <a href=\"http:\/\/kouskeol.fr\/wp-content\/uploads\/2015\/03\/Arica3.jpg\" target=\"_blank\"><img loading=\"lazy\" decoding=\"async\" class=\"aligncenter wp-image-2347 size-medium\" src=\"http:\/\/kouskeol.fr\/wp-content\/uploads\/2015\/03\/Arica3-300x223.jpg\" alt=\"Arica3\" width=\"300\" height=\"223\" srcset=\"http:\/\/kouskeol.fr\/wp-content\/uploads\/2015\/03\/Arica3-300x223.jpg 300w, http:\/\/kouskeol.fr\/wp-content\/uploads\/2015\/03\/Arica3-1024x759.jpg 1024w, http:\/\/kouskeol.fr\/wp-content\/uploads\/2015\/03\/Arica3.jpg 1262w\" sizes=\"auto, (max-width: 300px) 100vw, 300px\" \/><\/a><\/p>\n<p>16h30: nous coin\u00e7ons une bulle tranquille sur le bateau, quand une voix nous appelle, par nos noms&#8230; C&rsquo;est Mike, qui arrive tout juste, en solitaire comme d&rsquo;habitude! Et qui a mis presque autant de temps que nous, malgr\u00e9 notre stop \u00e0 Juan Fernandez: apparemment le vent \u00e9tait en vacances le long de la c\u00f4te.<\/p>\n<p>Et ensuite? Ben ensuite Andr\u00e9 et Claude vont jouer les touristes au P\u00e9rou pendant quelques jours, les copains. Y a pas de raison&#8230; On vous racontera si vous \u00eates sages.<br \/>\nPuis il faudra pr\u00e9parer \u00e0 nouveau le bateau pour la travers\u00e9e vers les Galapagos (compl\u00e9ment d&rsquo;avitaillement, eau, gas-oil, &#8230;). Le d\u00e9part est pr\u00e9vu le 27 mars, mais on vous tient au courant!<br \/>\nFrank, un copain de Californie, qui a d\u00e9j\u00e0 fait partie de l&rsquo;\u00e9quipage entre Salvador et Buenos Aires, doit nous rejoindre le 26 pour cette travers\u00e9e.<\/p>\n","protected":false},"excerpt":{"rendered":"<p>D\u00e9part donc le 24 f\u00e9vrier 2015 en fin d\u2019apr\u00e8s-midi\u00a0: l\u2019\u00eele, sans doute triste de nous voir partir, s\u2019est recouverte de nuages. En fait, toute cette premi\u00e8re nuit, nous essuierons des grains, avec leurs vents changeants\u00a0: deux ris dans la grand-voile, et un tiers de g\u00e9nois pour \u00eatre un peu tranquille, relativement. Cette \u00e9tape fait un &hellip; <a href=\"http:\/\/kouskeol.fr\/?p=2329\" class=\"more-link\">Continuer la lecture de <span class=\"screen-reader-text\">Robinson Cruso\u00e9 \u2013 Arica<\/span>  <span class=\"meta-nav\">&rarr;<\/span><\/a><\/p>\n","protected":false},"author":1,"featured_media":0,"comment_status":"open","ping_status":"open","sticky":false,"template":"","format":"standard","meta":{"ngg_post_thumbnail":0,"footnotes":""},"categories":[17,8],"tags":[],"class_list":["post-2329","post","type-post","status-publish","format-standard","hentry","category-chili","category-voyage"],"_links":{"self":[{"href":"http:\/\/kouskeol.fr\/index.php?rest_route=\/wp\/v2\/posts\/2329","targetHints":{"allow":["GET"]}}],"collection":[{"href":"http:\/\/kouskeol.fr\/index.php?rest_route=\/wp\/v2\/posts"}],"about":[{"href":"http:\/\/kouskeol.fr\/index.php?rest_route=\/wp\/v2\/types\/post"}],"author":[{"embeddable":true,"href":"http:\/\/kouskeol.fr\/index.php?rest_route=\/wp\/v2\/users\/1"}],"replies":[{"embeddable":true,"href":"http:\/\/kouskeol.fr\/index.php?rest_route=%2Fwp%2Fv2%2Fcomments&post=2329"}],"version-history":[{"count":5,"href":"http:\/\/kouskeol.fr\/index.php?rest_route=\/wp\/v2\/posts\/2329\/revisions"}],"predecessor-version":[{"id":2374,"href":"http:\/\/kouskeol.fr\/index.php?rest_route=\/wp\/v2\/posts\/2329\/revisions\/2374"}],"wp:attachment":[{"href":"http:\/\/kouskeol.fr\/index.php?rest_route=%2Fwp%2Fv2%2Fmedia&parent=2329"}],"wp:term":[{"taxonomy":"category","embeddable":true,"href":"http:\/\/kouskeol.fr\/index.php?rest_route=%2Fwp%2Fv2%2Fcategories&post=2329"},{"taxonomy":"post_tag","embeddable":true,"href":"http:\/\/kouskeol.fr\/index.php?rest_route=%2Fwp%2Fv2%2Ftags&post=2329"}],"curies":[{"name":"wp","href":"https:\/\/api.w.org\/{rel}","templated":true}]}}