{"id":2381,"date":"2015-03-08T01:00:41","date_gmt":"2015-03-08T00:00:41","guid":{"rendered":"http:\/\/kouskeol.fr\/?p=2381"},"modified":"2015-03-08T12:45:37","modified_gmt":"2015-03-08T11:45:37","slug":"arica","status":"publish","type":"post","link":"http:\/\/kouskeol.fr\/?p=2381","title":{"rendered":"Arica"},"content":{"rendered":"<p>Arica n&rsquo;est peut-\u00eatre pas, selon les canons des guides touristiques, la plus belle ville du Chili, mais pour nous c&rsquo;est une ville tr\u00e8s pratique: juste \u00e0 c\u00f4t\u00e9 de la fronti\u00e8re du P\u00e9rou, donc permettant une petite escapade dans ce pays, sans avoir \u00e0 faire encore une fois des formalit\u00e9s d\u2019entr\u00e9e dans un pays.<\/p>\n<p>Ceci dit, notre Gustave national est quand m\u00eame venu laisser ses traces dans cette ville, o\u00f9 il a construit diverses demeures \u00e0 base de structures m\u00e9talliques.<\/p>\n<p>Pour commencer par le d\u00e9but&#8230; Kousk Eol est mouill\u00e9 entre deux bou\u00e9es \u00e0 l\u00a0&lsquo;entr\u00e9e du tout petit port du Club de Yate de Arica, lui-m\u00eame \u00e0 c\u00f4t\u00e9 du port de commerce.<\/p>\n<figure id=\"attachment_2387\" aria-describedby=\"caption-attachment-2387\" style=\"width: 300px\" class=\"wp-caption aligncenter\"><a href=\"http:\/\/kouskeol.fr\/wp-content\/uploads\/2015\/03\/Arica-Cmlub02.jpg\" target=\"_blank\"><img loading=\"lazy\" decoding=\"async\" class=\"wp-image-2387 size-medium\" src=\"http:\/\/kouskeol.fr\/wp-content\/uploads\/2015\/03\/Arica-Cmlub02-300x224.jpg\" alt=\"Arica-Cmlub02\" width=\"300\" height=\"224\" srcset=\"http:\/\/kouskeol.fr\/wp-content\/uploads\/2015\/03\/Arica-Cmlub02-300x224.jpg 300w, http:\/\/kouskeol.fr\/wp-content\/uploads\/2015\/03\/Arica-Cmlub02-1024x766.jpg 1024w, http:\/\/kouskeol.fr\/wp-content\/uploads\/2015\/03\/Arica-Cmlub02.jpg 1276w\" sizes=\"auto, (max-width: 300px) 100vw, 300px\" \/><\/a><figcaption id=\"caption-attachment-2387\" class=\"wp-caption-text\">Le mouillage du Club de Yates<\/figcaption><\/figure>\n<figure id=\"attachment_2382\" aria-describedby=\"caption-attachment-2382\" style=\"width: 300px\" class=\"wp-caption aligncenter\"><a href=\"http:\/\/kouskeol.fr\/wp-content\/uploads\/2015\/03\/Arica-R\u00e9paration-KE.jpg\" target=\"_blank\"><img loading=\"lazy\" decoding=\"async\" class=\"wp-image-2382 size-medium\" src=\"http:\/\/kouskeol.fr\/wp-content\/uploads\/2015\/03\/Arica-R\u00e9paration-KE-300x220.jpg\" alt=\"Arica-R\u00e9paration KE\" width=\"300\" height=\"220\" srcset=\"http:\/\/kouskeol.fr\/wp-content\/uploads\/2015\/03\/Arica-R\u00e9paration-KE-300x220.jpg 300w, http:\/\/kouskeol.fr\/wp-content\/uploads\/2015\/03\/Arica-R\u00e9paration-KE-1024x752.jpg 1024w, http:\/\/kouskeol.fr\/wp-content\/uploads\/2015\/03\/Arica-R\u00e9paration-KE.jpg 1248w\" sizes=\"auto, (max-width: 300px) 100vw, 300px\" \/><\/a><figcaption id=\"caption-attachment-2382\" class=\"wp-caption-text\">Sur Kousk Eol, on prend un certain plaisir \u00e0 s&rsquo;envoyer en l&rsquo;air&#8230;<\/figcaption><\/figure>\n<p>L&rsquo;accueil est plut\u00f4t sympathique. Le club est en travaux, donc il faudra attendre pour la douche dont nous r\u00eavions un peu depuis quelque temps. Nous attaquons notre s\u00e9jour ici par quelques travaux: nettoyage des fonds, r\u00e9paration du sondeur qui boudait, v\u00e9rification des r\u00e9as de t\u00eate de m\u00e2t car la drisse de grand-voile s&rsquo;usait par ragage, etc.<\/p>\n<p>Le quartier n&rsquo;est pas trop mal fr\u00e9quent\u00e9. Laissez-nous vous pr\u00e9senter quelques uns de nos voisins de palier:<\/p>\n<figure id=\"attachment_2400\" aria-describedby=\"caption-attachment-2400\" style=\"width: 300px\" class=\"wp-caption aligncenter\"><a href=\"http:\/\/kouskeol.fr\/wp-content\/uploads\/2015\/03\/Arica-Cormorans.jpg\" target=\"_blank\"><img loading=\"lazy\" decoding=\"async\" class=\"wp-image-2400 size-medium\" src=\"http:\/\/kouskeol.fr\/wp-content\/uploads\/2015\/03\/Arica-Cormorans-300x199.jpg\" alt=\"Arica-Cormorans\" width=\"300\" height=\"199\" srcset=\"http:\/\/kouskeol.fr\/wp-content\/uploads\/2015\/03\/Arica-Cormorans-300x199.jpg 300w, http:\/\/kouskeol.fr\/wp-content\/uploads\/2015\/03\/Arica-Cormorans-1024x678.jpg 1024w, http:\/\/kouskeol.fr\/wp-content\/uploads\/2015\/03\/Arica-Cormorans.jpg 1280w\" sizes=\"auto, (max-width: 300px) 100vw, 300px\" \/><\/a><figcaption id=\"caption-attachment-2400\" class=\"wp-caption-text\">La famille Cormoran<\/figcaption><\/figure>\n<figure id=\"attachment_2401\" aria-describedby=\"caption-attachment-2401\" style=\"width: 300px\" class=\"wp-caption aligncenter\"><a href=\"http:\/\/kouskeol.fr\/wp-content\/uploads\/2015\/03\/Arica-Pelican.jpg\" target=\"_blank\"><img loading=\"lazy\" decoding=\"async\" class=\"wp-image-2401 size-medium\" src=\"http:\/\/kouskeol.fr\/wp-content\/uploads\/2015\/03\/Arica-Pelican-300x199.jpg\" alt=\"Arica-Pelican\" width=\"300\" height=\"199\" srcset=\"http:\/\/kouskeol.fr\/wp-content\/uploads\/2015\/03\/Arica-Pelican-300x199.jpg 300w, http:\/\/kouskeol.fr\/wp-content\/uploads\/2015\/03\/Arica-Pelican-1024x678.jpg 1024w, http:\/\/kouskeol.fr\/wp-content\/uploads\/2015\/03\/Arica-Pelican.jpg 1280w\" sizes=\"auto, (max-width: 300px) 100vw, 300px\" \/><\/a><figcaption id=\"caption-attachment-2401\" class=\"wp-caption-text\">Le c\u00e9libataire P\u00e9lican de Thage.<\/figcaption><\/figure>\n<figure id=\"attachment_2402\" aria-describedby=\"caption-attachment-2402\" style=\"width: 300px\" class=\"wp-caption aligncenter\"><a href=\"http:\/\/kouskeol.fr\/wp-content\/uploads\/2015\/03\/Arica-SternesInca.jpg\" target=\"_blank\"><img loading=\"lazy\" decoding=\"async\" class=\"wp-image-2402 size-medium\" src=\"http:\/\/kouskeol.fr\/wp-content\/uploads\/2015\/03\/Arica-SternesInca-300x199.jpg\" alt=\"Arica-SternesInca\" width=\"300\" height=\"199\" srcset=\"http:\/\/kouskeol.fr\/wp-content\/uploads\/2015\/03\/Arica-SternesInca-300x199.jpg 300w, http:\/\/kouskeol.fr\/wp-content\/uploads\/2015\/03\/Arica-SternesInca-1024x678.jpg 1024w, http:\/\/kouskeol.fr\/wp-content\/uploads\/2015\/03\/Arica-SternesInca.jpg 1280w\" sizes=\"auto, (max-width: 300px) 100vw, 300px\" \/><\/a><figcaption id=\"caption-attachment-2402\" class=\"wp-caption-text\">Et les petits jeunes Sternes Incas<\/figcaption><\/figure>\n<p>Puis il faut compl\u00e9ter l&rsquo;avitaillement, comme d&rsquo;hab d\u00e8s qu&rsquo;on arrive dans un nouveau port.<\/p>\n<p>La ville d&rsquo;Arica fut un des hauts lieux de la guerre du Pacifique au 19e si\u00e8cle, entre le Chili, le P\u00e9rou et la Bolivie. C&rsquo;est le Chili qui a gagn\u00e9, et ils le font savoir: un \u00e9norme drapeau chilien flotte au sommet du Morro de Arica, un des lieux de bataille entre le Chili et le P\u00e9rou qui domine la ville.<\/p>\n<figure id=\"attachment_2386\" aria-describedby=\"caption-attachment-2386\" style=\"width: 300px\" class=\"wp-caption aligncenter\"><a href=\"http:\/\/kouskeol.fr\/wp-content\/uploads\/2015\/03\/Arica-Club01.jpg\" target=\"_blank\"><img loading=\"lazy\" decoding=\"async\" class=\"wp-image-2386 size-medium\" src=\"http:\/\/kouskeol.fr\/wp-content\/uploads\/2015\/03\/Arica-Club01-300x224.jpg\" alt=\"Arica-Club01\" width=\"300\" height=\"224\" srcset=\"http:\/\/kouskeol.fr\/wp-content\/uploads\/2015\/03\/Arica-Club01-300x224.jpg 300w, http:\/\/kouskeol.fr\/wp-content\/uploads\/2015\/03\/Arica-Club01-1024x764.jpg 1024w, http:\/\/kouskeol.fr\/wp-content\/uploads\/2015\/03\/Arica-Club01.jpg 1274w\" sizes=\"auto, (max-width: 300px) 100vw, 300px\" \/><\/a><figcaption id=\"caption-attachment-2386\" class=\"wp-caption-text\">Le Morro de Arica depuis le mouillage<\/figcaption><\/figure>\n<figure id=\"attachment_2395\" aria-describedby=\"caption-attachment-2395\" style=\"width: 300px\" class=\"wp-caption aligncenter\"><a href=\"http:\/\/kouskeol.fr\/wp-content\/uploads\/2015\/03\/Arica-Ville.jpg\" target=\"_blank\"><img loading=\"lazy\" decoding=\"async\" class=\"wp-image-2395 size-medium\" src=\"http:\/\/kouskeol.fr\/wp-content\/uploads\/2015\/03\/Arica-Ville-300x225.jpg\" alt=\"Arica-Ville\" width=\"300\" height=\"225\" srcset=\"http:\/\/kouskeol.fr\/wp-content\/uploads\/2015\/03\/Arica-Ville-300x225.jpg 300w, http:\/\/kouskeol.fr\/wp-content\/uploads\/2015\/03\/Arica-Ville-1024x768.jpg 1024w, http:\/\/kouskeol.fr\/wp-content\/uploads\/2015\/03\/Arica-Ville.jpg 1280w\" sizes=\"auto, (max-width: 300px) 100vw, 300px\" \/><\/a><figcaption id=\"caption-attachment-2395\" class=\"wp-caption-text\">Arica, au milieu de nulle part<\/figcaption><\/figure>\n<figure id=\"attachment_2390\" aria-describedby=\"caption-attachment-2390\" style=\"width: 300px\" class=\"wp-caption aligncenter\"><a href=\"http:\/\/kouskeol.fr\/wp-content\/uploads\/2015\/03\/Arica-Morro.jpg\" target=\"_blank\"><img loading=\"lazy\" decoding=\"async\" class=\"wp-image-2390 size-medium\" src=\"http:\/\/kouskeol.fr\/wp-content\/uploads\/2015\/03\/Arica-Morro-300x223.jpg\" alt=\"Arica-Morro\" width=\"300\" height=\"223\" srcset=\"http:\/\/kouskeol.fr\/wp-content\/uploads\/2015\/03\/Arica-Morro-300x223.jpg 300w, http:\/\/kouskeol.fr\/wp-content\/uploads\/2015\/03\/Arica-Morro-1024x763.jpg 1024w, http:\/\/kouskeol.fr\/wp-content\/uploads\/2015\/03\/Arica-Morro.jpg 1270w\" sizes=\"auto, (max-width: 300px) 100vw, 300px\" \/><\/a><figcaption id=\"caption-attachment-2390\" class=\"wp-caption-text\">Depuis le Morro de Arica: au fond, le P\u00e9rou&#8230;<\/figcaption><\/figure>\n<figure id=\"attachment_2392\" aria-describedby=\"caption-attachment-2392\" style=\"width: 300px\" class=\"wp-caption aligncenter\"><a href=\"http:\/\/kouskeol.fr\/wp-content\/uploads\/2015\/03\/Arica-Morro3.jpg\" target=\"_blank\"><img loading=\"lazy\" decoding=\"async\" class=\"wp-image-2392 size-medium\" src=\"http:\/\/kouskeol.fr\/wp-content\/uploads\/2015\/03\/Arica-Morro3-300x225.jpg\" alt=\"Arica-Morro3\" width=\"300\" height=\"225\" srcset=\"http:\/\/kouskeol.fr\/wp-content\/uploads\/2015\/03\/Arica-Morro3-300x225.jpg 300w, http:\/\/kouskeol.fr\/wp-content\/uploads\/2015\/03\/Arica-Morro3-1024x768.jpg 1024w, http:\/\/kouskeol.fr\/wp-content\/uploads\/2015\/03\/Arica-Morro3.jpg 1280w\" sizes=\"auto, (max-width: 300px) 100vw, 300px\" \/><\/a><figcaption id=\"caption-attachment-2392\" class=\"wp-caption-text\">Alors qu&rsquo;ici, on est au Chili!<\/figcaption><\/figure>\n<p>Arica, environ 160 000 habitants, a pouss\u00e9 au milieu du d\u00e9sert, qui entoure les trois-quarts de la ville, le dernier quart \u00e9tant la fa\u00e7ade sur l&rsquo;oc\u00e9an Pacifique.<\/p>\n<figure id=\"attachment_2385\" aria-describedby=\"caption-attachment-2385\" style=\"width: 300px\" class=\"wp-caption aligncenter\"><a href=\"http:\/\/kouskeol.fr\/wp-content\/uploads\/2015\/03\/Arica02.jpg\" target=\"_blank\"><img loading=\"lazy\" decoding=\"async\" class=\"wp-image-2385 size-medium\" src=\"http:\/\/kouskeol.fr\/wp-content\/uploads\/2015\/03\/Arica02-300x225.jpg\" alt=\"Arica02\" width=\"300\" height=\"225\" srcset=\"http:\/\/kouskeol.fr\/wp-content\/uploads\/2015\/03\/Arica02-300x225.jpg 300w, http:\/\/kouskeol.fr\/wp-content\/uploads\/2015\/03\/Arica02-1024x768.jpg 1024w, http:\/\/kouskeol.fr\/wp-content\/uploads\/2015\/03\/Arica02.jpg 1278w\" sizes=\"auto, (max-width: 300px) 100vw, 300px\" \/><\/a><figcaption id=\"caption-attachment-2385\" class=\"wp-caption-text\">Partout les informations en cas de tsunami&#8230; Rassurant!<\/figcaption><\/figure>\n<p><a href=\"http:\/\/kouskeol.fr\/wp-content\/uploads\/2015\/03\/Arica-Eglise2.jpg\" target=\"_blank\"><img loading=\"lazy\" decoding=\"async\" class=\"aligncenter wp-image-2389 size-medium\" src=\"http:\/\/kouskeol.fr\/wp-content\/uploads\/2015\/03\/Arica-Eglise2-300x225.jpg\" alt=\"Arica-Eglise2\" width=\"300\" height=\"225\" srcset=\"http:\/\/kouskeol.fr\/wp-content\/uploads\/2015\/03\/Arica-Eglise2-300x225.jpg 300w, http:\/\/kouskeol.fr\/wp-content\/uploads\/2015\/03\/Arica-Eglise2-1024x768.jpg 1024w, http:\/\/kouskeol.fr\/wp-content\/uploads\/2015\/03\/Arica-Eglise2.jpg 1280w\" sizes=\"auto, (max-width: 300px) 100vw, 300px\" \/><\/a> <a href=\"http:\/\/kouskeol.fr\/wp-content\/uploads\/2015\/03\/Arica-Eglise1.jpg\" target=\"_blank\"><img loading=\"lazy\" decoding=\"async\" class=\"aligncenter wp-image-2388 size-medium\" src=\"http:\/\/kouskeol.fr\/wp-content\/uploads\/2015\/03\/Arica-Eglise1-300x225.jpg\" alt=\"Arica-Eglise1\" width=\"300\" height=\"225\" srcset=\"http:\/\/kouskeol.fr\/wp-content\/uploads\/2015\/03\/Arica-Eglise1-300x225.jpg 300w, http:\/\/kouskeol.fr\/wp-content\/uploads\/2015\/03\/Arica-Eglise1-1024x768.jpg 1024w, http:\/\/kouskeol.fr\/wp-content\/uploads\/2015\/03\/Arica-Eglise1.jpg 1280w\" sizes=\"auto, (max-width: 300px) 100vw, 300px\" \/><\/a> <a href=\"http:\/\/kouskeol.fr\/wp-content\/uploads\/2015\/03\/Arica01.jpg\" target=\"_blank\"><img loading=\"lazy\" decoding=\"async\" class=\"aligncenter wp-image-2384 size-medium\" src=\"http:\/\/kouskeol.fr\/wp-content\/uploads\/2015\/03\/Arica01-300x218.jpg\" alt=\"Arica01\" width=\"300\" height=\"218\" srcset=\"http:\/\/kouskeol.fr\/wp-content\/uploads\/2015\/03\/Arica01-300x218.jpg 300w, http:\/\/kouskeol.fr\/wp-content\/uploads\/2015\/03\/Arica01-1024x744.jpg 1024w, http:\/\/kouskeol.fr\/wp-content\/uploads\/2015\/03\/Arica01.jpg 1238w\" sizes=\"auto, (max-width: 300px) 100vw, 300px\" \/><\/a> Le port d&rsquo;Arica est le seul acc\u00e8s pratique \u00e0 l&rsquo;oc\u00e9an pour la Bolivie, qui depuis la guerre n&rsquo;a plus de c\u00f4tes maritimes.<\/p>\n<figure id=\"attachment_2394\" aria-describedby=\"caption-attachment-2394\" style=\"width: 300px\" class=\"wp-caption aligncenter\"><a href=\"http:\/\/kouskeol.fr\/wp-content\/uploads\/2015\/03\/Arica-Port.jpg\" target=\"_blank\"><img loading=\"lazy\" decoding=\"async\" class=\"wp-image-2394 size-medium\" src=\"http:\/\/kouskeol.fr\/wp-content\/uploads\/2015\/03\/Arica-Port-300x223.jpg\" alt=\"Arica-Port\" width=\"300\" height=\"223\" srcset=\"http:\/\/kouskeol.fr\/wp-content\/uploads\/2015\/03\/Arica-Port-300x223.jpg 300w, http:\/\/kouskeol.fr\/wp-content\/uploads\/2015\/03\/Arica-Port-1024x763.jpg 1024w, http:\/\/kouskeol.fr\/wp-content\/uploads\/2015\/03\/Arica-Port.jpg 1270w\" sizes=\"auto, (max-width: 300px) 100vw, 300px\" \/><\/a><figcaption id=\"caption-attachment-2394\" class=\"wp-caption-text\">Le port d&rsquo;Arica<\/figcaption><\/figure>\n<figure id=\"attachment_2393\" aria-describedby=\"caption-attachment-2393\" style=\"width: 300px\" class=\"wp-caption aligncenter\"><a href=\"http:\/\/kouskeol.fr\/wp-content\/uploads\/2015\/03\/Arica-Morro4.jpg\" target=\"_blank\"><img loading=\"lazy\" decoding=\"async\" class=\"wp-image-2393 size-medium\" src=\"http:\/\/kouskeol.fr\/wp-content\/uploads\/2015\/03\/Arica-Morro4-300x223.jpg\" alt=\"Arica-Morro4\" width=\"300\" height=\"223\" srcset=\"http:\/\/kouskeol.fr\/wp-content\/uploads\/2015\/03\/Arica-Morro4-300x223.jpg 300w, http:\/\/kouskeol.fr\/wp-content\/uploads\/2015\/03\/Arica-Morro4-1024x763.jpg 1024w, http:\/\/kouskeol.fr\/wp-content\/uploads\/2015\/03\/Arica-Morro4.jpg 1270w\" sizes=\"auto, (max-width: 300px) 100vw, 300px\" \/><\/a><figcaption id=\"caption-attachment-2393\" class=\"wp-caption-text\">Le Club de Yates depuis le Morro de Arica. Kousk Eol est au premier plan.<\/figcaption><\/figure>\n<p>Au sommet du morro, un Christ nous accueille, qui semble copi\u00e9 sur le Christ du Corcovado.<\/p>\n<figure id=\"attachment_2391\" aria-describedby=\"caption-attachment-2391\" style=\"width: 300px\" class=\"wp-caption aligncenter\"><a href=\"http:\/\/kouskeol.fr\/wp-content\/uploads\/2015\/03\/Arica-Morro2.jpg\" target=\"_blank\"><img loading=\"lazy\" decoding=\"async\" class=\"wp-image-2391 size-medium\" src=\"http:\/\/kouskeol.fr\/wp-content\/uploads\/2015\/03\/Arica-Morro2-300x221.jpg\" alt=\"Arica-Morro2\" width=\"300\" height=\"221\" srcset=\"http:\/\/kouskeol.fr\/wp-content\/uploads\/2015\/03\/Arica-Morro2-300x221.jpg 300w, http:\/\/kouskeol.fr\/wp-content\/uploads\/2015\/03\/Arica-Morro2-1024x754.jpg 1024w, http:\/\/kouskeol.fr\/wp-content\/uploads\/2015\/03\/Arica-Morro2.jpg 1250w\" sizes=\"auto, (max-width: 300px) 100vw, 300px\" \/><\/a><figcaption id=\"caption-attachment-2391\" class=\"wp-caption-text\">Le Christ du Morro de Arica.<\/figcaption><\/figure>\n<p>Sur cette photo, on voit tr\u00e8s bien s&rsquo;affronter deux \u00e9poques, avec leurs technologies pour capter le message venu d&rsquo;en haut: au premier plan, ce qui ce faisait de mieux depuis deux mille ans, mais qui n&rsquo;avait pas convaincu tout le monde, et \u00e0 l&rsquo;arri\u00e8re-plan, des r\u00e9alisations plus r\u00e9centes, plus la\u00efques, m\u00eame si l&rsquo;int\u00e9gration dans le paysage est encore largement am\u00e9liorable.<\/p>\n<p>Ce soir, nous reprenons o\u00f9 nous les avions laiss\u00e9es les discussions sur l&rsquo;amiti\u00e9 franco-australienne. Soir\u00e9e mondaine \u00e0 bord de Kousk Eol: le Capitaine Mike est re\u00e7u avec les honneurs dus \u00e0 son rang par les deux WAFIs de service. Les projets sur la reconstruction du monde reprennent, mais les conclusions tardent \u00e0 arriver.<br \/>\nDu coup, le lendemain, c&rsquo;est l\u00a0&lsquo;\u00e9quipage de Kousk Eol qui rend visite \u00e0 l&rsquo;\u00e9quipage de Carmen: le monde ne sera toujours pas reconstruit ce soir non plus, mais tr\u00e8s certainement, l&rsquo;amiti\u00e9 franco-australienne en sera sortie grandie.<\/p>\n<figure id=\"attachment_2383\" aria-describedby=\"caption-attachment-2383\" style=\"width: 300px\" class=\"wp-caption aligncenter\"><a href=\"http:\/\/kouskeol.fr\/wp-content\/uploads\/2015\/03\/Andre-Mike.jpg\" target=\"_blank\"><img loading=\"lazy\" decoding=\"async\" class=\"wp-image-2383 size-medium\" src=\"http:\/\/kouskeol.fr\/wp-content\/uploads\/2015\/03\/Andre-Mike-300x221.jpg\" alt=\"Andre-Mike\" width=\"300\" height=\"221\" srcset=\"http:\/\/kouskeol.fr\/wp-content\/uploads\/2015\/03\/Andre-Mike-300x221.jpg 300w, http:\/\/kouskeol.fr\/wp-content\/uploads\/2015\/03\/Andre-Mike-1024x754.jpg 1024w, http:\/\/kouskeol.fr\/wp-content\/uploads\/2015\/03\/Andre-Mike.jpg 1250w\" sizes=\"auto, (max-width: 300px) 100vw, 300px\" \/><\/a><figcaption id=\"caption-attachment-2383\" class=\"wp-caption-text\">Andr\u00e9 et Mike c\u00e9l\u00e9brant l&rsquo;amiti\u00e9 franco-australienne.<\/figcaption><\/figure>\n<p>Les experts auront certainement reconnu la couleur ambr\u00e9e de la <em>Kunstmann Torobayo<\/em>, brass\u00e9e \u00e0 Valdivia.<\/p>\n<p>Nous devrions partir demain dimanche 8 mars pour notre vir\u00e9e au P\u00e9rou: Arequipa, Cuzco, Machu Pichu et Titicaca sont au programme. Il faut que nous soyons rentr\u00e9s au bateau le 22 mars pour accueillir Frank qui fera partie de l&rsquo;\u00e9quipage jusqu&rsquo;aux Galapagos, o\u00f9 MarieJo et Cathy doivent nous rejoindre le 10 avril. Henry lui n&rsquo;arrivera que le 18 pour traverser vers les Marquises avec nous.<\/p>\n","protected":false},"excerpt":{"rendered":"<p>Arica n&rsquo;est peut-\u00eatre pas, selon les canons des guides touristiques, la plus belle ville du Chili, mais pour nous c&rsquo;est une ville tr\u00e8s pratique: juste \u00e0 c\u00f4t\u00e9 de la fronti\u00e8re du P\u00e9rou, donc permettant une petite escapade dans ce pays, sans avoir \u00e0 faire encore une fois des formalit\u00e9s d\u2019entr\u00e9e dans un pays. Ceci dit, &hellip; <a href=\"http:\/\/kouskeol.fr\/?p=2381\" class=\"more-link\">Continuer la lecture de <span class=\"screen-reader-text\">Arica<\/span>  <span class=\"meta-nav\">&rarr;<\/span><\/a><\/p>\n","protected":false},"author":1,"featured_media":0,"comment_status":"open","ping_status":"open","sticky":false,"template":"","format":"standard","meta":{"ngg_post_thumbnail":0,"footnotes":""},"categories":[17,8],"tags":[],"class_list":["post-2381","post","type-post","status-publish","format-standard","hentry","category-chili","category-voyage"],"_links":{"self":[{"href":"http:\/\/kouskeol.fr\/index.php?rest_route=\/wp\/v2\/posts\/2381","targetHints":{"allow":["GET"]}}],"collection":[{"href":"http:\/\/kouskeol.fr\/index.php?rest_route=\/wp\/v2\/posts"}],"about":[{"href":"http:\/\/kouskeol.fr\/index.php?rest_route=\/wp\/v2\/types\/post"}],"author":[{"embeddable":true,"href":"http:\/\/kouskeol.fr\/index.php?rest_route=\/wp\/v2\/users\/1"}],"replies":[{"embeddable":true,"href":"http:\/\/kouskeol.fr\/index.php?rest_route=%2Fwp%2Fv2%2Fcomments&post=2381"}],"version-history":[{"count":10,"href":"http:\/\/kouskeol.fr\/index.php?rest_route=\/wp\/v2\/posts\/2381\/revisions"}],"predecessor-version":[{"id":2409,"href":"http:\/\/kouskeol.fr\/index.php?rest_route=\/wp\/v2\/posts\/2381\/revisions\/2409"}],"wp:attachment":[{"href":"http:\/\/kouskeol.fr\/index.php?rest_route=%2Fwp%2Fv2%2Fmedia&parent=2381"}],"wp:term":[{"taxonomy":"category","embeddable":true,"href":"http:\/\/kouskeol.fr\/index.php?rest_route=%2Fwp%2Fv2%2Fcategories&post=2381"},{"taxonomy":"post_tag","embeddable":true,"href":"http:\/\/kouskeol.fr\/index.php?rest_route=%2Fwp%2Fv2%2Ftags&post=2381"}],"curies":[{"name":"wp","href":"https:\/\/api.w.org\/{rel}","templated":true}]}}