{"id":247,"date":"2014-04-04T20:28:56","date_gmt":"2014-04-04T19:28:56","guid":{"rendered":"http:\/\/kouskeol.fr\/?p=247"},"modified":"2017-06-07T19:07:46","modified_gmt":"2017-06-07T18:07:46","slug":"punta-arenas-puerto-montt-1e-etape-puerto-eden","status":"publish","type":"post","link":"http:\/\/kouskeol.fr\/?p=247","title":{"rendered":"Punta Arenas\u2013Puerto Montt \u2013 1e \u00e9tape: Puerto Eden"},"content":{"rendered":"<p><b>13 Mars 2014, 7h30\u00a0<\/b>: c&rsquo;est de nouveau le d\u00e9part, cette fois vers l&rsquo;Ouest par le canal de Magellan, puis le Nord vers Chiloe et Puerto Montt, o\u00f9 nous devrions retrouver MarieJo et Cathy.<\/p>\n<p>Pour cette grosse \u00e9tape de presque 1000 milles o\u00f9 nous passerons de l&rsquo;Atlantique au Pacifique, nous serons quatre\u00a0: Nico, Sarah la Qu\u00e9becoise, Andr\u00e9 et Claude.<\/p>\n<p>Apr\u00e8s les 50nds au quai de Punta Arenas, c&rsquo;est un bon 25nds qui nous pousse vent arri\u00e8re dans le Canal de Magellan. \u00c7a d\u00e9marre bien, mais \u00e7a ne dure pas&#8230;<\/p>\n<p>Le vent tombe, puis reprend de plus belle: nous nous retrouvons vite avec 30-35 nds dans le nez cette fois, et 2 \u00e0 3 m de creux, pour essayer de passer le <i>Cap Froward<\/i>, cap le plus au Sud de la partie continentale de l&rsquo;Am\u00e9rique. Cap \u00e9videmment surmont\u00e9 d&rsquo;une croix, consacr\u00e9e by Djaypitou himself, excusez du peu!<\/p>\n<p>Trop dur d\u00e9cid\u00e9ment: on fait demi-tour pour se r\u00e9fugier dans la <i>Bahia San Nicolas<\/i>.<\/p>\n<p>Le lendemain, re-tentative de passage du Cap Froward. Et m\u00eame punition&#8230; Mer dure de face et toujours 30 \u00e0 35 nds de vent au pr\u00e8s&#8230; Moins d&rsquo;une heure apr\u00e8s, nous sommes de retour \u00e0 <i>Bahia San Nicolas<\/i> o\u00f9 nous avions pass\u00e9 la nuit pr\u00e9c\u00e9dente. Pour se venger, notre Nico \u00e0 nous (mais est-il un saint, lui?), braconne 3 <i>centollas<\/i> qui prenaient le frais au bord de la plage, et qui finiront avec de la mayonnaise en guise de cr\u00e8me solaire&#8230;<\/p>\n<p><b>15 Mars\u00a0<\/b>: finalement, le vent est tomb\u00e9 dans la nuit, et c&rsquo;est au moteur que nous repartons sur une mer d&rsquo;huile.<\/p>\n<p>9h45: \u00e7a y est! Nous passons enfin le Cap Froward. Deux jours tout de m\u00eame pour en venir \u00e0 bout. A partir de l\u00e0, nous devrions progressivement remonter vers le Nord.<\/p>\n<p><a href=\"http:\/\/kouskeol.fr\/wp-content\/uploads\/2014\/09\/Chili-Magellan-CaboFroward-Pavillons2.jpg\" target=\"_blank\"><img loading=\"lazy\" decoding=\"async\" class=\"aligncenter wp-image-284 size-medium\" src=\"http:\/\/kouskeol.fr\/wp-content\/uploads\/2014\/09\/Chili-Magellan-CaboFroward-Pavillons2-300x224.jpg\" alt=\"Chili-Magellan-CaboFroward-Pavillons2\" width=\"300\" height=\"224\" srcset=\"http:\/\/kouskeol.fr\/wp-content\/uploads\/2014\/09\/Chili-Magellan-CaboFroward-Pavillons2-300x224.jpg 300w, http:\/\/kouskeol.fr\/wp-content\/uploads\/2014\/09\/Chili-Magellan-CaboFroward-Pavillons2-600x449.jpg 600w, http:\/\/kouskeol.fr\/wp-content\/uploads\/2014\/09\/Chili-Magellan-CaboFroward-Pavillons2.jpg 1024w\" sizes=\"auto, (max-width: 300px) 100vw, 300px\" \/><\/a>\u00a0<a href=\"http:\/\/kouskeol.fr\/wp-content\/uploads\/2014\/09\/Chili-Magellan-CaboFroward1.jpg\" target=\"_blank\"><img loading=\"lazy\" decoding=\"async\" class=\"alignnone wp-image-280 size-thumbnail\" src=\"http:\/\/kouskeol.fr\/wp-content\/uploads\/2014\/09\/Chili-Magellan-CaboFroward1-150x150.jpg\" alt=\"Chili-Magellan-CaboFroward1\" width=\"150\" height=\"150\" \/><\/a><a href=\"http:\/\/kouskeol.fr\/wp-content\/uploads\/2014\/09\/Chili-Magellan-CaboFroward-ArcEnCiel.jpg\" target=\"_blank\"><img loading=\"lazy\" decoding=\"async\" class=\"alignnone wp-image-281 size-thumbnail\" src=\"http:\/\/kouskeol.fr\/wp-content\/uploads\/2014\/09\/Chili-Magellan-CaboFroward-ArcEnCiel-150x150.jpg\" alt=\"Chili-Magellan-CaboFroward-ArcEnCiel\" width=\"150\" height=\"150\" \/><\/a><a href=\"http:\/\/kouskeol.fr\/wp-content\/uploads\/2014\/09\/Chili-Magellan-CaboFroward-Petrolier.jpg\" target=\"_blank\"><img loading=\"lazy\" decoding=\"async\" class=\"alignnone wp-image-285 size-thumbnail\" src=\"http:\/\/kouskeol.fr\/wp-content\/uploads\/2014\/09\/Chili-Magellan-CaboFroward-Petrolier-150x150.jpg\" alt=\"Chili-Magellan-CaboFroward-Petrolier\" width=\"150\" height=\"150\" \/><\/a><a href=\"http:\/\/kouskeol.fr\/wp-content\/uploads\/2014\/09\/Chili-Magellan-CaboFroward-LesCroix.jpg\" target=\"_blank\"><img loading=\"lazy\" decoding=\"async\" class=\"alignnone wp-image-283 size-thumbnail\" src=\"http:\/\/kouskeol.fr\/wp-content\/uploads\/2014\/09\/Chili-Magellan-CaboFroward-LesCroix-150x150.jpg\" alt=\"Chili-Magellan-CaboFroward-LesCroix\" width=\"150\" height=\"150\" \/><\/a><a href=\"http:\/\/kouskeol.fr\/wp-content\/uploads\/2014\/09\/Chili-Magellan-CaboFroward-Sommet-VersLeSud.jpg\" target=\"_blank\"><img loading=\"lazy\" decoding=\"async\" class=\"alignnone wp-image-286 size-thumbnail\" src=\"http:\/\/kouskeol.fr\/wp-content\/uploads\/2014\/09\/Chili-Magellan-CaboFroward-Sommet-VersLeSud-150x150.jpg\" alt=\"Chili-Magellan-CaboFroward-Sommet VersLeSud\" width=\"150\" height=\"150\" \/><\/a><a href=\"http:\/\/kouskeol.fr\/wp-content\/uploads\/2014\/09\/Chili-Magellan-CaboFroward-DDNico.jpg\" target=\"_blank\"><img loading=\"lazy\" decoding=\"async\" class=\"alignnone wp-image-282 size-thumbnail\" src=\"http:\/\/kouskeol.fr\/wp-content\/uploads\/2014\/09\/Chili-Magellan-CaboFroward-DDNico-150x150.jpg\" alt=\"Chili-Magellan-CaboFroward-DDNico\" width=\"150\" height=\"150\" \/><\/a><\/p>\n<div class=\"ob-section ob-section-images ob-layout7-2\">\n<p class=\"ob-desc\" style=\"text-align: center;\"><em>Le Cabo Froward<\/em><\/p>\n<\/div>\n<div class=\"ob-section ob-section-html\">\n<p>Puis visite \u00e9clair \u00e0 la <i>Caleta Galant<\/i>, utilis\u00e9e par d&rsquo;illustres pr\u00e9d\u00e9cesseurs, dont Bougainville, un autre skipper remarquable.<\/p>\n<p>Et nous nous arr\u00eatons pour la nuit dans la <i>Bahia Mussel<\/i>, sur l&rsquo;\u00eele Carlos III, parc national et sanctuaire de la baleine \u00e0 bosse: ce sont donc des otaries qui nous accueillent.<\/p>\n<p><a href=\"http:\/\/kouskeol.fr\/wp-content\/uploads\/2014\/09\/Chili-Magellan-BahiaMussel1.jpg\" target=\"_blank\"><img loading=\"lazy\" decoding=\"async\" class=\"alignnone wp-image-270 size-thumbnail\" src=\"http:\/\/kouskeol.fr\/wp-content\/uploads\/2014\/09\/Chili-Magellan-BahiaMussel1-150x150.jpg\" alt=\"Chili-Magellan-BahiaMussel1\" width=\"150\" height=\"150\" \/><\/a> <a href=\"http:\/\/kouskeol.fr\/wp-content\/uploads\/2014\/09\/Chili-Magellan-BahiaMussel2.jpg\" target=\"_blank\"><img loading=\"lazy\" decoding=\"async\" class=\"alignnone wp-image-271 size-thumbnail\" src=\"http:\/\/kouskeol.fr\/wp-content\/uploads\/2014\/09\/Chili-Magellan-BahiaMussel2-150x150.jpg\" alt=\"Chili-Magellan-BahiaMussel2\" width=\"150\" height=\"150\" \/><\/a> <a href=\"http:\/\/kouskeol.fr\/wp-content\/uploads\/2014\/09\/Chili-Magellan-BahiaMussel3.jpg\" target=\"_blank\"><img loading=\"lazy\" decoding=\"async\" class=\"alignnone wp-image-272 size-thumbnail\" src=\"http:\/\/kouskeol.fr\/wp-content\/uploads\/2014\/09\/Chili-Magellan-BahiaMussel3-150x150.jpg\" alt=\"Chili-Magellan-BahiaMussel3\" width=\"150\" height=\"150\" \/><\/a> <a href=\"http:\/\/kouskeol.fr\/wp-content\/uploads\/2014\/09\/Chili-Magellan-BahiaMussel4.jpg\" target=\"_blank\"><img loading=\"lazy\" decoding=\"async\" class=\"alignnone wp-image-273 size-thumbnail\" src=\"http:\/\/kouskeol.fr\/wp-content\/uploads\/2014\/09\/Chili-Magellan-BahiaMussel4-150x150.jpg\" alt=\"Chili-Magellan-BahiaMussel4\" width=\"150\" height=\"150\" \/><\/a> <a href=\"http:\/\/kouskeol.fr\/wp-content\/uploads\/2014\/09\/Chili-Magellan-BahiaMussel6.jpg\" target=\"_blank\"><img loading=\"lazy\" decoding=\"async\" class=\"alignnone wp-image-275 size-thumbnail\" src=\"http:\/\/kouskeol.fr\/wp-content\/uploads\/2014\/09\/Chili-Magellan-BahiaMussel6-150x150.jpg\" alt=\"Chili-Magellan-BahiaMussel6\" width=\"150\" height=\"150\" \/><\/a> <a href=\"http:\/\/kouskeol.fr\/wp-content\/uploads\/2014\/09\/Chili-Magellan-BahiaMussel5.jpg\" target=\"_blank\"><img loading=\"lazy\" decoding=\"async\" class=\"alignnone wp-image-274 size-thumbnail\" src=\"http:\/\/kouskeol.fr\/wp-content\/uploads\/2014\/09\/Chili-Magellan-BahiaMussel5-150x150.jpg\" alt=\"Chili-Magellan-BahiaMussel5\" width=\"150\" height=\"150\" \/><\/a> <a href=\"http:\/\/kouskeol.fr\/wp-content\/uploads\/2014\/09\/Chili-Magellan-BahiaMussel8.jpg\" target=\"_blank\"><img loading=\"lazy\" decoding=\"async\" class=\"aligncenter wp-image-277 size-medium\" src=\"http:\/\/kouskeol.fr\/wp-content\/uploads\/2014\/09\/Chili-Magellan-BahiaMussel8-300x197.jpg\" alt=\"Chili-Magellan-BahiaMussel8\" width=\"300\" height=\"197\" srcset=\"http:\/\/kouskeol.fr\/wp-content\/uploads\/2014\/09\/Chili-Magellan-BahiaMussel8-300x197.jpg 300w, http:\/\/kouskeol.fr\/wp-content\/uploads\/2014\/09\/Chili-Magellan-BahiaMussel8-600x395.jpg 600w, http:\/\/kouskeol.fr\/wp-content\/uploads\/2014\/09\/Chili-Magellan-BahiaMussel8.jpg 1022w\" sizes=\"auto, (max-width: 300px) 100vw, 300px\" \/><\/a><a href=\"http:\/\/kouskeol.fr\/wp-content\/uploads\/2014\/09\/Chili-Magellan-BahiaMussel7.jpg\" target=\"_blank\"><img loading=\"lazy\" decoding=\"async\" class=\"alignnone wp-image-276 size-thumbnail\" src=\"http:\/\/kouskeol.fr\/wp-content\/uploads\/2014\/09\/Chili-Magellan-BahiaMussel7-150x150.jpg\" alt=\"Chili-Magellan-BahiaMussel7\" width=\"150\" height=\"150\" \/><\/a><a href=\"http:\/\/kouskeol.fr\/wp-content\/uploads\/2014\/09\/Chili-Magellan-BahiaMussel9.jpg\" target=\"_blank\"><img loading=\"lazy\" decoding=\"async\" class=\"alignnone wp-image-278 size-thumbnail\" src=\"http:\/\/kouskeol.fr\/wp-content\/uploads\/2014\/09\/Chili-Magellan-BahiaMussel9-150x150.jpg\" alt=\"Chili-Magellan-BahiaMussel9\" width=\"150\" height=\"150\" \/><\/a><a href=\"http:\/\/kouskeol.fr\/wp-content\/uploads\/2014\/09\/Chili-Magellan-BahiaMussel-Kelp.jpg\" target=\"_blank\"><img loading=\"lazy\" decoding=\"async\" class=\"alignnone wp-image-279 size-thumbnail\" src=\"http:\/\/kouskeol.fr\/wp-content\/uploads\/2014\/09\/Chili-Magellan-BahiaMussel-Kelp-150x150.jpg\" alt=\"Chili-Magellan-BahiaMussel-Kelp\" width=\"150\" height=\"150\" \/><\/a><\/p>\n<p class=\"ob-desc\" style=\"text-align: center;\">\u00a0<em>La Bahia Mussel<\/em><\/p>\n<div class=\"ob-section ob-section-html\">\n<p>Ah, au fait: l&rsquo;Iridium vient juste d&rsquo;arr\u00eater de bouder, le soit-disant informaticien du bord au titre largement usurp\u00e9 ayant sans doute fini par cirer les pompes de la divinit\u00e9 qui allait bien&#8230; Et donc nous avons de nouveau acc\u00e8s aux fameux gribs, nous permettant d&rsquo;autoriser un cong\u00e9 bien m\u00e9rit\u00e9 aux copains qui avaient fait le relais m\u00e9t\u00e9o par SMS entre temps.<\/p>\n<p>Aujourd&rsquo;hui, grand beau! Soleil \u00e9clatant, mais pas de vent: on ne peut pas tout avoir&#8230; Et de nouveau, paysages grandioses et faune exub\u00e9rante&#8230; Pics enneig\u00e9s, glaciers, for\u00eats, mer, otaries, baleines, albatros, p\u00e9trels, skuas, manchots, &#8230;<\/p>\n<p>On vous a d\u00e9j\u00e0 dit que c&rsquo;\u00e9tait beau?<\/p>\n<p>Est-il possible de \u00ab\u00a0mesurer\u00a0\u00bb la beaut\u00e9? Nos montagnes aussi sont magnifiques. Sans parler de nos \u00eeles, et la Corse en particulier, de la Bretagne, de nos baleines \u00e0 nous, de nos fous de Bassan, etc.<\/p>\n<p>Mais ici, on a tout en m\u00eame temps, et on a l&rsquo;impression d&rsquo;\u00eatre seul \u00e0 en profiter. C&rsquo;est comme si la beaut\u00e9 avait plusieurs dimensions, ou s&rsquo;il y avait des beaut\u00e9s qui englobent les autres&#8230; Il faudrait d\u00e9finir l&rsquo;aleph de la beaut\u00e9: aleph-0 pour les beaut\u00e9s \u00ab\u00a0de base\u00a0\u00bb, dont le nombre de nuances ou de dimensions, m\u00eame si infini, serait moindre que pour celui d&rsquo;une beaut\u00e9 qui engloberait ces beaut\u00e9s \u00ab\u00a0de base\u00a0\u00bb, d&rsquo;aleph-1.<\/p>\n<p>Bon: stop! Je sens que je commence \u00e0 d\u00e9railler dur: ah l&rsquo;effet du froid sur un cerveau en d\u00e9ficit de neurones et dont la sauce blanche doit avoir largement d\u00e9pass\u00e9 la date de p\u00e9remption&#8230; Que les matheux, les vrais, me pardonnent! J&rsquo;arr\u00eate avant que Georg ne se retourne dans sa tombe, et sors m&rsquo;en remettre une couche plein les mirettes&#8230;<\/p>\n<p><a href=\"http:\/\/kouskeol.fr\/wp-content\/uploads\/2014\/09\/Chili-Magellan-Albatros.jpg\" target=\"_blank\"><img loading=\"lazy\" decoding=\"async\" class=\"alignnone wp-image-269 size-thumbnail\" src=\"http:\/\/kouskeol.fr\/wp-content\/uploads\/2014\/09\/Chili-Magellan-Albatros-150x150.jpg\" alt=\"Chili-Magellan-Albatros\" width=\"150\" height=\"150\" \/><\/a> <a href=\"http:\/\/kouskeol.fr\/wp-content\/uploads\/2014\/09\/Chili-Magellan-SkuaOtarie1.jpg\" target=\"_blank\"><img loading=\"lazy\" decoding=\"async\" class=\"alignnone wp-image-291 size-thumbnail\" src=\"http:\/\/kouskeol.fr\/wp-content\/uploads\/2014\/09\/Chili-Magellan-SkuaOtarie1-150x150.jpg\" alt=\"Chili-Magellan-SkuaOtarie1\" width=\"150\" height=\"150\" \/><\/a> <a href=\"http:\/\/kouskeol.fr\/wp-content\/uploads\/2014\/09\/Chili-Magellan-SkuaOtarie2.jpg\" target=\"_blank\"><img loading=\"lazy\" decoding=\"async\" class=\"alignnone wp-image-292 size-thumbnail\" src=\"http:\/\/kouskeol.fr\/wp-content\/uploads\/2014\/09\/Chili-Magellan-SkuaOtarie2-150x150.jpg\" alt=\"Chili-Magellan-SkuaOtarie2\" width=\"150\" height=\"150\" \/><\/a><\/p>\n<p><em>Albatros, et skuas essayant de piquer sa proie \u00e0 une otarie.<\/em><\/p>\n<div class=\"ob-section ob-section-html\">\n<p>On aura surtout fait du moteur aujourd&rsquo;hui. Et mouillage dans le petit fjord de <i>Puerto Angosto<\/i>: ancre plus trois amarres \u00e0 terre, car la place est \u00e9troite.<\/p>\n<p>Demain, il faudra avancer car les gribs ne sont pas bons pour dans deux jours: 30 \u00e0 40nds pr\u00e9vus pour mercredi et jeudi.<\/p>\n<p><a href=\"http:\/\/kouskeol.fr\/wp-content\/uploads\/2014\/09\/Chili-Magellan-PuertoAngosto.jpg\" target=\"_blank\"><img loading=\"lazy\" decoding=\"async\" class=\"alignnone wp-image-289 size-thumbnail\" src=\"http:\/\/kouskeol.fr\/wp-content\/uploads\/2014\/09\/Chili-Magellan-PuertoAngosto-150x150.jpg\" alt=\"Chili-Magellan-PuertoAngosto\" width=\"150\" height=\"150\" \/><\/a><a href=\"http:\/\/kouskeol.fr\/wp-content\/uploads\/2014\/09\/Chili-Magellan-Cormorans.jpg\" target=\"_blank\"><img loading=\"lazy\" decoding=\"async\" class=\"alignnone wp-image-287 size-thumbnail\" src=\"http:\/\/kouskeol.fr\/wp-content\/uploads\/2014\/09\/Chili-Magellan-Cormorans-150x150.jpg\" alt=\"Chili-Magellan-Cormorans\" width=\"150\" height=\"150\" \/><\/a> <a href=\"http:\/\/kouskeol.fr\/wp-content\/uploads\/2014\/09\/Chili-Magellan-PuertoAngosto-SortieCanal.jpg\" target=\"_blank\"><img loading=\"lazy\" decoding=\"async\" class=\"alignnone wp-image-290 size-thumbnail\" src=\"http:\/\/kouskeol.fr\/wp-content\/uploads\/2014\/09\/Chili-Magellan-PuertoAngosto-SortieCanal-150x150.jpg\" alt=\"Chili-Magellan-PuertoAngosto-SortieCanal\" width=\"150\" height=\"150\" \/><\/a><\/p>\n<div class=\"ob-section ob-section-images ob-layout2-1\">\n<p class=\"ob-desc\" style=\"text-align: center;\"><em>Puerto Angosto et sortie du Canal de Magellan<\/em><\/p>\n<\/div>\n<div class=\"ob-section ob-section-html\">\n<p><b>Lundi 17 Mars\u00a0<\/b>: aujourd&rsquo;hui, on essaie de sortir du Canal de Magellan, pour entrer dans le Canal de Smyth qui part vers le Nord. \u00c9tape d&rsquo;une 50<sup>e<\/sup> de milles, car il n&rsquo;y a plus de bon mouillage avant, mais les conditions sont bonnes, malgr\u00e9 le temps pluvieux.<\/p>\n<p>La sortie du Canal de Magellan est plus ouverte sur l&rsquo;Oc\u00e9an Pacifique: on ne profitera plus de la protection du canal et la mer pourra \u00eatre plus dure, d&rsquo;o\u00f9 l&rsquo;importance de passer lorsque la m\u00e9t\u00e9o est favorable. En voilier, si on peut s&rsquo;adapter, dans certaines limites, au vent, on ne peut que subir la mer et les vagues: c&rsquo;est surtout de l\u00e0 que vient le danger.<\/p>\n<p>18h30\u00a0: nous quittons le Canal de Magellan. A partir de maintenant notre route est plein Nord jusqu&rsquo;\u00e0 <i>Puerto Montt<\/i>.<\/p>\n<p>Ce soir, nous mouillons au fond d&rsquo;une toute petite caleta, dans l&rsquo;anse de <i>Puerto Profundo<\/i>, o\u00f9 nous sommes accueillis par des flottilles de canards-vapeur\u00a0: ancre et deux amarres \u00e0 terre.<\/p>\n<p>Les pr\u00e9visions m\u00e9t\u00e9o ne sont toujours pas bonnes pour mercredi et jeudi, et probablement pour vendredi: il va falloir rouler demain, pour s&rsquo;avancer!<\/p>\n<p><a href=\"http:\/\/kouskeol.fr\/wp-content\/uploads\/2014\/09\/CanardVapeur1.jpg\" target=\"_blank\"><img loading=\"lazy\" decoding=\"async\" class=\"alignnone wp-image-263 size-thumbnail\" src=\"http:\/\/kouskeol.fr\/wp-content\/uploads\/2014\/09\/CanardVapeur1-150x150.jpg\" alt=\"CanardVapeur1\" width=\"150\" height=\"150\" \/><\/a> <a href=\"http:\/\/kouskeol.fr\/wp-content\/uploads\/2014\/09\/CanardVapeur6.jpg\" target=\"_blank\"><img loading=\"lazy\" decoding=\"async\" class=\"alignnone wp-image-268 size-thumbnail\" src=\"http:\/\/kouskeol.fr\/wp-content\/uploads\/2014\/09\/CanardVapeur6-150x150.jpg\" alt=\"CanardVapeur6\" width=\"150\" height=\"150\" \/><\/a> <a href=\"http:\/\/kouskeol.fr\/wp-content\/uploads\/2014\/09\/CanardVapeur4.jpg\" target=\"_blank\"><img loading=\"lazy\" decoding=\"async\" class=\"alignnone wp-image-266 size-thumbnail\" src=\"http:\/\/kouskeol.fr\/wp-content\/uploads\/2014\/09\/CanardVapeur4-150x150.jpg\" alt=\"CanardVapeur4\" width=\"150\" height=\"150\" \/><\/a> <a href=\"http:\/\/kouskeol.fr\/wp-content\/uploads\/2014\/09\/CanardVapeur5.jpg\" target=\"_blank\"><img loading=\"lazy\" decoding=\"async\" class=\"alignnone wp-image-267 size-thumbnail\" src=\"http:\/\/kouskeol.fr\/wp-content\/uploads\/2014\/09\/CanardVapeur5-150x150.jpg\" alt=\"CanardVapeur5\" width=\"150\" height=\"150\" \/><\/a> <a href=\"http:\/\/kouskeol.fr\/wp-content\/uploads\/2014\/09\/CanardVapeur2.jpg\" target=\"_blank\"><img loading=\"lazy\" decoding=\"async\" class=\"alignnone wp-image-264 size-thumbnail\" src=\"http:\/\/kouskeol.fr\/wp-content\/uploads\/2014\/09\/CanardVapeur2-150x150.jpg\" alt=\"CanardVapeur2\" width=\"150\" height=\"150\" \/><\/a> <a href=\"http:\/\/kouskeol.fr\/wp-content\/uploads\/2014\/09\/CanardVapeur3.jpg\" target=\"_blank\"><img loading=\"lazy\" decoding=\"async\" class=\"alignnone wp-image-265 size-thumbnail\" src=\"http:\/\/kouskeol.fr\/wp-content\/uploads\/2014\/09\/CanardVapeur3-150x150.jpg\" alt=\"CanardVapeur3\" width=\"150\" height=\"150\" \/><\/a> <a href=\"http:\/\/kouskeol.fr\/wp-content\/uploads\/2014\/09\/PuertoProfundo1.jpg\" target=\"_blank\"><img loading=\"lazy\" decoding=\"async\" class=\"alignnone wp-image-328 size-thumbnail\" src=\"http:\/\/kouskeol.fr\/wp-content\/uploads\/2014\/09\/PuertoProfundo1-150x150.jpg\" alt=\"PuertoProfundo1\" width=\"150\" height=\"150\" \/><\/a> <a href=\"http:\/\/kouskeol.fr\/wp-content\/uploads\/2014\/09\/PuertoProfundo2.jpg\" target=\"_blank\"><img loading=\"lazy\" decoding=\"async\" class=\"alignnone wp-image-329 size-thumbnail\" src=\"http:\/\/kouskeol.fr\/wp-content\/uploads\/2014\/09\/PuertoProfundo2-150x150.jpg\" alt=\"PuertoProfundo2\" width=\"150\" height=\"150\" \/><\/a><\/p>\n<div class=\"ob-section ob-section-images ob-layout8-7\">\n<p class=\"ob-desc\"><em>Canards-vapeur et Puerto Profundo<\/em><\/p>\n<\/div>\n<div class=\"ob-section ob-section-html\">\n<p>\u00a0Partout, d&rsquo;\u00e9normes moules n&rsquo;attendent apparemment que de se faire cueillir&#8230; C&rsquo;est sans compter sur la <i>mar\u00e9e rouge<\/i>, des micro-organismes qui infectent les coquillages, les rendant dangereux \u00e0 manger&#8230; Quel gaspillage!<\/p>\n<p class=\"ob-desc\" style=\"text-align: center;\"><a href=\"http:\/\/kouskeol.fr\/wp-content\/uploads\/2014\/09\/PuertoProfundo-Moules.jpg\" target=\"_blank\"><img loading=\"lazy\" decoding=\"async\" class=\"aligncenter wp-image-330 size-medium\" src=\"http:\/\/kouskeol.fr\/wp-content\/uploads\/2014\/09\/PuertoProfundo-Moules-300x223.jpg\" alt=\"PuertoProfundo-Moules\" width=\"300\" height=\"223\" srcset=\"http:\/\/kouskeol.fr\/wp-content\/uploads\/2014\/09\/PuertoProfundo-Moules-300x223.jpg 300w, http:\/\/kouskeol.fr\/wp-content\/uploads\/2014\/09\/PuertoProfundo-Moules-600x447.jpg 600w, http:\/\/kouskeol.fr\/wp-content\/uploads\/2014\/09\/PuertoProfundo-Moules.jpg 1016w\" sizes=\"auto, (max-width: 300px) 100vw, 300px\" \/><\/a><em>Cholgas, mais attention \u00e0 la mar\u00e9e rouge!<\/em><\/p>\n<div class=\"ob-section ob-section-html\">\n<p><b>Mardi 18 Mars\u00a0<\/b>: nous remontons le <i>Canal Smyth<\/i> sous un ciel gris. Au d\u00e9tour d&rsquo;une \u00eele, une \u00e9pave, spectacle un peu surr\u00e9aliste. Celle d&rsquo;un cargo am\u00e9ricain, \u00e9chou\u00e9e dans les ann\u00e9es 1930, et rest\u00e9e sans doute pour nous rappeler que les canaux ne sont pas cl\u00e9ments tout le temps&#8230;<\/p>\n<p><a href=\"http:\/\/kouskeol.fr\/wp-content\/uploads\/2014\/09\/CanalSmyth-Epave2.jpg\" target=\"_blank\"><img loading=\"lazy\" decoding=\"async\" class=\"alignnone wp-image-262 size-thumbnail\" src=\"http:\/\/kouskeol.fr\/wp-content\/uploads\/2014\/09\/CanalSmyth-Epave2-150x150.jpg\" alt=\"CanalSmyth-Epave2\" width=\"150\" height=\"150\" \/><\/a> <a href=\"http:\/\/kouskeol.fr\/wp-content\/uploads\/2014\/09\/CanalSmyth-Epave1.jpg\" target=\"_blank\"><img loading=\"lazy\" decoding=\"async\" class=\"alignnone wp-image-261 size-thumbnail\" src=\"http:\/\/kouskeol.fr\/wp-content\/uploads\/2014\/09\/CanalSmyth-Epave1-150x150.jpg\" alt=\"CanalSmyth-Epave1\" width=\"150\" height=\"150\" \/><\/a><\/p>\n<div class=\"ob-section ob-section-html\">\n<p>Nous sortons du <i>Canal Smyth<\/i> en fin de journ\u00e9e, juste avant d&rsquo;arriver \u00e0 la <i>Caleta Victoria<\/i>.<\/p>\n<p>O\u00f9 nous allons au moins passer deux jours: les gribs pris en arrivant ne sont pas bons&#8230; 30 nds dans le nez, sur un air connu!<\/p>\n<p>Un p\u00eacheur nous a pr\u00e9c\u00e9d\u00e9: nous partagerons le mouillage. Nous nous sentirons un peu moins seuls cette nuit.<\/p>\n<p><a href=\"http:\/\/kouskeol.fr\/wp-content\/uploads\/2014\/09\/CaletaVictoria1.jpg\" target=\"_blank\"><img loading=\"lazy\" decoding=\"async\" class=\"alignnone wp-image-256 size-thumbnail\" src=\"http:\/\/kouskeol.fr\/wp-content\/uploads\/2014\/09\/CaletaVictoria1-150x150.jpg\" alt=\"CaletaVictoria1\" width=\"150\" height=\"150\" \/><\/a> <a href=\"http:\/\/kouskeol.fr\/wp-content\/uploads\/2014\/09\/CaletaVictoria2.jpg\" target=\"_blank\"><img loading=\"lazy\" decoding=\"async\" class=\"alignnone wp-image-257 size-thumbnail\" src=\"http:\/\/kouskeol.fr\/wp-content\/uploads\/2014\/09\/CaletaVictoria2-150x150.jpg\" alt=\"CaletaVictoria2\" width=\"150\" height=\"150\" \/><\/a><\/p>\n<div class=\"ob-section ob-section-images ob-layout2-1\">\n<p class=\"ob-desc\"><em>Caleta Victoria<\/em><\/p>\n<\/div>\n<div class=\"ob-section ob-section-html\">\n<p>Effectivement, mercredi vent\u00e9 et pluvieux&#8230; Et s\u00e9rie de <i>williwaws<\/i> toute la nuit de jeudi, qui font brutalement g\u00eeter Kousk Eol sur son mouillage, mais les amarres et l&rsquo;ancre tiennent bon!<\/p>\n<p>Et il a neig\u00e9 au dessus de 300m durant la nuit!<\/p>\n<p>Une petite fen\u00eatre s&rsquo;ouvre permettant de gagner quelques milles vers le Nord. En fait de fen\u00eatre, plut\u00f4t une lucarne, voire une meurtri\u00e8re&#8230; Les williwaws continuent et par dessus le march\u00e9, incompr\u00e9hension totale avec les Ma\u00eetres du Temps qui nous balancent des seaux de gla\u00e7ons sur la t\u00eate en d\u00e9but d&rsquo;apr\u00e8s-midi, au lieu de nous faire un paquet-cadeau pour l&rsquo;ap\u00e9ro&#8230; Manque de savoir-vivre complet!<\/p>\n<p>Et quand nous arrivons \u00e0 la <i>Caleta Balandra<\/i> pour la nuit, il fait beau&#8230; Mais pas pour longtemps!<\/p>\n<p>Mais la nuit est tr\u00e8s tranquille: la caleta est tr\u00e8s bien abrit\u00e9e.<\/p>\n<p>Au r\u00e9veil, re-pluie&#8230; Que fait-on? La veille, on a pris des gribs en milieu de journ\u00e9e: pas bon&#8230; Vent fort, voire tr\u00e8s fort, et dans le nez pour les deux prochains jours.<\/p>\n<p>On a donc repris les gribs le soir avant de se coucher, au cas o\u00f9: toujours aussi mauvais!<\/p>\n<p>Donc que fait-on le matin? Ben on quitte le mouillage pour v\u00e9rifier si les gribs sont corrects! Vous n&rsquo;auriez pas fait \u00e7a, vous? On s&rsquo;\u00e9quipe sous la pluie, le vent se l\u00e8ve brutalement d\u00e8s que l&rsquo;on quitte l&rsquo;abri du mouillage: une demi-heure apr\u00e8s, on est de retour dans la caleta, tremp\u00e9s&#8230; Les pr\u00e9visions m\u00e9t\u00e9o sont justes! Quelle surprise!<\/p>\n<p><b>Samedi 22 Mars\u00a0<\/b>: journ\u00e9e d&rsquo;attente dans la <i>Caleta Balandra<\/i>&#8230; Temps gris et vent\u00e9, pas chaud: \u00e7a, c&rsquo;est nouveau! L&rsquo;int\u00e9rieur du bateau est tr\u00e8s humide: les ouvertures sont souvent ferm\u00e9es (un comble pour des ouvertures: on croirait de la politique!) et la condensation s&rsquo;en donne \u00e0 c\u0153ur joie.<\/p>\n<p>Petites statistiques, puisqu&rsquo;il faut quand m\u00eame s&rsquo;occuper un peu&#8230; Nous avons fait plus de 10 000 milles depuis le d\u00e9part de Toulon, le 30 Juin 2013: nous sommes partis du 43\u00b0N pour aller jusqu&rsquo;au 56\u00b0S, soit plus de la moiti\u00e9 du globe dans le sens Nord-Sud. Et seulement 4000 si on projette cette route le long de l\u2019\u00c9quateur, qui en compte 21600: du 6\u00b0E au 73\u00b0W, soit moins d&rsquo;un quart dans le sens Est-Ouest&#8230;<\/p>\n<p><b>Dimanche 23 Mars\u00a0<\/b>: nous sommes contents de quitter le mouillage, tr\u00e8s beau comme d&rsquo;habitude, mais les journ\u00e9es coinc\u00e9s dans le bateau sont longues! Et nous avons un de ces cr\u00e9neaux m\u00e9t\u00e9o qu&rsquo;il ne faut pas rater, entre deux coups de vent: 20-25 n\u0153uds mais pas trop de mer. Et il faut qu&rsquo;on fasse tout de m\u00eame un peu de route!<\/p>\n<p>Trente virements de bord et un certain nombre de man\u0153uvre de r\u00e9duction\/augmentation de la voilure apr\u00e8s et nous voici rendus au mouillage de <i>Puerto Bueno<\/i>: le calme qui y r\u00e8gne fait vite oublier les conditions dures de la journ\u00e9e!<\/p>\n<p class=\"ob-desc\" style=\"text-align: center;\"><a href=\"http:\/\/kouskeol.fr\/wp-content\/uploads\/2014\/09\/PuertoBueno1.jpg\" target=\"_blank\"><img loading=\"lazy\" decoding=\"async\" class=\"alignnone wp-image-305 size-thumbnail\" src=\"http:\/\/kouskeol.fr\/wp-content\/uploads\/2014\/09\/PuertoBueno1-150x150.jpg\" alt=\"PuertoBueno1\" width=\"150\" height=\"150\" \/><\/a>\u00a0 <a href=\"http:\/\/kouskeol.fr\/wp-content\/uploads\/2014\/09\/PuertoBueno2.jpg\" target=\"_blank\"><img loading=\"lazy\" decoding=\"async\" class=\"alignnone wp-image-306 size-thumbnail\" src=\"http:\/\/kouskeol.fr\/wp-content\/uploads\/2014\/09\/PuertoBueno2-150x150.jpg\" alt=\"PuertoBueno2\" width=\"150\" height=\"150\" \/><\/a> <a href=\"http:\/\/kouskeol.fr\/wp-content\/uploads\/2014\/09\/PuertoBueno3.jpg\" target=\"_blank\"><img loading=\"lazy\" decoding=\"async\" class=\"alignnone wp-image-307 size-thumbnail\" src=\"http:\/\/kouskeol.fr\/wp-content\/uploads\/2014\/09\/PuertoBueno3-150x150.jpg\" alt=\"PuertoBueno3\" width=\"150\" height=\"150\" \/><\/a><a href=\"http:\/\/kouskeol.fr\/wp-content\/uploads\/2014\/09\/PuertoBueno5.jpg\" target=\"_blank\"><img loading=\"lazy\" decoding=\"async\" class=\"aligncenter wp-image-309 size-medium\" src=\"http:\/\/kouskeol.fr\/wp-content\/uploads\/2014\/09\/PuertoBueno5-300x225.jpg\" alt=\"PuertoBueno5\" width=\"300\" height=\"225\" srcset=\"http:\/\/kouskeol.fr\/wp-content\/uploads\/2014\/09\/PuertoBueno5-300x225.jpg 300w, http:\/\/kouskeol.fr\/wp-content\/uploads\/2014\/09\/PuertoBueno5-600x450.jpg 600w, http:\/\/kouskeol.fr\/wp-content\/uploads\/2014\/09\/PuertoBueno5.jpg 1024w\" sizes=\"auto, (max-width: 300px) 100vw, 300px\" \/><\/a><em>Puerto Bueno<\/em><\/p>\n<div class=\"ob-section ob-section-html\">\n<p>Nuit tr\u00e8s tranquille, \u00e0 tel point que nous r\u00e9-\u00e9ditons le coup de v\u00e9rifier si la m\u00e9t\u00e9o s&rsquo;est gour\u00e9e ou non\u00a0: nous repartons pour essayer de gagner encore quelques milles vers le Nord. D\u2019ailleurs, on vient tout de m\u00eame de franchir le 51\u00b0S: on ne ressent pas encore de grosses remont\u00e9es de temp\u00e9rature, mais tout est dans la t\u00eate! Et l&rsquo;id\u00e9e de passer bient\u00f4t des hurlements aux rugissements a un c\u00f4t\u00e9 plut\u00f4t rassurant, non?<\/p>\n<p>La m\u00e9t\u00e9o s&rsquo;est effectivement un peu tromp\u00e9e: au lieu des 20 n\u0153uds dans le nez, ce sont 30 \u00e0 35 n\u0153uds qui nous attendaient, avec toujours ces vagues courtes&#8230; Plus \u00e0 l&rsquo;Ouest, hors de l&rsquo;abri des canaux, c&rsquo;est entre 40 et 50 n\u0153uds. On retourne fissa \u00e0 Puerto Bueno, m\u00eame si Sarah a promis de faire \u00e0 manger pour midi!<\/p>\n<\/div>\n<p class=\"ob-desc\" style=\"text-align: center;\">\u00a0<a href=\"http:\/\/kouskeol.fr\/wp-content\/uploads\/2014\/09\/PuertoBueno4.jpg\" target=\"_blank\"><img loading=\"lazy\" decoding=\"async\" class=\"aligncenter wp-image-308 size-medium\" src=\"http:\/\/kouskeol.fr\/wp-content\/uploads\/2014\/09\/PuertoBueno4-300x225.jpg\" alt=\"PuertoBueno4\" width=\"300\" height=\"225\" srcset=\"http:\/\/kouskeol.fr\/wp-content\/uploads\/2014\/09\/PuertoBueno4-300x225.jpg 300w, http:\/\/kouskeol.fr\/wp-content\/uploads\/2014\/09\/PuertoBueno4-600x450.jpg 600w, http:\/\/kouskeol.fr\/wp-content\/uploads\/2014\/09\/PuertoBueno4.jpg 1024w\" sizes=\"auto, (max-width: 300px) 100vw, 300px\" \/><\/a><em>R\u00e9paration \u00e0 Puerto Bueno<\/em><\/p>\n<div class=\"ob-section ob-section-html\">\n<p>Lecteur-marin connaisseur, exp\u00e9riment\u00e9e lectrice-marine, vous vous dites certainement: \u00ab\u00a0Les frangins, ils se la p\u00e8tent quand c&rsquo;est facile. Mais d\u00e8s que la brise est un peu plus consistante, on ne les voit plus sur l&rsquo;eau&#8230;\u00a0\u00bb.<br \/>\nC&rsquo;est vrai. Mais la perspective de se prendre 30 \u00e0 35 n\u0153uds au pr\u00e8s toute la journ\u00e9e, avec embruns frisant le 0\u00b0C et sans \u00e9chappatoire (les canaux sont \u00e9troits et les refuges moins bien r\u00e9partis que sur une autoroute), cette perspective, donc, fait r\u00e9fl\u00e9chir&#8230; Sans compter que les voiles et le bateau souffrent!<\/p>\n<p>Un apophtegme<a class=\"sdfootnoteanc\" href=\"http:\/\/kouskeol.over-blog.com\/2014\/04\/punta-arenas-puerto-montt-1e-etape-puerto-eden.html#sdfootnote1sym\" name=\"sdfootnote1anc\"><sup>1<\/sup><\/a> voudrait que la voile soit le moyen le plus long et le moins confortable pour aller d&rsquo;un point \u00e0 un autre: nous avons v\u00e9rifi\u00e9 pour vous! C&rsquo;est une \u00e9cole de patience\u00a0: il vaut mieux attendre des jours meilleurs au mouillage que de faire les cakes sur l&rsquo;eau glac\u00e9e et vent\u00e9e\u00a0: on est loin d&rsquo;\u00eatre s\u00fbr de gagner.<\/p>\n<p>Et donc le carr\u00e9 se transforme en tripot, mais tripot classieux: DD a d\u00e9cid\u00e9 d&rsquo;apprendre le bridge \u00e0 Nico et Sarah. D\u00e9cision sans appel de Nico: \u00ab\u00a0Jeu \u00e0 la con, tout et codifi\u00e9, pas de place \u00e0 la fantaisie!\u00a0\u00bb.<\/p>\n<p style=\"padding-left: 30px;\">\u00a0<em>Note\u00a0<a class=\"sdfootnotesym\" href=\"http:\/\/kouskeol.over-blog.com\/2014\/04\/punta-arenas-puerto-montt-1e-etape-puerto-eden.html#sdfootnote1anc\" name=\"sdfootnote1sym\">1:\u00a0<\/a>Dans le cas extr\u00eamement peu probable o\u00f9 un b\u00e9otien inculte se serait perdu au milieu des pages de ce blog, ce dernier serait bien avis\u00e9 de noter que les dicos ne sont pas faits pour les chiens.<\/em><\/p>\n<p><b>Mardi 25 Mars\u00a0<\/b>: c&rsquo;est d\u00e9cid\u00e9, gribs ou pas gribs, on retente! Il devrait y avoir une demi-meurtri\u00e8re entre 12h34 et 16h28, o\u00f9 le vent devrait tomber en dessous de 20 nds&#8230; Juste assez pour aller au mouillage suivant, soit 12 milles, soit 20 milles. P\u00f4 pire!<\/p>\n<p>Et en fait, c&rsquo;est une alternance de voile et de moteur qui nous attend: 15-20nds au pr\u00e8s, mais pas de mer, puis 5nds, puis un ch&rsquo;tit williwaw bien cogn\u00e9&#8230; Puis on recommence. Bon d&rsquo;accord, ce sera aussi sous le brouillard, que m\u00eame en Bretagne on conna\u00eet pas \u00e7a.<\/p>\n<p>Finalement, nous arrivons \u00e0 la <i>Caleta Paroquet<\/i> au bout d&rsquo;une trentaine de milles: p\u00f4 pire, d\u00e9cid\u00e9ment! Et un bon abris pour laisser passer le coup de vent (un autre) pr\u00e9vu le lendemain.<\/p>\n<p class=\"sdfootnote\"><a href=\"http:\/\/kouskeol.fr\/wp-content\/uploads\/2014\/09\/CaletaParoquet1.jpg\" target=\"_blank\"><img loading=\"lazy\" decoding=\"async\" class=\"alignnone wp-image-248 size-thumbnail\" src=\"http:\/\/kouskeol.fr\/wp-content\/uploads\/2014\/09\/CaletaParoquet1-150x150.jpg\" alt=\"CaletaParoquet1\" width=\"150\" height=\"150\" \/><\/a> <a href=\"http:\/\/kouskeol.fr\/wp-content\/uploads\/2014\/09\/CaletaParoquet2.jpg\" target=\"_blank\"><img loading=\"lazy\" decoding=\"async\" class=\"alignnone wp-image-249 size-thumbnail\" src=\"http:\/\/kouskeol.fr\/wp-content\/uploads\/2014\/09\/CaletaParoquet2-150x150.jpg\" alt=\"CaletaParoquet2\" width=\"150\" height=\"150\" \/><\/a><\/p>\n<div class=\"ob-section ob-section-images ob-layout2-1\">\n<p class=\"ob-desc\"><em>La Caleta Paroquet<\/em><\/p>\n<\/div>\n<div class=\"ob-section ob-section-html\">\n<p id=\"yui_3_5_0_1_1397509749592_28138\">Nous passons effectivement Mercredi \u00e0 attendre que le vent baisse, sous une pluie ininterrompue pendant 24h&#8230; Mais les temp\u00e9ratures remontent progressivement: pas de quoi sortir un maillot de bain, mais on arrive \u00e0 dormir avec un seul duvet&#8230; Un net progr\u00e8s!<\/p>\n<p id=\"yui_3_5_0_1_1397509749592_28145\">Sarah en profite pour bien int\u00e9grer les le\u00e7ons du DD: \u00ab\u00a0Donc, je r\u00e9sume, d\u00e8s que les canaux se r\u00e9tr\u00e9cissent, il y a des vents-tueries et on doit mettre des voiles plus petites pour passer le plus discr\u00e8tement possible?\u00bb<\/p>\n<p>\u00a0Et Jeudi, l&rsquo;accalmie tant attendue est enfin l\u00e0: entre 12 et 15 n\u0153uds, et de Sud-Ouest par dessus le march\u00e9. Nous faisons pour une fois du largue, avec tout dessus\u00a0: grand-voile et g\u00e9nois. Une allure que nous avions presque oubli\u00e9e, un peu comme le soleil!<\/p>\n<p>Journ\u00e9e m\u00e9morable\u00a0: 60 milles, donc 50 au portant sur le m\u00eame bord, avec pas mal de pointes au dessus de 9 n\u0153uds, sur une eau quasi-plate, et on est m\u00eame repass\u00e9 sous les 50<sup>eme <\/sup>Sud<a class=\"sdfootnoteanc\" href=\"http:\/\/kouskeol.over-blog.com\/2014\/04\/punta-arenas-puerto-montt-1e-etape-puerto-eden.html#sdfootnote1sym\" name=\"sdfootnote1anc\"><sup>1<\/sup><\/a>\u00a0: pas la peine de le hurler, mais on rugirait presque de bonheur&#8230; Et c&rsquo;est dans le havre de la <i>Caleta Shinda<\/i>, au fond de l&rsquo;impressionnant <i>Fiordo Gage<\/i>, que nous savourerons.<\/p>\n<p style=\"padding-left: 30px;\">\u00a0<em>Note\u00a0<a class=\"sdfootnotesym\" href=\"http:\/\/kouskeol.over-blog.com\/2014\/04\/punta-arenas-puerto-montt-1e-etape-puerto-eden.html#sdfootnote1anc\" name=\"sdfootnote1sym\">1<\/a>: Uniquement pour lecteurs un peu mou du bulbe: quand on dit \u00ab\u00a0sous les 50<sup>eme <\/sup>Sud\u00a0\u00bb (qui sont suppos\u00e9s hurler), ici, c&rsquo;est retomber dans les 40<sup>eme <\/sup>Sud (dont tout le monde sait que la caract\u00e9ristique majeure est de rugir) et non pas les 60<sup>eme <\/sup>Sud (o\u00f9 il fait tellement froid qu&rsquo;on n&rsquo;entend plus rien). Faites pas chier et g\u00e2chez pas notre plaisir.<\/em><\/p>\n<p><b>Vendredi 28 Mars\u00a0<\/b>: on a bien fait de savourer&#8230; Re-pluie et re-vent ce matin\u00a0: on fait tout de m\u00eame une tentative, mais le vent est vraiment trop fort. Retour pour attendre des conditions un peu plus cl\u00e9mentes au mouillage de la Caleta Shinda, sous le regard int\u00e9ress\u00e9 des cormorans.<\/p>\n<p class=\"sdfootnote\"><a href=\"http:\/\/kouskeol.fr\/wp-content\/uploads\/2014\/09\/CanalSmyth.jpg\" target=\"_blank\"><img loading=\"lazy\" decoding=\"async\" class=\"aligncenter wp-image-260 size-medium\" src=\"http:\/\/kouskeol.fr\/wp-content\/uploads\/2014\/09\/CanalSmyth-300x224.jpg\" alt=\"CanalSmyth\" width=\"300\" height=\"224\" srcset=\"http:\/\/kouskeol.fr\/wp-content\/uploads\/2014\/09\/CanalSmyth-300x224.jpg 300w, http:\/\/kouskeol.fr\/wp-content\/uploads\/2014\/09\/CanalSmyth-600x448.jpg 600w, http:\/\/kouskeol.fr\/wp-content\/uploads\/2014\/09\/CanalSmyth.jpg 1020w\" sizes=\"auto, (max-width: 300px) 100vw, 300px\" \/><\/a><a href=\"http:\/\/kouskeol.fr\/wp-content\/uploads\/2014\/09\/CaletaShinda1.jpg\" target=\"_blank\"><img loading=\"lazy\" decoding=\"async\" class=\"alignnone wp-image-252 size-thumbnail\" src=\"http:\/\/kouskeol.fr\/wp-content\/uploads\/2014\/09\/CaletaShinda1-150x150.jpg\" alt=\"CaletaShinda1\" width=\"150\" height=\"150\" \/><\/a> <a href=\"http:\/\/kouskeol.fr\/wp-content\/uploads\/2014\/09\/CaletaShinda2.jpg\" target=\"_blank\"><img loading=\"lazy\" decoding=\"async\" class=\"alignnone wp-image-253 size-thumbnail\" src=\"http:\/\/kouskeol.fr\/wp-content\/uploads\/2014\/09\/CaletaShinda2-150x150.jpg\" alt=\"CaletaShinda2\" width=\"150\" height=\"150\" \/><\/a> <a href=\"http:\/\/kouskeol.fr\/wp-content\/uploads\/2014\/09\/CaletaShinda3.jpg\" target=\"_blank\"><img loading=\"lazy\" decoding=\"async\" class=\"alignnone wp-image-254 size-thumbnail\" src=\"http:\/\/kouskeol.fr\/wp-content\/uploads\/2014\/09\/CaletaShinda3-150x150.jpg\" alt=\"CaletaShinda3\" width=\"150\" height=\"150\" \/><\/a> <a href=\"http:\/\/kouskeol.fr\/wp-content\/uploads\/2014\/09\/CaletaShinda-Cormorans.jpg\" target=\"_blank\"><img loading=\"lazy\" decoding=\"async\" class=\"alignnone wp-image-255 size-thumbnail\" src=\"http:\/\/kouskeol.fr\/wp-content\/uploads\/2014\/09\/CaletaShinda-Cormorans-150x150.jpg\" alt=\"CaletaShinda-Cormorans\" width=\"150\" height=\"150\" \/><\/a> <a href=\"http:\/\/kouskeol.fr\/wp-content\/uploads\/2014\/09\/DD.jpg\" target=\"_blank\"><img loading=\"lazy\" decoding=\"async\" class=\"alignnone wp-image-298 size-thumbnail\" src=\"http:\/\/kouskeol.fr\/wp-content\/uploads\/2014\/09\/DD-150x150.jpg\" alt=\"DD\" width=\"150\" height=\"150\" \/><\/a> <a href=\"http:\/\/kouskeol.fr\/wp-content\/uploads\/2014\/09\/Sarah.jpg\" target=\"_blank\"><img loading=\"lazy\" decoding=\"async\" class=\"alignnone wp-image-331 size-thumbnail\" src=\"http:\/\/kouskeol.fr\/wp-content\/uploads\/2014\/09\/Sarah-150x150.jpg\" alt=\"Sarah\" width=\"150\" height=\"150\" \/><\/a><\/p>\n<div class=\"ob-section ob-section-images ob-layout6-2\">\n<p class=\"ob-desc\"><em>La Caleta Shinda, DD et Sarah, la sp\u00e9cialiste du vent-tuerie<\/em><\/p>\n<\/div>\n<div class=\"ob-section ob-section-html\">\n<p>La pluie n&rsquo;arr\u00eate pas, mais nous repartons tout de m\u00eame sur le coup des 14h: le vent est un peu tomb\u00e9. Du coup nous avan\u00e7ons de 20 milles pour arriver \u00e0 la <i>Caleta Parry<\/i>, sur un petit \u00eelot au milieu du Canal Wide. Le mouillage se fait de part et d&rsquo;autre d&rsquo;une ancienne exploitation de <i>cholgas<\/i>, \u00e9normes moules de Patagonie. Et pendant ce temps, le <i>Cisne Branco<\/i>, 3-mats br\u00e9silien de 80 m certes \u00e9l\u00e9gant, vient se pavaner devant Kousk Eol, comme s&rsquo;il pouvait soutenir la comparaison, l&rsquo;impudent\u2026<\/p>\n<p><a href=\"http:\/\/kouskeol.fr\/wp-content\/uploads\/2014\/09\/CisneBranco1.jpg\" target=\"_blank\"><img loading=\"lazy\" decoding=\"async\" class=\"alignnone wp-image-293 size-thumbnail\" src=\"http:\/\/kouskeol.fr\/wp-content\/uploads\/2014\/09\/CisneBranco1-150x150.jpg\" alt=\"CisneBranco1\" width=\"150\" height=\"150\" \/><\/a> <a href=\"http:\/\/kouskeol.fr\/wp-content\/uploads\/2014\/09\/CisneBranco2.jpg\" target=\"_blank\"><img loading=\"lazy\" decoding=\"async\" class=\"alignnone wp-image-294 size-thumbnail\" src=\"http:\/\/kouskeol.fr\/wp-content\/uploads\/2014\/09\/CisneBranco2-150x150.jpg\" alt=\"CisneBranco2\" width=\"150\" height=\"150\" \/><\/a> <a href=\"http:\/\/kouskeol.fr\/wp-content\/uploads\/2014\/09\/CisneBranco3.jpg\" target=\"_blank\"><img loading=\"lazy\" decoding=\"async\" class=\"alignnone wp-image-295 size-thumbnail\" src=\"http:\/\/kouskeol.fr\/wp-content\/uploads\/2014\/09\/CisneBranco3-150x150.jpg\" alt=\"CisneBranco3\" width=\"150\" height=\"150\" \/><\/a><\/p>\n<div class=\"ob-section ob-section-images ob-layout3-1\">\n<p class=\"ob-desc\"><em>Le Cisne Branco depuis la Caleta Parry<\/em><\/p>\n<\/div>\n<div class=\"ob-section ob-section-html\">\n<p>Et aujourd&rsquo;hui, nous remontons le <i>Seno Eyre<\/i> (Fjord Eyre), au bout duquel se trouve le <i>Ventisquero Pio XI<\/i>, avec son front de glace de plus de 50m de haut (3 fois la hauteur de Kousk Eol!) et de pr\u00e8s de 4Km de large tombant directement dans le fjord. L&rsquo;eau est devenue d&rsquo;un bleu laiteux. Et il faut recommencer \u00e0 faire attention aux <i>growlers<\/i>!<\/p>\n<p>Ah la majestuosicit\u00e9, la grandieusit\u00e9, la coupe-souffl\u00e9tude du lieu! Impressionnifiant autant qu&rsquo;\u00e9poustoufliciant<a class=\"sdfootnoteanc\" href=\"http:\/\/kouskeol.over-blog.com\/2014\/04\/punta-arenas-puerto-montt-1e-etape-puerto-eden.html#sdfootnote1sym\" name=\"sdfootnote1anc\"><sup>1<\/sup><\/a>\u00a0!<\/p>\n<p class=\"sdfootnote\" style=\"padding-left: 30px;\">\u00a0<em>Note<a class=\"sdfootnotesym\" href=\"http:\/\/kouskeol.over-blog.com\/2014\/04\/punta-arenas-puerto-montt-1e-etape-puerto-eden.html#sdfootnote1anc\" name=\"sdfootnote1sym\">1:\u00a0<\/a>Comment \u00e7a, ils n&rsquo;existent pas ces mots\u00a0? Et alors, vous croyez qu&rsquo;on peut esp\u00e9rer d\u00e9crire ce lieu extraordinaire, cette beaut\u00e9 immacul\u00e9e en utilisant platement des mots qui ont d\u00e9j\u00e0 servi, probablement m\u00eame pour d\u00e9crire des endroits plus banals (un canal banal, des canaux banals\u00a0: vive la Fran\u00e7ais!)? Allons\u00a0!<\/em><\/p>\n<p class=\"sdfootnote\"><a href=\"http:\/\/kouskeol.fr\/wp-content\/uploads\/2014\/09\/GlacierPieXIa.jpg\" target=\"_blank\"><img loading=\"lazy\" decoding=\"async\" class=\"alignnone wp-image-300 size-thumbnail\" src=\"http:\/\/kouskeol.fr\/wp-content\/uploads\/2014\/09\/GlacierPieXIa-150x150.jpg\" alt=\"GlacierPieXIa\" width=\"150\" height=\"150\" \/><\/a><a href=\"http:\/\/kouskeol.fr\/wp-content\/uploads\/2014\/09\/CodeD-GlacierPieXIa.jpg\" target=\"_blank\"><img loading=\"lazy\" decoding=\"async\" class=\"alignnone wp-image-296 size-thumbnail\" src=\"http:\/\/kouskeol.fr\/wp-content\/uploads\/2014\/09\/CodeD-GlacierPieXIa-150x150.jpg\" alt=\"CodeD-GlacierPieXIa\" width=\"150\" height=\"150\" \/><\/a> <a href=\"http:\/\/kouskeol.fr\/wp-content\/uploads\/2014\/09\/CodeD-GlacierPieXIc.jpg\" target=\"_blank\"><img loading=\"lazy\" decoding=\"async\" class=\"alignnone wp-image-297 size-thumbnail\" src=\"http:\/\/kouskeol.fr\/wp-content\/uploads\/2014\/09\/CodeD-GlacierPieXIc-150x150.jpg\" alt=\"CodeD-GlacierPieXIc\" width=\"150\" height=\"150\" \/><\/a>\u00a0 <a href=\"http:\/\/kouskeol.fr\/wp-content\/uploads\/2014\/09\/GlacierPieXIb.jpg\" target=\"_blank\"><img loading=\"lazy\" decoding=\"async\" class=\"alignnone wp-image-301 size-thumbnail\" src=\"http:\/\/kouskeol.fr\/wp-content\/uploads\/2014\/09\/GlacierPieXIb-150x150.jpg\" alt=\"GlacierPieXIb\" width=\"150\" height=\"150\" \/><\/a> <a href=\"http:\/\/kouskeol.fr\/wp-content\/uploads\/2014\/09\/GlacierPieXIc.jpg\" target=\"_blank\"><img loading=\"lazy\" decoding=\"async\" class=\"alignnone wp-image-302 size-thumbnail\" src=\"http:\/\/kouskeol.fr\/wp-content\/uploads\/2014\/09\/GlacierPieXIc-150x150.jpg\" alt=\"GlacierPieXIc\" width=\"150\" height=\"150\" \/><\/a><\/p>\n<div class=\"ob-section ob-section-images ob-layout6-3\">\n<p class=\"ob-desc\"><em>Devant le Glacier Pie XI<\/em><\/p>\n<\/div>\n<div class=\"ob-section ob-section-html\">\n<p>Bon d&rsquo;accord: dommage qu&rsquo;il pleuve&#8230; Mais dans le cas contraire, on n&rsquo;aurait plus \u00e9t\u00e9 en Patagonie, non plus.<\/p>\n<p>Le Cerro Chantel (Fitz Roy) et le Cerro Torre ne sont qu&rsquo;\u00e0 environ 80Km \u00e0 l&rsquo;Est: deux endroits mythiques eux aussi, pour certains dont les r\u00eaves ne restent pas au ras de l&rsquo;eau. D&rsquo;autres candidats aux hivernales d&rsquo;un autre genre en plein \u00e9t\u00e9: il a neig\u00e9 \u00e0 300m cette nuit, encore une fois&#8230;<\/p>\n<p>Et pour nous remettre de toutes ces \u00e9motions, mouillage dans la Caleta Sally, juste 2 milles au Sud.<\/p>\n<p><a href=\"http:\/\/kouskeol.fr\/wp-content\/uploads\/2014\/09\/CaletaSally1.jpg\" target=\"_blank\"><img loading=\"lazy\" decoding=\"async\" class=\"alignnone wp-image-250 size-thumbnail\" src=\"http:\/\/kouskeol.fr\/wp-content\/uploads\/2014\/09\/CaletaSally1-150x150.jpg\" alt=\"CaletaSally1\" width=\"150\" height=\"150\" \/><\/a> <img loading=\"lazy\" decoding=\"async\" class=\"alignnone wp-image-251 size-thumbnail\" src=\"http:\/\/kouskeol.fr\/wp-content\/uploads\/2014\/09\/CaletaSally2-150x150.jpg\" alt=\"CaletaSally2\" width=\"150\" height=\"150\" \/><\/p>\n<p class=\"ob-desc\"><em>\u00a0La Caleta Sally<\/em><\/p>\n<div class=\"ob-section ob-section-html\">\n<p><b>Dimanche 30 Mars<\/b>: pas un souffle ce matin&#8230; Et un peu de ciel bleu! Les sommets enneig\u00e9s se refl\u00e8tent sur l&rsquo;eau du fjord, qui s&rsquo;est recouverte de <i>growlers<\/i> depuis hier soir, comme par hasard juste avant de rejoindre le <i>Canal Icy<\/i>&#8230; \u00c7a ne s&rsquo;invente pas.<\/p>\n<p><a href=\"http:\/\/kouskeol.fr\/wp-content\/uploads\/2014\/09\/Growlers2.jpg\" target=\"_blank\"><img loading=\"lazy\" decoding=\"async\" class=\"alignnone wp-image-304 size-thumbnail\" src=\"http:\/\/kouskeol.fr\/wp-content\/uploads\/2014\/09\/Growlers2-150x150.jpg\" alt=\"Growlers2\" width=\"150\" height=\"150\" \/><\/a> <a href=\"http:\/\/kouskeol.fr\/wp-content\/uploads\/2014\/09\/Growler1.jpg\" target=\"_blank\"><img loading=\"lazy\" decoding=\"async\" class=\"alignnone wp-image-303 size-thumbnail\" src=\"http:\/\/kouskeol.fr\/wp-content\/uploads\/2014\/09\/Growler1-150x150.jpg\" alt=\"Growler1\" width=\"150\" height=\"150\" \/><\/a><\/p>\n<div class=\"ob-section ob-section-images ob-layout2-1\">\n<p class=\"ob-desc\"><em>Growlers&#8230;<\/em><\/p>\n<\/div>\n<div class=\"ob-section ob-section-html\">\n<p>Objectif de la journ\u00e9e: arriver \u00e0 Puerto Eden ce soir, probablement apr\u00e8s l&rsquo;heure de la messe, o\u00f9 nous esp\u00e9rons pouvoir refaire les pleins d&rsquo;eau et gas-oil, ainsi que de nourriture fra\u00eeche.<\/p>\n<p>Calme quasi plat: mais o\u00f9 sont les 30 nds d&rsquo;antan?<\/p>\n<figure id=\"attachment_334\" aria-describedby=\"caption-attachment-334\" style=\"width: 300px\" class=\"wp-caption aligncenter\"><a href=\"http:\/\/kouskeol.fr\/wp-content\/uploads\/2014\/09\/VersPuertoEden2.jpg\" target=\"_blank\"><img loading=\"lazy\" decoding=\"async\" class=\"wp-image-334 size-medium\" src=\"http:\/\/kouskeol.fr\/wp-content\/uploads\/2014\/09\/VersPuertoEden2-300x223.jpg\" alt=\"VersPuertoEden2\" width=\"300\" height=\"223\" srcset=\"http:\/\/kouskeol.fr\/wp-content\/uploads\/2014\/09\/VersPuertoEden2-300x223.jpg 300w, http:\/\/kouskeol.fr\/wp-content\/uploads\/2014\/09\/VersPuertoEden2-600x446.jpg 600w, http:\/\/kouskeol.fr\/wp-content\/uploads\/2014\/09\/VersPuertoEden2.jpg 1014w\" sizes=\"auto, (max-width: 300px) 100vw, 300px\" \/><\/a><figcaption id=\"caption-attachment-334\" class=\"wp-caption-text\">Kousk Eol sur le lac de Monteynard, avec le Cervin juste en face&#8230;<\/figcaption><\/figure>\n<p>Et \u00e0 15h30 nous mouillons devant Puerto Eden, premier signe de civilisation depuis 2 semaines&#8230;<\/p>\n<p><a href=\"http:\/\/kouskeol.fr\/wp-content\/uploads\/2014\/09\/PuertoEden1.jpg\" target=\"_blank\"><img loading=\"lazy\" decoding=\"async\" class=\"alignnone wp-image-310 size-thumbnail\" src=\"http:\/\/kouskeol.fr\/wp-content\/uploads\/2014\/09\/PuertoEden1-150x150.jpg\" alt=\"PuertoEden1\" width=\"150\" height=\"150\" \/><\/a> <a href=\"http:\/\/kouskeol.fr\/wp-content\/uploads\/2014\/09\/PuertoEden2.jpg\" target=\"_blank\"><img loading=\"lazy\" decoding=\"async\" class=\"alignnone wp-image-311 size-thumbnail\" src=\"http:\/\/kouskeol.fr\/wp-content\/uploads\/2014\/09\/PuertoEden2-150x150.jpg\" alt=\"PuertoEden2\" width=\"150\" height=\"150\" \/><\/a> <a href=\"http:\/\/kouskeol.fr\/wp-content\/uploads\/2014\/09\/PuertoEden3.jpg\" target=\"_blank\"><img loading=\"lazy\" decoding=\"async\" class=\"alignnone wp-image-312 size-thumbnail\" src=\"http:\/\/kouskeol.fr\/wp-content\/uploads\/2014\/09\/PuertoEden3-150x150.jpg\" alt=\"PuertoEden3\" width=\"150\" height=\"150\" \/><\/a><\/p>\n<div class=\"ob-section ob-section-images ob-layout3-3\">\n<p class=\"ob-desc\"><em>Arriv\u00e9e \u00e0 Puerto Eden<\/em><\/p>\n<\/div>\n<div class=\"ob-section ob-section-html\">\n<p><b>Puerto Eden: <\/b><b>un autre bout du monde?<\/b><\/p>\n<p>\u00ab\u00a0Puerto Eden, m\u00e9galopole bien connue du grand Sud, antichambre du paradis, lieu de vill\u00e9giature c\u00e9l\u00e8bre pour ses boites de nuits et son carnaval&#8230;.\u00a0\u00bb. Heu: je me suis tromp\u00e9 de guide&#8230;<\/p>\n<p>Je reprends: Puerto Eden est une ancienne escale de l&rsquo;A\u00e9ropostale, entre Puerto Montt et Puerto Natales, qui permettait aux hydravions de refaire le plein et aux pilotes d&rsquo;attendre de meilleures conditions de vol, moins vent\u00e9es et moins humides pour ne pas d\u00e9coller les timbres (seulement les hydravions: blague \u00e0 10 balles pour Raph\/MarieJo).<\/p>\n<p>Avant, il n&rsquo;y avait rien.<\/p>\n<p>Tout juste quelques indiens qui voulaient vivre tranquilles chez eux, et qui n&rsquo;avaient rien \u00e0 faire des hydravions et du courrier.<\/p>\n<p>Donc rien, pour les gens de l&rsquo;\u00e9poque&#8230;<\/p>\n<p>Puerto Eden ne semble pas avoir beaucoup boug\u00e9 depuis: moins de 300 habitants, le Pacifique \u00e0 gauche<a class=\"sdfootnoteanc\" href=\"http:\/\/kouskeol.over-blog.com\/2014\/04\/punta-arenas-puerto-montt-1e-etape-puerto-eden.html#sdfootnote1sym\" name=\"sdfootnote1anc\"><sup>1<\/sup><\/a>, les glaciers \u00e0 droite<a class=\"sdfootnoteanc\" href=\"http:\/\/kouskeol.over-blog.com\/2014\/04\/punta-arenas-puerto-montt-1e-etape-puerto-eden.html#sdfootnote2sym\" name=\"sdfootnote2anc\"><sup>2<\/sup><\/a> et les canards-vapeur dans les canaux en haut et en bas, les nuages sombres au-dessus&#8230;<\/p>\n<p>Pour l\u2019\u00c9den, je ne sais pas. Le Pand\u00e9monium, tout de m\u00eame pas non plus! Quoique: il y a au moins une \u00e9glise, et pas un seul bistrot&#8230; Et je vous laisse d\u00e9couvrir les nombreux commerces.<\/p>\n<div id=\"sdfootnote1\"><\/div>\n<div id=\"sdfootnote2\">\n<p class=\"sdfootnote\" style=\"padding-left: 30px;\"><em><span class=\"yui3-widget yui3-inputwidget yui3-htmleditorwidget\"><span class=\"yui3-htmleditorwidget-content\">Note\u00a0<a class=\"sdfootnotesym\" href=\"http:\/\/kouskeol.over-blog.com\/2014\/04\/punta-arenas-puerto-montt-1e-etape-puerto-eden.html#sdfootnote1anc\" name=\"sdfootnote1sym\">1:\u00a0<\/a><\/span><\/span><span class=\"yui3-widget yui3-inputwidget yui3-htmleditorwidget\"><span class=\"yui3-htmleditorwidget-content\">Le<\/span><\/span><span class=\"yui3-widget yui3-inputwidget yui3-htmleditorwidget\"><span class=\"yui3-htmleditorwidget-content\"> terme \u00ab\u00a0Gauche\u00a0\u00bb tel qu&rsquo;utilis\u00e9 ici est \u00e0 prendre hors de tout contexte politique. Quoique&#8230;<br \/>\n<\/span><\/span><\/em><\/p>\n<p class=\"sdfootnote\" style=\"padding-left: 30px;\"><em>\u00ab\u00a0B\u00e2bord\u00a0\u00bb aurait tr\u00e8s bien pu \u00eatre utilis\u00e9, si le mis\u00e9rable scribouilleur de ces lignes n&rsquo;avait pas eu peur de para\u00eetre plus p\u00e9dant qu&rsquo;il ne l&rsquo;est en temps normal. Pour la clart\u00e9 de l&rsquo;expos\u00e9, il est aussi de la plus grande importance de noter que \u00ab\u00a0gauche\u00a0\u00bb ici fera r\u00e9f\u00e9rence \u00e0 un observateur regardant vers le Nord. Les observatrices auront compris d&rsquo;elles-m\u00eames.<\/em><\/p>\n<p class=\"sdfootnote\" style=\"padding-left: 30px;\"><em><span class=\"yui3-widget yui3-inputwidget yui3-htmleditorwidget\"><span class=\"yui3-htmleditorwidget-content\"><em><span style=\"text-decoration: underline;\">Question subsidiaire\u00a0<\/span>: quelle distance y a t-il entre la gauch<\/em>e dite \u00ab\u00a0caviar\u00a0\u00bb et un tribord pr\u00e9tendument \u00ab\u00a0peuple\u00a0\u00bb\u00a0? On utilisera des coordonn\u00e9es polaires (normal, par pr\u00e8s de 60\u00b0S), en partant dans le sens trigonom\u00e9trique inverse comme les d\u00e9pressions, et on exprimera le r\u00e9sultat \u00e0 10<sup>-3<\/sup> pr\u00e8s. L&rsquo;utilisation de la calculette ainsi que du ti-punch est autoris\u00e9e.<\/span><\/span><\/em><\/p>\n<p id=\"yui_3_5_0_1_1397509749592_38594\" class=\"sdfootnote\" style=\"padding-left: 30px;\"><em id=\"yui_3_5_0_1_1397509749592_38593\">Note\u00a0<a class=\"sdfootnotesym\" href=\"http:\/\/kouskeol.over-blog.com\/2014\/04\/punta-arenas-puerto-montt-1e-etape-puerto-eden.html#sdfootnote2anc\" name=\"sdfootnote2sym\">2:\u00a0<\/a>Idem que pour \u00ab\u00a0gauche\u00a0\u00bb mais de l&rsquo;autre c\u00f4t\u00e9 pour un lecteur normalement constitu\u00e9. Les lectrices, ne la ramenez pas sur ce coup\u00a0!<\/em><\/p>\n<p class=\"sdfootnote\"><a href=\"http:\/\/kouskeol.fr\/wp-content\/uploads\/2014\/09\/PuertoEden15.jpg\" target=\"_blank\"><img loading=\"lazy\" decoding=\"async\" class=\"aligncenter wp-image-317 size-medium\" src=\"http:\/\/kouskeol.fr\/wp-content\/uploads\/2014\/09\/PuertoEden15-300x223.jpg\" alt=\"PuertoEden15\" width=\"300\" height=\"223\" srcset=\"http:\/\/kouskeol.fr\/wp-content\/uploads\/2014\/09\/PuertoEden15-300x223.jpg 300w, http:\/\/kouskeol.fr\/wp-content\/uploads\/2014\/09\/PuertoEden15-600x447.jpg 600w, http:\/\/kouskeol.fr\/wp-content\/uploads\/2014\/09\/PuertoEden15.jpg 1018w\" sizes=\"auto, (max-width: 300px) 100vw, 300px\" \/><\/a> <a href=\"http:\/\/kouskeol.fr\/wp-content\/uploads\/2014\/09\/PuertoEden17.jpg\" target=\"_blank\"><img loading=\"lazy\" decoding=\"async\" class=\"alignnone wp-image-319 size-thumbnail\" src=\"http:\/\/kouskeol.fr\/wp-content\/uploads\/2014\/09\/PuertoEden17-150x150.jpg\" alt=\"PuertoEden17\" width=\"150\" height=\"150\" \/><\/a> <a href=\"http:\/\/kouskeol.fr\/wp-content\/uploads\/2014\/09\/PuertoEden10.jpg\" target=\"_blank\"><img loading=\"lazy\" decoding=\"async\" class=\"alignnone wp-image-313 size-thumbnail\" src=\"http:\/\/kouskeol.fr\/wp-content\/uploads\/2014\/09\/PuertoEden10-150x150.jpg\" alt=\"PuertoEden10\" width=\"150\" height=\"150\" \/><\/a> <a href=\"http:\/\/kouskeol.fr\/wp-content\/uploads\/2014\/09\/PuertoEden11.jpg\" target=\"_blank\"><img loading=\"lazy\" decoding=\"async\" class=\"alignnone wp-image-314 size-thumbnail\" src=\"http:\/\/kouskeol.fr\/wp-content\/uploads\/2014\/09\/PuertoEden11-150x150.jpg\" alt=\"PuertoEden11\" width=\"150\" height=\"150\" \/><\/a> <a href=\"http:\/\/kouskeol.fr\/wp-content\/uploads\/2014\/09\/PuertoEden12.jpg\" target=\"_blank\"><img loading=\"lazy\" decoding=\"async\" class=\"alignnone wp-image-315 size-thumbnail\" src=\"http:\/\/kouskeol.fr\/wp-content\/uploads\/2014\/09\/PuertoEden12-150x150.jpg\" alt=\"PuertoEden12\" width=\"150\" height=\"150\" \/><\/a> <a href=\"http:\/\/kouskeol.fr\/wp-content\/uploads\/2014\/09\/PuertoEden25.jpg\" target=\"_blank\"><img loading=\"lazy\" decoding=\"async\" class=\"alignnone wp-image-326 size-thumbnail\" src=\"http:\/\/kouskeol.fr\/wp-content\/uploads\/2014\/09\/PuertoEden25-150x150.jpg\" alt=\"PuertoEden25\" width=\"150\" height=\"150\" \/><\/a> <a href=\"http:\/\/kouskeol.fr\/wp-content\/uploads\/2014\/09\/PuertoEden23.jpg\" target=\"_blank\"><img loading=\"lazy\" decoding=\"async\" class=\"alignnone wp-image-324 size-thumbnail\" src=\"http:\/\/kouskeol.fr\/wp-content\/uploads\/2014\/09\/PuertoEden23-150x150.jpg\" alt=\"PuertoEden23\" width=\"150\" height=\"150\" \/><\/a> <a href=\"http:\/\/kouskeol.fr\/wp-content\/uploads\/2014\/09\/PuertoEden22.jpg\" target=\"_blank\"><img loading=\"lazy\" decoding=\"async\" class=\"alignnone wp-image-323 size-thumbnail\" src=\"http:\/\/kouskeol.fr\/wp-content\/uploads\/2014\/09\/PuertoEden22-150x150.jpg\" alt=\"PuertoEden22\" width=\"150\" height=\"150\" \/><\/a> <a href=\"http:\/\/kouskeol.fr\/wp-content\/uploads\/2014\/09\/PuertoEden21.jpg\" target=\"_blank\"><img loading=\"lazy\" decoding=\"async\" class=\"alignnone wp-image-322 size-thumbnail\" src=\"http:\/\/kouskeol.fr\/wp-content\/uploads\/2014\/09\/PuertoEden21-150x150.jpg\" alt=\"PuertoEden21\" width=\"150\" height=\"150\" \/><\/a> <a href=\"http:\/\/kouskeol.fr\/wp-content\/uploads\/2014\/09\/PuertoEden20.jpg\" target=\"_blank\"><img loading=\"lazy\" decoding=\"async\" class=\"alignnone wp-image-321 size-thumbnail\" src=\"http:\/\/kouskeol.fr\/wp-content\/uploads\/2014\/09\/PuertoEden20-150x150.jpg\" alt=\"PuertoEden20\" width=\"150\" height=\"150\" \/><\/a> <a href=\"http:\/\/kouskeol.fr\/wp-content\/uploads\/2014\/09\/PuertoEden18.jpg\" target=\"_blank\"><img loading=\"lazy\" decoding=\"async\" class=\"alignnone wp-image-320 size-thumbnail\" src=\"http:\/\/kouskeol.fr\/wp-content\/uploads\/2014\/09\/PuertoEden18-150x150.jpg\" alt=\"PuertoEden18\" width=\"150\" height=\"150\" \/><\/a> <a href=\"http:\/\/kouskeol.fr\/wp-content\/uploads\/2014\/09\/PuertoEden14.jpg\" target=\"_blank\"><img loading=\"lazy\" decoding=\"async\" class=\"alignnone wp-image-316 size-thumbnail\" src=\"http:\/\/kouskeol.fr\/wp-content\/uploads\/2014\/09\/PuertoEden14-150x150.jpg\" alt=\"PuertoEden14\" width=\"150\" height=\"150\" \/><\/a> <a href=\"http:\/\/kouskeol.fr\/wp-content\/uploads\/2014\/09\/PuertoEden16.jpg\" target=\"_blank\"><img loading=\"lazy\" decoding=\"async\" class=\"alignnone wp-image-318 size-thumbnail\" src=\"http:\/\/kouskeol.fr\/wp-content\/uploads\/2014\/09\/PuertoEden16-150x150.jpg\" alt=\"PuertoEden16\" width=\"150\" height=\"150\" \/><\/a><\/p>\n<div class=\"ob-section ob-section-images ob-layout900\">\n<p class=\"ob-desc\"><em>Puerto Eden<\/em><\/p>\n<\/div>\n<div class=\"ob-section ob-section-html\">\n<p>L&rsquo;\u00e2me de St Ex semble encore planer sur ce lieu perdu: \u00abS&rsquo;il te pla\u00eet, Monsieur, dessine-moi un bateau autour du monde!\u00bb&#8230;<\/p>\n<p><a href=\"http:\/\/kouskeol.fr\/wp-content\/uploads\/2014\/09\/DessineBateau.png\" target=\"_blank\"><img loading=\"lazy\" decoding=\"async\" class=\"aligncenter wp-image-299 size-medium\" src=\"http:\/\/kouskeol.fr\/wp-content\/uploads\/2014\/09\/DessineBateau-300x225.png\" alt=\"DessineBateau\" width=\"300\" height=\"225\" srcset=\"http:\/\/kouskeol.fr\/wp-content\/uploads\/2014\/09\/DessineBateau-300x225.png 300w, http:\/\/kouskeol.fr\/wp-content\/uploads\/2014\/09\/DessineBateau-600x450.png 600w, http:\/\/kouskeol.fr\/wp-content\/uploads\/2014\/09\/DessineBateau.png 800w\" sizes=\"auto, (max-width: 300px) 100vw, 300px\" \/><\/a>Et apr\u00e8s\u00a0? Ben, toujours plein Nord, direction Puerto Montt, o\u00f9 nous devrions arriver dans environ 3 semaines.<\/p>\n<p>Mais ceci est une autre histoire&#8230;<\/p>\n<\/div>\n<\/div>\n<\/div>\n<\/div>\n<\/div>\n<\/div>\n<\/div>\n<\/div>\n<\/div>\n<\/div>\n<\/div>\n<\/div>\n<\/div>\n<\/div>\n<\/div>\n<\/div>\n<\/div>\n<\/div>\n","protected":false},"excerpt":{"rendered":"<p>13 Mars 2014, 7h30\u00a0: c&rsquo;est de nouveau le d\u00e9part, cette fois vers l&rsquo;Ouest par le canal de Magellan, puis le Nord vers Chiloe et Puerto Montt, o\u00f9 nous devrions retrouver MarieJo et Cathy. Pour cette grosse \u00e9tape de presque 1000 milles o\u00f9 nous passerons de l&rsquo;Atlantique au Pacifique, nous serons quatre\u00a0: Nico, Sarah la Qu\u00e9becoise, &hellip; <a href=\"http:\/\/kouskeol.fr\/?p=247\" class=\"more-link\">Continuer la lecture de <span class=\"screen-reader-text\">Punta Arenas\u2013Puerto Montt \u2013 1e \u00e9tape: Puerto Eden<\/span>  <span class=\"meta-nav\">&rarr;<\/span><\/a><\/p>\n","protected":false},"author":1,"featured_media":0,"comment_status":"open","ping_status":"open","sticky":false,"template":"","format":"standard","meta":{"ngg_post_thumbnail":0,"footnotes":""},"categories":[17,8,75],"tags":[48,46,36],"class_list":["post-247","post","type-post","status-publish","format-standard","hentry","category-chili","category-voyage","category-patagonie","tag-magellan","tag-puerto-montt","tag-punta-arenas"],"_links":{"self":[{"href":"http:\/\/kouskeol.fr\/index.php?rest_route=\/wp\/v2\/posts\/247","targetHints":{"allow":["GET"]}}],"collection":[{"href":"http:\/\/kouskeol.fr\/index.php?rest_route=\/wp\/v2\/posts"}],"about":[{"href":"http:\/\/kouskeol.fr\/index.php?rest_route=\/wp\/v2\/types\/post"}],"author":[{"embeddable":true,"href":"http:\/\/kouskeol.fr\/index.php?rest_route=\/wp\/v2\/users\/1"}],"replies":[{"embeddable":true,"href":"http:\/\/kouskeol.fr\/index.php?rest_route=%2Fwp%2Fv2%2Fcomments&post=247"}],"version-history":[{"count":5,"href":"http:\/\/kouskeol.fr\/index.php?rest_route=\/wp\/v2\/posts\/247\/revisions"}],"predecessor-version":[{"id":2044,"href":"http:\/\/kouskeol.fr\/index.php?rest_route=\/wp\/v2\/posts\/247\/revisions\/2044"}],"wp:attachment":[{"href":"http:\/\/kouskeol.fr\/index.php?rest_route=%2Fwp%2Fv2%2Fmedia&parent=247"}],"wp:term":[{"taxonomy":"category","embeddable":true,"href":"http:\/\/kouskeol.fr\/index.php?rest_route=%2Fwp%2Fv2%2Fcategories&post=247"},{"taxonomy":"post_tag","embeddable":true,"href":"http:\/\/kouskeol.fr\/index.php?rest_route=%2Fwp%2Fv2%2Ftags&post=247"}],"curies":[{"name":"wp","href":"https:\/\/api.w.org\/{rel}","templated":true}]}}