{"id":2552,"date":"2015-04-10T21:38:21","date_gmt":"2015-04-10T20:38:21","guid":{"rendered":"http:\/\/kouskeol.fr\/?p=2552"},"modified":"2015-04-10T22:25:52","modified_gmt":"2015-04-10T21:25:52","slug":"traversee-arica-galapagos","status":"publish","type":"post","link":"http:\/\/kouskeol.fr\/?p=2552","title":{"rendered":"Travers\u00e9e Arica &#8211; Galapagos"},"content":{"rendered":"<p>Difficile de d\u00e9coller d&rsquo;Arica: le jour pr\u00e9vu, 26 mars, du mauvais temps plus au Sud du pays a lev\u00e9 une grosse houle, qui g\u00e9n\u00e8re des d\u00e9ferlantes de 3 \u00e0 4 m\u00e8tres \u00e0 l&rsquo;entr\u00e9e du port. R\u00e9sultat: l&rsquo;Armada interdit toute sortie&#8230;<\/p>\n<p>Impossible de dormir durant la nuit: le bateau est secou\u00e9 dans tous les sens, car le port est tr\u00e8s ouvert sur l&rsquo;oc\u00e9an. Et pire, nos deux bou\u00e9es de mouillage d\u00e9rapent! Nous ne sommes pas les seuls: plusieurs bateaux jouent \u00e0 touche-touche toute la nuit. Heureusement, nous avions un peu anticip\u00e9 et mouill\u00e9 deux ancres: une \u00e0 l&rsquo;avant et l&rsquo;autre \u00e0 l&rsquo;arri\u00e8re.<\/p>\n<p>Mais nous n&rsquo;allons pas trop nous plaindre: au Sud d&rsquo;Arica, c&rsquo;est la catastrophe. Des pluies torrentielles ont emport\u00e9 des villages entiers. La t\u00e9l\u00e9vision montre en boucle les images des inondations: plus d&rsquo;eau en une journ\u00e9e que durant les quatorze ou quinze derni\u00e8res ann\u00e9es dans ces r\u00e9gions quasiment d\u00e9sertiques!<\/p>\n<p><b>27 mars<\/b>: tr\u00e8s l\u00e9g\u00e8re am\u00e9lioration, mais toujours la m\u00eame interdiction de sortir&#8230; \u00c7a va commencer \u00e0 \u00eatre chaud pour \u00eatre \u00e0 temps pour accueillir MarieJo et Cathy aux Galapagos!<\/p>\n<p><b>28 mars<\/b>: enfin, la houle est retomb\u00e9e, et le port \u00e0 nouveau ouvert! Visite de l&rsquo;Armada, de la douane et de l&rsquo;immigration \u00e0 bord: une demi-heure apr\u00e8s, les passeports sont tamponn\u00e9s et l&rsquo;autorisation de partir d\u00e9livr\u00e9e! Nous n&rsquo;aurons pas \u00e9chapp\u00e9 cette fois non plus \u00e0 la question qui tue: \u00ab\u00a0Quel jour arriverez-vous aux Galapagos, et \u00e0 quelle heure?\u00a0\u00bb. On a beau expliquer que Kousk Eol est un voilier, et donc soumis aux caprices de la m\u00e9t\u00e9o, et qu&rsquo;il y a tout de m\u00eame 1600 milles \u00e0 parcourir, le formulaire pr\u00e9voit cette information. Donc on arrivera le 8 \u00e0 12h00.<\/p>\n<p>Bref, 14h03: nous partons enfin&#8230;<\/p>\n<p>Nous ne reviendrons certainement pas \u00e0 Arica en bateau: mouillage non s\u00e9curis\u00e9 tr\u00e8s ouvert sur le large, fonds incertains, cher pour les services rendus. R\u00e9trospectivement, nous nous disons que nous avons eu de la chance lors de notre p\u00e9riple au P\u00e9rou et en Bolivie, en laissant Kousk Eol seul&#8230;<\/p>\n<p>By the way, since Frank is on board, the official language on Kousk Eol has switched to English. Mais rassurez-vous: sur ce blog, nous nous contenterons de continuer \u00e0 massacrer la langue fran\u00e7aise. De toutes fa\u00e7ons, Shakespeare ne faisait pas de voile&#8230; Et Moli\u00e8re? Euh&#8230;<\/p>\n<figure id=\"attachment_2571\" aria-describedby=\"caption-attachment-2571\" style=\"width: 300px\" class=\"wp-caption aligncenter\"><a href=\"http:\/\/kouskeol.fr\/wp-content\/uploads\/2015\/04\/frank1.jpg\" target=\"_blank\"><img loading=\"lazy\" decoding=\"async\" class=\"wp-image-2571 size-medium\" src=\"http:\/\/kouskeol.fr\/wp-content\/uploads\/2015\/04\/frank1-300x221.jpg\" alt=\"frank1\" width=\"300\" height=\"221\" srcset=\"http:\/\/kouskeol.fr\/wp-content\/uploads\/2015\/04\/frank1-300x221.jpg 300w, http:\/\/kouskeol.fr\/wp-content\/uploads\/2015\/04\/frank1-1024x754.jpg 1024w, http:\/\/kouskeol.fr\/wp-content\/uploads\/2015\/04\/frank1.jpg 1252w\" sizes=\"auto, (max-width: 300px) 100vw, 300px\" \/><\/a><figcaption id=\"caption-attachment-2571\" class=\"wp-caption-text\">Frank dans ses \u0153uvres&#8230;<\/figcaption><\/figure>\n<p>Nous hissons la voile, et, comme c&rsquo;est rigolo, la drisse l\u00e2che et la voile retombe. Oh la fac\u00e9tieuse! Sauf qu&rsquo;il faut monter l\u00e0-haut, qu&rsquo;on est en mer et que \u00e7a bouge. On met bien le g\u00e9nois pour stabiliser, mais \u00e7a bouge quand m\u00eame! Dans ce cas les volontaires ne se pr\u00e9cipitent pas: le coupable (qui avait foir\u00e9 l&rsquo;estrope entre le point de drisse de la grand-voile et la drisse) est vite pressenti&#8230; Andr\u00e9, plong\u00e9 dans \u00ab\u00a0L&rsquo;origine des esp\u00e8ces\u00a0\u00bb (en pr\u00e9paration \u00e0 l&rsquo;arriv\u00e9e aux Galapagos), en rajoute une couche en pr\u00e9tendant que de toute fa\u00e7on il valait mieux envoyer en haut du m\u00e2t celui qui avait le moins \u00e9t\u00e9 touch\u00e9 par les th\u00e9ories de Darwin, et n&rsquo;\u00e9tait pas encore compl\u00e8tement descendu du singe. Un fr\u00e8re, \u00e7a?<\/p>\n<p>Bref: la drisse est r\u00e9cup\u00e9r\u00e9e, re-fix\u00e9e \u00e0 la grand-voile, et cette derni\u00e8re re-hiss\u00e9e: la brise thermique est encore vaillante et propulse Kousk Eol aux environs de huit n\u0153uds.<\/p>\n<p>Ici, le lecteur un peu attentif et au fait de la chose voileuse ne manquera pas de poser la question: \u00ab\u00a0Mais pourquoi une estrope? Pourquoi pas une b\u00eate manille? Hein?\u00a0\u00bb.<\/p>\n<p>Le probl\u00e8me est que la drisse de grand-voile rague \u00e0 la sortie du r\u00e9a de t\u00eate de m\u00e2t: au bout de quelques jours, la gaine de la drisse est compl\u00e8tement us\u00e9e, et il faut en couper un morceau. Ou faire quelque chose. La drisse s&rsquo;use, car elle ne tire pas parall\u00e8lement au m\u00e2t et frotte contre le guide de sortie du r\u00e9a lorsque la voile est d\u00e9bord\u00e9e: d\u00e9faut de conception de la pi\u00e8ce du point de drisse. L&rsquo;estrope avait pour but de ramener l&rsquo;axe de tire le long du m\u00e2t.<\/p>\n<p>Rat\u00e9 pour cette fois&#8230;<\/p>\n<p>Vers 19h, les aliz\u00e9es reprennent le dessus: une dizaine de n\u0153uds de vent nous poussent gentiment. Si \u00e7a ce n&rsquo;est pas un temps \u00e0 spi&#8230; Donc, le spi est mis en place, on esp\u00e8re pour un bout de temps!<\/p>\n<p><b>30 mars<\/b>: nous sommes toujours sous spi depuis le d\u00e9part. Les aliz\u00e9es semblent bien accroch\u00e9s, et c&rsquo;est un vent de 10 \u00e0 15 n\u0153uds du Sud qui nous propulse gentiment le long des c\u00f4tes du P\u00e9rou.<\/p>\n<figure id=\"attachment_2557\" aria-describedby=\"caption-attachment-2557\" style=\"width: 300px\" class=\"wp-caption aligncenter\"><a href=\"http:\/\/kouskeol.fr\/wp-content\/uploads\/2015\/04\/leverSoleil.jpg\" target=\"_blank\"><img loading=\"lazy\" decoding=\"async\" class=\"wp-image-2557 size-medium\" src=\"http:\/\/kouskeol.fr\/wp-content\/uploads\/2015\/04\/leverSoleil-300x222.jpg\" alt=\"leverSoleil\" width=\"300\" height=\"222\" srcset=\"http:\/\/kouskeol.fr\/wp-content\/uploads\/2015\/04\/leverSoleil-300x222.jpg 300w, http:\/\/kouskeol.fr\/wp-content\/uploads\/2015\/04\/leverSoleil-1024x757.jpg 1024w, http:\/\/kouskeol.fr\/wp-content\/uploads\/2015\/04\/leverSoleil.jpg 1256w\" sizes=\"auto, (max-width: 300px) 100vw, 300px\" \/><\/a><figcaption id=\"caption-attachment-2557\" class=\"wp-caption-text\">Encore un petit lever de soleil sur le Pacifique&#8230;<\/figcaption><\/figure>\n<p><b>3 avril<\/b>: les journ\u00e9es se suivent et se ressemblent un peu. Hier, nous avons pass\u00e9 la mi-chemin vers les Galapagos: plus de 800 milles parcourus depuis Arica. Les aliz\u00e9es de SSE continuent leur boulot, et le spi est rest\u00e9 gonfl\u00e9 pratiquement depuis le d\u00e9part. Seuls un ou deux interm\u00e8des orageux nous ont oblig\u00e9 \u00e0 faire reprendre du service au g\u00e9nois, et encore, pas pour longtemps.<\/p>\n<p>Le seul b\u00e9mol est que nous n&rsquo;arrivons pas \u00e0 faire une route directe: d\u00e8s que nous nous mettons un tant soit peu vent arri\u00e8re, la houle nous fait rouler, et la grand-voile claque&#8230; Tr\u00e8s inconfortable, et pas tr\u00e8s bon pour le mat\u00e9riel. Mais une bonne occasion de r\u00e9viser les notions de VMG!<\/p>\n<p>Tous les soirs, nous esp\u00e9rons une dorade au bout de notre ligne: heureusement, m\u00eame si l&rsquo;espoir est cens\u00e9 faire vivre, notre frigo est plein&#8230; Nous avons plusieurs touches, mais soit le poisson d\u00e9croche, soit le leurre casse avant la remont\u00e9e \u00e0 bord. Il va falloir tr\u00e8s s\u00e9rieusement r\u00e9viser nos techniques de p\u00eache!<\/p>\n<p>Du coup, l&rsquo;activit\u00e9 pr\u00e9-prandiale principale qui permet de conclure encore une belle journ\u00e9e avant les quarts de nuit est l&rsquo;ap\u00e9ritif, seul moment o\u00f9 nous nous autorisons un verre d&rsquo;autre chose que de l&rsquo;eau ou du th\u00e9: une cerveza, un verre de carmenere, voire un ti-punch&#8230; Si, si, Cathy!<\/p>\n<figure id=\"attachment_2556\" aria-describedby=\"caption-attachment-2556\" style=\"width: 300px\" class=\"wp-caption aligncenter\"><a href=\"http:\/\/kouskeol.fr\/wp-content\/uploads\/2015\/04\/Frank2.jpg\" target=\"_blank\"><img loading=\"lazy\" decoding=\"async\" class=\"wp-image-2556 size-medium\" src=\"http:\/\/kouskeol.fr\/wp-content\/uploads\/2015\/04\/Frank2-300x225.jpg\" alt=\"Frank2\" width=\"300\" height=\"225\" srcset=\"http:\/\/kouskeol.fr\/wp-content\/uploads\/2015\/04\/Frank2-300x225.jpg 300w, http:\/\/kouskeol.fr\/wp-content\/uploads\/2015\/04\/Frank2-1024x768.jpg 1024w, http:\/\/kouskeol.fr\/wp-content\/uploads\/2015\/04\/Frank2.jpg 1280w\" sizes=\"auto, (max-width: 300px) 100vw, 300px\" \/><\/a><figcaption id=\"caption-attachment-2556\" class=\"wp-caption-text\">\u00c9quipier pr\u00e9parant son quart&#8230;<\/figcaption><\/figure>\n<p>Aujourd&rsquo;hui, nous (re)franchissons les 10\u00b0S, cette fois ver le Nord. Quel changement depuis la Patagonie! Il fait beau tous les jours, le vent s&rsquo;est graduellement r\u00e9chauff\u00e9, et le chapeau est de mise: ce n&rsquo;est pas peu dire que le soleil rayonne! Au moins, les panneaux solaires sont contents.<\/p>\n<figure id=\"attachment_2555\" aria-describedby=\"caption-attachment-2555\" style=\"width: 300px\" class=\"wp-caption aligncenter\"><a href=\"http:\/\/kouskeol.fr\/wp-content\/uploads\/2015\/04\/Andre-GameOfThrones.jpg\" target=\"_blank\"><img loading=\"lazy\" decoding=\"async\" class=\"wp-image-2555 size-medium\" src=\"http:\/\/kouskeol.fr\/wp-content\/uploads\/2015\/04\/Andre-GameOfThrones-300x220.jpg\" alt=\"Andre-GameOfThrones\" width=\"300\" height=\"220\" srcset=\"http:\/\/kouskeol.fr\/wp-content\/uploads\/2015\/04\/Andre-GameOfThrones-300x220.jpg 300w, http:\/\/kouskeol.fr\/wp-content\/uploads\/2015\/04\/Andre-GameOfThrones-1024x751.jpg 1024w, http:\/\/kouskeol.fr\/wp-content\/uploads\/2015\/04\/Andre-GameOfThrones.jpg 1246w\" sizes=\"auto, (max-width: 300px) 100vw, 300px\" \/><\/a><figcaption id=\"caption-attachment-2555\" class=\"wp-caption-text\">Un petit \u00e9pisode de Game of Thrones?<\/figcaption><\/figure>\n<p>&nbsp;<\/p>\n<p>13h30: nous croisons un voilier, le Sandonkan, chilien battant pavillon panam\u00e9en. Petit \u00e9change via la VHF: ils viennent des Galapagos et rentrent au Chili, contre le vent&#8230; Nous souhaitent un bon s\u00e9jour aux Galapagos, le plus bel endroit sur terre selon eux. Eux non plus n&rsquo;ont pas vu de bateau depuis plus d&rsquo;une semaine: plut\u00f4t pas mal pour un monde avec sept milliards d&rsquo;habitants! Profitons de cette chance!<\/p>\n<p>Dans la soir\u00e9e, une petite dorade suicidaire d\u00e9cide de s&rsquo;accrocher \u00e0 la ligne, et surtout, d&rsquo;y rester jusqu&rsquo;\u00e0 ce qu&rsquo;on la remonte \u00e0 bord: filets de coryph\u00e8ne pour le repas de demain midi!<\/p>\n<p><b>4 avril<\/b>: nuit de merde \u00e0 tenter de r\u00e9gler le spi avec un vent tournant et changeant de force sans arr\u00eat, avec une petite houle vicieuse. Au matin, on se retrouve cap au 270\u00b0 pour \u00e9viter que la grand-voile ne claque trop et ne secoue exag\u00e9r\u00e9ment le gr\u00e9ement&#8230; Alors que la route directe est au 335\u00b0&#8230;<\/p>\n<p>Qu&rsquo;\u00e0 cela ne tienne: ce jour, l&rsquo;\u00e9quipage de Kousk Eol va entreprendre <span style=\"text-decoration: underline;\">LA<\/span> man\u0153uvre de cette travers\u00e9e. A savoir: un empannage sous spi au soleil levant. Piece of cake: le spi et la grand-voile sont regonfl\u00e9s vite fait sur l&rsquo;autre bord, les trois t\u00eates sont indemnes, et le cap est au 335\u00b0!<\/p>\n<p>Inspection rapide: le r\u00e9glage des voiles est Boris et le bateau (re)file \u00e0 presque 7 n\u0153uds. Nickel.<\/p>\n<p>Pourquoi Boris? Excellente question. Rappelez-vous: l&rsquo;\u00e9quipage est multi-lingual, et de plus m\u00e9lomane. Il se trouve qu&rsquo;hier soir, alors que nous devisions doctement sur les compositeurs que nous aimions, Boris Godounov est apparu dans la conversation. Frank: \u00ab\u00a0OK, if this Boris is good enough for you, there is no reason it should not be good enough for me as well!\u00a0\u00bb. Et ainsi, le r\u00e9glage des voiles \u00e9tant good enough, il est Boris.<\/p>\n<p>CQFD. Sacr\u00e9 Boris! Pas un Mozart faux-coeur, lui.<\/p>\n<p>Capillotract\u00e9? Bon d&rsquo;accord, \u00e7a se d\u00e9grade un peu \u00e0 bord. C&rsquo;est juste pour se rattraper de ne pas avoir fait de jeux de mot vaseux sur Titicaca lorsque nous y \u00e9tions&#8230;<\/p>\n<figure id=\"attachment_2553\" aria-describedby=\"caption-attachment-2553\" style=\"width: 300px\" class=\"wp-caption aligncenter\"><a href=\"http:\/\/kouskeol.fr\/wp-content\/uploads\/2015\/04\/Andre-Frank.jpg\" target=\"_blank\"><img loading=\"lazy\" decoding=\"async\" class=\"wp-image-2553 size-medium\" src=\"http:\/\/kouskeol.fr\/wp-content\/uploads\/2015\/04\/Andre-Frank-300x225.jpg\" alt=\"Andre-Frank\" width=\"300\" height=\"225\" srcset=\"http:\/\/kouskeol.fr\/wp-content\/uploads\/2015\/04\/Andre-Frank-300x225.jpg 300w, http:\/\/kouskeol.fr\/wp-content\/uploads\/2015\/04\/Andre-Frank-1024x766.jpg 1024w, http:\/\/kouskeol.fr\/wp-content\/uploads\/2015\/04\/Andre-Frank.jpg 1280w\" sizes=\"auto, (max-width: 300px) 100vw, 300px\" \/><\/a><figcaption id=\"caption-attachment-2553\" class=\"wp-caption-text\">Dure journ\u00e9e pour les marins&#8230;<\/figcaption><\/figure>\n<p>Le temps qu&rsquo;Iridium retrouve sa constellation et nous r\u00e9cup\u00e9rons les derniers GRIBs avant d&rsquo;arriver. Mierda! Le vent pour les trois prochains jours ne d\u00e9passera pas dix n\u0153uds&#8230; Au grand largue, \u00e7a va prendre un peu de temps! Et la temp\u00e9rature est mont\u00e9e plus de 28\u00b0.<\/p>\n<p>Par-dessus le march\u00e9, le ciel est nuageux et les panneaux ont du mal \u00e0 r\u00e9cup\u00e9rer quelques photons.<\/p>\n<p><b>5 avril<\/b>: finalement, une s\u00e9rie de grains durant la nuit nous poussera \u00e0 un bon train dans la bonne direction. Mais finalement, les grains s&rsquo;arr\u00eatent aussi et avec eux le vent&#8230; C&rsquo;est Volvo qui prend le relais: on ne l&rsquo;avait pas beaucoup mis \u00e0 contribution jusqu&rsquo;ici. Et on en profite pour recharger les batteries \u00e0 fond: depuis deux jours, un plafond nuageux et un vent faiblard n&rsquo;ont pas permis une recharge \u00ab\u00a0naturelle\u00a0\u00bb compl\u00e8te&#8230;<\/p>\n<p>375 milles avant d&rsquo;arriver: en principe, deux jours et demi pour Kousk Eol.<\/p>\n<p>Heu: peut-\u00eatre&#8230;<\/p>\n<p>On passe la journ\u00e9e \u00e0 jongler entre le Code D, le g\u00e9nois et le moteur, avec en plus un courant de un n\u0153ud dans le nez.<\/p>\n<p>Une autre petite dorade se fait prendre et finira en ceviche pour l&rsquo;ap\u00e9ro. Boris.<\/p>\n<figure id=\"attachment_2554\" aria-describedby=\"caption-attachment-2554\" style=\"width: 300px\" class=\"wp-caption aligncenter\"><a href=\"http:\/\/kouskeol.fr\/wp-content\/uploads\/2015\/04\/Andre-Dorade.jpg\" target=\"_blank\"><img loading=\"lazy\" decoding=\"async\" class=\"wp-image-2554 size-medium\" src=\"http:\/\/kouskeol.fr\/wp-content\/uploads\/2015\/04\/Andre-Dorade-300x223.jpg\" alt=\"Andre-Dorade\" width=\"300\" height=\"223\" srcset=\"http:\/\/kouskeol.fr\/wp-content\/uploads\/2015\/04\/Andre-Dorade-300x223.jpg 300w, http:\/\/kouskeol.fr\/wp-content\/uploads\/2015\/04\/Andre-Dorade-1024x763.jpg 1024w, http:\/\/kouskeol.fr\/wp-content\/uploads\/2015\/04\/Andre-Dorade.jpg 1270w\" sizes=\"auto, (max-width: 300px) 100vw, 300px\" \/><\/a><figcaption id=\"caption-attachment-2554\" class=\"wp-caption-text\">P\u00f4vre daurade!<\/figcaption><\/figure>\n<p>Le soleil cogne: toujours 28\u00b0 \u00e0 l&rsquo;ombre, et beaucoup d&rsquo;humidit\u00e9: nous transpirons par tous nos pores&#8230;<\/p>\n<p>Les s\u00e9quences \u00ab\u00a0moteur\u00a0\u00bb ont aussi permis de faire tourner le d\u00e9salinisateur: nous avons pratiquement refait le plein d&rsquo;un des r\u00e9servoirs. C&rsquo;est plut\u00f4t rassurant pour la suite.<\/p>\n<p>Puis le vent reprend un peu, et nous passerons m\u00eame une nuit tranquille sous Code D, et les Galapagos ne sont plus qu&rsquo;\u00e0 180 milles au r\u00e9veil, le 7 avril.<\/p>\n<p><b>8 avril<\/b>: l&rsquo;Isla Gardner, la plus au Sud de l&rsquo;archipel est en vue! Une quarantaine de milles pour rejoindre Puerto Baquerizo, sur l&rsquo;Isla San Cristobal, o\u00f9 nous devons faire les formalit\u00e9s d&rsquo;entr\u00e9e en \u00c9quateur et dans le parc.<\/p>\n<p>Nous revoyons des cibles AIS sur notre PC et la VHF se remet \u00e0 crachoter: la civilisation n&rsquo;est plus tr\u00e8s loin!<\/p>\n<p>15h30: on est devant le chenal d&rsquo;acc\u00e8s au mouillage. Et on a vu notre premier fou \u00e0 pattes bleues! Et 20 minutes plus tard, nous mouillons devant Puerto Baquerizo, sous la pluie&#8230;<\/p>\n<figure id=\"attachment_2560\" aria-describedby=\"caption-attachment-2560\" style=\"width: 300px\" class=\"wp-caption aligncenter\"><a href=\"http:\/\/kouskeol.fr\/wp-content\/uploads\/2015\/04\/PuertoBaquerizo2.jpg\" target=\"_blank\"><img loading=\"lazy\" decoding=\"async\" class=\"wp-image-2560 size-medium\" src=\"http:\/\/kouskeol.fr\/wp-content\/uploads\/2015\/04\/PuertoBaquerizo2-300x225.jpg\" alt=\"PuertoBaquerizo2\" width=\"300\" height=\"225\" srcset=\"http:\/\/kouskeol.fr\/wp-content\/uploads\/2015\/04\/PuertoBaquerizo2-300x225.jpg 300w, http:\/\/kouskeol.fr\/wp-content\/uploads\/2015\/04\/PuertoBaquerizo2-1024x768.jpg 1024w, http:\/\/kouskeol.fr\/wp-content\/uploads\/2015\/04\/PuertoBaquerizo2.jpg 1280w\" sizes=\"auto, (max-width: 300px) 100vw, 300px\" \/><\/a><figcaption id=\"caption-attachment-2560\" class=\"wp-caption-text\">Puerto Baquerizo<\/figcaption><\/figure>\n<p>Il n&rsquo;y a pas une heure que nous sommes pos\u00e9s qu&rsquo;une otarie (des Galapagos, of course!) vient se bronzer sur la plate-forme arri\u00e8re de Kousk Eol!<\/p>\n<p>Nous allons rester sur l&rsquo;archipel environ trois semaines: on vous racontera tout \u00e7a.<\/p>\n<p>Les Galapagos vont clore pour nous un autre chapitre cons\u00e9quent de notre p\u00e9riple: les \u00eeles marquent en effet la fin de notre tour de l&rsquo;Am\u00e9rique du Sud&#8230; Nos petites t\u00eates vont-elles arriver \u00e0 emmagasiner tous les souvenirs, nos mirettes se souvenir de toutes les images, les couleurs?<\/p>\n","protected":false},"excerpt":{"rendered":"<p>Difficile de d\u00e9coller d&rsquo;Arica: le jour pr\u00e9vu, 26 mars, du mauvais temps plus au Sud du pays a lev\u00e9 une grosse houle, qui g\u00e9n\u00e8re des d\u00e9ferlantes de 3 \u00e0 4 m\u00e8tres \u00e0 l&rsquo;entr\u00e9e du port. R\u00e9sultat: l&rsquo;Armada interdit toute sortie&#8230; Impossible de dormir durant la nuit: le bateau est secou\u00e9 dans tous les sens, car &hellip; <a href=\"http:\/\/kouskeol.fr\/?p=2552\" class=\"more-link\">Continuer la lecture de <span class=\"screen-reader-text\">Travers\u00e9e Arica &#8211; Galapagos<\/span>  <span class=\"meta-nav\">&rarr;<\/span><\/a><\/p>\n","protected":false},"author":1,"featured_media":0,"comment_status":"open","ping_status":"open","sticky":false,"template":"","format":"standard","meta":{"ngg_post_thumbnail":0,"footnotes":""},"categories":[17,61,8],"tags":[],"class_list":["post-2552","post","type-post","status-publish","format-standard","hentry","category-chili","category-equateur-voyage","category-voyage"],"_links":{"self":[{"href":"http:\/\/kouskeol.fr\/index.php?rest_route=\/wp\/v2\/posts\/2552","targetHints":{"allow":["GET"]}}],"collection":[{"href":"http:\/\/kouskeol.fr\/index.php?rest_route=\/wp\/v2\/posts"}],"about":[{"href":"http:\/\/kouskeol.fr\/index.php?rest_route=\/wp\/v2\/types\/post"}],"author":[{"embeddable":true,"href":"http:\/\/kouskeol.fr\/index.php?rest_route=\/wp\/v2\/users\/1"}],"replies":[{"embeddable":true,"href":"http:\/\/kouskeol.fr\/index.php?rest_route=%2Fwp%2Fv2%2Fcomments&post=2552"}],"version-history":[{"count":6,"href":"http:\/\/kouskeol.fr\/index.php?rest_route=\/wp\/v2\/posts\/2552\/revisions"}],"predecessor-version":[{"id":2572,"href":"http:\/\/kouskeol.fr\/index.php?rest_route=\/wp\/v2\/posts\/2552\/revisions\/2572"}],"wp:attachment":[{"href":"http:\/\/kouskeol.fr\/index.php?rest_route=%2Fwp%2Fv2%2Fmedia&parent=2552"}],"wp:term":[{"taxonomy":"category","embeddable":true,"href":"http:\/\/kouskeol.fr\/index.php?rest_route=%2Fwp%2Fv2%2Fcategories&post=2552"},{"taxonomy":"post_tag","embeddable":true,"href":"http:\/\/kouskeol.fr\/index.php?rest_route=%2Fwp%2Fv2%2Ftags&post=2552"}],"curies":[{"name":"wp","href":"https:\/\/api.w.org\/{rel}","templated":true}]}}