{"id":3337,"date":"2016-02-10T14:36:42","date_gmt":"2016-02-10T13:36:42","guid":{"rendered":"http:\/\/kouskeol.fr\/?p=3337"},"modified":"2016-02-26T13:50:08","modified_gmt":"2016-02-26T12:50:08","slug":"ca-vient-la-suite","status":"publish","type":"post","link":"http:\/\/kouskeol.fr\/?p=3337","title":{"rendered":"\u00c7a vient, la suite?"},"content":{"rendered":"<p>La date du (re)d\u00e9part approche&#8230; Nous reprenons l&rsquo;avion le 15 avril vers Papeete pour pr\u00e9parer Kousk Eol et repartir pour la suite de la boucle.<\/p>\n<p>Le planning initial s&rsquo;est un peu modifi\u00e9.<\/p>\n<figure id=\"attachment_3339\" aria-describedby=\"caption-attachment-3339\" style=\"width: 300px\" class=\"wp-caption aligncenter\"><a href=\"http:\/\/kouskeol.fr\/wp-content\/uploads\/2016\/02\/trajet02.png\" target=\"_blank\" rel=\"attachment wp-att-3339\"><img loading=\"lazy\" decoding=\"async\" class=\"wp-image-3339 size-medium\" src=\"http:\/\/kouskeol.fr\/wp-content\/uploads\/2016\/02\/trajet02-300x160.png\" alt=\"trajet02\" width=\"300\" height=\"160\" srcset=\"http:\/\/kouskeol.fr\/wp-content\/uploads\/2016\/02\/trajet02-300x160.png 300w, http:\/\/kouskeol.fr\/wp-content\/uploads\/2016\/02\/trajet02-768x410.png 768w, http:\/\/kouskeol.fr\/wp-content\/uploads\/2016\/02\/trajet02.png 960w\" sizes=\"auto, (max-width: 300px) 100vw, 300px\" \/><\/a><figcaption id=\"caption-attachment-3339\" class=\"wp-caption-text\">Trajet pr\u00e9visionnel pour 2016<\/figcaption><\/figure>\n<p>On vous tient au courant!<\/p>\n","protected":false},"excerpt":{"rendered":"<p>La date du (re)d\u00e9part approche&#8230; Nous reprenons l&rsquo;avion le 15 avril vers Papeete pour pr\u00e9parer Kousk Eol et repartir pour la suite de la boucle. Le planning initial s&rsquo;est un peu modifi\u00e9. On vous tient au courant!<\/p>\n","protected":false},"author":1,"featured_media":0,"comment_status":"open","ping_status":"open","sticky":false,"template":"","format":"standard","meta":{"ngg_post_thumbnail":0,"footnotes":""},"categories":[21,9],"tags":[],"class_list":["post-3337","post","type-post","status-publish","format-standard","hentry","category-la-preparation","category-le-trajet"],"_links":{"self":[{"href":"http:\/\/kouskeol.fr\/index.php?rest_route=\/wp\/v2\/posts\/3337","targetHints":{"allow":["GET"]}}],"collection":[{"href":"http:\/\/kouskeol.fr\/index.php?rest_route=\/wp\/v2\/posts"}],"about":[{"href":"http:\/\/kouskeol.fr\/index.php?rest_route=\/wp\/v2\/types\/post"}],"author":[{"embeddable":true,"href":"http:\/\/kouskeol.fr\/index.php?rest_route=\/wp\/v2\/users\/1"}],"replies":[{"embeddable":true,"href":"http:\/\/kouskeol.fr\/index.php?rest_route=%2Fwp%2Fv2%2Fcomments&post=3337"}],"version-history":[{"count":2,"href":"http:\/\/kouskeol.fr\/index.php?rest_route=\/wp\/v2\/posts\/3337\/revisions"}],"predecessor-version":[{"id":3340,"href":"http:\/\/kouskeol.fr\/index.php?rest_route=\/wp\/v2\/posts\/3337\/revisions\/3340"}],"wp:attachment":[{"href":"http:\/\/kouskeol.fr\/index.php?rest_route=%2Fwp%2Fv2%2Fmedia&parent=3337"}],"wp:term":[{"taxonomy":"category","embeddable":true,"href":"http:\/\/kouskeol.fr\/index.php?rest_route=%2Fwp%2Fv2%2Fcategories&post=3337"},{"taxonomy":"post_tag","embeddable":true,"href":"http:\/\/kouskeol.fr\/index.php?rest_route=%2Fwp%2Fv2%2Ftags&post=3337"}],"curies":[{"name":"wp","href":"https:\/\/api.w.org\/{rel}","templated":true}]}}