{"id":3658,"date":"2016-05-30T13:04:35","date_gmt":"2016-05-30T12:04:35","guid":{"rendered":"http:\/\/kouskeol.fr\/?p=3658"},"modified":"2016-06-06T23:16:25","modified_gmt":"2016-06-06T22:16:25","slug":"wallis","status":"publish","type":"post","link":"http:\/\/kouskeol.fr\/?p=3658","title":{"rendered":"Wallis"},"content":{"rendered":"<p>La premi\u00e8re fois que j\u2019ai entendu parler de Wallis (et sa s\u0153ur Futuna), c\u2019est en regardant la collection de timbres de mon grand-p\u00e8re quand j\u2019avais une dizaine d\u2019ann\u00e9es. Je ne comprenais pas alors qu\u2019on puisse faire des timbres pour des bouts de terre qu\u2019on ne pouvait m\u00eame pas distinguer sur un planisph\u00e8re\u2026 Du coup, y aller en voilier, c\u2019\u00e9tait inimaginable.<\/p>\n<p>Wallis, comme les \u00eeles de la Soci\u00e9t\u00e9, est compos\u00e9e d\u2019une \u00eele principale, Uvea, entour\u00e9e d\u2019un lagon et de sa barri\u00e8re de corail. L\u2019atoll fait environ treize milles sur huit. Il est \u00e0 mi-chemin entre Tahiti et les Tuamotu dans sa transformation\u00a0: une \u00eele principale large et basse et un lagon tr\u00e8s \u00e9tendu. La passe principale, Honikulu, est au sud.<\/p>\n<figure id=\"attachment_3693\" aria-describedby=\"caption-attachment-3693\" style=\"width: 300px\" class=\"wp-caption aligncenter\"><a href=\"http:\/\/kouskeol.fr\/wp-content\/uploads\/2016\/05\/Passe.jpg\" target=\"_blank\"><img loading=\"lazy\" decoding=\"async\" class=\"wp-image-3693 size-medium\" src=\"http:\/\/kouskeol.fr\/wp-content\/uploads\/2016\/05\/Passe-300x216.jpg\" alt=\"OLYMPUS DIGITAL CAMERA\" width=\"300\" height=\"216\" srcset=\"http:\/\/kouskeol.fr\/wp-content\/uploads\/2016\/05\/Passe-300x216.jpg 300w, http:\/\/kouskeol.fr\/wp-content\/uploads\/2016\/05\/Passe-768x553.jpg 768w, http:\/\/kouskeol.fr\/wp-content\/uploads\/2016\/05\/Passe-1024x737.jpg 1024w, http:\/\/kouskeol.fr\/wp-content\/uploads\/2016\/05\/Passe.jpg 1226w\" sizes=\"auto, (max-width: 300px) 100vw, 300px\" \/><\/a><figcaption id=\"caption-attachment-3693\" class=\"wp-caption-text\">La passe de Honikulu.<\/figcaption><\/figure>\n<p>Les deux mouillages principaux sont devant Mata Utu, la capitale, sur la c\u00f4te ouest, et Halalo au sud-ouest, en principe mieux prot\u00e9g\u00e9 des vents dominants en cette saison. Donc on essaie Halalo\u00a0: effectivement tr\u00e8s prot\u00e9g\u00e9, mais aussi tr\u00e8s isol\u00e9\u2026<\/p>\n<figure id=\"attachment_3664\" aria-describedby=\"caption-attachment-3664\" style=\"width: 300px\" class=\"wp-caption aligncenter\"><a href=\"http:\/\/kouskeol.fr\/wp-content\/uploads\/2016\/05\/VersMouillage.jpg\" target=\"_blank\"><img loading=\"lazy\" decoding=\"async\" class=\"wp-image-3664 size-medium\" src=\"http:\/\/kouskeol.fr\/wp-content\/uploads\/2016\/05\/VersMouillage-300x196.jpg\" alt=\"VersMouillage\" width=\"300\" height=\"196\" srcset=\"http:\/\/kouskeol.fr\/wp-content\/uploads\/2016\/05\/VersMouillage-300x196.jpg 300w, http:\/\/kouskeol.fr\/wp-content\/uploads\/2016\/05\/VersMouillage-768x502.jpg 768w, http:\/\/kouskeol.fr\/wp-content\/uploads\/2016\/05\/VersMouillage-1024x669.jpg 1024w, http:\/\/kouskeol.fr\/wp-content\/uploads\/2016\/05\/VersMouillage.jpg 1262w\" sizes=\"auto, (max-width: 300px) 100vw, 300px\" \/><\/a><figcaption id=\"caption-attachment-3664\" class=\"wp-caption-text\">Navigation dans le lagon.<\/figcaption><\/figure>\n<figure id=\"attachment_3663\" aria-describedby=\"caption-attachment-3663\" style=\"width: 300px\" class=\"wp-caption aligncenter\"><a href=\"http:\/\/kouskeol.fr\/wp-content\/uploads\/2016\/05\/SurQueCaPasse.jpg\" target=\"_blank\"><img loading=\"lazy\" decoding=\"async\" class=\"wp-image-3663 size-medium\" src=\"http:\/\/kouskeol.fr\/wp-content\/uploads\/2016\/05\/SurQueCaPasse-300x196.jpg\" alt=\"SurQueCaPasse\" width=\"300\" height=\"196\" srcset=\"http:\/\/kouskeol.fr\/wp-content\/uploads\/2016\/05\/SurQueCaPasse-300x196.jpg 300w, http:\/\/kouskeol.fr\/wp-content\/uploads\/2016\/05\/SurQueCaPasse-768x502.jpg 768w, http:\/\/kouskeol.fr\/wp-content\/uploads\/2016\/05\/SurQueCaPasse-1024x669.jpg 1024w, http:\/\/kouskeol.fr\/wp-content\/uploads\/2016\/05\/SurQueCaPasse.jpg 1260w\" sizes=\"auto, (max-width: 300px) 100vw, 300px\" \/><\/a><figcaption id=\"caption-attachment-3663\" class=\"wp-caption-text\">Mais il est o\u00f9, ce \u00ab\u00a0#@\u00a7 de chenal?<\/figcaption><\/figure>\n<figure id=\"attachment_3705\" aria-describedby=\"caption-attachment-3705\" style=\"width: 300px\" class=\"wp-caption aligncenter\"><a href=\"http:\/\/kouskeol.fr\/wp-content\/uploads\/2016\/05\/Atoll.jpg\" target=\"_blank\"><img loading=\"lazy\" decoding=\"async\" class=\"wp-image-3705 size-medium\" src=\"http:\/\/kouskeol.fr\/wp-content\/uploads\/2016\/05\/Atoll-300x225.jpg\" alt=\"OLYMPUS DIGITAL CAMERA\" width=\"300\" height=\"225\" srcset=\"http:\/\/kouskeol.fr\/wp-content\/uploads\/2016\/05\/Atoll-300x225.jpg 300w, http:\/\/kouskeol.fr\/wp-content\/uploads\/2016\/05\/Atoll-768x576.jpg 768w, http:\/\/kouskeol.fr\/wp-content\/uploads\/2016\/05\/Atoll-1024x768.jpg 1024w, http:\/\/kouskeol.fr\/wp-content\/uploads\/2016\/05\/Atoll.jpg 1280w\" sizes=\"auto, (max-width: 300px) 100vw, 300px\" \/><\/a><figcaption id=\"caption-attachment-3705\" class=\"wp-caption-text\">Vue sur le lagon de Wallis.<\/figcaption><\/figure>\n<p>La navigation dans le lagon n\u2019est pas difficile mais demande de bien respecter la signalisation, en particulier les balises \u00ab\u00a0essouesse\u00a0\u00bb, qui h\u00e9sitent entre l\u2019est et l\u2019ouest.<\/p>\n<figure id=\"attachment_3662\" aria-describedby=\"caption-attachment-3662\" style=\"width: 300px\" class=\"wp-caption aligncenter\"><a href=\"http:\/\/kouskeol.fr\/wp-content\/uploads\/2016\/05\/BaliseEssouesse2.jpg\" target=\"_blank\"><img loading=\"lazy\" decoding=\"async\" class=\"wp-image-3662 size-medium\" src=\"http:\/\/kouskeol.fr\/wp-content\/uploads\/2016\/05\/BaliseEssouesse2-300x225.jpg\" alt=\"BaliseEssouesse2\" width=\"300\" height=\"225\" srcset=\"http:\/\/kouskeol.fr\/wp-content\/uploads\/2016\/05\/BaliseEssouesse2-300x225.jpg 300w, http:\/\/kouskeol.fr\/wp-content\/uploads\/2016\/05\/BaliseEssouesse2-768x576.jpg 768w, http:\/\/kouskeol.fr\/wp-content\/uploads\/2016\/05\/BaliseEssouesse2-1024x768.jpg 1024w, http:\/\/kouskeol.fr\/wp-content\/uploads\/2016\/05\/BaliseEssouesse2.jpg 1280w\" sizes=\"auto, (max-width: 300px) 100vw, 300px\" \/><\/a><figcaption id=\"caption-attachment-3662\" class=\"wp-caption-text\">Exemple de balise \u00ab\u00a0essouesse\u00a0\u00bb.<\/figcaption><\/figure>\n<figure id=\"attachment_3661\" aria-describedby=\"caption-attachment-3661\" style=\"width: 300px\" class=\"wp-caption aligncenter\"><a href=\"http:\/\/kouskeol.fr\/wp-content\/uploads\/2016\/05\/BaliseEssouesse1.jpg\" target=\"_blank\"><img loading=\"lazy\" decoding=\"async\" class=\"wp-image-3661 size-medium\" src=\"http:\/\/kouskeol.fr\/wp-content\/uploads\/2016\/05\/BaliseEssouesse1-300x225.jpg\" alt=\"BaliseEssouesse1\" width=\"300\" height=\"225\" srcset=\"http:\/\/kouskeol.fr\/wp-content\/uploads\/2016\/05\/BaliseEssouesse1-300x225.jpg 300w, http:\/\/kouskeol.fr\/wp-content\/uploads\/2016\/05\/BaliseEssouesse1-768x576.jpg 768w, http:\/\/kouskeol.fr\/wp-content\/uploads\/2016\/05\/BaliseEssouesse1-1024x768.jpg 1024w, http:\/\/kouskeol.fr\/wp-content\/uploads\/2016\/05\/BaliseEssouesse1.jpg 1280w\" sizes=\"auto, (max-width: 300px) 100vw, 300px\" \/><\/a><figcaption id=\"caption-attachment-3661\" class=\"wp-caption-text\">Autre balise \u00ab\u00a0essouesse\u00a0\u00bb: comment voulez-vous qu&rsquo;on s&rsquo;y retrouve?<\/figcaption><\/figure>\n<p>Rien ne se passe comme ailleurs \u00e0 bord de Kousk Eol\u00a0: c\u2019est pareil lorsque le pr\u00e9pos\u00e9 \u00e0 la navigation demande au barreur d\u2019abattre pour remonter un peu au vent\u2026<\/p>\n<figure id=\"attachment_3685\" aria-describedby=\"caption-attachment-3685\" style=\"width: 300px\" class=\"wp-caption aligncenter\"><a href=\"http:\/\/kouskeol.fr\/wp-content\/uploads\/2016\/05\/Mouillage.jpg\" target=\"_blank\"><img loading=\"lazy\" decoding=\"async\" class=\"wp-image-3685 size-medium\" src=\"http:\/\/kouskeol.fr\/wp-content\/uploads\/2016\/05\/Mouillage-300x225.jpg\" alt=\"Mouillage\" width=\"300\" height=\"225\" srcset=\"http:\/\/kouskeol.fr\/wp-content\/uploads\/2016\/05\/Mouillage-300x225.jpg 300w, http:\/\/kouskeol.fr\/wp-content\/uploads\/2016\/05\/Mouillage-768x576.jpg 768w, http:\/\/kouskeol.fr\/wp-content\/uploads\/2016\/05\/Mouillage-1024x768.jpg 1024w, http:\/\/kouskeol.fr\/wp-content\/uploads\/2016\/05\/Mouillage.jpg 1278w\" sizes=\"auto, (max-width: 300px) 100vw, 300px\" \/><\/a><figcaption id=\"caption-attachment-3685\" class=\"wp-caption-text\">Au mouillage devant Mata Utu.<\/figcaption><\/figure>\n<figure id=\"attachment_3684\" aria-describedby=\"caption-attachment-3684\" style=\"width: 300px\" class=\"wp-caption aligncenter\"><a href=\"http:\/\/kouskeol.fr\/wp-content\/uploads\/2016\/05\/CurryThonJaune.jpg\" target=\"_blank\"><img loading=\"lazy\" decoding=\"async\" class=\"wp-image-3684 size-medium\" src=\"http:\/\/kouskeol.fr\/wp-content\/uploads\/2016\/05\/CurryThonJaune-300x219.jpg\" alt=\"CurryThonJaune\" width=\"300\" height=\"219\" srcset=\"http:\/\/kouskeol.fr\/wp-content\/uploads\/2016\/05\/CurryThonJaune-300x219.jpg 300w, http:\/\/kouskeol.fr\/wp-content\/uploads\/2016\/05\/CurryThonJaune-768x560.jpg 768w, http:\/\/kouskeol.fr\/wp-content\/uploads\/2016\/05\/CurryThonJaune-1024x747.jpg 1024w, http:\/\/kouskeol.fr\/wp-content\/uploads\/2016\/05\/CurryThonJaune.jpg 1242w\" sizes=\"auto, (max-width: 300px) 100vw, 300px\" \/><\/a><figcaption id=\"caption-attachment-3684\" class=\"wp-caption-text\">Au mouillage, vu de l&rsquo;int\u00e9rieur. Ne cherchez pas: c&rsquo;est un curry de bonite au lait de coco.<\/figcaption><\/figure>\n<p><b>26 mai<\/b>. Comme nous ne sommes pas \u00e0 Wallis tr\u00e8s longtemps, nous d\u00e9cidons d\u2019aller devant la ville, Mata Utu. Nous mouillons devant la ville\u00a0: c\u2019est aussi l\u00e0 que se trouvent la gendarmerie et la douane, pour les formalit\u00e9s. Nous sommes seuls au mouillage, et apprendrons qu\u2019une petite dizaine de voiliers passe chaque ann\u00e9e\u00a0: Wallis n\u2019est pas sur la route naturelle des aliz\u00e9s, et il faut faire un d\u00e9tour pour y aller, et accepter d\u2019avoir des vents variables, \u00e0 cause entre autre de la zone de convergence qui n\u2019est jamais loin.<\/p>\n<p>Le mouillage secoue un peu, \u00e9tant plus expos\u00e9 \u00e0 l\u2019aliz\u00e9, mais il tient bien, et le \u00ab\u00a0centre-ville\u00a0\u00bb est \u00e0 port\u00e9e d\u2019annexe. Les formalit\u00e9s sont vite exp\u00e9di\u00e9es et nous faisons notre premier tour dans Mata Utu\u00a0: pas vraiment de centre, les maisons et les b\u00e2timents officiels et commerciaux donnent l\u2019impression d\u2019\u00eatre un peu \u00e9parpill\u00e9s.<\/p>\n<figure id=\"attachment_3704\" aria-describedby=\"caption-attachment-3704\" style=\"width: 300px\" class=\"wp-caption aligncenter\"><a href=\"http:\/\/kouskeol.fr\/wp-content\/uploads\/2016\/05\/MataUtu.jpg\" target=\"_blank\"><img loading=\"lazy\" decoding=\"async\" class=\"wp-image-3704 size-medium\" src=\"http:\/\/kouskeol.fr\/wp-content\/uploads\/2016\/05\/MataUtu-300x212.jpg\" alt=\"OLYMPUS DIGITAL CAMERA\" width=\"300\" height=\"212\" srcset=\"http:\/\/kouskeol.fr\/wp-content\/uploads\/2016\/05\/MataUtu-300x212.jpg 300w, http:\/\/kouskeol.fr\/wp-content\/uploads\/2016\/05\/MataUtu-768x543.jpg 768w, http:\/\/kouskeol.fr\/wp-content\/uploads\/2016\/05\/MataUtu-1024x724.jpg 1024w, http:\/\/kouskeol.fr\/wp-content\/uploads\/2016\/05\/MataUtu.jpg 1208w\" sizes=\"auto, (max-width: 300px) 100vw, 300px\" \/><\/a><figcaption id=\"caption-attachment-3704\" class=\"wp-caption-text\">Mata Utu, avec le quai de d\u00e9barquement.<\/figcaption><\/figure>\n<p>Sur le front de mer, pr\u00e8s du quai de d\u00e9barquement, une belle cath\u00e9drale en pierres sombres de lave se dresse, \u00e0 c\u00f4t\u00e9 d\u2019une maison majestueuse\u00a0: c\u2019est le palais du roi.<\/p>\n<figure id=\"attachment_3691\" aria-describedby=\"caption-attachment-3691\" style=\"width: 300px\" class=\"wp-caption aligncenter\"><a href=\"http:\/\/kouskeol.fr\/wp-content\/uploads\/2016\/05\/RoiCathedrale.jpg\" target=\"_blank\"><img loading=\"lazy\" decoding=\"async\" class=\"wp-image-3691 size-medium\" src=\"http:\/\/kouskeol.fr\/wp-content\/uploads\/2016\/05\/RoiCathedrale-300x221.jpg\" alt=\"RoiCathedrale\" width=\"300\" height=\"221\" srcset=\"http:\/\/kouskeol.fr\/wp-content\/uploads\/2016\/05\/RoiCathedrale-300x221.jpg 300w, http:\/\/kouskeol.fr\/wp-content\/uploads\/2016\/05\/RoiCathedrale-768x566.jpg 768w, http:\/\/kouskeol.fr\/wp-content\/uploads\/2016\/05\/RoiCathedrale-1024x754.jpg 1024w, http:\/\/kouskeol.fr\/wp-content\/uploads\/2016\/05\/RoiCathedrale.jpg 1252w\" sizes=\"auto, (max-width: 300px) 100vw, 300px\" \/><\/a><figcaption id=\"caption-attachment-3691\" class=\"wp-caption-text\">La maison du roi et la cath\u00e9drale.<\/figcaption><\/figure>\n<figure id=\"attachment_3665\" aria-describedby=\"caption-attachment-3665\" style=\"width: 300px\" class=\"wp-caption aligncenter\"><a href=\"http:\/\/kouskeol.fr\/wp-content\/uploads\/2016\/05\/Poste1.jpg\" target=\"_blank\"><img loading=\"lazy\" decoding=\"async\" class=\"wp-image-3665 size-medium\" src=\"http:\/\/kouskeol.fr\/wp-content\/uploads\/2016\/05\/Poste1-300x225.jpg\" alt=\"Poste1\" width=\"300\" height=\"225\" srcset=\"http:\/\/kouskeol.fr\/wp-content\/uploads\/2016\/05\/Poste1-300x225.jpg 300w, http:\/\/kouskeol.fr\/wp-content\/uploads\/2016\/05\/Poste1-768x576.jpg 768w, http:\/\/kouskeol.fr\/wp-content\/uploads\/2016\/05\/Poste1-1024x768.jpg 1024w, http:\/\/kouskeol.fr\/wp-content\/uploads\/2016\/05\/Poste1.jpg 1280w\" sizes=\"auto, (max-width: 300px) 100vw, 300px\" \/><\/a><figcaption id=\"caption-attachment-3665\" class=\"wp-caption-text\">La poste de Wallis.<\/figcaption><\/figure>\n<p><a href=\"http:\/\/kouskeol.fr\/wp-content\/uploads\/2016\/05\/Poste3.jpg\" target=\"_blank\"><img loading=\"lazy\" decoding=\"async\" class=\"aligncenter wp-image-3667 size-medium\" src=\"http:\/\/kouskeol.fr\/wp-content\/uploads\/2016\/05\/Poste3-300x223.jpg\" alt=\"Poste3\" width=\"300\" height=\"223\" srcset=\"http:\/\/kouskeol.fr\/wp-content\/uploads\/2016\/05\/Poste3-300x223.jpg 300w, http:\/\/kouskeol.fr\/wp-content\/uploads\/2016\/05\/Poste3-768x572.jpg 768w, http:\/\/kouskeol.fr\/wp-content\/uploads\/2016\/05\/Poste3-1024x762.jpg 1024w, http:\/\/kouskeol.fr\/wp-content\/uploads\/2016\/05\/Poste3.jpg 1268w\" sizes=\"auto, (max-width: 300px) 100vw, 300px\" \/><\/a><\/p>\n<p><a href=\"http:\/\/kouskeol.fr\/wp-content\/uploads\/2016\/05\/Poste2.jpg\" target=\"_blank\"><img loading=\"lazy\" decoding=\"async\" class=\"aligncenter wp-image-3666 size-medium\" src=\"http:\/\/kouskeol.fr\/wp-content\/uploads\/2016\/05\/Poste2-300x224.jpg\" alt=\"Poste2\" width=\"300\" height=\"224\" srcset=\"http:\/\/kouskeol.fr\/wp-content\/uploads\/2016\/05\/Poste2-300x224.jpg 300w, http:\/\/kouskeol.fr\/wp-content\/uploads\/2016\/05\/Poste2-768x574.jpg 768w, http:\/\/kouskeol.fr\/wp-content\/uploads\/2016\/05\/Poste2-1024x765.jpg 1024w, http:\/\/kouskeol.fr\/wp-content\/uploads\/2016\/05\/Poste2.jpg 1272w\" sizes=\"auto, (max-width: 300px) 100vw, 300px\" \/><\/a><\/p>\n<p>Eh oui\u00a0: Wallis, environ huit mille cinq cents habitants (gabarit identique aux Samoans), fait partie de la r\u00e9publique fran\u00e7aise, mais le droit coutumier est toujours pr\u00e9sent et tr\u00e8s fort avec une chefferie incontournable. Un roi est \u00e9lu par une sorte de conseil des sages dont les membres sont issus des \u00ab\u00a0grandes\u00a0\u00bb familles de l\u2019\u00eele, ainsi que ses ministres. Le poids de ce gouvernement parall\u00e8le est tr\u00e8s fort sur l\u2019ordre qui r\u00e8gne ici.<\/p>\n<p>Le roi peut \u00eatre destitu\u00e9 pour conduite non-conforme par le conseil\u00a0: c\u2019est ce qui est arriv\u00e9 au roi pr\u00e9c\u00e9dent qui a r\u00e9gn\u00e9 quarante ans. Mais la famille de ce dernier et son clan n\u2019ont pas accept\u00e9 cette d\u00e9cision, et depuis 2005, deux rois se disputent\u00a0: le dissident, support\u00e9 par les Royalistes, et le nouveau, \u00e9lu par les R\u00e9novateurs, scindant l\u2019\u00eele en deux parties, le Nord et le Sud. Les tensions ont parfois \u00e9t\u00e9 tr\u00e8s fortes, et des menaces prof\u00e9r\u00e9es entre les familles des deux camps. La situation semble avoir \u00e9volu\u00e9, un grand nombre de Royalistes se ralliant aux R\u00e9novateurs, et 2016 pourrait \u00eatre l\u2019ann\u00e9e de la normalisation, une fois que la c\u00e9r\u00e9monie du kava<a class=\"sdfootnoteanc\" href=\"#sdfootnote1sym\" name=\"sdfootnote1anc\"><sup>1<\/sup><\/a> aura pu se tenir.<\/p>\n<figure id=\"attachment_3692\" aria-describedby=\"caption-attachment-3692\" style=\"width: 300px\" class=\"wp-caption aligncenter\"><a href=\"http:\/\/kouskeol.fr\/wp-content\/uploads\/2016\/05\/Roi.jpg\" target=\"_blank\"><img loading=\"lazy\" decoding=\"async\" class=\"wp-image-3692 size-medium\" src=\"http:\/\/kouskeol.fr\/wp-content\/uploads\/2016\/05\/Roi-300x225.jpg\" alt=\"Roi\" width=\"300\" height=\"225\" srcset=\"http:\/\/kouskeol.fr\/wp-content\/uploads\/2016\/05\/Roi-300x225.jpg 300w, http:\/\/kouskeol.fr\/wp-content\/uploads\/2016\/05\/Roi-768x576.jpg 768w, http:\/\/kouskeol.fr\/wp-content\/uploads\/2016\/05\/Roi-1024x768.jpg 1024w, http:\/\/kouskeol.fr\/wp-content\/uploads\/2016\/05\/Roi.jpg 1280w\" sizes=\"auto, (max-width: 300px) 100vw, 300px\" \/><\/a><figcaption id=\"caption-attachment-3692\" class=\"wp-caption-text\">La maison du roi.<\/figcaption><\/figure>\n<p>Futuna est aussi un royaume coutumier, mais l\u00e0, les deux rois sont institutionnalis\u00e9s depuis longtemps, ce qui n\u2019a pas \u00e9t\u00e9 sans poser des probl\u00e8mes de pr\u00e9s\u00e9ance lors de la visite de Hollande, o\u00f9 un seul des deux rois est venu accueillir le pr\u00e9sident. Cette visite \u00e9clair semble d\u2019ailleurs avoir laiss\u00e9 un sentiment de frustration chez les Wallisiens\u00a0: \u00ab\u00a0Pour une fois qu\u2019un pr\u00e9sident nous rend visite, on n\u2019a m\u00eame pas le temps de le voir.\u00a0\u00bb\u2026<\/p>\n<figure id=\"attachment_3668\" aria-describedby=\"caption-attachment-3668\" style=\"width: 300px\" class=\"wp-caption aligncenter\"><a href=\"http:\/\/kouskeol.fr\/wp-content\/uploads\/2016\/05\/RdPointHollande.jpg\" target=\"_blank\"><img loading=\"lazy\" decoding=\"async\" class=\"wp-image-3668 size-medium\" src=\"http:\/\/kouskeol.fr\/wp-content\/uploads\/2016\/05\/RdPointHollande-300x224.jpg\" alt=\"RdPointHollande\" width=\"300\" height=\"224\" srcset=\"http:\/\/kouskeol.fr\/wp-content\/uploads\/2016\/05\/RdPointHollande-300x224.jpg 300w, http:\/\/kouskeol.fr\/wp-content\/uploads\/2016\/05\/RdPointHollande-768x574.jpg 768w, http:\/\/kouskeol.fr\/wp-content\/uploads\/2016\/05\/RdPointHollande-1024x765.jpg 1024w, http:\/\/kouskeol.fr\/wp-content\/uploads\/2016\/05\/RdPointHollande.jpg 1272w\" sizes=\"auto, (max-width: 300px) 100vw, 300px\" \/><\/a><figcaption id=\"caption-attachment-3668\" class=\"wp-caption-text\">Rond-point am\u00e9nag\u00e9 sp\u00e9cialement pour la visite de Fran\u00e7ois Hollande.<\/figcaption><\/figure>\n<p>Durant tout ce temps, la pr\u00e9fecture r\u00e9publicaine locale s\u2019est impliqu\u00e9e a minima, peut-\u00eatre pour \u00e9viter de prendre position dans un contexte mal ma\u00eetris\u00e9 par des papalagis<a class=\"sdfootnoteanc\" href=\"#sdfootnote2sym\" name=\"sdfootnote2anc\"><sup>2<\/sup><\/a>.<\/p>\n<p>Nous louons une voiture pour faire un tour d&rsquo; Uvea. Notre voiture sera une Zotie chinoise affichant vingt mille kilom\u00e8tres au compteur\u00a0: plus une porti\u00e8re ne s\u2019ouvre correctement, et le loueur nous recommande de ne pas essayer d\u2019abaisser les vitres\u00a0! Heureusement, la climatisation marche encore. Ces voitures ne sont pas ch\u00e8res, mais il semble que l\u2019on en ait pour son argent. Et les pi\u00e8ces de rechange sont apparemment difficiles \u00e0 obtenir\u2026 Ir\u00e8ne nous avait d\u00e9j\u00e0 racont\u00e9 la m\u00eame histoire avec sa voiture, chinoise elle aussi. Nous m\u00e9nagerons notre carrosse\u00a0!<\/p>\n<figure id=\"attachment_3669\" aria-describedby=\"caption-attachment-3669\" style=\"width: 300px\" class=\"wp-caption aligncenter\"><a href=\"http:\/\/kouskeol.fr\/wp-content\/uploads\/2016\/05\/Voiture.jpg\" target=\"_blank\"><img loading=\"lazy\" decoding=\"async\" class=\"wp-image-3669 size-medium\" src=\"http:\/\/kouskeol.fr\/wp-content\/uploads\/2016\/05\/Voiture-300x197.jpg\" alt=\"Voiture\" width=\"300\" height=\"197\" srcset=\"http:\/\/kouskeol.fr\/wp-content\/uploads\/2016\/05\/Voiture-300x197.jpg 300w, http:\/\/kouskeol.fr\/wp-content\/uploads\/2016\/05\/Voiture-768x504.jpg 768w, http:\/\/kouskeol.fr\/wp-content\/uploads\/2016\/05\/Voiture-1024x672.jpg 1024w, http:\/\/kouskeol.fr\/wp-content\/uploads\/2016\/05\/Voiture.jpg 1264w\" sizes=\"auto, (max-width: 300px) 100vw, 300px\" \/><\/a><figcaption id=\"caption-attachment-3669\" class=\"wp-caption-text\">Notre Zotie, plus rouge que le livre du Grand Timonier.<\/figcaption><\/figure>\n<p>Sur Uvea, il y a deux routes principales, la RT1 et, devinez, la RT2. Courageusement, devant cette complexit\u00e9, nous d\u00e9cidons de partir sans carte. Premi\u00e8re \u00e9tape\u00a0: on se dirige vers le sud, en prenant les chemins sur la gauche d\u00e8s que nous le pouvons, pour admirer le lagon.<\/p>\n<figure id=\"attachment_3670\" aria-describedby=\"caption-attachment-3670\" style=\"width: 300px\" class=\"wp-caption aligncenter\"><a href=\"http:\/\/kouskeol.fr\/wp-content\/uploads\/2016\/05\/Lagon1.jpg\" target=\"_blank\"><img loading=\"lazy\" decoding=\"async\" class=\"wp-image-3670 size-medium\" src=\"http:\/\/kouskeol.fr\/wp-content\/uploads\/2016\/05\/Lagon1-300x224.jpg\" alt=\"Lagon1\" width=\"300\" height=\"224\" srcset=\"http:\/\/kouskeol.fr\/wp-content\/uploads\/2016\/05\/Lagon1-300x224.jpg 300w, http:\/\/kouskeol.fr\/wp-content\/uploads\/2016\/05\/Lagon1-768x572.jpg 768w, http:\/\/kouskeol.fr\/wp-content\/uploads\/2016\/05\/Lagon1-1024x763.jpg 1024w, http:\/\/kouskeol.fr\/wp-content\/uploads\/2016\/05\/Lagon1.jpg 1272w\" sizes=\"auto, (max-width: 300px) 100vw, 300px\" \/><\/a><figcaption id=\"caption-attachment-3670\" class=\"wp-caption-text\">Vue sur le lagon.<\/figcaption><\/figure>\n<figure id=\"attachment_3671\" aria-describedby=\"caption-attachment-3671\" style=\"width: 300px\" class=\"wp-caption aligncenter\"><a href=\"http:\/\/kouskeol.fr\/wp-content\/uploads\/2016\/05\/Lagon2.jpg\" target=\"_blank\"><img loading=\"lazy\" decoding=\"async\" class=\"wp-image-3671 size-medium\" src=\"http:\/\/kouskeol.fr\/wp-content\/uploads\/2016\/05\/Lagon2-300x225.jpg\" alt=\"Lagon2\" width=\"300\" height=\"225\" srcset=\"http:\/\/kouskeol.fr\/wp-content\/uploads\/2016\/05\/Lagon2-300x225.jpg 300w, http:\/\/kouskeol.fr\/wp-content\/uploads\/2016\/05\/Lagon2-768x575.jpg 768w, http:\/\/kouskeol.fr\/wp-content\/uploads\/2016\/05\/Lagon2-1024x767.jpg 1024w, http:\/\/kouskeol.fr\/wp-content\/uploads\/2016\/05\/Lagon2.jpg 1276w\" sizes=\"auto, (max-width: 300px) 100vw, 300px\" \/><\/a><figcaption id=\"caption-attachment-3671\" class=\"wp-caption-text\">Autre vue sur le lagon.<\/figcaption><\/figure>\n<figure id=\"attachment_3672\" aria-describedby=\"caption-attachment-3672\" style=\"width: 300px\" class=\"wp-caption aligncenter\"><a href=\"http:\/\/kouskeol.fr\/wp-content\/uploads\/2016\/05\/Lagon3.jpg\" target=\"_blank\"><img loading=\"lazy\" decoding=\"async\" class=\"wp-image-3672 size-medium\" src=\"http:\/\/kouskeol.fr\/wp-content\/uploads\/2016\/05\/Lagon3-300x225.jpg\" alt=\"Lagon3\" width=\"300\" height=\"225\" srcset=\"http:\/\/kouskeol.fr\/wp-content\/uploads\/2016\/05\/Lagon3-300x225.jpg 300w, http:\/\/kouskeol.fr\/wp-content\/uploads\/2016\/05\/Lagon3-768x576.jpg 768w, http:\/\/kouskeol.fr\/wp-content\/uploads\/2016\/05\/Lagon3-1024x768.jpg 1024w, http:\/\/kouskeol.fr\/wp-content\/uploads\/2016\/05\/Lagon3.jpg 1280w\" sizes=\"auto, (max-width: 300px) 100vw, 300px\" \/><\/a><figcaption id=\"caption-attachment-3672\" class=\"wp-caption-text\">Et encore&#8230;<\/figcaption><\/figure>\n<figure id=\"attachment_3673\" aria-describedby=\"caption-attachment-3673\" style=\"width: 300px\" class=\"wp-caption aligncenter\"><a href=\"http:\/\/kouskeol.fr\/wp-content\/uploads\/2016\/05\/Piste.jpg\" target=\"_blank\"><img loading=\"lazy\" decoding=\"async\" class=\"wp-image-3673 size-medium\" src=\"http:\/\/kouskeol.fr\/wp-content\/uploads\/2016\/05\/Piste-300x195.jpg\" alt=\"Piste\" width=\"300\" height=\"195\" srcset=\"http:\/\/kouskeol.fr\/wp-content\/uploads\/2016\/05\/Piste-300x195.jpg 300w, http:\/\/kouskeol.fr\/wp-content\/uploads\/2016\/05\/Piste-768x500.jpg 768w, http:\/\/kouskeol.fr\/wp-content\/uploads\/2016\/05\/Piste-1024x666.jpg 1024w, http:\/\/kouskeol.fr\/wp-content\/uploads\/2016\/05\/Piste.jpg 1256w\" sizes=\"auto, (max-width: 300px) 100vw, 300px\" \/><\/a><figcaption id=\"caption-attachment-3673\" class=\"wp-caption-text\">Piste qui traverse l&rsquo;\u00eele.<\/figcaption><\/figure>\n<p>Nous arrivons \u00e0 Halalo, o\u00f9 nous avions mouill\u00e9 en arrivant. Un quai supporte des cuves de stockage de carburant\u00a0: il date de la derni\u00e8re guerre, du temps o\u00f9 les Am\u00e9ricains avaient d\u00e9barqu\u00e9 et install\u00e9 une base ici pour emp\u00eacher les Japonais de b\u00e2tir une autre t\u00eate de pont dans leur conqu\u00eate du Pacifique, et ainsi menacer l\u2019Australie et la Nouvelle Z\u00e9lande. Il faut se souvenir que Wallis, c\u2019\u00e9tait Vichy, jusqu\u2019\u00e0 ce qu\u2019un \u00e9missaire de de Gaulle n\u2019arrive et convainque les autorit\u00e9s de changer de camp. Apparemment, seul le clerg\u00e9 \u00e9tait vraiment pro-Vichy. L\u2019a\u00e9roport au nord a \u00e9t\u00e9 r\u00e9alis\u00e9 lui aussi de cette \u00e9poque.<\/p>\n<figure id=\"attachment_3681\" aria-describedby=\"caption-attachment-3681\" style=\"width: 300px\" class=\"wp-caption aligncenter\"><a href=\"http:\/\/kouskeol.fr\/wp-content\/uploads\/2016\/05\/ClubPlongeeHalalo.jpg\" target=\"_blank\"><img loading=\"lazy\" decoding=\"async\" class=\"wp-image-3681 size-medium\" src=\"http:\/\/kouskeol.fr\/wp-content\/uploads\/2016\/05\/ClubPlongeeHalalo-300x200.jpg\" alt=\"ClubPlongeeHalalo\" width=\"300\" height=\"200\" srcset=\"http:\/\/kouskeol.fr\/wp-content\/uploads\/2016\/05\/ClubPlongeeHalalo-300x200.jpg 300w, http:\/\/kouskeol.fr\/wp-content\/uploads\/2016\/05\/ClubPlongeeHalalo-768x511.jpg 768w, http:\/\/kouskeol.fr\/wp-content\/uploads\/2016\/05\/ClubPlongeeHalalo-1024x681.jpg 1024w, http:\/\/kouskeol.fr\/wp-content\/uploads\/2016\/05\/ClubPlongeeHalalo.jpg 1276w\" sizes=\"auto, (max-width: 300px) 100vw, 300px\" \/><\/a><figcaption id=\"caption-attachment-3681\" class=\"wp-caption-text\">Halalo.<\/figcaption><\/figure>\n<figure id=\"attachment_3682\" aria-describedby=\"caption-attachment-3682\" style=\"width: 300px\" class=\"wp-caption aligncenter\"><a href=\"http:\/\/kouskeol.fr\/wp-content\/uploads\/2016\/05\/PlatierMareeBasse1.jpg\" target=\"_blank\"><img loading=\"lazy\" decoding=\"async\" class=\"wp-image-3682 size-medium\" src=\"http:\/\/kouskeol.fr\/wp-content\/uploads\/2016\/05\/PlatierMareeBasse1-300x199.jpg\" alt=\"PlatierMareeBasse1\" width=\"300\" height=\"199\" srcset=\"http:\/\/kouskeol.fr\/wp-content\/uploads\/2016\/05\/PlatierMareeBasse1-300x199.jpg 300w, http:\/\/kouskeol.fr\/wp-content\/uploads\/2016\/05\/PlatierMareeBasse1-768x508.jpg 768w, http:\/\/kouskeol.fr\/wp-content\/uploads\/2016\/05\/PlatierMareeBasse1-1024x678.jpg 1024w, http:\/\/kouskeol.fr\/wp-content\/uploads\/2016\/05\/PlatierMareeBasse1.jpg 1274w\" sizes=\"auto, (max-width: 300px) 100vw, 300px\" \/><\/a><figcaption id=\"caption-attachment-3682\" class=\"wp-caption-text\">Mar\u00e9e basse: c&rsquo;est beau comme chez nous, dis donc!<\/figcaption><\/figure>\n<p>Un club de plong\u00e9e tenu par un papalagi s\u2019est install\u00e9 sur la plage pour faire d\u00e9couvrir les beaut\u00e9s des fonds aux visiteurs. Le propri\u00e9taire nous montre une carte d\u00e9taill\u00e9e et nous recommande d\u2019aller voir le crat\u00e8re Lalo Lalo, environ trois cents m\u00e8tres de diam\u00e8tre, rempli d\u2019eau douce jusqu\u2019\u00e0 environ cinquante m\u00e8tres sous les bords verticaux du crat\u00e8re.<\/p>\n<figure id=\"attachment_3683\" aria-describedby=\"caption-attachment-3683\" style=\"width: 300px\" class=\"wp-caption aligncenter\"><a href=\"http:\/\/kouskeol.fr\/wp-content\/uploads\/2016\/05\/LaloLalo.jpg\" target=\"_blank\"><img loading=\"lazy\" decoding=\"async\" class=\"wp-image-3683 size-medium\" src=\"http:\/\/kouskeol.fr\/wp-content\/uploads\/2016\/05\/LaloLalo-300x200.jpg\" alt=\"LaloLalo\" width=\"300\" height=\"200\" srcset=\"http:\/\/kouskeol.fr\/wp-content\/uploads\/2016\/05\/LaloLalo-300x200.jpg 300w, http:\/\/kouskeol.fr\/wp-content\/uploads\/2016\/05\/LaloLalo-768x512.jpg 768w, http:\/\/kouskeol.fr\/wp-content\/uploads\/2016\/05\/LaloLalo-1024x682.jpg 1024w, http:\/\/kouskeol.fr\/wp-content\/uploads\/2016\/05\/LaloLalo.jpg 1280w\" sizes=\"auto, (max-width: 300px) 100vw, 300px\" \/><\/a><figcaption id=\"caption-attachment-3683\" class=\"wp-caption-text\">Le crat\u00e8re de Lalo Lalo.<\/figcaption><\/figure>\n<p>Les Am\u00e9ricains, avant de repartir, y auraient d\u00e9vers\u00e9 des munitions et du mat\u00e9riel qu\u2019ils ne pouvaient ou ne voulaient pas remporter.<\/p>\n<p>Les Wallisiens sont des sages\u00a0: la terre leur appartient et ne peut \u00eatre achet\u00e9e par un \u00ab\u00a0\u00e9tranger\u00a0\u00bb. Il n\u2019y a pratiquement aucune infrastructure pour accueillir des touristes. M\u00eame le Club Med, qui avait des vues sur ce lagon magnifique et non exploit\u00e9, s\u2019est fait remercier. Le fait que Wallis ne soit pas sur les routes de navigation contribue aussi \u00e0 l\u2019isolement. Le c\u00f4t\u00e9 plus sombre est l\u2019exode des jeunes, qui voient de moins en moins leur avenir sur l\u2019\u00eele pour beaucoup. Par exemple, il y a plus de trente mille Wallisiens en Nouvelle-Cal\u00e9donie (pour huit mille cinq cents sur l\u2019\u00eele).<\/p>\n<p>Il n\u2019y a pas de cin\u00e9ma et encore moins de th\u00e9\u00e2tre, quelques rares restaurants. Pas de mus\u00e9e non plus racontant l\u2019histoire de Wallis\u00a0: nous nous faisons expliquer qu\u2019ici on n\u2019a pas la culture du vestige comme en Europe. La tradition est orale, pas \u00e9crite.<\/p>\n<p>Par contre, comme toujours, il y a un grand nombre d&rsquo;\u00e9glises.<\/p>\n<p><a href=\"http:\/\/kouskeol.fr\/wp-content\/uploads\/2016\/05\/Eglise2.jpg\" target=\"_blank\"><img loading=\"lazy\" decoding=\"async\" class=\"aligncenter wp-image-3674 size-medium\" src=\"http:\/\/kouskeol.fr\/wp-content\/uploads\/2016\/05\/Eglise2-300x200.jpg\" alt=\"Eglise2\" width=\"300\" height=\"200\" srcset=\"http:\/\/kouskeol.fr\/wp-content\/uploads\/2016\/05\/Eglise2-300x200.jpg 300w, http:\/\/kouskeol.fr\/wp-content\/uploads\/2016\/05\/Eglise2-768x512.jpg 768w, http:\/\/kouskeol.fr\/wp-content\/uploads\/2016\/05\/Eglise2-1024x682.jpg 1024w, http:\/\/kouskeol.fr\/wp-content\/uploads\/2016\/05\/Eglise2.jpg 1280w\" sizes=\"auto, (max-width: 300px) 100vw, 300px\" \/><\/a><\/p>\n<figure id=\"attachment_3675\" aria-describedby=\"caption-attachment-3675\" style=\"width: 300px\" class=\"wp-caption aligncenter\"><a href=\"http:\/\/kouskeol.fr\/wp-content\/uploads\/2016\/05\/EglisePhare.jpg\" target=\"_blank\"><img loading=\"lazy\" decoding=\"async\" class=\"wp-image-3675 size-medium\" src=\"http:\/\/kouskeol.fr\/wp-content\/uploads\/2016\/05\/EglisePhare-300x225.jpg\" alt=\"EglisePhare\" width=\"300\" height=\"225\" srcset=\"http:\/\/kouskeol.fr\/wp-content\/uploads\/2016\/05\/EglisePhare-300x225.jpg 300w, http:\/\/kouskeol.fr\/wp-content\/uploads\/2016\/05\/EglisePhare-768x576.jpg 768w, http:\/\/kouskeol.fr\/wp-content\/uploads\/2016\/05\/EglisePhare-1024x768.jpg 1024w, http:\/\/kouskeol.fr\/wp-content\/uploads\/2016\/05\/EglisePhare.jpg 1280w\" sizes=\"auto, (max-width: 300px) 100vw, 300px\" \/><\/a><figcaption id=\"caption-attachment-3675\" class=\"wp-caption-text\">Eglise ou phare? Amer remarquable dans tous les cas.<\/figcaption><\/figure>\n<figure id=\"attachment_3676\" aria-describedby=\"caption-attachment-3676\" style=\"width: 300px\" class=\"wp-caption aligncenter\"><a href=\"http:\/\/kouskeol.fr\/wp-content\/uploads\/2016\/05\/EgliseVaimalau.jpg\" target=\"_blank\"><img loading=\"lazy\" decoding=\"async\" class=\"wp-image-3676 size-medium\" src=\"http:\/\/kouskeol.fr\/wp-content\/uploads\/2016\/05\/EgliseVaimalau-300x225.jpg\" alt=\"EgliseVaimalau\" width=\"300\" height=\"225\" srcset=\"http:\/\/kouskeol.fr\/wp-content\/uploads\/2016\/05\/EgliseVaimalau-300x225.jpg 300w, http:\/\/kouskeol.fr\/wp-content\/uploads\/2016\/05\/EgliseVaimalau-768x576.jpg 768w, http:\/\/kouskeol.fr\/wp-content\/uploads\/2016\/05\/EgliseVaimalau-1024x768.jpg 1024w, http:\/\/kouskeol.fr\/wp-content\/uploads\/2016\/05\/EgliseVaimalau.jpg 1280w\" sizes=\"auto, (max-width: 300px) 100vw, 300px\" \/><\/a><figcaption id=\"caption-attachment-3676\" class=\"wp-caption-text\">L&rsquo;\u00e9glise de Vaimalau, autre amer remarquable.<\/figcaption><\/figure>\n<p>Nous continuons notre tour pour finir au SuperU (eh oui) et profiter de la voiture pour faire le plein de nos jerrycans de gas-oil et racheter des bidons d\u2019eau potable.<\/p>\n<p>Nous rencontrons un couple d\u2019expatri\u00e9s, Philippe et Catherine, lui retrait\u00e9 et elle prof de sport au coll\u00e8ge\u00a0: ils nous invitent \u00e0 un ap\u00e9ro qui se transforme rapidement en repas. Nous devrions nous revoir pour aller compl\u00e9ter notre visite de l\u2019\u00eele.<\/p>\n<p><b>27 mai<\/b>. Nous nous d\u00e9pla\u00e7ons vers la barri\u00e8re du lagon pour une plong\u00e9e dans le Trou de la Tortue, une cavit\u00e9 d\u2019une vingtaine de m\u00e8tres de profondeur, \u00e0 la limite de l\u2019atoll. Les poissons sont jolis, mais le corail semble avoir un peu souffert.<\/p>\n<figure id=\"attachment_3694\" aria-describedby=\"caption-attachment-3694\" style=\"width: 300px\" class=\"wp-caption aligncenter\"><a href=\"http:\/\/kouskeol.fr\/wp-content\/uploads\/2016\/05\/TrouTortue.jpg\" target=\"_blank\"><img loading=\"lazy\" decoding=\"async\" class=\"wp-image-3694 size-medium\" src=\"http:\/\/kouskeol.fr\/wp-content\/uploads\/2016\/05\/TrouTortue-300x204.jpg\" alt=\"OLYMPUS DIGITAL CAMERA\" width=\"300\" height=\"204\" srcset=\"http:\/\/kouskeol.fr\/wp-content\/uploads\/2016\/05\/TrouTortue-300x204.jpg 300w, http:\/\/kouskeol.fr\/wp-content\/uploads\/2016\/05\/TrouTortue-768x523.jpg 768w, http:\/\/kouskeol.fr\/wp-content\/uploads\/2016\/05\/TrouTortue-1024x697.jpg 1024w, http:\/\/kouskeol.fr\/wp-content\/uploads\/2016\/05\/TrouTortue.jpg 1278w\" sizes=\"auto, (max-width: 300px) 100vw, 300px\" \/><\/a><figcaption id=\"caption-attachment-3694\" class=\"wp-caption-text\">Le trou de la tortue et l\u2019\u00eelot de Nukuhione.<\/figcaption><\/figure>\n<p><a href=\"http:\/\/kouskeol.fr\/wp-content\/uploads\/2016\/05\/IMG_0118-1280x960.jpg\" target=\"_blank\"><img loading=\"lazy\" decoding=\"async\" class=\"aligncenter wp-image-3678 size-medium\" src=\"http:\/\/kouskeol.fr\/wp-content\/uploads\/2016\/05\/IMG_0118-1280x960-300x225.jpg\" alt=\"IMG_0118 (1280x960)\" width=\"300\" height=\"225\" srcset=\"http:\/\/kouskeol.fr\/wp-content\/uploads\/2016\/05\/IMG_0118-1280x960-300x225.jpg 300w, http:\/\/kouskeol.fr\/wp-content\/uploads\/2016\/05\/IMG_0118-1280x960-768x576.jpg 768w, http:\/\/kouskeol.fr\/wp-content\/uploads\/2016\/05\/IMG_0118-1280x960-1024x768.jpg 1024w, http:\/\/kouskeol.fr\/wp-content\/uploads\/2016\/05\/IMG_0118-1280x960.jpg 1280w\" sizes=\"auto, (max-width: 300px) 100vw, 300px\" \/><\/a><\/p>\n<p><a href=\"http:\/\/kouskeol.fr\/wp-content\/uploads\/2016\/05\/IMG_0140-1280x960.jpg\" target=\"_blank\"><img loading=\"lazy\" decoding=\"async\" class=\"aligncenter wp-image-3679 size-medium\" src=\"http:\/\/kouskeol.fr\/wp-content\/uploads\/2016\/05\/IMG_0140-1280x960-300x225.jpg\" alt=\"IMG_0140 (1280x960)\" width=\"300\" height=\"225\" srcset=\"http:\/\/kouskeol.fr\/wp-content\/uploads\/2016\/05\/IMG_0140-1280x960-300x225.jpg 300w, http:\/\/kouskeol.fr\/wp-content\/uploads\/2016\/05\/IMG_0140-1280x960-768x576.jpg 768w, http:\/\/kouskeol.fr\/wp-content\/uploads\/2016\/05\/IMG_0140-1280x960-1024x768.jpg 1024w, http:\/\/kouskeol.fr\/wp-content\/uploads\/2016\/05\/IMG_0140-1280x960.jpg 1278w\" sizes=\"auto, (max-width: 300px) 100vw, 300px\" \/><\/a><\/p>\n<p><a href=\"http:\/\/kouskeol.fr\/wp-content\/uploads\/2016\/05\/IMG_0110-1280x960.jpg\" target=\"_blank\"><img loading=\"lazy\" decoding=\"async\" class=\"aligncenter wp-image-3677 size-medium\" src=\"http:\/\/kouskeol.fr\/wp-content\/uploads\/2016\/05\/IMG_0110-1280x960-300x225.jpg\" alt=\"IMG_0110 (1280x960)\" width=\"300\" height=\"225\" srcset=\"http:\/\/kouskeol.fr\/wp-content\/uploads\/2016\/05\/IMG_0110-1280x960-300x225.jpg 300w, http:\/\/kouskeol.fr\/wp-content\/uploads\/2016\/05\/IMG_0110-1280x960-768x576.jpg 768w, http:\/\/kouskeol.fr\/wp-content\/uploads\/2016\/05\/IMG_0110-1280x960-1024x768.jpg 1024w, http:\/\/kouskeol.fr\/wp-content\/uploads\/2016\/05\/IMG_0110-1280x960.jpg 1280w\" sizes=\"auto, (max-width: 300px) 100vw, 300px\" \/><\/a><\/p>\n<p>Les petits motus ont de magnifiques plages de sable blanc.<\/p>\n<p><a href=\"http:\/\/kouskeol.fr\/wp-content\/uploads\/2016\/05\/Motu2.jpg\" target=\"_blank\"><img loading=\"lazy\" decoding=\"async\" class=\"aligncenter wp-image-3680 size-medium\" src=\"http:\/\/kouskeol.fr\/wp-content\/uploads\/2016\/05\/Motu2-300x220.jpg\" alt=\"Motu2\" width=\"300\" height=\"220\" srcset=\"http:\/\/kouskeol.fr\/wp-content\/uploads\/2016\/05\/Motu2-300x220.jpg 300w, http:\/\/kouskeol.fr\/wp-content\/uploads\/2016\/05\/Motu2-768x564.jpg 768w, http:\/\/kouskeol.fr\/wp-content\/uploads\/2016\/05\/Motu2-1024x752.jpg 1024w, http:\/\/kouskeol.fr\/wp-content\/uploads\/2016\/05\/Motu2.jpg 1250w\" sizes=\"auto, (max-width: 300px) 100vw, 300px\" \/><\/a><\/p>\n<p>Uvea par contre n\u2019a pratiquement pas de plage de sable\u00a0: nous apprendrons que ce dernier a \u00e9t\u00e9 surexploit\u00e9 pour la construction, qui a provoqu\u00e9 la disparition des plages que des anciens Wallisiens nous disent avoir connu du temps de leur jeunesse.<\/p>\n<p>Nous rencontrons enfin Tomy, le Wallisien copain de Bernard et qui a jou\u00e9 au rugby avec lui \u00e0 Antibes. La soir\u00e9e va passer \u00e0 se rappeler les souvenirs communs, \u00e0 essayer d\u2019en savoir un peu plus sur Wallis, et \u00e0 d\u00e9guster les plats locaux qui avaient \u00e9t\u00e9 pr\u00e9par\u00e9s\u00a0: salade de perroquet cru au lait de coco, poulpe, taro, arbre \u00e0 pain.<\/p>\n<figure id=\"attachment_3688\" aria-describedby=\"caption-attachment-3688\" style=\"width: 300px\" class=\"wp-caption aligncenter\"><a href=\"http:\/\/kouskeol.fr\/wp-content\/uploads\/2016\/05\/Tomy1.jpg\" target=\"_blank\"><img loading=\"lazy\" decoding=\"async\" class=\"wp-image-3688 size-medium\" src=\"http:\/\/kouskeol.fr\/wp-content\/uploads\/2016\/05\/Tomy1-300x220.jpg\" alt=\"Tomy1\" width=\"300\" height=\"220\" srcset=\"http:\/\/kouskeol.fr\/wp-content\/uploads\/2016\/05\/Tomy1-300x220.jpg 300w, http:\/\/kouskeol.fr\/wp-content\/uploads\/2016\/05\/Tomy1-768x564.jpg 768w, http:\/\/kouskeol.fr\/wp-content\/uploads\/2016\/05\/Tomy1-1024x752.jpg 1024w, http:\/\/kouskeol.fr\/wp-content\/uploads\/2016\/05\/Tomy1.jpg 1248w\" sizes=\"auto, (max-width: 300px) 100vw, 300px\" \/><\/a><figcaption id=\"caption-attachment-3688\" class=\"wp-caption-text\">Photo sp\u00e9ciale Bernard&#8230;<\/figcaption><\/figure>\n<figure id=\"attachment_3687\" aria-describedby=\"caption-attachment-3687\" style=\"width: 300px\" class=\"wp-caption aligncenter\"><a href=\"http:\/\/kouskeol.fr\/wp-content\/uploads\/2016\/05\/CCWG5394-1280x960.jpg\" target=\"_blank\"><img loading=\"lazy\" decoding=\"async\" class=\"wp-image-3687 size-medium\" src=\"http:\/\/kouskeol.fr\/wp-content\/uploads\/2016\/05\/CCWG5394-1280x960-300x225.jpg\" alt=\"CCWG5394 (1280x960)\" width=\"300\" height=\"225\" srcset=\"http:\/\/kouskeol.fr\/wp-content\/uploads\/2016\/05\/CCWG5394-1280x960-300x225.jpg 300w, http:\/\/kouskeol.fr\/wp-content\/uploads\/2016\/05\/CCWG5394-1280x960-768x575.jpg 768w, http:\/\/kouskeol.fr\/wp-content\/uploads\/2016\/05\/CCWG5394-1280x960-1024x767.jpg 1024w, http:\/\/kouskeol.fr\/wp-content\/uploads\/2016\/05\/CCWG5394-1280x960.jpg 1274w\" sizes=\"auto, (max-width: 300px) 100vw, 300px\" \/><\/a><figcaption id=\"caption-attachment-3687\" class=\"wp-caption-text\">Sp\u00e9ciale Bernard 2.<\/figcaption><\/figure>\n<figure id=\"attachment_3689\" aria-describedby=\"caption-attachment-3689\" style=\"width: 300px\" class=\"wp-caption aligncenter\"><a href=\"http:\/\/kouskeol.fr\/wp-content\/uploads\/2016\/05\/TomyLelanie.jpg\" target=\"_blank\"><img loading=\"lazy\" decoding=\"async\" class=\"wp-image-3689 size-medium\" src=\"http:\/\/kouskeol.fr\/wp-content\/uploads\/2016\/05\/TomyLelanie-300x225.jpg\" alt=\"TomyLelanie\" width=\"300\" height=\"225\" srcset=\"http:\/\/kouskeol.fr\/wp-content\/uploads\/2016\/05\/TomyLelanie-300x225.jpg 300w, http:\/\/kouskeol.fr\/wp-content\/uploads\/2016\/05\/TomyLelanie-768x576.jpg 768w, http:\/\/kouskeol.fr\/wp-content\/uploads\/2016\/05\/TomyLelanie-1024x768.jpg 1024w, http:\/\/kouskeol.fr\/wp-content\/uploads\/2016\/05\/TomyLelanie.jpg 1280w\" sizes=\"auto, (max-width: 300px) 100vw, 300px\" \/><\/a><figcaption id=\"caption-attachment-3689\" class=\"wp-caption-text\">Tomy et sa fille L\u00e9lanie.<\/figcaption><\/figure>\n<figure id=\"attachment_3782\" aria-describedby=\"caption-attachment-3782\" style=\"width: 300px\" class=\"wp-caption aligncenter\"><a href=\"http:\/\/kouskeol.fr\/wp-content\/uploads\/2016\/05\/MAisonTomy.jpg\" target=\"_blank\"><img loading=\"lazy\" decoding=\"async\" class=\"wp-image-3782 size-medium\" src=\"http:\/\/kouskeol.fr\/wp-content\/uploads\/2016\/05\/MAisonTomy-300x224.jpg\" alt=\"MAisonTomy\" width=\"300\" height=\"224\" srcset=\"http:\/\/kouskeol.fr\/wp-content\/uploads\/2016\/05\/MAisonTomy-300x224.jpg 300w, http:\/\/kouskeol.fr\/wp-content\/uploads\/2016\/05\/MAisonTomy-768x574.jpg 768w, http:\/\/kouskeol.fr\/wp-content\/uploads\/2016\/05\/MAisonTomy-1024x765.jpg 1024w, http:\/\/kouskeol.fr\/wp-content\/uploads\/2016\/05\/MAisonTomy.jpg 1272w\" sizes=\"auto, (max-width: 300px) 100vw, 300px\" \/><\/a><figcaption id=\"caption-attachment-3782\" class=\"wp-caption-text\">La belle maison de Tomy.<\/figcaption><\/figure>\n<p>18 heures\u00a0: c\u2019est l\u2019\u00e9pouse de Tomy qui nous emm\u00e8ne \u00e0 l\u2019a\u00e9roport y d\u00e9poser Maurice, pour qui la croisi\u00e8re se termine ici. Presque un mois ensembles sur Kousk Eol, \u00e7a laisse des traces\u00a0! Nous verrons si les le\u00e7ons de p\u00eache auront \u00e9t\u00e9 assimil\u00e9es, et si nous serons capables de faire aussi bien.<\/p>\n<p><b>28 mai<\/b>\u00a0: journ\u00e9e tranquille de nettoyage et bricolage. Nous faisons tout de m\u00eame un petit tour \u00e0 terre pour essayer, sans succ\u00e8s, de se connecter \u00e0 Internet. Et nous tombons sur Philippe et Catherine, qui du coup viendront manger ce soir sur Kousk Eol.<\/p>\n<p>Et qui passent nous prendre le lendemain avec leur bateau \u00e0 moteur pour nager vers le Trou du Diable, pas loin du Tour de la Tortue o\u00f9 nous \u00e9tions all\u00e9s\u00a0: on dirait un tombant \u00e0 l\u2019int\u00e9rieur du lagon, qui descend presque verticalement jusqu\u2019\u00e0 une trentaine de m\u00e8tres. De nouveau plein de jolis poissons multicolores, et \u00e9videmment aucun des appareils photo \u00e9tanches ne fonctionnent\u2026 A la mi-journ\u00e9e, nous nous arr\u00eatons sur l\u2019\u00eelot Nukuhione (je rappelle que le \u00ab\u00a0u\u00a0\u00bb se prononce \u00ab\u00a0ou\u00a0\u00bb) pour pique-niquer, avant d\u2019aller prendre le caf\u00e9 en terrasse sur Kousk Eol.<\/p>\n<figure id=\"attachment_3696\" aria-describedby=\"caption-attachment-3696\" style=\"width: 300px\" class=\"wp-caption aligncenter\"><a href=\"http:\/\/kouskeol.fr\/wp-content\/uploads\/2016\/05\/Motu1.jpg\" target=\"_blank\"><img loading=\"lazy\" decoding=\"async\" class=\"wp-image-3696 size-medium\" src=\"http:\/\/kouskeol.fr\/wp-content\/uploads\/2016\/05\/Motu1-300x224.jpg\" alt=\"Motu1\" width=\"300\" height=\"224\" srcset=\"http:\/\/kouskeol.fr\/wp-content\/uploads\/2016\/05\/Motu1-300x224.jpg 300w, http:\/\/kouskeol.fr\/wp-content\/uploads\/2016\/05\/Motu1-768x574.jpg 768w, http:\/\/kouskeol.fr\/wp-content\/uploads\/2016\/05\/Motu1-1024x766.jpg 1024w, http:\/\/kouskeol.fr\/wp-content\/uploads\/2016\/05\/Motu1.jpg 1278w\" sizes=\"auto, (max-width: 300px) 100vw, 300px\" \/><\/a><figcaption id=\"caption-attachment-3696\" class=\"wp-caption-text\">Nukuhione.<\/figcaption><\/figure>\n<figure id=\"attachment_3697\" aria-describedby=\"caption-attachment-3697\" style=\"width: 300px\" class=\"wp-caption aligncenter\"><a href=\"http:\/\/kouskeol.fr\/wp-content\/uploads\/2016\/05\/P5150350-1280x960.jpg\" target=\"_blank\"><img loading=\"lazy\" decoding=\"async\" class=\"wp-image-3697 size-medium\" src=\"http:\/\/kouskeol.fr\/wp-content\/uploads\/2016\/05\/P5150350-1280x960-300x225.jpg\" alt=\"OLYMPUS DIGITAL CAMERA\" width=\"300\" height=\"225\" srcset=\"http:\/\/kouskeol.fr\/wp-content\/uploads\/2016\/05\/P5150350-1280x960-300x225.jpg 300w, http:\/\/kouskeol.fr\/wp-content\/uploads\/2016\/05\/P5150350-1280x960-768x576.jpg 768w, http:\/\/kouskeol.fr\/wp-content\/uploads\/2016\/05\/P5150350-1280x960-1024x768.jpg 1024w, http:\/\/kouskeol.fr\/wp-content\/uploads\/2016\/05\/P5150350-1280x960.jpg 1280w\" sizes=\"auto, (max-width: 300px) 100vw, 300px\" \/><\/a><figcaption id=\"caption-attachment-3697\" class=\"wp-caption-text\">Petits poissons&#8230;<\/figcaption><\/figure>\n<figure id=\"attachment_3698\" aria-describedby=\"caption-attachment-3698\" style=\"width: 300px\" class=\"wp-caption aligncenter\"><a href=\"http:\/\/kouskeol.fr\/wp-content\/uploads\/2016\/05\/P5150361-1280x960.jpg\" target=\"_blank\"><img loading=\"lazy\" decoding=\"async\" class=\"wp-image-3698 size-medium\" src=\"http:\/\/kouskeol.fr\/wp-content\/uploads\/2016\/05\/P5150361-1280x960-300x222.jpg\" alt=\"OLYMPUS DIGITAL CAMERA\" width=\"300\" height=\"222\" srcset=\"http:\/\/kouskeol.fr\/wp-content\/uploads\/2016\/05\/P5150361-1280x960-300x222.jpg 300w, http:\/\/kouskeol.fr\/wp-content\/uploads\/2016\/05\/P5150361-1280x960-768x569.jpg 768w, http:\/\/kouskeol.fr\/wp-content\/uploads\/2016\/05\/P5150361-1280x960-1024x759.jpg 1024w, http:\/\/kouskeol.fr\/wp-content\/uploads\/2016\/05\/P5150361-1280x960.jpg 1260w\" sizes=\"auto, (max-width: 300px) 100vw, 300px\" \/><\/a><figcaption id=\"caption-attachment-3698\" class=\"wp-caption-text\">Encore&#8230;<\/figcaption><\/figure>\n<figure id=\"attachment_3699\" aria-describedby=\"caption-attachment-3699\" style=\"width: 300px\" class=\"wp-caption aligncenter\"><a href=\"http:\/\/kouskeol.fr\/wp-content\/uploads\/2016\/05\/P5150368-1280x960.jpg\" target=\"_blank\"><img loading=\"lazy\" decoding=\"async\" class=\"wp-image-3699 size-medium\" src=\"http:\/\/kouskeol.fr\/wp-content\/uploads\/2016\/05\/P5150368-1280x960-300x225.jpg\" alt=\"OLYMPUS DIGITAL CAMERA\" width=\"300\" height=\"225\" srcset=\"http:\/\/kouskeol.fr\/wp-content\/uploads\/2016\/05\/P5150368-1280x960-300x225.jpg 300w, http:\/\/kouskeol.fr\/wp-content\/uploads\/2016\/05\/P5150368-1280x960-768x576.jpg 768w, http:\/\/kouskeol.fr\/wp-content\/uploads\/2016\/05\/P5150368-1280x960-1024x768.jpg 1024w, http:\/\/kouskeol.fr\/wp-content\/uploads\/2016\/05\/P5150368-1280x960.jpg 1280w\" sizes=\"auto, (max-width: 300px) 100vw, 300px\" \/><\/a><figcaption id=\"caption-attachment-3699\" class=\"wp-caption-text\">Et encore&#8230;<\/figcaption><\/figure>\n<figure id=\"attachment_3703\" aria-describedby=\"caption-attachment-3703\" style=\"width: 223px\" class=\"wp-caption aligncenter\"><a href=\"http:\/\/kouskeol.fr\/wp-content\/uploads\/2016\/05\/Tombant.jpg\" target=\"_blank\"><img loading=\"lazy\" decoding=\"async\" class=\"wp-image-3703 size-medium\" src=\"http:\/\/kouskeol.fr\/wp-content\/uploads\/2016\/05\/Tombant-223x300.jpg\" alt=\"OLYMPUS DIGITAL CAMERA\" width=\"223\" height=\"300\" srcset=\"http:\/\/kouskeol.fr\/wp-content\/uploads\/2016\/05\/Tombant-223x300.jpg 223w, http:\/\/kouskeol.fr\/wp-content\/uploads\/2016\/05\/Tombant-768x1035.jpg 768w, http:\/\/kouskeol.fr\/wp-content\/uploads\/2016\/05\/Tombant-760x1024.jpg 760w, http:\/\/kouskeol.fr\/wp-content\/uploads\/2016\/05\/Tombant.jpg 938w\" sizes=\"auto, (max-width: 223px) 100vw, 223px\" \/><\/a><figcaption id=\"caption-attachment-3703\" class=\"wp-caption-text\">Tombant dans le Trou du Diable.<\/figcaption><\/figure>\n<p><b>30 mai<\/b>. Le matin est d\u00e9di\u00e9 aux formalit\u00e9s de sortie et aux course, et l&rsquo;apr\u00e8s-midi nous retournons au crat\u00e8re de Lalo Lalo avec Philippe et Catherine, cette fois pour nous y baigner&#8230;<\/p>\n<p><a href=\"http:\/\/kouskeol.fr\/wp-content\/uploads\/2016\/05\/Lalolalo1.jpg\" target=\"_blank\"><img loading=\"lazy\" decoding=\"async\" class=\"aligncenter wp-image-3700 size-medium\" src=\"http:\/\/kouskeol.fr\/wp-content\/uploads\/2016\/05\/Lalolalo1-300x225.jpg\" alt=\"Lalolalo1\" width=\"300\" height=\"225\" srcset=\"http:\/\/kouskeol.fr\/wp-content\/uploads\/2016\/05\/Lalolalo1-300x225.jpg 300w, http:\/\/kouskeol.fr\/wp-content\/uploads\/2016\/05\/Lalolalo1-768x576.jpg 768w, http:\/\/kouskeol.fr\/wp-content\/uploads\/2016\/05\/Lalolalo1-1024x768.jpg 1024w, http:\/\/kouskeol.fr\/wp-content\/uploads\/2016\/05\/Lalolalo1.jpg 1278w\" sizes=\"auto, (max-width: 300px) 100vw, 300px\" \/><\/a><\/p>\n<p><a href=\"http:\/\/kouskeol.fr\/wp-content\/uploads\/2016\/05\/Lalolalo2.jpg\" target=\"_blank\"><img loading=\"lazy\" decoding=\"async\" class=\"aligncenter wp-image-3701 size-medium\" src=\"http:\/\/kouskeol.fr\/wp-content\/uploads\/2016\/05\/Lalolalo2-300x225.jpg\" alt=\"Lalolalo2\" width=\"300\" height=\"225\" srcset=\"http:\/\/kouskeol.fr\/wp-content\/uploads\/2016\/05\/Lalolalo2-300x225.jpg 300w, http:\/\/kouskeol.fr\/wp-content\/uploads\/2016\/05\/Lalolalo2-768x575.jpg 768w, http:\/\/kouskeol.fr\/wp-content\/uploads\/2016\/05\/Lalolalo2-1024x767.jpg 1024w, http:\/\/kouskeol.fr\/wp-content\/uploads\/2016\/05\/Lalolalo2.jpg 1276w\" sizes=\"auto, (max-width: 300px) 100vw, 300px\" \/><\/a><\/p>\n<p>Nous profitons aussi de l&rsquo;apr\u00e8s-midi pour visiter les ruines d&rsquo;un fort tongien.<\/p>\n<p><a href=\"http:\/\/kouskeol.fr\/wp-content\/uploads\/2016\/05\/FortTongien.jpg\" target=\"_blank\"><img loading=\"lazy\" decoding=\"async\" class=\"aligncenter wp-image-3702 size-medium\" src=\"http:\/\/kouskeol.fr\/wp-content\/uploads\/2016\/05\/FortTongien-300x225.jpg\" alt=\"FortTongien\" width=\"300\" height=\"225\" srcset=\"http:\/\/kouskeol.fr\/wp-content\/uploads\/2016\/05\/FortTongien-300x225.jpg 300w, http:\/\/kouskeol.fr\/wp-content\/uploads\/2016\/05\/FortTongien-768x576.jpg 768w, http:\/\/kouskeol.fr\/wp-content\/uploads\/2016\/05\/FortTongien-1024x768.jpg 1024w, http:\/\/kouskeol.fr\/wp-content\/uploads\/2016\/05\/FortTongien.jpg 1280w\" sizes=\"auto, (max-width: 300px) 100vw, 300px\" \/><\/a><\/p>\n<p>Demain, nous partons quittons Wallis. Les prochaines \u00e9tapes seront Futuna, la \u00ab\u00a0s\u0153ur\u00a0\u00bb de Wallis, puis quelques-unes des tr\u00e8s nombreuses \u00eeles des Fidji, avant celles du Vanuatu, pour arriver \u00e0 Noum\u00e9a vers la fin juin pour r\u00e9ceptionner MarieJo et Cathy. Point, donc, d&rsquo;amoncellement de coquecigrues pendant quelque temps: nous ne devrions pas avoir acc\u00e8s \u00e0 la toile mondiale tr\u00e8s souvent. Profitez-en pour redonner des couleurs \u00e0 vos neurones!<\/p>\n<p>PS: certaines des photos (forc\u00e9ment les plus belles) nous ont \u00e9t\u00e9 donn\u00e9es par Philippe et Catherine.<\/p>\n<div id=\"sdfootnote1\">\n<p class=\"sdfootnote\"><em><a class=\"sdfootnotesym\" href=\"#sdfootnote1anc\" name=\"sdfootnote1sym\">1<\/a>&#8211;\u00a0Le kava est \u00e0 la fois une plante sacr\u00e9e et une boisson utilis\u00e9e lors des c\u00e9r\u00e9monies\u00a0: on pr\u00e9sente l\u2019arbre au roi avant d\u2019aller le replanter, puis on avale le breuvage.<\/em><\/p>\n<\/div>\n<div id=\"sdfootnote2\">\n<p class=\"sdfootnote\"><em><a class=\"sdfootnotesym\" href=\"#sdfootnote2anc\" name=\"sdfootnote2sym\">2<\/a>&#8211;\u00a0Les papalagis (prononcer\u00a0: papalanis) sont le nom walisien des Europ\u00e9ens vivant sur l\u2019\u00eele.<\/em><\/p>\n<\/div>\n","protected":false},"excerpt":{"rendered":"<p>La premi\u00e8re fois que j\u2019ai entendu parler de Wallis (et sa s\u0153ur Futuna), c\u2019est en regardant la collection de timbres de mon grand-p\u00e8re quand j\u2019avais une dizaine d\u2019ann\u00e9es. Je ne comprenais pas alors qu\u2019on puisse faire des timbres pour des bouts de terre qu\u2019on ne pouvait m\u00eame pas distinguer sur un planisph\u00e8re\u2026 Du coup, y &hellip; <a href=\"http:\/\/kouskeol.fr\/?p=3658\" class=\"more-link\">Continuer la lecture de <span class=\"screen-reader-text\">Wallis<\/span>  <span class=\"meta-nav\">&rarr;<\/span><\/a><\/p>\n","protected":false},"author":1,"featured_media":0,"comment_status":"open","ping_status":"open","sticky":false,"template":"","format":"standard","meta":{"ngg_post_thumbnail":0,"footnotes":""},"categories":[8,55,63],"tags":[],"class_list":["post-3658","post","type-post","status-publish","format-standard","hentry","category-voyage","category-pacifique","category-polynesie"],"_links":{"self":[{"href":"http:\/\/kouskeol.fr\/index.php?rest_route=\/wp\/v2\/posts\/3658","targetHints":{"allow":["GET"]}}],"collection":[{"href":"http:\/\/kouskeol.fr\/index.php?rest_route=\/wp\/v2\/posts"}],"about":[{"href":"http:\/\/kouskeol.fr\/index.php?rest_route=\/wp\/v2\/types\/post"}],"author":[{"embeddable":true,"href":"http:\/\/kouskeol.fr\/index.php?rest_route=\/wp\/v2\/users\/1"}],"replies":[{"embeddable":true,"href":"http:\/\/kouskeol.fr\/index.php?rest_route=%2Fwp%2Fv2%2Fcomments&post=3658"}],"version-history":[{"count":6,"href":"http:\/\/kouskeol.fr\/index.php?rest_route=\/wp\/v2\/posts\/3658\/revisions"}],"predecessor-version":[{"id":3784,"href":"http:\/\/kouskeol.fr\/index.php?rest_route=\/wp\/v2\/posts\/3658\/revisions\/3784"}],"wp:attachment":[{"href":"http:\/\/kouskeol.fr\/index.php?rest_route=%2Fwp%2Fv2%2Fmedia&parent=3658"}],"wp:term":[{"taxonomy":"category","embeddable":true,"href":"http:\/\/kouskeol.fr\/index.php?rest_route=%2Fwp%2Fv2%2Fcategories&post=3658"},{"taxonomy":"post_tag","embeddable":true,"href":"http:\/\/kouskeol.fr\/index.php?rest_route=%2Fwp%2Fv2%2Ftags&post=3658"}],"curies":[{"name":"wp","href":"https:\/\/api.w.org\/{rel}","templated":true}]}}