{"id":3715,"date":"2016-06-01T06:39:01","date_gmt":"2016-06-01T05:39:01","guid":{"rendered":"http:\/\/kouskeol.fr\/?p=3715"},"modified":"2016-06-01T06:39:01","modified_gmt":"2016-06-01T05:39:01","slug":"de-wallis-a-futuna","status":"publish","type":"post","link":"http:\/\/kouskeol.fr\/?p=3715","title":{"rendered":"De Wallis \u00e0 Futuna"},"content":{"rendered":"<p><b>Lundi 30 mai<\/b>. Derni\u00e8re soir\u00e9e avec Philippe et Catherine qui ont pris grand soin de nous lors de notre s\u00e9jour \u00e0 Wallis\u00a0: Philippe avait enregistr\u00e9 le match de rugby du Top 14 entre Toulon et Montpellier. Et donc impossible pour Andr\u00e9 de rater \u00e7a\u2026 M\u00eame si Toulon n\u2019a pas gagn\u00e9.<\/p>\n<p><b>Mardi 31 mai<\/b>. Nous nous pr\u00e9parons \u00e0 partir pour Futuna. Derni\u00e8re vir\u00e9e \u00e0 terre pour laisser un mot \u00e0 Tomy et acheter des entrec\u00f4tes NZ\u00a0: \u00e7a nous changera un peu du poisson. La viande, tr\u00e8s bonne, est un des rares produits \u00e0 \u00eatre moins cher qu\u2019en m\u00e9tropole.<\/p>\n<p>Il y a \u00e0 peu pr\u00e8s cent vingt milles jusqu\u2019\u00e0 Futuna, et le vent d\u2019est autour de vingt n\u0153uds est favorable\u00a0: il faudra surveiller notre progression pour ne pas arriver de nuit\u00a0! Vers dix heures, l\u2019ancre est lev\u00e9e et la grand-voile hiss\u00e9e avec un ris, puis un demi-g\u00e9nois\u00a0: nous somme d\u00e9j\u00e0 \u00e0 plus de huit n\u0153uds dans le lagon. Un peu plus d\u2019une heure apr\u00e8s, la passe de Honikulu est franchie, toujours \u00e0 la voile, \u00e0 presque sept n\u0153uds\u00a0: le courant de face est relativement faible et il n\u2019y a pratiquement pas de houle.<\/p>\n<figure id=\"attachment_3716\" aria-describedby=\"caption-attachment-3716\" style=\"width: 300px\" class=\"wp-caption aligncenter\"><a href=\"http:\/\/kouskeol.fr\/wp-content\/uploads\/2016\/06\/WallisAuLoin.jpg\" target=\"_blank\"><img loading=\"lazy\" decoding=\"async\" class=\"wp-image-3716 size-medium\" src=\"http:\/\/kouskeol.fr\/wp-content\/uploads\/2016\/06\/WallisAuLoin-300x217.jpg\" alt=\"WallisAuLoin\" width=\"300\" height=\"217\" srcset=\"http:\/\/kouskeol.fr\/wp-content\/uploads\/2016\/06\/WallisAuLoin-300x217.jpg 300w, http:\/\/kouskeol.fr\/wp-content\/uploads\/2016\/06\/WallisAuLoin-768x556.jpg 768w, http:\/\/kouskeol.fr\/wp-content\/uploads\/2016\/06\/WallisAuLoin-1024x742.jpg 1024w, http:\/\/kouskeol.fr\/wp-content\/uploads\/2016\/06\/WallisAuLoin.jpg 1234w\" sizes=\"auto, (max-width: 300px) 100vw, 300px\" \/><\/a><figcaption id=\"caption-attachment-3716\" class=\"wp-caption-text\">Wallis au loin&#8230;<\/figcaption><\/figure>\n<p>Maurice est maintenant rentr\u00e9 depuis quelques jours\u00a0: nous l\u2019avons eu au t\u00e9l\u00e9phone. Il faisait 16\u00b0 \u00e0 Noum\u00e9a \u00e0 22h\u00a0: les h\u00f4tels \u00e9tant plein, il a pass\u00e9 sa nuit d\u2019escale dans une voiture de location\u2026 Il nous a encore remerci\u00e9 pour le mois pass\u00e9 ensembles \u00e0 naviguer, et nous a dit qu\u2019il allait proposer \u00e0 C\u00e9cile une nouvelle peine de substitution\u00a0: un mois \u00e0 bord Kousk Eol pour un petit d\u00e9lit, deux mois si le d\u00e9lit est plus important, etc. Et que \u00e7a devrait soit disant calmer grave les apprentis d\u00e9linquants. J\u2019avoue qu\u2019on n\u2019est pas s\u00fbr d\u2019avoir bien compris\u2026<\/p>\n<p>Bref\u00a0: nous nous retrouvons donc entre fr\u00e8res pour la suite.<\/p>\n<p><b>Mercredi 1<\/b><sup><b>er<\/b><\/sup><b> juin<\/b>, quatre heures\u00a0: nous allons trop vite si nous voulons arriver de jour\u00a0! Comme nous avons d\u00e9j\u00e0 un tiers de g\u00e9nois et deux ris dans la grand-voile, nous tirons des bords de largue dans une houle maintenant bien form\u00e9e mais courte. Le vent est maintenant mont\u00e9 \u00e0 vingt-cinq n\u0153uds. Nous filons toujours \u00e0 plus de huit n\u0153uds, et le bateau roule inconfortablement. Difficile de dormir\u00a0!<\/p>\n<p>La classe affaire sur Kousk Eol n\u2019est d\u00e9cid\u00e9ment plus ce qu\u2019elle a \u00e9t\u00e9\u2026<\/p>\n<figure id=\"attachment_3717\" aria-describedby=\"caption-attachment-3717\" style=\"width: 300px\" class=\"wp-caption aligncenter\"><a href=\"http:\/\/kouskeol.fr\/wp-content\/uploads\/2016\/06\/AlofiFutuna.jpg\" target=\"_blank\"><img loading=\"lazy\" decoding=\"async\" class=\"wp-image-3717 size-medium\" src=\"http:\/\/kouskeol.fr\/wp-content\/uploads\/2016\/06\/AlofiFutuna-300x225.jpg\" alt=\"AlofiFutuna\" width=\"300\" height=\"225\" srcset=\"http:\/\/kouskeol.fr\/wp-content\/uploads\/2016\/06\/AlofiFutuna-300x225.jpg 300w, http:\/\/kouskeol.fr\/wp-content\/uploads\/2016\/06\/AlofiFutuna-768x576.jpg 768w, http:\/\/kouskeol.fr\/wp-content\/uploads\/2016\/06\/AlofiFutuna-1024x768.jpg 1024w, http:\/\/kouskeol.fr\/wp-content\/uploads\/2016\/06\/AlofiFutuna.jpg 1278w\" sizes=\"auto, (max-width: 300px) 100vw, 300px\" \/><\/a><figcaption id=\"caption-attachment-3717\" class=\"wp-caption-text\">Alofi (\u00e0 gauche) et Futuna (\u00e0 droite) au loin dans le petit matin.<\/figcaption><\/figure>\n<figure id=\"attachment_3718\" aria-describedby=\"caption-attachment-3718\" style=\"width: 300px\" class=\"wp-caption aligncenter\"><a href=\"http:\/\/kouskeol.fr\/wp-content\/uploads\/2016\/06\/Futuna.jpg\" target=\"_blank\"><img loading=\"lazy\" decoding=\"async\" class=\"wp-image-3718 size-medium\" src=\"http:\/\/kouskeol.fr\/wp-content\/uploads\/2016\/06\/Futuna-300x223.jpg\" alt=\"Futuna\" width=\"300\" height=\"223\" srcset=\"http:\/\/kouskeol.fr\/wp-content\/uploads\/2016\/06\/Futuna-300x223.jpg 300w, http:\/\/kouskeol.fr\/wp-content\/uploads\/2016\/06\/Futuna-768x570.jpg 768w, http:\/\/kouskeol.fr\/wp-content\/uploads\/2016\/06\/Futuna-1024x759.jpg 1024w, http:\/\/kouskeol.fr\/wp-content\/uploads\/2016\/06\/Futuna.jpg 1262w\" sizes=\"auto, (max-width: 300px) 100vw, 300px\" \/><\/a><figcaption id=\"caption-attachment-3718\" class=\"wp-caption-text\">Futuna sous le vent&#8230;<\/figcaption><\/figure>\n<p>Six heures\u00a0: Alofi et Futuna ne sont plus qu\u2019\u00e0 quelques milles, et nous nous engageons dans le chenal Vasia qui s\u00e9pare les deux \u00eeles. Un petit platier d\u00e9borde d\u2019Alofi. Nous apercevons le petit a\u00e9roport, coinc\u00e9 entre la mer et la montagne.<\/p>\n<figure id=\"attachment_3719\" aria-describedby=\"caption-attachment-3719\" style=\"width: 300px\" class=\"wp-caption aligncenter\"><a href=\"http:\/\/kouskeol.fr\/wp-content\/uploads\/2016\/06\/PlatierAlofi.jpg\" target=\"_blank\"><img loading=\"lazy\" decoding=\"async\" class=\"wp-image-3719 size-medium\" src=\"http:\/\/kouskeol.fr\/wp-content\/uploads\/2016\/06\/PlatierAlofi-300x225.jpg\" alt=\"PlatierAlofi\" width=\"300\" height=\"225\" srcset=\"http:\/\/kouskeol.fr\/wp-content\/uploads\/2016\/06\/PlatierAlofi-300x225.jpg 300w, http:\/\/kouskeol.fr\/wp-content\/uploads\/2016\/06\/PlatierAlofi-768x576.jpg 768w, http:\/\/kouskeol.fr\/wp-content\/uploads\/2016\/06\/PlatierAlofi-1024x768.jpg 1024w, http:\/\/kouskeol.fr\/wp-content\/uploads\/2016\/06\/PlatierAlofi.jpg 1278w\" sizes=\"auto, (max-width: 300px) 100vw, 300px\" \/><\/a><figcaption id=\"caption-attachment-3719\" class=\"wp-caption-text\">Le platier sur Alofi, dans le chenal entre les deux \u00eeles.<\/figcaption><\/figure>\n<p>La mer semblant se calmer vers le sud des \u00eeles, nous nous dirigeons vers le seul mouillage de Futuna, dans la petite anse de Leava, tr\u00e8s ouverte sur le Sud. L\u2019autre option \u00e9tait un petit mouillage dans le chenal, c\u00f4t\u00e9 Alofi, mais loin de tout.<\/p>\n<p>Soudain, \u00ab\u00a0Dddzzzzzzzziiiiiiii\u00a0!\u00a0\u00bb fait le moulinet\u2026 Faut que j\u2019y aille\u00a0: Andr\u00e9 a attrap\u00e9 quelque chose et il faut ralentir le bateau. Ma foi\u00a0: c\u2019est un beau thon jaune de sept kilos pris \u00e0 huit heures PM<a class=\"sdfootnoteanc\" href=\"#sdfootnote1sym\" name=\"sdfootnote1anc\"><sup>1<\/sup><\/a>. Les le\u00e7ons de Momo porteraient-elles leurs fruits\u00a0? A deux, on va avoir \u00e0 manger pour quelques jours\u00a0!<\/p>\n<figure id=\"attachment_3720\" aria-describedby=\"caption-attachment-3720\" style=\"width: 300px\" class=\"wp-caption aligncenter\"><a href=\"http:\/\/kouskeol.fr\/wp-content\/uploads\/2016\/06\/ThonJaune.jpg\" target=\"_blank\"><img loading=\"lazy\" decoding=\"async\" class=\"wp-image-3720 size-medium\" src=\"http:\/\/kouskeol.fr\/wp-content\/uploads\/2016\/06\/ThonJaune-300x223.jpg\" alt=\"ThonJaune\" width=\"300\" height=\"223\" srcset=\"http:\/\/kouskeol.fr\/wp-content\/uploads\/2016\/06\/ThonJaune-300x223.jpg 300w, http:\/\/kouskeol.fr\/wp-content\/uploads\/2016\/06\/ThonJaune-768x570.jpg 768w, http:\/\/kouskeol.fr\/wp-content\/uploads\/2016\/06\/ThonJaune-1024x759.jpg 1024w, http:\/\/kouskeol.fr\/wp-content\/uploads\/2016\/06\/ThonJaune.jpg 1262w\" sizes=\"auto, (max-width: 300px) 100vw, 300px\" \/><\/a><figcaption id=\"caption-attachment-3720\" class=\"wp-caption-text\">Trop content, le DD!<\/figcaption><\/figure>\n<p>Huit heures trente\u00a0: nous sommes mouill\u00e9s par dix m\u00e8tres de fond devant le village de Leava, \u00e0 c\u00f4t\u00e9 du quai de d\u00e9barquement pour le cargo qui avitaille l\u2019\u00eele.<\/p>\n<div id=\"sdfootnote1\">\n<p class=\"sdfootnote\"><em><a class=\"sdfootnotesym\" href=\"#sdfootnote1anc\" name=\"sdfootnote1sym\">1<\/a>&#8211;\u00a0PM\u00a0: Post Maurice.<\/em><\/p>\n<\/div>\n","protected":false},"excerpt":{"rendered":"<p>Lundi 30 mai. Derni\u00e8re soir\u00e9e avec Philippe et Catherine qui ont pris grand soin de nous lors de notre s\u00e9jour \u00e0 Wallis\u00a0: Philippe avait enregistr\u00e9 le match de rugby du Top 14 entre Toulon et Montpellier. Et donc impossible pour Andr\u00e9 de rater \u00e7a\u2026 M\u00eame si Toulon n\u2019a pas gagn\u00e9. Mardi 31 mai. Nous nous &hellip; <a href=\"http:\/\/kouskeol.fr\/?p=3715\" class=\"more-link\">Continuer la lecture de <span class=\"screen-reader-text\">De Wallis \u00e0 Futuna<\/span>  <span class=\"meta-nav\">&rarr;<\/span><\/a><\/p>\n","protected":false},"author":1,"featured_media":0,"comment_status":"open","ping_status":"open","sticky":false,"template":"","format":"standard","meta":{"ngg_post_thumbnail":0,"footnotes":""},"categories":[8,55,63],"tags":[],"class_list":["post-3715","post","type-post","status-publish","format-standard","hentry","category-voyage","category-pacifique","category-polynesie"],"_links":{"self":[{"href":"http:\/\/kouskeol.fr\/index.php?rest_route=\/wp\/v2\/posts\/3715","targetHints":{"allow":["GET"]}}],"collection":[{"href":"http:\/\/kouskeol.fr\/index.php?rest_route=\/wp\/v2\/posts"}],"about":[{"href":"http:\/\/kouskeol.fr\/index.php?rest_route=\/wp\/v2\/types\/post"}],"author":[{"embeddable":true,"href":"http:\/\/kouskeol.fr\/index.php?rest_route=\/wp\/v2\/users\/1"}],"replies":[{"embeddable":true,"href":"http:\/\/kouskeol.fr\/index.php?rest_route=%2Fwp%2Fv2%2Fcomments&post=3715"}],"version-history":[{"count":2,"href":"http:\/\/kouskeol.fr\/index.php?rest_route=\/wp\/v2\/posts\/3715\/revisions"}],"predecessor-version":[{"id":3722,"href":"http:\/\/kouskeol.fr\/index.php?rest_route=\/wp\/v2\/posts\/3715\/revisions\/3722"}],"wp:attachment":[{"href":"http:\/\/kouskeol.fr\/index.php?rest_route=%2Fwp%2Fv2%2Fmedia&parent=3715"}],"wp:term":[{"taxonomy":"category","embeddable":true,"href":"http:\/\/kouskeol.fr\/index.php?rest_route=%2Fwp%2Fv2%2Fcategories&post=3715"},{"taxonomy":"post_tag","embeddable":true,"href":"http:\/\/kouskeol.fr\/index.php?rest_route=%2Fwp%2Fv2%2Ftags&post=3715"}],"curies":[{"name":"wp","href":"https:\/\/api.w.org\/{rel}","templated":true}]}}