{"id":3825,"date":"2016-06-19T09:07:38","date_gmt":"2016-06-19T08:07:38","guid":{"rendered":"http:\/\/kouskeol.fr\/?p=3825"},"modified":"2016-06-19T09:07:38","modified_gmt":"2016-06-19T08:07:38","slug":"les-iles-fidji-le-groupe-lau","status":"publish","type":"post","link":"http:\/\/kouskeol.fr\/?p=3825","title":{"rendered":"Les \u00celes Fidji\u00a0: le groupe Lau"},"content":{"rendered":"<p>Bula\u00a0! On vous l\u2019a d\u00e9j\u00e0 dit, mais on veut bien vous le r\u00e9p\u00e9ter, une fois\u00a0: les Fidji, c\u2019est vaste, voire tr\u00e8s vaste. Donc, encore une fois, on ne pourra pas tout visiter, pas seulement parce que MarieJo et Cathy nous attendent le huit juillet \u00e0 Noum\u00e9a. Mais on a quand m\u00eame d\u00e9cid\u00e9 de mettre sur notre liste \u00e0 cocher quelques atolls du groupe Lau, \u00e0 une centaine de milles \u00e0 l\u2019est de Savusavu.<\/p>\n<p>Vous croyiez que nous avions une vie tranquille \u00e0 bord, vous\u00a0? Que de stress, que de stress\u2026 Mais bon\u00a0: il n\u2019est pas question ici de vainement essayer de susciter chez vous, \u00f4 lectrices<a class=\"sdfootnoteanc\" href=\"#sdfootnote1sym\" name=\"sdfootnote1anc\"><sup>1<\/sup><\/a>, des sentiments comme l\u2019empathie, dont la signification profonde ne peut que vous \u00e9chapper. Nous vivrons l\u2019incompr\u00e9hension de notre calvaire seuls, entre le soleil qui brille, l\u2019eau turquoise \u00e0 trente degr\u00e9s, les poissons multicolores et les sushis de thon fra\u00eechement p\u00each\u00e9 (Oui, d\u2019accord\u00a0: avec une petite binouze fra\u00eeche de temps en temps. Il faut bien vivre\u2026).<\/p>\n<p><b>Jeudi 9 juin 2016<\/b>. Nous mangeons vite fait une derni\u00e8re pizza (sp\u00e9cialit\u00e9 locale) \u00e0 la marina et \u00e0 douze heures quarante-cinq p\u00e9tantes<a class=\"sdfootnoteanc\" href=\"#sdfootnote2sym\" name=\"sdfootnote2anc\"><sup>2<\/sup><\/a>, les amarres sont largu\u00e9es et le cap mis sur Vanua Balavu, au nord du chapelet d\u2019atolls qui forment le groupe Lau, \u00e0 l\u2019est de Savusavu\u00a0: une centaine de milles, mais le vent risque de ne pas \u00eatre \u00e0 la hauteur. Les GRIBs montrent un temps instable avec du vent variable\u00a0: en fait une grosse d\u00e9pression passe sur les \u00eeles. C\u2019est une occasion d\u2019avoir du vent de secteur nord-est \u00e0 nord, et donc de faire la traverse sans trop tirer de bords. Nous partons au moteur, grand-voile hiss\u00e9e, avec trois n\u0153uds de vent et une mer plate. Dernier coup d\u2019\u0153il vers Savusavu. Le long de la c\u00f4te, au loin, nous voyons le complexe touristique mont\u00e9 par Jean-Michel Cousteau, en cours de reconstruction apr\u00e8s le passage du dernier cyclone.<\/p>\n<figure id=\"attachment_3826\" aria-describedby=\"caption-attachment-3826\" style=\"width: 300px\" class=\"wp-caption aligncenter\"><a href=\"http:\/\/kouskeol.fr\/wp-content\/uploads\/2016\/06\/DepartSavusavu1.jpg\" target=\"_blank\"><img loading=\"lazy\" decoding=\"async\" class=\"wp-image-3826 size-medium\" src=\"http:\/\/kouskeol.fr\/wp-content\/uploads\/2016\/06\/DepartSavusavu1-300x223.jpg\" alt=\"DepartSavusavu1\" width=\"300\" height=\"223\" srcset=\"http:\/\/kouskeol.fr\/wp-content\/uploads\/2016\/06\/DepartSavusavu1-300x223.jpg 300w, http:\/\/kouskeol.fr\/wp-content\/uploads\/2016\/06\/DepartSavusavu1-768x572.jpg 768w, http:\/\/kouskeol.fr\/wp-content\/uploads\/2016\/06\/DepartSavusavu1-1024x763.jpg 1024w, http:\/\/kouskeol.fr\/wp-content\/uploads\/2016\/06\/DepartSavusavu1.jpg 1270w\" sizes=\"auto, (max-width: 300px) 100vw, 300px\" \/><\/a><figcaption id=\"caption-attachment-3826\" class=\"wp-caption-text\">Bye bye Savusavu!<\/figcaption><\/figure>\n<figure id=\"attachment_3827\" aria-describedby=\"caption-attachment-3827\" style=\"width: 300px\" class=\"wp-caption aligncenter\"><a href=\"http:\/\/kouskeol.fr\/wp-content\/uploads\/2016\/06\/DepartSavu-JMCousteau.jpg\" target=\"_blank\"><img loading=\"lazy\" decoding=\"async\" class=\"wp-image-3827 size-medium\" src=\"http:\/\/kouskeol.fr\/wp-content\/uploads\/2016\/06\/DepartSavu-JMCousteau-300x223.jpg\" alt=\"DepartSavu-JMCousteau\" width=\"300\" height=\"223\" srcset=\"http:\/\/kouskeol.fr\/wp-content\/uploads\/2016\/06\/DepartSavu-JMCousteau-300x223.jpg 300w, http:\/\/kouskeol.fr\/wp-content\/uploads\/2016\/06\/DepartSavu-JMCousteau-768x570.jpg 768w, http:\/\/kouskeol.fr\/wp-content\/uploads\/2016\/06\/DepartSavu-JMCousteau-1024x760.jpg 1024w, http:\/\/kouskeol.fr\/wp-content\/uploads\/2016\/06\/DepartSavu-JMCousteau.jpg 1264w\" sizes=\"auto, (max-width: 300px) 100vw, 300px\" \/><\/a><figcaption id=\"caption-attachment-3827\" class=\"wp-caption-text\">Le \u00ab\u00a0resort\u00a0\u00bb JM Cousteau, \u00e0 l&rsquo;entr\u00e9e de la baie de Savusavu.<\/figcaption><\/figure>\n<p>D\u00e8s la sortie de la baie, le vent monte \u00e0 une quinzaine de n\u0153uds\u00a0: il faut d\u00e9j\u00e0 prendre des ris et ne mettre que les deux tiers du g\u00e9nois, au pr\u00e8s. La houle s\u2019en m\u00eale, pratiquement de face. \u00c7a ne dure pas\u00a0: vingt-cinq n\u0153uds\u00a0! Nous passons vite \u00e0 la trinquette et le bateau avance toujours \u00e0 environ huit n\u0153uds.<\/p>\n<figure id=\"attachment_3828\" aria-describedby=\"caption-attachment-3828\" style=\"width: 300px\" class=\"wp-caption aligncenter\"><a href=\"http:\/\/kouskeol.fr\/wp-content\/uploads\/2016\/06\/Traversee1.jpg\" target=\"_blank\"><img loading=\"lazy\" decoding=\"async\" class=\"wp-image-3828 size-medium\" src=\"http:\/\/kouskeol.fr\/wp-content\/uploads\/2016\/06\/Traversee1-300x219.jpg\" alt=\"Traversee1\" width=\"300\" height=\"219\" srcset=\"http:\/\/kouskeol.fr\/wp-content\/uploads\/2016\/06\/Traversee1-300x219.jpg 300w, http:\/\/kouskeol.fr\/wp-content\/uploads\/2016\/06\/Traversee1-768x560.jpg 768w, http:\/\/kouskeol.fr\/wp-content\/uploads\/2016\/06\/Traversee1-1024x747.jpg 1024w, http:\/\/kouskeol.fr\/wp-content\/uploads\/2016\/06\/Traversee1.jpg 1242w\" sizes=\"auto, (max-width: 300px) 100vw, 300px\" \/><\/a><figcaption id=\"caption-attachment-3828\" class=\"wp-caption-text\">Ben oui, il y a un peu de vent&#8230;<\/figcaption><\/figure>\n<p>Deux heures apr\u00e8s, le vent passe un peu plus au nord et retombe autour de douze n\u0153uds. C\u2019est qui qui remet le g\u00e9nois et renvoie toute la grand-voile\u00a0? Hein\u00a0?<\/p>\n<p>On vous l\u2019avait dit que ce n\u2019\u00e9tait pas facile. Quoi\u00a0? Bon, d\u2019accord\u00a0: on arr\u00eate d\u2019essayer de vous attendrir. On est costaud. On va prendre sur nous. En attendant on se pr\u00e9pare pour la nuit, en commen\u00e7ant par un chope-su\u00e9e<a class=\"sdfootnoteanc\" href=\"#sdfootnote3sym\" name=\"sdfootnote3anc\"><sup>3<\/sup><\/a> fa\u00e7on Kousk Eol. Le temps ne s\u2019am\u00e9liore pas\u00a0: les quarts vont \u00eatre anim\u00e9s. J\u2019entends d\u00e9j\u00e0 l\u2019autre sadique, vers deux heures du matin\u00a0: \u00ab\u00a0Coucou\u2026 C\u2019est ton tour\u2026 Tu vas rire, mais il pleut et le vent souffle fort\u2026 Et il faut aller se faire un ris\u2026 Moi je vais me coucher\u00a0: bon quart\u00a0!\u00a0\u00bb<\/p>\n<p>En fait, le vent montera jusqu\u2019\u00e0 quarante n\u0153uds dans les rafales sous les grains. Les quarts furent effectivement anim\u00e9s, et humides\u00a0! Mais de nouveau, Kousk Eol est un bon bateau et se tient tr\u00e8s bien.<\/p>\n<figure id=\"attachment_3829\" aria-describedby=\"caption-attachment-3829\" style=\"width: 300px\" class=\"wp-caption aligncenter\"><a href=\"http:\/\/kouskeol.fr\/wp-content\/uploads\/2016\/06\/Traversee2.jpg\" target=\"_blank\"><img loading=\"lazy\" decoding=\"async\" class=\"wp-image-3829 size-medium\" src=\"http:\/\/kouskeol.fr\/wp-content\/uploads\/2016\/06\/Traversee2-300x222.jpg\" alt=\"Traversee2\" width=\"300\" height=\"222\" srcset=\"http:\/\/kouskeol.fr\/wp-content\/uploads\/2016\/06\/Traversee2-300x222.jpg 300w, http:\/\/kouskeol.fr\/wp-content\/uploads\/2016\/06\/Traversee2-768x568.jpg 768w, http:\/\/kouskeol.fr\/wp-content\/uploads\/2016\/06\/Traversee2-1024x758.jpg 1024w, http:\/\/kouskeol.fr\/wp-content\/uploads\/2016\/06\/Traversee2.jpg 1262w\" sizes=\"auto, (max-width: 300px) 100vw, 300px\" \/><\/a><figcaption id=\"caption-attachment-3829\" class=\"wp-caption-text\">Petit grain passager&#8230;<\/figcaption><\/figure>\n<p>6h\u00a0: le jour est lev\u00e9, cependant pas d\u2019\u00eele de Vanua Balavu\u2026 Pourtant elle est l\u00e0 d\u2019apr\u00e8s le GPS, mais le ciel est bien bouch\u00e9. Nous attendrons au moteur devant la passe de Qilaqila un semblant d\u2019\u00e9claircie\u00a0: nos diff\u00e9rentes cartes ne sont pas d\u2019accord entre elles et la visibilit\u00e9 est plus que r\u00e9duite\u2026 La Navionics<span style=\"font-family: 'Liberation Serif', serif;\">\u00ae<\/span> (derni\u00e8re \u00e9dition) semble la plus juste. Petite baisse de r\u00e9gime de la d\u00e9pression\u00a0: nous en profitons pour franchir la passe. Il y a m\u00eame un alignement pour nous aider dans la grisaille et les vingt n\u0153uds de vent pluvieux.<\/p>\n<figure id=\"attachment_3830\" aria-describedby=\"caption-attachment-3830\" style=\"width: 300px\" class=\"wp-caption aligncenter\"><a href=\"http:\/\/kouskeol.fr\/wp-content\/uploads\/2016\/06\/Alignement.jpg\" target=\"_blank\"><img loading=\"lazy\" decoding=\"async\" class=\"wp-image-3830 size-medium\" src=\"http:\/\/kouskeol.fr\/wp-content\/uploads\/2016\/06\/Alignement-300x224.jpg\" alt=\"Alignement\" width=\"300\" height=\"224\" srcset=\"http:\/\/kouskeol.fr\/wp-content\/uploads\/2016\/06\/Alignement-300x224.jpg 300w, http:\/\/kouskeol.fr\/wp-content\/uploads\/2016\/06\/Alignement-768x574.jpg 768w, http:\/\/kouskeol.fr\/wp-content\/uploads\/2016\/06\/Alignement-1024x766.jpg 1024w, http:\/\/kouskeol.fr\/wp-content\/uploads\/2016\/06\/Alignement.jpg 1278w\" sizes=\"auto, (max-width: 300px) 100vw, 300px\" \/><\/a><figcaption id=\"caption-attachment-3830\" class=\"wp-caption-text\">L&rsquo;alignement pour la passe. Non, m\u00f4ssieur, on n&rsquo;est pas \u00e0 c\u00f4t\u00e9. C&rsquo;est juste pour montrer.<\/figcaption><\/figure>\n<p>Et alors, tout d\u2019un coup, l\u2019enchantement. Un mouillage extraordinaire, sur ancre et amarre \u00e0 terre qui nous rappelle de bons souvenirs. Vanua Balavu est l\u2019\u00eele principale \u00e0 l\u2019int\u00e9rieur du lagon des \u00ab\u00a0Exploring Isles\u00a0\u00bb\u00a0: le nom veut tout dire. Les cartes sont loin d\u2019\u00eatre \u00e0 jour et il faut naviguer prudemment. De plus, les balises indiqu\u00e9es ne sont plus forc\u00e9ment l\u00e0\u00a0: un cyclone peut les avoir d\u00e9truites, et elles ne sont pas remplac\u00e9es imm\u00e9diatement\u00a0: question de priorit\u00e9s.<\/p>\n<p>Les \u00eeles sont des formations calcaires, restes du squelette corallien remont\u00e9 par la pression tellurique, esp\u00e8ces de champignons aux abords quasi verticaux b\u00e2tis sur le socle volcanique qui affleure parfois\u00a0: les bords, attaqu\u00e9s par la mer, forment des surplombs plus ou moins prononc\u00e9s. La baie d\u2019Ha Long n\u2019a pas fait mieux\u2026<\/p>\n<p>L\u2019atoll fait environ vingt-deux milles sur vingt-deux, et Vanua Balavu une dizaine de long sur deux et demi au plus large. Elle offre de nombreux mouillages tr\u00e8s prot\u00e9g\u00e9s, dans de petites criques ou \u00e9troits chenaux. Les c\u00f4tes accores permettent de mouiller sur ancre avec amarre \u00e0 terre, garantie de contr\u00f4le de la zone d\u2019\u00e9vitage.<\/p>\n<figure id=\"attachment_3834\" aria-describedby=\"caption-attachment-3834\" style=\"width: 300px\" class=\"wp-caption aligncenter\"><a href=\"http:\/\/kouskeol.fr\/wp-content\/uploads\/2016\/06\/KE2.jpg\" target=\"_blank\"><img loading=\"lazy\" decoding=\"async\" class=\"wp-image-3834 size-medium\" src=\"http:\/\/kouskeol.fr\/wp-content\/uploads\/2016\/06\/KE2-300x225.jpg\" alt=\"KE2\" width=\"300\" height=\"225\" srcset=\"http:\/\/kouskeol.fr\/wp-content\/uploads\/2016\/06\/KE2-300x225.jpg 300w, http:\/\/kouskeol.fr\/wp-content\/uploads\/2016\/06\/KE2-768x575.jpg 768w, http:\/\/kouskeol.fr\/wp-content\/uploads\/2016\/06\/KE2-1024x767.jpg 1024w, http:\/\/kouskeol.fr\/wp-content\/uploads\/2016\/06\/KE2.jpg 1274w\" sizes=\"auto, (max-width: 300px) 100vw, 300px\" \/><\/a><figcaption id=\"caption-attachment-3834\" class=\"wp-caption-text\">Au mouillage.<\/figcaption><\/figure>\n<p><a href=\"http:\/\/kouskeol.fr\/wp-content\/uploads\/2016\/06\/Mouillage4.jpg\" target=\"_blank\"><img loading=\"lazy\" decoding=\"async\" class=\"aligncenter wp-image-3833 size-medium\" src=\"http:\/\/kouskeol.fr\/wp-content\/uploads\/2016\/06\/Mouillage4-300x223.jpg\" alt=\"Mouillage4\" width=\"300\" height=\"223\" srcset=\"http:\/\/kouskeol.fr\/wp-content\/uploads\/2016\/06\/Mouillage4-300x223.jpg 300w, http:\/\/kouskeol.fr\/wp-content\/uploads\/2016\/06\/Mouillage4-768x570.jpg 768w, http:\/\/kouskeol.fr\/wp-content\/uploads\/2016\/06\/Mouillage4-1024x760.jpg 1024w, http:\/\/kouskeol.fr\/wp-content\/uploads\/2016\/06\/Mouillage4.jpg 1264w\" sizes=\"auto, (max-width: 300px) 100vw, 300px\" \/><\/a><\/p>\n<p><a href=\"http:\/\/kouskeol.fr\/wp-content\/uploads\/2016\/06\/Mouillage2.jpg\" target=\"_blank\"><img loading=\"lazy\" decoding=\"async\" class=\"aligncenter wp-image-3832 size-medium\" src=\"http:\/\/kouskeol.fr\/wp-content\/uploads\/2016\/06\/Mouillage2-300x224.jpg\" alt=\"Mouillage2\" width=\"300\" height=\"224\" srcset=\"http:\/\/kouskeol.fr\/wp-content\/uploads\/2016\/06\/Mouillage2-300x224.jpg 300w, http:\/\/kouskeol.fr\/wp-content\/uploads\/2016\/06\/Mouillage2-768x574.jpg 768w, http:\/\/kouskeol.fr\/wp-content\/uploads\/2016\/06\/Mouillage2-1024x765.jpg 1024w, http:\/\/kouskeol.fr\/wp-content\/uploads\/2016\/06\/Mouillage2.jpg 1272w\" sizes=\"auto, (max-width: 300px) 100vw, 300px\" \/><\/a><\/p>\n<p><b>Samedi 11 juin<\/b>. Drame affreux ce matin \u00e0 bord. Alors que nous proc\u00e9dons \u00e0 une v\u00e9rification de routine sous les planchers, nous d\u00e9couvrons avec une tr\u00e8s grande tristesse qu\u2019une bouteille de bordeaux a tr\u00e8s mal v\u00e9cu la travers\u00e9e depuis Savusavu, et s\u2019est r\u00e9pandue dans les fonds. Le mal de mer est une chose terrible. Nous proc\u00e9derons peut-\u00eatre \u00e0 une veill\u00e9e comm\u00e9morative en buvant un verre \u00e0 sa m\u00e9moire ce soir.<\/p>\n<p>En attendant, petit tour dans le lagon avec l\u2019annexe pour explorer quelques-uns de ces \u00eelots surprenants. Partout ces petits champignons rocheux \u00e9mergent entre dix et vingt m\u00e8tres, au milieu de minuscules chenaux, v\u00e9ritables labyrinthes, baignant dans une eau bleue opaline.<\/p>\n<p><a href=\"http:\/\/kouskeol.fr\/wp-content\/uploads\/2016\/06\/CCWG5619-1280x960.jpg\" target=\"_blank\"><img loading=\"lazy\" decoding=\"async\" class=\"alignleft wp-image-3835 size-thumbnail\" src=\"http:\/\/kouskeol.fr\/wp-content\/uploads\/2016\/06\/CCWG5619-1280x960-150x150.jpg\" alt=\"CCWG5619 (1280x960)\" width=\"150\" height=\"150\" \/><\/a> <a href=\"http:\/\/kouskeol.fr\/wp-content\/uploads\/2016\/06\/CCWG5625-1280x960.jpg\" target=\"_blank\"><img loading=\"lazy\" decoding=\"async\" class=\"aligncenter wp-image-3836 size-thumbnail\" src=\"http:\/\/kouskeol.fr\/wp-content\/uploads\/2016\/06\/CCWG5625-1280x960-150x150.jpg\" alt=\"CCWG5625 (1280x960)\" width=\"150\" height=\"150\" \/><\/a> <a href=\"http:\/\/kouskeol.fr\/wp-content\/uploads\/2016\/06\/CCWG5658-1280x960.jpg\" target=\"_blank\"><img loading=\"lazy\" decoding=\"async\" class=\"wp-image-3837 size-thumbnail alignnone\" src=\"http:\/\/kouskeol.fr\/wp-content\/uploads\/2016\/06\/CCWG5658-1280x960-150x150.jpg\" alt=\"CCWG5658 (1280x960)\" width=\"150\" height=\"150\" \/><\/a><\/p>\n<p>Comme dans tout massif calcaire, des grottes se forment, surprenantes\u2026<\/p>\n<p><a href=\"http:\/\/kouskeol.fr\/wp-content\/uploads\/2016\/06\/Grotte1.jpg\" target=\"_blank\"><img loading=\"lazy\" decoding=\"async\" class=\"alignleft wp-image-3838 size-thumbnail\" src=\"http:\/\/kouskeol.fr\/wp-content\/uploads\/2016\/06\/Grotte1-150x150.jpg\" alt=\"Grotte1\" width=\"150\" height=\"150\" \/><\/a> <a href=\"http:\/\/kouskeol.fr\/wp-content\/uploads\/2016\/06\/Grotte3.jpg\" target=\"_blank\"><img loading=\"lazy\" decoding=\"async\" class=\"wp-image-3839 size-thumbnail aligncenter\" src=\"http:\/\/kouskeol.fr\/wp-content\/uploads\/2016\/06\/Grotte3-150x150.jpg\" alt=\"Grotte3\" width=\"150\" height=\"150\" \/><\/a><\/p>\n<p>L\u2019eau est tr\u00e8s claire par endroit\u00a0: on peut voir des poissons de toutes les couleurs au milieu du corail depuis l\u2019annexe.<\/p>\n<p><a href=\"http:\/\/kouskeol.fr\/wp-content\/uploads\/2016\/06\/Raie.jpg\" target=\"_blank\"><img loading=\"lazy\" decoding=\"async\" class=\"aligncenter wp-image-3840 size-medium\" src=\"http:\/\/kouskeol.fr\/wp-content\/uploads\/2016\/06\/Raie-300x230.jpg\" alt=\"Raie\" width=\"300\" height=\"230\" srcset=\"http:\/\/kouskeol.fr\/wp-content\/uploads\/2016\/06\/Raie-300x230.jpg 300w, http:\/\/kouskeol.fr\/wp-content\/uploads\/2016\/06\/Raie-768x588.jpg 768w, http:\/\/kouskeol.fr\/wp-content\/uploads\/2016\/06\/Raie-1024x784.jpg 1024w, http:\/\/kouskeol.fr\/wp-content\/uploads\/2016\/06\/Raie.jpg 1280w\" sizes=\"auto, (max-width: 300px) 100vw, 300px\" \/><\/a><\/p>\n<p>Pendant ce temps, Kousk Eol tient bien sur son mouillage, \u00e0 l\u2019abri du vent et de la mer.<\/p>\n<p><a href=\"http:\/\/kouskeol.fr\/wp-content\/uploads\/2016\/06\/KE1-1280x960.jpg\" target=\"_blank\"><img loading=\"lazy\" decoding=\"async\" class=\"aligncenter wp-image-3841 size-medium\" src=\"http:\/\/kouskeol.fr\/wp-content\/uploads\/2016\/06\/KE1-1280x960-300x225.jpg\" alt=\"KE1 (1280x960)\" width=\"300\" height=\"225\" srcset=\"http:\/\/kouskeol.fr\/wp-content\/uploads\/2016\/06\/KE1-1280x960-300x225.jpg 300w, http:\/\/kouskeol.fr\/wp-content\/uploads\/2016\/06\/KE1-1280x960-768x576.jpg 768w, http:\/\/kouskeol.fr\/wp-content\/uploads\/2016\/06\/KE1-1280x960-1024x768.jpg 1024w, http:\/\/kouskeol.fr\/wp-content\/uploads\/2016\/06\/KE1-1280x960.jpg 1280w\" sizes=\"auto, (max-width: 300px) 100vw, 300px\" \/><\/a><\/p>\n<p>De retour \u00e0 bord en fin de journ\u00e9e, nous d\u00e9cidons tacitement de faire une petite sieste pr\u00e9prandiale pour r\u00e9cup\u00e9rer de la nuit agit\u00e9e de la travers\u00e9e. Et tout naturellement, nous nous r\u00e9veillons directement pour le petit-d\u00e9jeuner du lendemain\u2026<\/p>\n<p><b>Dimanche 12 juin<\/b>. Il fait tr\u00e8s beau\u00a0: la d\u00e9pression est finalement pass\u00e9e avec son lot de gros nuages. Nous allons pouvoir admirer le lagon sous d\u2019autres couleurs.<\/p>\n<p><a href=\"http:\/\/kouskeol.fr\/wp-content\/uploads\/2016\/06\/CCWG5695-1280x960.jpg\" target=\"_blank\"><img loading=\"lazy\" decoding=\"async\" class=\"alignleft wp-image-3842 size-thumbnail\" src=\"http:\/\/kouskeol.fr\/wp-content\/uploads\/2016\/06\/CCWG5695-1280x960-150x150.jpg\" alt=\"CCWG5695 (1280x960)\" width=\"150\" height=\"150\" \/><\/a> <a href=\"http:\/\/kouskeol.fr\/wp-content\/uploads\/2016\/06\/CCWG5696-1280x960.jpg\" target=\"_blank\"><img loading=\"lazy\" decoding=\"async\" class=\"aligncenter wp-image-3843 size-thumbnail\" src=\"http:\/\/kouskeol.fr\/wp-content\/uploads\/2016\/06\/CCWG5696-1280x960-150x150.jpg\" alt=\"CCWG5696 (1280x960)\" width=\"150\" height=\"150\" \/><\/a> <a href=\"http:\/\/kouskeol.fr\/wp-content\/uploads\/2016\/06\/CCWG5707-1280x960.jpg\" target=\"_blank\"><img loading=\"lazy\" decoding=\"async\" class=\"alignleft wp-image-3846 size-thumbnail\" src=\"http:\/\/kouskeol.fr\/wp-content\/uploads\/2016\/06\/CCWG5707-1280x960-150x150.jpg\" alt=\"CCWG5707 (1280x960)\" width=\"150\" height=\"150\" \/><\/a> <a href=\"http:\/\/kouskeol.fr\/wp-content\/uploads\/2016\/06\/CCWG5710-2-1280x983.jpg\" target=\"_blank\"><img loading=\"lazy\" decoding=\"async\" class=\"aligncenter wp-image-3847 size-thumbnail\" src=\"http:\/\/kouskeol.fr\/wp-content\/uploads\/2016\/06\/CCWG5710-2-1280x983-150x150.jpg\" alt=\"CCWG5710 (2) (1280x983)\" width=\"150\" height=\"150\" \/><\/a><\/p>\n<p><a href=\"http:\/\/kouskeol.fr\/wp-content\/uploads\/2016\/06\/Clown1.jpg\" target=\"_blank\"><img loading=\"lazy\" decoding=\"async\" class=\"alignleft wp-image-3859 size-thumbnail\" src=\"http:\/\/kouskeol.fr\/wp-content\/uploads\/2016\/06\/Clown1-150x150.jpg\" alt=\"Clown1\" width=\"150\" height=\"150\" \/><\/a> <a href=\"http:\/\/kouskeol.fr\/wp-content\/uploads\/2016\/06\/Clown2.jpg\" target=\"_blank\"><img loading=\"lazy\" decoding=\"async\" class=\"aligncenter wp-image-3860 size-thumbnail\" src=\"http:\/\/kouskeol.fr\/wp-content\/uploads\/2016\/06\/Clown2-150x150.jpg\" alt=\"Clown2\" width=\"150\" height=\"150\" \/><\/a><\/p>\n<p><a href=\"http:\/\/kouskeol.fr\/wp-content\/uploads\/2016\/06\/Chamipgons2.jpg\" target=\"_blank\"><img loading=\"lazy\" decoding=\"async\" class=\"alignleft wp-image-3849 size-thumbnail\" src=\"http:\/\/kouskeol.fr\/wp-content\/uploads\/2016\/06\/Chamipgons2-150x150.jpg\" alt=\"Chamipgons2\" width=\"150\" height=\"150\" \/><\/a> <a href=\"http:\/\/kouskeol.fr\/wp-content\/uploads\/2016\/06\/Champignon6.jpg\" target=\"_blank\"><img loading=\"lazy\" decoding=\"async\" class=\"aligncenter wp-image-3850 size-thumbnail\" src=\"http:\/\/kouskeol.fr\/wp-content\/uploads\/2016\/06\/Champignon6-150x150.jpg\" alt=\"Champignon6\" width=\"150\" height=\"150\" \/><\/a> <a href=\"http:\/\/kouskeol.fr\/wp-content\/uploads\/2016\/06\/Champigons3-1280x971.jpg\" target=\"_blank\"><img loading=\"lazy\" decoding=\"async\" class=\"wp-image-3851 size-thumbnail alignleft\" src=\"http:\/\/kouskeol.fr\/wp-content\/uploads\/2016\/06\/Champigons3-1280x971-150x150.jpg\" alt=\"Champigons3 (1280x971)\" width=\"150\" height=\"150\" \/><\/a><\/p>\n<p><a href=\"http:\/\/kouskeol.fr\/wp-content\/uploads\/2016\/06\/CCWG5616-1280x960.jpg\" target=\"_blank\"><img loading=\"lazy\" decoding=\"async\" class=\"aligncenter wp-image-3855 size-thumbnail\" src=\"http:\/\/kouskeol.fr\/wp-content\/uploads\/2016\/06\/CCWG5616-1280x960-150x150.jpg\" alt=\"CCWG5616 (1280x960)\" width=\"150\" height=\"150\" \/><\/a> <a href=\"http:\/\/kouskeol.fr\/wp-content\/uploads\/2016\/06\/CCWG5675-1280x960.jpg\" target=\"_blank\"><img loading=\"lazy\" decoding=\"async\" class=\"alignleft wp-image-3856 size-thumbnail\" src=\"http:\/\/kouskeol.fr\/wp-content\/uploads\/2016\/06\/CCWG5675-1280x960-150x150.jpg\" alt=\"CCWG5675 (1280x960)\" width=\"150\" height=\"150\" \/><\/a> <a href=\"http:\/\/kouskeol.fr\/wp-content\/uploads\/2016\/06\/Mouillage15.jpg\" target=\"_blank\"><img loading=\"lazy\" decoding=\"async\" class=\"aligncenter wp-image-3857 size-thumbnail\" src=\"http:\/\/kouskeol.fr\/wp-content\/uploads\/2016\/06\/Mouillage15-150x150.jpg\" alt=\"Mouillage15\" width=\"150\" height=\"150\" \/><\/a> <a href=\"http:\/\/kouskeol.fr\/wp-content\/uploads\/2016\/06\/Plage.jpg\" target=\"_blank\"><img loading=\"lazy\" decoding=\"async\" class=\"aligncenter wp-image-3858 size-thumbnail\" src=\"http:\/\/kouskeol.fr\/wp-content\/uploads\/2016\/06\/Plage-150x150.jpg\" alt=\"Plage\" width=\"150\" height=\"150\" \/><\/a><\/p>\n<p>Il n\u2019y a pas de tourisme sur ces \u00eeles, mis \u00e0 part les voiliers\u00a0: l\u2019acc\u00e8s \u00e9tait tr\u00e8s contr\u00f4l\u00e9 jusqu\u2019\u00e0 r\u00e9cemment et il n\u2019y a toujours pas d\u2019infrastructure (une piste en herbe permet \u00e0 de petits avions de se poser). La majorit\u00e9 des voiliers que nous rencontrons au mouillage fait partie de l\u2019association <i>Sea Mercy<\/i> qui aide les \u00eeliens, qui manquent de beaucoup de choses\u00a0: elle commande les denr\u00e9es n\u00e9cessaires et organise la distribution avec les \u00e9quipages lorsqu\u2019un petit cargo arrive pour les livrer.<\/p>\n<p>Une autre association fait beaucoup de bruit sur la VHF aujourd\u2019hui\u00a0: les bateaux de l\u2019ARC, qui naviguent en convoi autour du monde, ont d\u00e9cid\u00e9 de faire escale \u00e0 Vanua Balavu, et chaque bateau y va de son conseil aux autres. Nous les avions d\u00e9j\u00e0 rencontr\u00e9s \u00e0 Papeete o\u00f9 ils se rassemblaient pour repartir.<\/p>\n<p>Vous aviez remarqu\u00e9 que nous avions une vie sociale tr\u00e8s intense\u00a0? Ce soir, nous recevons \u00e0 bord un couple de Californiens, Alyssa et Lewis, sur <i>Ride The Trades<\/i>. Ils sont aux Fidji depuis l\u2019an dernier et c\u2019est pour eux l\u2019un des plus beaux spots depuis leur d\u00e9part il y a quatre ans. Ils nous racontent que leur voilier de trente-sept pieds a surv\u00e9cu au cyclone Winston \u00e0 Savusavu, mais c\u2019\u00e9tait une autre histoire pour environ vingt-cinq autres voiliers qui se sont retrouv\u00e9s \u00e0 terre. Dont un catamaran sud-africain de quarante-trois pieds qu\u2019ils ont pu racheter \u00e0 un prix int\u00e9ressant, et retap\u00e9, pour avoir quelque chose de plus grand. Le malheur des uns\u2026<\/p>\n<p><b>Lundi 13 juin<\/b>. Nous avons d\u00e9cid\u00e9 de partir aujourd\u2019hui vers Levuka, sur la petite \u00eele d\u2019Ovalau \u00e0 environ cent trente milles. Mais avant, petite baignade vers la passe pour admirer les poissons et les coraux\u00a0: nous nous d\u00e9pla\u00e7ons au moteur pour aller mouiller vers la grotte que nous avions visit\u00e9e, pr\u00e8s de la passe.<\/p>\n<p><a href=\"http:\/\/kouskeol.fr\/wp-content\/uploads\/2016\/06\/CCWG5716-2-1280x943.jpg\" target=\"_blank\"><img loading=\"lazy\" decoding=\"async\" class=\"alignleft wp-image-3848 size-thumbnail\" src=\"http:\/\/kouskeol.fr\/wp-content\/uploads\/2016\/06\/CCWG5716-2-1280x943-150x150.jpg\" alt=\"CCWG5716 (2) (1280x943)\" width=\"150\" height=\"150\" \/><\/a> <a href=\"http:\/\/kouskeol.fr\/wp-content\/uploads\/2016\/06\/CCWG5702-2-1280x960.jpg\" target=\"_blank\"><img loading=\"lazy\" decoding=\"async\" class=\"aligncenter wp-image-3845 size-thumbnail\" src=\"http:\/\/kouskeol.fr\/wp-content\/uploads\/2016\/06\/CCWG5702-2-1280x960-150x150.jpg\" alt=\"CCWG5702 (2) (1280x960)\" width=\"150\" height=\"150\" \/><\/a> <a href=\"http:\/\/kouskeol.fr\/wp-content\/uploads\/2016\/06\/CCWG5698-1280x960.jpg\" target=\"_blank\"><img loading=\"lazy\" decoding=\"async\" class=\"alignleft wp-image-3844 size-thumbnail\" src=\"http:\/\/kouskeol.fr\/wp-content\/uploads\/2016\/06\/CCWG5698-1280x960-150x150.jpg\" alt=\"CCWG5698 (1280x960)\" width=\"150\" height=\"150\" \/><\/a><\/p>\n<p><a href=\"http:\/\/kouskeol.fr\/wp-content\/uploads\/2016\/06\/Mouillage13.jpg\" target=\"_blank\"><img loading=\"lazy\" decoding=\"async\" class=\"aligncenter wp-image-3852 size-thumbnail\" src=\"http:\/\/kouskeol.fr\/wp-content\/uploads\/2016\/06\/Mouillage13-150x150.jpg\" alt=\"Mouillage13\" width=\"150\" height=\"150\" \/><\/a> <a href=\"http:\/\/kouskeol.fr\/wp-content\/uploads\/2016\/06\/Mouillage16.jpg\" target=\"_blank\"><img loading=\"lazy\" decoding=\"async\" class=\"wp-image-3853 size-thumbnail aligncenter\" src=\"http:\/\/kouskeol.fr\/wp-content\/uploads\/2016\/06\/Mouillage16-150x150.jpg\" alt=\"Mouillage16\" width=\"150\" height=\"150\" \/><\/a><\/p>\n<p>Et au moment du repas, le spectacle est assur\u00e9 par <i>Tenacious<\/i>, le bateau-association pour l\u2019insertion de handicap\u00e9s que nous avions d\u00e9j\u00e0 rencontr\u00e9 dans le port de Papeete.<\/p>\n<figure id=\"attachment_3854\" aria-describedby=\"caption-attachment-3854\" style=\"width: 300px\" class=\"wp-caption aligncenter\"><a href=\"http:\/\/kouskeol.fr\/wp-content\/uploads\/2016\/06\/Tenacious.jpg\" target=\"_blank\"><img loading=\"lazy\" decoding=\"async\" class=\"wp-image-3854 size-medium\" src=\"http:\/\/kouskeol.fr\/wp-content\/uploads\/2016\/06\/Tenacious-300x198.jpg\" alt=\"Tenacious\" width=\"300\" height=\"198\" srcset=\"http:\/\/kouskeol.fr\/wp-content\/uploads\/2016\/06\/Tenacious-300x198.jpg 300w, http:\/\/kouskeol.fr\/wp-content\/uploads\/2016\/06\/Tenacious-768x507.jpg 768w, http:\/\/kouskeol.fr\/wp-content\/uploads\/2016\/06\/Tenacious-1024x676.jpg 1024w, http:\/\/kouskeol.fr\/wp-content\/uploads\/2016\/06\/Tenacious.jpg 1276w\" sizes=\"auto, (max-width: 300px) 100vw, 300px\" \/><\/a><figcaption id=\"caption-attachment-3854\" class=\"wp-caption-text\">Tenacious<\/figcaption><\/figure>\n<p>Un peu avant treize heures, nous levons l\u2019ancre\u00a0: direction Levuka. Suite au prochain num\u00e9ro\u00a0!<\/p>\n<div id=\"sdfootnote1\">\n<p class=\"sdfootnote\"><em><a class=\"sdfootnotesym\" href=\"#sdfootnote1anc\" name=\"sdfootnote1sym\">1<\/a>&#8211;\u00a0Les mecs, ne rigolez pas trop vite\u00a0: les lecteurs, c\u2019est pareil.<\/em><\/p>\n<\/div>\n<div id=\"sdfootnote2\">\n<p class=\"sdfootnote\"><em><a class=\"sdfootnotesym\" href=\"#sdfootnote2anc\" name=\"sdfootnote2sym\">2<\/a>&#8211;\u00a0Parce qu\u2019on est radin et qu\u2019\u00e0 treize heures il faudrait payer une journ\u00e9e de plus \u00e0 la marina\u00a0: douze euros, c\u2019est un scandale\u00a0!<\/em><\/p>\n<\/div>\n<div id=\"sdfootnote3\">\n<p class=\"sdfootnote\"><em><a class=\"sdfootnotesym\" href=\"#sdfootnote3anc\" name=\"sdfootnote3sym\">3<\/a>&#8211;\u00a0Le chope-su\u00e9e est un chop suey qui est, choix non exclusif, soit pr\u00e9par\u00e9 par au moins 20\u00b0 de g\u00eete et tout hublot ferm\u00e9 pour cause de vagues, soit \u00e9pic\u00e9 avec trop de piment.<\/em><\/p>\n<\/div>\n","protected":false},"excerpt":{"rendered":"<p>Bula\u00a0! On vous l\u2019a d\u00e9j\u00e0 dit, mais on veut bien vous le r\u00e9p\u00e9ter, une fois\u00a0: les Fidji, c\u2019est vaste, voire tr\u00e8s vaste. Donc, encore une fois, on ne pourra pas tout visiter, pas seulement parce que MarieJo et Cathy nous attendent le huit juillet \u00e0 Noum\u00e9a. Mais on a quand m\u00eame d\u00e9cid\u00e9 de mettre sur &hellip; <a href=\"http:\/\/kouskeol.fr\/?p=3825\" class=\"more-link\">Continuer la lecture de <span class=\"screen-reader-text\">Les \u00celes Fidji\u00a0: le groupe Lau<\/span>  <span class=\"meta-nav\">&rarr;<\/span><\/a><\/p>\n","protected":false},"author":1,"featured_media":0,"comment_status":"open","ping_status":"open","sticky":false,"template":"","format":"standard","meta":{"ngg_post_thumbnail":0,"footnotes":""},"categories":[8,55,63],"tags":[],"class_list":["post-3825","post","type-post","status-publish","format-standard","hentry","category-voyage","category-pacifique","category-polynesie"],"_links":{"self":[{"href":"http:\/\/kouskeol.fr\/index.php?rest_route=\/wp\/v2\/posts\/3825","targetHints":{"allow":["GET"]}}],"collection":[{"href":"http:\/\/kouskeol.fr\/index.php?rest_route=\/wp\/v2\/posts"}],"about":[{"href":"http:\/\/kouskeol.fr\/index.php?rest_route=\/wp\/v2\/types\/post"}],"author":[{"embeddable":true,"href":"http:\/\/kouskeol.fr\/index.php?rest_route=\/wp\/v2\/users\/1"}],"replies":[{"embeddable":true,"href":"http:\/\/kouskeol.fr\/index.php?rest_route=%2Fwp%2Fv2%2Fcomments&post=3825"}],"version-history":[{"count":1,"href":"http:\/\/kouskeol.fr\/index.php?rest_route=\/wp\/v2\/posts\/3825\/revisions"}],"predecessor-version":[{"id":3861,"href":"http:\/\/kouskeol.fr\/index.php?rest_route=\/wp\/v2\/posts\/3825\/revisions\/3861"}],"wp:attachment":[{"href":"http:\/\/kouskeol.fr\/index.php?rest_route=%2Fwp%2Fv2%2Fmedia&parent=3825"}],"wp:term":[{"taxonomy":"category","embeddable":true,"href":"http:\/\/kouskeol.fr\/index.php?rest_route=%2Fwp%2Fv2%2Fcategories&post=3825"},{"taxonomy":"post_tag","embeddable":true,"href":"http:\/\/kouskeol.fr\/index.php?rest_route=%2Fwp%2Fv2%2Ftags&post=3825"}],"curies":[{"name":"wp","href":"https:\/\/api.w.org\/{rel}","templated":true}]}}