{"id":3864,"date":"2016-06-19T21:11:58","date_gmt":"2016-06-19T20:11:58","guid":{"rendered":"http:\/\/kouskeol.fr\/?p=3864"},"modified":"2016-06-19T21:11:58","modified_gmt":"2016-06-19T20:11:58","slug":"les-iles-fidji-le-grand-recif-de-lastrolabe","status":"publish","type":"post","link":"http:\/\/kouskeol.fr\/?p=3864","title":{"rendered":"Les \u00celes Fidji\u00a0: le grand r\u00e9cif de l\u2019Astrolabe"},"content":{"rendered":"<p><b>15 juin 2016<\/b>. Nous sommes partis comme pr\u00e9vu hier soir de Levuka. Et comme pr\u00e9vu, il n\u2019y a pas de vent. Donc la petite travers\u00e9e de soixante-dix milles vers le grand r\u00e9cif de l\u2019Astrolabe, au sud, se fait au moteur, sur une mer presque d\u2019huile, avec une lune presque pleine, et un sillage lumineux gr\u00e2ce au plancton phosphorescent. \u00c0 part trois bateaux crois\u00e9s, sans AIS, les quarts furent tr\u00e8s calmes.<\/p>\n<p>L\u2019Astrolabe, vous vous souvenez, c\u2019\u00e9tait le bateau de Dumont d\u2019Urville, qui est venu lui aussi laisser ses marques ici\u00a0: petit et grand r\u00e9cifs de l\u2019Astrolabe, chenal de Dumont d\u2019Urville. S\u00e9quence nostalgie pour le DD qui avait pass\u00e9 des mois \u00e0 la base Dumont d\u2019Urville en Terre Ad\u00e9lie. Suppl\u00e9ment culturel gratuit pour les amateurs de <i>Trivial Pursuit<\/i>\u00a0: tout le monde se rappellera bien \u00e9videmment que c\u2019est Dumont d\u2019Urville qui a transport\u00e9 la V\u00e9nus de Milo en France. Bien \u00e9videmment.<\/p>\n<p>Nous r\u00e9alisons pourquoi il y a eu tant d\u2019accidents et de bateaux \u00e9chou\u00e9s\u00a0: la mer \u00e9tant tr\u00e8s calme ce matin, \u00e0 environ un mille du petit r\u00e9cif de l\u2019Astrolabe, juste au nord du grand, nous ne voyons rien\u2026 Pas de brisants indiquant la pr\u00e9sence de l\u2019atoll\u00a0: seule une balise plant\u00e9e au milieu de ce dernier indique une remont\u00e9e des fonds. Impossible de voir quoi que ce soit la nuit. Le GPS a radicalement chang\u00e9 la vie des marins.<\/p>\n<figure id=\"attachment_3865\" aria-describedby=\"caption-attachment-3865\" style=\"width: 300px\" class=\"wp-caption aligncenter\"><a href=\"http:\/\/kouskeol.fr\/wp-content\/uploads\/2016\/06\/Recif.jpg\" target=\"_blank\"><img loading=\"lazy\" decoding=\"async\" class=\"wp-image-3865 size-medium\" src=\"http:\/\/kouskeol.fr\/wp-content\/uploads\/2016\/06\/Recif-300x222.jpg\" alt=\"Recif\" width=\"300\" height=\"222\" srcset=\"http:\/\/kouskeol.fr\/wp-content\/uploads\/2016\/06\/Recif-300x222.jpg 300w, http:\/\/kouskeol.fr\/wp-content\/uploads\/2016\/06\/Recif-768x568.jpg 768w, http:\/\/kouskeol.fr\/wp-content\/uploads\/2016\/06\/Recif-1024x757.jpg 1024w, http:\/\/kouskeol.fr\/wp-content\/uploads\/2016\/06\/Recif.jpg 1258w\" sizes=\"auto, (max-width: 300px) 100vw, 300px\" \/><\/a><figcaption id=\"caption-attachment-3865\" class=\"wp-caption-text\">Et pourtant il est l\u00e0&#8230;<\/figcaption><\/figure>\n<p>Du coup, l\u2019entr\u00e9e par la passe nord est tranquille. Le r\u00e9cif occupe l\u2019extr\u00e9mit\u00e9 nord du lagon de l\u2019\u00eele de Kandavu, quarante-cinq milles sur dix environ\u00a0: plus grand que le L\u00e9man. Encore un peu plus de deux milles et nous mouillons dans une dizaine de m\u00e8tres sur fond de sable devant la plage d\u2019un \u00eelot joli tout plein. De nouveau tout seuls.<\/p>\n<p><a href=\"http:\/\/kouskeol.fr\/wp-content\/uploads\/2016\/06\/mouiilage-4.jpg\" target=\"_blank\"><img loading=\"lazy\" decoding=\"async\" class=\"aligncenter wp-image-3866 size-medium\" src=\"http:\/\/kouskeol.fr\/wp-content\/uploads\/2016\/06\/mouiilage-4-300x225.jpg\" alt=\"mouiilage 4\" width=\"300\" height=\"225\" srcset=\"http:\/\/kouskeol.fr\/wp-content\/uploads\/2016\/06\/mouiilage-4-300x225.jpg 300w, http:\/\/kouskeol.fr\/wp-content\/uploads\/2016\/06\/mouiilage-4-768x576.jpg 768w, http:\/\/kouskeol.fr\/wp-content\/uploads\/2016\/06\/mouiilage-4-1024x768.jpg 1024w, http:\/\/kouskeol.fr\/wp-content\/uploads\/2016\/06\/mouiilage-4.jpg 1278w\" sizes=\"auto, (max-width: 300px) 100vw, 300px\" \/><\/a><\/p>\n<p>Nouvelle inspection de routine des fonds\u00a0: cette fois, pas de bouteille cass\u00e9e, mais un ou deux seaux d\u2019eau de mer, propre. Nous avons donc une fuite. Mais o\u00f9\u00a0? Elle semble venir de l\u2019arri\u00e8re. V\u00e9rification de la pompe \u00e0 eau du moteur et de sa vanne\u00a0: rien. V\u00e9rification du joint du saildrive\u00a0: rien. V\u00e9rification des vannes du wc arri\u00e8re\u00a0: rien. V\u00e9rification de la vanne du dessalinisateur\u00a0: rien. Merde\u00a0: plus beaucoup d\u2019autres possibilit\u00e9s\u00a0! Quand Andr\u00e9 s\u2019\u00e9crie\u00a0: \u00ab\u00a0J\u2019ai trouv\u00e9\u00a0! Il y a une fuite au niveau de la sortie de l\u2019\u00e9chappement\u00a0!\u00a0\u00bb. Effectivement, le tuyau d&rsquo;\u00a0\u00e9chappement en n\u00e9opr\u00e8ne est fendu au niveau du passe-coque et une partie de l\u2019eau de refroidissement fuit dans le fond\u00a0: au bout de quelques heures de moteur, \u00e7a finit par repr\u00e9senter un bon volume\u00a0!<\/p>\n<p>Le tuyau est assez long\u00a0: un coup de scie et le mal est r\u00e9par\u00e9. Il faudra tout de m\u00eame v\u00e9rifier \u00e0 l\u2019usage.<\/p>\n<figure id=\"attachment_3867\" aria-describedby=\"caption-attachment-3867\" style=\"width: 300px\" class=\"wp-caption aligncenter\"><a href=\"http:\/\/kouskeol.fr\/wp-content\/uploads\/2016\/06\/Echappement.jpg\" target=\"_blank\"><img loading=\"lazy\" decoding=\"async\" class=\"wp-image-3867 size-medium\" src=\"http:\/\/kouskeol.fr\/wp-content\/uploads\/2016\/06\/Echappement-300x225.jpg\" alt=\"Echappement\" width=\"300\" height=\"225\" srcset=\"http:\/\/kouskeol.fr\/wp-content\/uploads\/2016\/06\/Echappement-300x225.jpg 300w, http:\/\/kouskeol.fr\/wp-content\/uploads\/2016\/06\/Echappement-768x576.jpg 768w, http:\/\/kouskeol.fr\/wp-content\/uploads\/2016\/06\/Echappement-1024x768.jpg 1024w, http:\/\/kouskeol.fr\/wp-content\/uploads\/2016\/06\/Echappement.jpg 1280w\" sizes=\"auto, (max-width: 300px) 100vw, 300px\" \/><\/a><figcaption id=\"caption-attachment-3867\" class=\"wp-caption-text\">Le coupable.<\/figcaption><\/figure>\n<p>Mais bon\u00a0: on n\u2019est pas l\u00e0 pour vous raconter nos petites mis\u00e8res. L\u2019annexe est mise \u00e0 l\u2019eau et nous partons faire une vir\u00e9e autour des \u00eelots. L\u2019eau est limpide et le corail semble en pleine forme. Nous grimpons au sommet d\u2019un des \u00eelots pour profiter de la vue sur le r\u00e9cif. Le rocher est pourri, mais le spectacle grandiose\u00a0!<\/p>\n<p><a href=\"http:\/\/kouskeol.fr\/wp-content\/uploads\/2016\/06\/Lagon2.jpg\" target=\"_blank\"><img loading=\"lazy\" decoding=\"async\" class=\"aligncenter wp-image-3868 size-medium\" src=\"http:\/\/kouskeol.fr\/wp-content\/uploads\/2016\/06\/Lagon2-300x225.jpg\" alt=\"Lagon2\" width=\"300\" height=\"225\" srcset=\"http:\/\/kouskeol.fr\/wp-content\/uploads\/2016\/06\/Lagon2-300x225.jpg 300w, http:\/\/kouskeol.fr\/wp-content\/uploads\/2016\/06\/Lagon2-768x576.jpg 768w, http:\/\/kouskeol.fr\/wp-content\/uploads\/2016\/06\/Lagon2-1024x768.jpg 1024w, http:\/\/kouskeol.fr\/wp-content\/uploads\/2016\/06\/Lagon2.jpg 1280w\" sizes=\"auto, (max-width: 300px) 100vw, 300px\" \/><\/a> <a href=\"http:\/\/kouskeol.fr\/wp-content\/uploads\/2016\/06\/Mouillage5.jpg\" target=\"_blank\"><img loading=\"lazy\" decoding=\"async\" class=\"aligncenter wp-image-3869 size-medium\" src=\"http:\/\/kouskeol.fr\/wp-content\/uploads\/2016\/06\/Mouillage5-300x198.jpg\" alt=\"Mouillage5\" width=\"300\" height=\"198\" srcset=\"http:\/\/kouskeol.fr\/wp-content\/uploads\/2016\/06\/Mouillage5-300x198.jpg 300w, http:\/\/kouskeol.fr\/wp-content\/uploads\/2016\/06\/Mouillage5-768x507.jpg 768w, http:\/\/kouskeol.fr\/wp-content\/uploads\/2016\/06\/Mouillage5-1024x676.jpg 1024w, http:\/\/kouskeol.fr\/wp-content\/uploads\/2016\/06\/Mouillage5.jpg 1278w\" sizes=\"auto, (max-width: 300px) 100vw, 300px\" \/><\/a> <a href=\"http:\/\/kouskeol.fr\/wp-content\/uploads\/2016\/06\/Plage2.jpg\" target=\"_blank\"><img loading=\"lazy\" decoding=\"async\" class=\"aligncenter wp-image-3870 size-medium\" src=\"http:\/\/kouskeol.fr\/wp-content\/uploads\/2016\/06\/Plage2-300x199.jpg\" alt=\"Plage2\" width=\"300\" height=\"199\" srcset=\"http:\/\/kouskeol.fr\/wp-content\/uploads\/2016\/06\/Plage2-300x199.jpg 300w, http:\/\/kouskeol.fr\/wp-content\/uploads\/2016\/06\/Plage2-768x509.jpg 768w, http:\/\/kouskeol.fr\/wp-content\/uploads\/2016\/06\/Plage2-1024x678.jpg 1024w, http:\/\/kouskeol.fr\/wp-content\/uploads\/2016\/06\/Plage2.jpg 1280w\" sizes=\"auto, (max-width: 300px) 100vw, 300px\" \/><\/a><\/p>\n<p><b>16 juin<\/b>\u00a0: le calvaire continue\u2026 Il faut retourner voir les coraux et les poissons tropicaux. D\u2019un banal\u2026 On joue les blas\u00e9s, mais nous sommes tous les deux d\u2019accord pour dire que nous n\u2019avons que rarement vu de fonds aussi beaux. Le corail est en bonne sant\u00e9, multiforme et multicolore\u00a0; les poissons ne peuvent faire moins bien avec leur parure. Bref, difficile de savoir o\u00f9 poser l\u2019\u0153il. La temp\u00e9rature de l\u2019eau\u00a0? Vingt-huit degr\u00e9s, pourquoi\u00a0?<\/p>\n<figure id=\"attachment_3876\" aria-describedby=\"caption-attachment-3876\" style=\"width: 300px\" class=\"wp-caption aligncenter\"><a href=\"http:\/\/kouskeol.fr\/wp-content\/uploads\/2016\/06\/LAngouste.jpg\" target=\"_blank\"><img loading=\"lazy\" decoding=\"async\" class=\"wp-image-3876 size-medium\" src=\"http:\/\/kouskeol.fr\/wp-content\/uploads\/2016\/06\/LAngouste-300x225.jpg\" alt=\"LAngouste\" width=\"300\" height=\"225\" srcset=\"http:\/\/kouskeol.fr\/wp-content\/uploads\/2016\/06\/LAngouste-300x225.jpg 300w, http:\/\/kouskeol.fr\/wp-content\/uploads\/2016\/06\/LAngouste-768x576.jpg 768w, http:\/\/kouskeol.fr\/wp-content\/uploads\/2016\/06\/LAngouste-1024x768.jpg 1024w, http:\/\/kouskeol.fr\/wp-content\/uploads\/2016\/06\/LAngouste.jpg 1278w\" sizes=\"auto, (max-width: 300px) 100vw, 300px\" \/><\/a><figcaption id=\"caption-attachment-3876\" class=\"wp-caption-text\">En voici une qui \u00e9chappera \u00e0 la mayonnaise.<\/figcaption><\/figure>\n<p><a href=\"http:\/\/kouskeol.fr\/wp-content\/uploads\/2016\/06\/Fonds15.jpg\" target=\"_blank\"><img loading=\"lazy\" decoding=\"async\" class=\"aligncenter wp-image-3871 size-thumbnail\" src=\"http:\/\/kouskeol.fr\/wp-content\/uploads\/2016\/06\/Fonds15-150x150.jpg\" alt=\"Fonds15\" width=\"150\" height=\"150\" \/><\/a> <a href=\"http:\/\/kouskeol.fr\/wp-content\/uploads\/2016\/06\/Fonds16.jpg\" target=\"_blank\"><img loading=\"lazy\" decoding=\"async\" class=\"aligncenter wp-image-3872 size-thumbnail\" src=\"http:\/\/kouskeol.fr\/wp-content\/uploads\/2016\/06\/Fonds16-150x150.jpg\" alt=\"Fonds16\" width=\"150\" height=\"150\" \/><\/a> <a href=\"http:\/\/kouskeol.fr\/wp-content\/uploads\/2016\/06\/Fonds20.jpg\" target=\"_blank\"><img loading=\"lazy\" decoding=\"async\" class=\"aligncenter wp-image-3873 size-thumbnail\" src=\"http:\/\/kouskeol.fr\/wp-content\/uploads\/2016\/06\/Fonds20-150x150.jpg\" alt=\"Fonds20\" width=\"150\" height=\"150\" \/><\/a> <a href=\"http:\/\/kouskeol.fr\/wp-content\/uploads\/2016\/06\/Fonds36.jpg\" target=\"_blank\"><img loading=\"lazy\" decoding=\"async\" class=\"aligncenter wp-image-3874 size-thumbnail\" src=\"http:\/\/kouskeol.fr\/wp-content\/uploads\/2016\/06\/Fonds36-150x150.jpg\" alt=\"Fonds36\" width=\"150\" height=\"150\" \/><\/a> <a href=\"http:\/\/kouskeol.fr\/wp-content\/uploads\/2016\/06\/Fonds37.jpg\" target=\"_blank\"><img loading=\"lazy\" decoding=\"async\" class=\"aligncenter wp-image-3875 size-thumbnail\" src=\"http:\/\/kouskeol.fr\/wp-content\/uploads\/2016\/06\/Fonds37-150x150.jpg\" alt=\"Fonds37\" width=\"150\" height=\"150\" \/><\/a>Festival de formes et couleurs<\/p>\n<p><a href=\"http:\/\/kouskeol.fr\/wp-content\/uploads\/2016\/06\/Fond25.jpg\" target=\"_blank\"><img loading=\"lazy\" decoding=\"async\" class=\"aligncenter wp-image-3877 size-thumbnail\" src=\"http:\/\/kouskeol.fr\/wp-content\/uploads\/2016\/06\/Fond25-150x150.jpg\" alt=\"Fond25\" width=\"150\" height=\"150\" \/><\/a> <a href=\"http:\/\/kouskeol.fr\/wp-content\/uploads\/2016\/06\/Fonds12.jpg\" target=\"_blank\"><img loading=\"lazy\" decoding=\"async\" class=\"aligncenter wp-image-3878 size-thumbnail\" src=\"http:\/\/kouskeol.fr\/wp-content\/uploads\/2016\/06\/Fonds12-150x150.jpg\" alt=\"Fonds12\" width=\"150\" height=\"150\" \/><\/a> <a href=\"http:\/\/kouskeol.fr\/wp-content\/uploads\/2016\/06\/Fonds23.jpg\" target=\"_blank\"><img loading=\"lazy\" decoding=\"async\" class=\"aligncenter wp-image-3879 size-thumbnail\" src=\"http:\/\/kouskeol.fr\/wp-content\/uploads\/2016\/06\/Fonds23-150x150.jpg\" alt=\"Fonds23\" width=\"150\" height=\"150\" \/><\/a> <a href=\"http:\/\/kouskeol.fr\/wp-content\/uploads\/2016\/06\/Fonds24.jpg\" target=\"_blank\"><img loading=\"lazy\" decoding=\"async\" class=\"aligncenter wp-image-3880 size-thumbnail\" src=\"http:\/\/kouskeol.fr\/wp-content\/uploads\/2016\/06\/Fonds24-150x150.jpg\" alt=\"Fonds24\" width=\"150\" height=\"150\" \/><\/a> <a href=\"http:\/\/kouskeol.fr\/wp-content\/uploads\/2016\/06\/Fonds30.jpg\" target=\"_blank\"><img loading=\"lazy\" decoding=\"async\" class=\"aligncenter wp-image-3881 size-thumbnail\" src=\"http:\/\/kouskeol.fr\/wp-content\/uploads\/2016\/06\/Fonds30-150x150.jpg\" alt=\"Fonds30\" width=\"150\" height=\"150\" \/><\/a> <a href=\"http:\/\/kouskeol.fr\/wp-content\/uploads\/2016\/06\/Fonds35.jpg\" target=\"_blank\"><img loading=\"lazy\" decoding=\"async\" class=\"aligncenter wp-image-3882 size-thumbnail\" src=\"http:\/\/kouskeol.fr\/wp-content\/uploads\/2016\/06\/Fonds35-150x150.jpg\" alt=\"Fonds35\" width=\"150\" height=\"150\" \/><\/a><\/p>\n<p>Juste devant le bateau, une petite plage de sable blanc\u2026 Nous n\u2019osons pas imaginer ce que pourrait devenir un endroit pareil pour peu que les moyens d\u2019acc\u00e8s soient banalis\u00e9s. Et justement, nous avons aper\u00e7u des constructions en cours sur une des \u00eeles. Nous profitons \u00e9go\u00efstement de notre fortune.<\/p>\n<p><a href=\"http:\/\/kouskeol.fr\/wp-content\/uploads\/2016\/06\/Lagon3.jpg\" target=\"_blank\"><img loading=\"lazy\" decoding=\"async\" class=\"aligncenter wp-image-3883 size-medium\" src=\"http:\/\/kouskeol.fr\/wp-content\/uploads\/2016\/06\/Lagon3-300x225.jpg\" alt=\"Lagon3\" width=\"300\" height=\"225\" srcset=\"http:\/\/kouskeol.fr\/wp-content\/uploads\/2016\/06\/Lagon3-300x225.jpg 300w, http:\/\/kouskeol.fr\/wp-content\/uploads\/2016\/06\/Lagon3-768x576.jpg 768w, http:\/\/kouskeol.fr\/wp-content\/uploads\/2016\/06\/Lagon3-1024x768.jpg 1024w, http:\/\/kouskeol.fr\/wp-content\/uploads\/2016\/06\/Lagon3.jpg 1280w\" sizes=\"auto, (max-width: 300px) 100vw, 300px\" \/><\/a><\/p>\n<p>Sur ces entrefaites, un voilier qu\u00e9b\u00e9cois est arriv\u00e9 et mouille \u00e0 c\u00f4t\u00e9 de nous\u00a0: \u00ab\u00a0Bidule\u00a0\u00bb. Il devrait y avoir du monde \u00e0 bord de Kousk Eol ce soir.<\/p>\n<p><a href=\"http:\/\/kouskeol.fr\/wp-content\/uploads\/2016\/06\/Bidule1.jpg\" target=\"_blank\"><img loading=\"lazy\" decoding=\"async\" class=\"aligncenter wp-image-3884 size-medium\" src=\"http:\/\/kouskeol.fr\/wp-content\/uploads\/2016\/06\/Bidule1-300x223.jpg\" alt=\"Bidule1\" width=\"300\" height=\"223\" srcset=\"http:\/\/kouskeol.fr\/wp-content\/uploads\/2016\/06\/Bidule1-300x223.jpg 300w, http:\/\/kouskeol.fr\/wp-content\/uploads\/2016\/06\/Bidule1-768x572.jpg 768w, http:\/\/kouskeol.fr\/wp-content\/uploads\/2016\/06\/Bidule1-1024x763.jpg 1024w, http:\/\/kouskeol.fr\/wp-content\/uploads\/2016\/06\/Bidule1.jpg 1270w\" sizes=\"auto, (max-width: 300px) 100vw, 300px\" \/><\/a> <a href=\"http:\/\/kouskeol.fr\/wp-content\/uploads\/2016\/06\/Bidule2.jpg\" target=\"_blank\"><img loading=\"lazy\" decoding=\"async\" class=\"aligncenter wp-image-3885 size-medium\" src=\"http:\/\/kouskeol.fr\/wp-content\/uploads\/2016\/06\/Bidule2-300x225.jpg\" alt=\"Bidule2\" width=\"300\" height=\"225\" srcset=\"http:\/\/kouskeol.fr\/wp-content\/uploads\/2016\/06\/Bidule2-300x225.jpg 300w, http:\/\/kouskeol.fr\/wp-content\/uploads\/2016\/06\/Bidule2-768x575.jpg 768w, http:\/\/kouskeol.fr\/wp-content\/uploads\/2016\/06\/Bidule2-1024x766.jpg 1024w, http:\/\/kouskeol.fr\/wp-content\/uploads\/2016\/06\/Bidule2.jpg 1280w\" sizes=\"auto, (max-width: 300px) 100vw, 300px\" \/><\/a><\/p>\n<p>Et effectivement, nous organisons encore une fois une de ces rencontres internationales de reconstruction de la plan\u00e8te que nous envient les plus grandes instances mondiales, cette fois avec Alyssa et Gaston. Les Glaouches, entre autres, se sont probablement r\u00e9veill\u00e9s avec des acouph\u00e8nes bal\u00e8zes. Au repas\u00a0: bi\u00e8re fidjienne et spaghettis, dans la plus pure tradition de la grande cuisine fran\u00e7aise. On ne l\u00e9sine pas quand la r\u00e9putation de la table de Kousk Eol est en jeu.<\/p>\n<p><b>17 juin<\/b>. Le temps a chang\u00e9 dans la nuit\u00a0: un peu de pluie, du vent et des nuages. Du coup, ce matin nous en profitons pour faire un peu de m\u00e9nage et quelques r\u00e9parations. Et nous retournons admirer les fonds avec nos masques une derni\u00e8re fois: dans l&rsquo;apr\u00e8s-midi, nous partons vers Nandi pour faire les formalit\u00e9s de sortie des Iles Fidji avant d&rsquo;aller au Vanuatu.<\/p>\n","protected":false},"excerpt":{"rendered":"<p>15 juin 2016. Nous sommes partis comme pr\u00e9vu hier soir de Levuka. Et comme pr\u00e9vu, il n\u2019y a pas de vent. Donc la petite travers\u00e9e de soixante-dix milles vers le grand r\u00e9cif de l\u2019Astrolabe, au sud, se fait au moteur, sur une mer presque d\u2019huile, avec une lune presque pleine, et un sillage lumineux gr\u00e2ce &hellip; <a href=\"http:\/\/kouskeol.fr\/?p=3864\" class=\"more-link\">Continuer la lecture de <span class=\"screen-reader-text\">Les \u00celes Fidji\u00a0: le grand r\u00e9cif de l\u2019Astrolabe<\/span>  <span class=\"meta-nav\">&rarr;<\/span><\/a><\/p>\n","protected":false},"author":1,"featured_media":0,"comment_status":"open","ping_status":"open","sticky":false,"template":"","format":"standard","meta":{"ngg_post_thumbnail":0,"footnotes":""},"categories":[8,55,63],"tags":[],"class_list":["post-3864","post","type-post","status-publish","format-standard","hentry","category-voyage","category-pacifique","category-polynesie"],"_links":{"self":[{"href":"http:\/\/kouskeol.fr\/index.php?rest_route=\/wp\/v2\/posts\/3864","targetHints":{"allow":["GET"]}}],"collection":[{"href":"http:\/\/kouskeol.fr\/index.php?rest_route=\/wp\/v2\/posts"}],"about":[{"href":"http:\/\/kouskeol.fr\/index.php?rest_route=\/wp\/v2\/types\/post"}],"author":[{"embeddable":true,"href":"http:\/\/kouskeol.fr\/index.php?rest_route=\/wp\/v2\/users\/1"}],"replies":[{"embeddable":true,"href":"http:\/\/kouskeol.fr\/index.php?rest_route=%2Fwp%2Fv2%2Fcomments&post=3864"}],"version-history":[{"count":1,"href":"http:\/\/kouskeol.fr\/index.php?rest_route=\/wp\/v2\/posts\/3864\/revisions"}],"predecessor-version":[{"id":3886,"href":"http:\/\/kouskeol.fr\/index.php?rest_route=\/wp\/v2\/posts\/3864\/revisions\/3886"}],"wp:attachment":[{"href":"http:\/\/kouskeol.fr\/index.php?rest_route=%2Fwp%2Fv2%2Fmedia&parent=3864"}],"wp:term":[{"taxonomy":"category","embeddable":true,"href":"http:\/\/kouskeol.fr\/index.php?rest_route=%2Fwp%2Fv2%2Fcategories&post=3864"},{"taxonomy":"post_tag","embeddable":true,"href":"http:\/\/kouskeol.fr\/index.php?rest_route=%2Fwp%2Fv2%2Ftags&post=3864"}],"curies":[{"name":"wp","href":"https:\/\/api.w.org\/{rel}","templated":true}]}}