{"id":4010,"date":"2016-07-07T06:28:30","date_gmt":"2016-07-07T05:28:30","guid":{"rendered":"http:\/\/kouskeol.fr\/?p=4010"},"modified":"2016-07-07T23:05:25","modified_gmt":"2016-07-07T22:05:25","slug":"premiere-journee-dans-le-lagon-sud-de-nouvelle-caledonie","status":"publish","type":"post","link":"http:\/\/kouskeol.fr\/?p=4010","title":{"rendered":"Premi\u00e8re journ\u00e9e dans le lagon sud de Nouvelle Cal\u00e9donie"},"content":{"rendered":"<p><b>Mercredi 6 juillet 2016<\/b>. Aujourd\u2019hui nous partons \u00e0 la d\u00e9couverte de l\u2019immense lagon au sud de Noum\u00e9a. Nous copains de Th\u00e9tis nous proposent d\u2019aller voir le phare \u00e0 M\u00e9d\u00e9e<a class=\"sdfootnoteanc\" href=\"#sdfootnote1sym\" name=\"sdfootnote1anc\"><sup>1<\/sup><\/a> sur son \u00eelot, avec Kousk Eol, afin de constater la sup\u00e9riorit\u00e9 \u00e9crasante des monocoques par rapport aux catamarans. Et accessoirement d\u00e9couvrir les beaut\u00e9s du lagon.<\/p>\n<p>La sortie d\u00e9marre tr\u00e8s mal\u00a0: l\u00e9ger vent d\u2019ouest qui permet de gonfler le Code D sur une mer d\u2019huile, \u00e7a \u00e0 la rigueur, on accepte. Mais soudain\u00a0: \u00ab\u00a0J\u2019ai vu un souffle l\u00e0-bas sur la droite\u00a0!\u00a0\u00bb. Carr\u00e9ment un banc de baleines\u2026 \u00c9videmment, il faut se d\u00e9router pour aller voir, et finalement nous perdrons presque deux heures \u00e0 soit disant admirer la majestueuse gr\u00e2ce de ces monstres jouant \u00e0 cache-cache entre deux immersions, soufflant leurs jets vaporeux et replongeant en levant la queue. Spectacle limit\u00e9 et assez r\u00e9p\u00e9titif somme toute. Mais il y en a qui semble aimer \u00e7a.<\/p>\n<figure id=\"attachment_4012\" aria-describedby=\"caption-attachment-4012\" style=\"width: 300px\" class=\"wp-caption aligncenter\"><a href=\"http:\/\/kouskeol.fr\/wp-content\/uploads\/2016\/07\/CCK55308-2-1280x842.jpg\" target=\"_blank\"><img loading=\"lazy\" decoding=\"async\" class=\"wp-image-4012 size-medium\" src=\"http:\/\/kouskeol.fr\/wp-content\/uploads\/2016\/07\/CCK55308-2-1280x842-300x197.jpg\" alt=\"CCK55308 (2) (1280x842)\" width=\"300\" height=\"197\" srcset=\"http:\/\/kouskeol.fr\/wp-content\/uploads\/2016\/07\/CCK55308-2-1280x842-300x197.jpg 300w, http:\/\/kouskeol.fr\/wp-content\/uploads\/2016\/07\/CCK55308-2-1280x842-768x505.jpg 768w, http:\/\/kouskeol.fr\/wp-content\/uploads\/2016\/07\/CCK55308-2-1280x842-1024x674.jpg 1024w, http:\/\/kouskeol.fr\/wp-content\/uploads\/2016\/07\/CCK55308-2-1280x842.jpg 1280w\" sizes=\"auto, (max-width: 300px) 100vw, 300px\" \/><\/a><figcaption id=\"caption-attachment-4012\" class=\"wp-caption-text\">Bon l\u00e0 elles soufflent.<\/figcaption><\/figure>\n<figure id=\"attachment_4013\" aria-describedby=\"caption-attachment-4013\" style=\"width: 300px\" class=\"wp-caption aligncenter\"><a href=\"http:\/\/kouskeol.fr\/wp-content\/uploads\/2016\/07\/CCK55224-1280x848.jpg\" target=\"_blank\"><img loading=\"lazy\" decoding=\"async\" class=\"wp-image-4013 size-medium\" src=\"http:\/\/kouskeol.fr\/wp-content\/uploads\/2016\/07\/CCK55224-1280x848-300x194.jpg\" alt=\"CCK55224 (1280x848)\" width=\"300\" height=\"194\" srcset=\"http:\/\/kouskeol.fr\/wp-content\/uploads\/2016\/07\/CCK55224-1280x848-300x194.jpg 300w, http:\/\/kouskeol.fr\/wp-content\/uploads\/2016\/07\/CCK55224-1280x848-768x497.jpg 768w, http:\/\/kouskeol.fr\/wp-content\/uploads\/2016\/07\/CCK55224-1280x848-1024x663.jpg 1024w, http:\/\/kouskeol.fr\/wp-content\/uploads\/2016\/07\/CCK55224-1280x848.jpg 1258w\" sizes=\"auto, (max-width: 300px) 100vw, 300px\" \/><\/a><figcaption id=\"caption-attachment-4013\" class=\"wp-caption-text\">L\u00e0 elles font le dos rond.<\/figcaption><\/figure>\n<figure id=\"attachment_4014\" aria-describedby=\"caption-attachment-4014\" style=\"width: 300px\" class=\"wp-caption aligncenter\"><a href=\"http:\/\/kouskeol.fr\/wp-content\/uploads\/2016\/07\/CCK55256-2-1280x813.jpg\" target=\"_blank\"><img loading=\"lazy\" decoding=\"async\" class=\"wp-image-4014 size-medium\" src=\"http:\/\/kouskeol.fr\/wp-content\/uploads\/2016\/07\/CCK55256-2-1280x813-300x191.jpg\" alt=\"CCK55256 (2) (1280x813)\" width=\"300\" height=\"191\" srcset=\"http:\/\/kouskeol.fr\/wp-content\/uploads\/2016\/07\/CCK55256-2-1280x813-300x191.jpg 300w, http:\/\/kouskeol.fr\/wp-content\/uploads\/2016\/07\/CCK55256-2-1280x813-768x488.jpg 768w, http:\/\/kouskeol.fr\/wp-content\/uploads\/2016\/07\/CCK55256-2-1280x813-1024x650.jpg 1024w, http:\/\/kouskeol.fr\/wp-content\/uploads\/2016\/07\/CCK55256-2-1280x813.jpg 1280w\" sizes=\"auto, (max-width: 300px) 100vw, 300px\" \/><\/a><figcaption id=\"caption-attachment-4014\" class=\"wp-caption-text\">Ici elles s\u2019appr\u00eatent \u00e0 plonger&#8230;<\/figcaption><\/figure>\n<figure id=\"attachment_4015\" aria-describedby=\"caption-attachment-4015\" style=\"width: 300px\" class=\"wp-caption aligncenter\"><a href=\"http:\/\/kouskeol.fr\/wp-content\/uploads\/2016\/07\/CCK55342-2-1280x832.jpg\" target=\"_blank\"><img loading=\"lazy\" decoding=\"async\" class=\"wp-image-4015 size-medium\" src=\"http:\/\/kouskeol.fr\/wp-content\/uploads\/2016\/07\/CCK55342-2-1280x832-300x195.jpg\" alt=\"CCK55342 (2) (1280x832)\" width=\"300\" height=\"195\" srcset=\"http:\/\/kouskeol.fr\/wp-content\/uploads\/2016\/07\/CCK55342-2-1280x832-300x195.jpg 300w, http:\/\/kouskeol.fr\/wp-content\/uploads\/2016\/07\/CCK55342-2-1280x832-768x499.jpg 768w, http:\/\/kouskeol.fr\/wp-content\/uploads\/2016\/07\/CCK55342-2-1280x832-1024x666.jpg 1024w, http:\/\/kouskeol.fr\/wp-content\/uploads\/2016\/07\/CCK55342-2-1280x832.jpg 1280w\" sizes=\"auto, (max-width: 300px) 100vw, 300px\" \/><\/a><figcaption id=\"caption-attachment-4015\" class=\"wp-caption-text\">Et puis le coup de la queue, qui suscite toujours autant de haa et de hoo&#8230;<\/figcaption><\/figure>\n<p>L\u2019instant attendu du taboul\u00e9 se faisant imminent, il est temps de changer de cap et enfin de se diriger vers le fameux \u00eelot. Et l\u00e0, au milieu de nulle part, c\u2019est un serpent qui vient onduler pr\u00e8s de la coque\u00a0: un <i>serpent beige<\/i><a class=\"sdfootnoteanc\" href=\"#sdfootnote2sym\" name=\"sdfootnote2anc\"><sup>2<\/sup><\/a> qui chasse la mur\u00e8ne. Mais qu\u2019est-ce qu\u2019ils vont encore inventer pour surprendre les touristes\u00a0?<\/p>\n<figure id=\"attachment_4016\" aria-describedby=\"caption-attachment-4016\" style=\"width: 300px\" class=\"wp-caption aligncenter\"><a href=\"http:\/\/kouskeol.fr\/wp-content\/uploads\/2016\/07\/CCK55363-2-1280x887.jpg\" target=\"_blank\"><img loading=\"lazy\" decoding=\"async\" class=\"wp-image-4016 size-medium\" src=\"http:\/\/kouskeol.fr\/wp-content\/uploads\/2016\/07\/CCK55363-2-1280x887-300x208.jpg\" alt=\"CCK55363 (2) (1280x887)\" width=\"300\" height=\"208\" srcset=\"http:\/\/kouskeol.fr\/wp-content\/uploads\/2016\/07\/CCK55363-2-1280x887-300x208.jpg 300w, http:\/\/kouskeol.fr\/wp-content\/uploads\/2016\/07\/CCK55363-2-1280x887-768x532.jpg 768w, http:\/\/kouskeol.fr\/wp-content\/uploads\/2016\/07\/CCK55363-2-1280x887-1024x710.jpg 1024w, http:\/\/kouskeol.fr\/wp-content\/uploads\/2016\/07\/CCK55363-2-1280x887.jpg 1280w\" sizes=\"auto, (max-width: 300px) 100vw, 300px\" \/><\/a><figcaption id=\"caption-attachment-4016\" class=\"wp-caption-text\">Gentille b\u00e9b\u00eate \u00e0 ne pas chatouiller trop fort&#8230;<\/figcaption><\/figure>\n<p>Et l\u2019heure standard, normale, d\u2019un d\u00e9jeuner qui se respecte aura \u00e9t\u00e9 largement d\u00e9pass\u00e9e quand nous prenons finalement un corps mort devant le phare Am\u00e9d\u00e9e, belle structure m\u00e9tallique blanche de 1862, de plus de cinquante m\u00e8tres de haut, balisant le r\u00e9cif et la passe nord.<\/p>\n<figure id=\"attachment_4017\" aria-describedby=\"caption-attachment-4017\" style=\"width: 300px\" class=\"wp-caption aligncenter\"><a href=\"http:\/\/kouskeol.fr\/wp-content\/uploads\/2016\/07\/CCWG6057-1280x960.jpg\" target=\"_blank\"><img loading=\"lazy\" decoding=\"async\" class=\"wp-image-4017 size-medium\" src=\"http:\/\/kouskeol.fr\/wp-content\/uploads\/2016\/07\/CCWG6057-1280x960-300x225.jpg\" alt=\"CCWG6057 (1280x960)\" width=\"300\" height=\"225\" srcset=\"http:\/\/kouskeol.fr\/wp-content\/uploads\/2016\/07\/CCWG6057-1280x960-300x225.jpg 300w, http:\/\/kouskeol.fr\/wp-content\/uploads\/2016\/07\/CCWG6057-1280x960-768x576.jpg 768w, http:\/\/kouskeol.fr\/wp-content\/uploads\/2016\/07\/CCWG6057-1280x960-1024x768.jpg 1024w, http:\/\/kouskeol.fr\/wp-content\/uploads\/2016\/07\/CCWG6057-1280x960.jpg 1280w\" sizes=\"auto, (max-width: 300px) 100vw, 300px\" \/><\/a><figcaption id=\"caption-attachment-4017\" class=\"wp-caption-text\">Le phare Am\u00e9d\u00e9e sur son \u00eelot.<\/figcaption><\/figure>\n<figure id=\"attachment_4021\" aria-describedby=\"caption-attachment-4021\" style=\"width: 300px\" class=\"wp-caption aligncenter\"><a href=\"http:\/\/kouskeol.fr\/wp-content\/uploads\/2016\/07\/CCK55366-1280x848.jpg\" target=\"_blank\"><img loading=\"lazy\" decoding=\"async\" class=\"wp-image-4021 size-medium\" src=\"http:\/\/kouskeol.fr\/wp-content\/uploads\/2016\/07\/CCK55366-1280x848-300x196.jpg\" alt=\"CCK55366 (1280x848)\" width=\"300\" height=\"196\" srcset=\"http:\/\/kouskeol.fr\/wp-content\/uploads\/2016\/07\/CCK55366-1280x848-300x196.jpg 300w, http:\/\/kouskeol.fr\/wp-content\/uploads\/2016\/07\/CCK55366-1280x848-768x503.jpg 768w, http:\/\/kouskeol.fr\/wp-content\/uploads\/2016\/07\/CCK55366-1280x848-1024x670.jpg 1024w, http:\/\/kouskeol.fr\/wp-content\/uploads\/2016\/07\/CCK55366-1280x848.jpg 1268w\" sizes=\"auto, (max-width: 300px) 100vw, 300px\" \/><\/a><figcaption id=\"caption-attachment-4021\" class=\"wp-caption-text\">Depuis le mouillage.<\/figcaption><\/figure>\n<p>Et l\u00e0, vous vous dites\u00a0: \u00ab\u00a0Enfin, les pauvres, ils vont pouvoir s\u2019asseoir et d\u00e9guster leur taboul\u00e9 m\u00e9rit\u00e9 autant qu\u2019attendu\u00a0!\u00a0\u00bb. Que nenni\u00a0: c\u2019est juste ce moment que choisit une tortue, avec son r\u00e9mora, pour nous rendre visite et se pavaner comme une vedette\u2026 Et hop que je t\u2019extasie et que je te ressors les appareils photo. Pendant que le taboul\u00e9 refroidit.<\/p>\n<figure id=\"attachment_4018\" aria-describedby=\"caption-attachment-4018\" style=\"width: 300px\" class=\"wp-caption aligncenter\"><a href=\"http:\/\/kouskeol.fr\/wp-content\/uploads\/2016\/07\/CCK55387-2-1280x849.jpg\" target=\"_blank\"><img loading=\"lazy\" decoding=\"async\" class=\"wp-image-4018 size-medium\" src=\"http:\/\/kouskeol.fr\/wp-content\/uploads\/2016\/07\/CCK55387-2-1280x849-300x199.jpg\" alt=\"CCK55387 (2) (1280x849)\" width=\"300\" height=\"199\" srcset=\"http:\/\/kouskeol.fr\/wp-content\/uploads\/2016\/07\/CCK55387-2-1280x849-300x199.jpg 300w, http:\/\/kouskeol.fr\/wp-content\/uploads\/2016\/07\/CCK55387-2-1280x849-768x509.jpg 768w, http:\/\/kouskeol.fr\/wp-content\/uploads\/2016\/07\/CCK55387-2-1280x849-1024x679.jpg 1024w, http:\/\/kouskeol.fr\/wp-content\/uploads\/2016\/07\/CCK55387-2-1280x849.jpg 1280w\" sizes=\"auto, (max-width: 300px) 100vw, 300px\" \/><\/a><figcaption id=\"caption-attachment-4018\" class=\"wp-caption-text\">Tortue et son r\u00e9mora.<\/figcaption><\/figure>\n<p>L\u2019\u00eelot est au c\u0153ur d\u2019un parc prot\u00e9g\u00e9\u00a0: l\u2019eau est tr\u00e8s claire et depuis le bateau le spectacle est f\u00e9erique. Coraux, poissons multicolores, \u00e9normes carangues et becs de canard\u2026*<\/p>\n<figure id=\"attachment_4019\" aria-describedby=\"caption-attachment-4019\" style=\"width: 300px\" class=\"wp-caption aligncenter\"><a href=\"http:\/\/kouskeol.fr\/wp-content\/uploads\/2016\/07\/CCK55377-1280x848.jpg\" target=\"_blank\"><img loading=\"lazy\" decoding=\"async\" class=\"wp-image-4019 size-medium\" src=\"http:\/\/kouskeol.fr\/wp-content\/uploads\/2016\/07\/CCK55377-1280x848-300x199.jpg\" alt=\"CCK55377 (1280x848)\" width=\"300\" height=\"199\" srcset=\"http:\/\/kouskeol.fr\/wp-content\/uploads\/2016\/07\/CCK55377-1280x848-300x199.jpg 300w, http:\/\/kouskeol.fr\/wp-content\/uploads\/2016\/07\/CCK55377-1280x848-768x509.jpg 768w, http:\/\/kouskeol.fr\/wp-content\/uploads\/2016\/07\/CCK55377-1280x848-1024x678.jpg 1024w, http:\/\/kouskeol.fr\/wp-content\/uploads\/2016\/07\/CCK55377-1280x848.jpg 1280w\" sizes=\"auto, (max-width: 300px) 100vw, 300px\" \/><\/a><figcaption id=\"caption-attachment-4019\" class=\"wp-caption-text\">Bec de canard.<\/figcaption><\/figure>\n<p>Au moment de rentrer, le vent est compl\u00e8tement tomb\u00e9 et nous ferons une d\u00e9monstration de Volvo \u00e0 nos nouveaux amis, bien s\u00fbr avec les dauphins qui viennent faire les marioles autour de Kousk Eol.<\/p>\n<figure id=\"attachment_4020\" aria-describedby=\"caption-attachment-4020\" style=\"width: 300px\" class=\"wp-caption aligncenter\"><a href=\"http:\/\/kouskeol.fr\/wp-content\/uploads\/2016\/07\/CCWG6062-1280x960.jpg\" target=\"_blank\"><img loading=\"lazy\" decoding=\"async\" class=\"wp-image-4020 size-medium\" src=\"http:\/\/kouskeol.fr\/wp-content\/uploads\/2016\/07\/CCWG6062-1280x960-300x221.jpg\" alt=\"CCWG6062 (1280x960)\" width=\"300\" height=\"221\" srcset=\"http:\/\/kouskeol.fr\/wp-content\/uploads\/2016\/07\/CCWG6062-1280x960-300x221.jpg 300w, http:\/\/kouskeol.fr\/wp-content\/uploads\/2016\/07\/CCWG6062-1280x960-768x566.jpg 768w, http:\/\/kouskeol.fr\/wp-content\/uploads\/2016\/07\/CCWG6062-1280x960-1024x755.jpg 1024w, http:\/\/kouskeol.fr\/wp-content\/uploads\/2016\/07\/CCWG6062-1280x960.jpg 1256w\" sizes=\"auto, (max-width: 300px) 100vw, 300px\" \/><\/a><figcaption id=\"caption-attachment-4020\" class=\"wp-caption-text\">La fine \u00e9quipe.<\/figcaption><\/figure>\n<p>Et c\u2019est de nuit que nous retrouvons notre place \u00e0 Port Moselle, o\u00f9 nous attendait Sophie\u00a0!<\/p>\n<p>Super journ\u00e9e\u00a0: c\u2019est plut\u00f4t de bonne augure pour la visite de MarieJo e Cathy\u00a0!<\/p>\n<div id=\"sdfootnote1\">\n<p class=\"sdfootnote\">______________________________<a class=\"sdfootnotesym\" href=\"#sdfootnote1anc\" name=\"sdfootnote1sym\"><br \/>\n<em>1<\/em><\/a><em>&#8211;\u00a0Bon, il semblerait d\u2019apr\u00e8s des avis autoris\u00e9s que ce soit plut\u00f4t le phare Am\u00e9d\u00e9e. Si on veut\u2026<\/em><\/p>\n<\/div>\n<div id=\"sdfootnote2\">\n<p class=\"sdfootnote\"><em><a class=\"sdfootnotesym\" href=\"#sdfootnote2anc\" name=\"sdfootnote2sym\">2<\/a>&#8211;\u00a0Aipysure lisse\u00a0: on a de l\u2019\u00e9ducation ou non.<\/em><\/p>\n<\/div>\n","protected":false},"excerpt":{"rendered":"<p>Mercredi 6 juillet 2016. Aujourd\u2019hui nous partons \u00e0 la d\u00e9couverte de l\u2019immense lagon au sud de Noum\u00e9a. Nous copains de Th\u00e9tis nous proposent d\u2019aller voir le phare \u00e0 M\u00e9d\u00e9e1 sur son \u00eelot, avec Kousk Eol, afin de constater la sup\u00e9riorit\u00e9 \u00e9crasante des monocoques par rapport aux catamarans. Et accessoirement d\u00e9couvrir les beaut\u00e9s du lagon. La &hellip; <a href=\"http:\/\/kouskeol.fr\/?p=4010\" class=\"more-link\">Continuer la lecture de <span class=\"screen-reader-text\">Premi\u00e8re journ\u00e9e dans le lagon sud de Nouvelle Cal\u00e9donie<\/span>  <span class=\"meta-nav\">&rarr;<\/span><\/a><\/p>\n","protected":false},"author":1,"featured_media":0,"comment_status":"open","ping_status":"open","sticky":false,"template":"","format":"standard","meta":{"ngg_post_thumbnail":0,"footnotes":""},"categories":[8,55],"tags":[],"class_list":["post-4010","post","type-post","status-publish","format-standard","hentry","category-voyage","category-pacifique"],"_links":{"self":[{"href":"http:\/\/kouskeol.fr\/index.php?rest_route=\/wp\/v2\/posts\/4010","targetHints":{"allow":["GET"]}}],"collection":[{"href":"http:\/\/kouskeol.fr\/index.php?rest_route=\/wp\/v2\/posts"}],"about":[{"href":"http:\/\/kouskeol.fr\/index.php?rest_route=\/wp\/v2\/types\/post"}],"author":[{"embeddable":true,"href":"http:\/\/kouskeol.fr\/index.php?rest_route=\/wp\/v2\/users\/1"}],"replies":[{"embeddable":true,"href":"http:\/\/kouskeol.fr\/index.php?rest_route=%2Fwp%2Fv2%2Fcomments&post=4010"}],"version-history":[{"count":4,"href":"http:\/\/kouskeol.fr\/index.php?rest_route=\/wp\/v2\/posts\/4010\/revisions"}],"predecessor-version":[{"id":4030,"href":"http:\/\/kouskeol.fr\/index.php?rest_route=\/wp\/v2\/posts\/4010\/revisions\/4030"}],"wp:attachment":[{"href":"http:\/\/kouskeol.fr\/index.php?rest_route=%2Fwp%2Fv2%2Fmedia&parent=4010"}],"wp:term":[{"taxonomy":"category","embeddable":true,"href":"http:\/\/kouskeol.fr\/index.php?rest_route=%2Fwp%2Fv2%2Fcategories&post=4010"},{"taxonomy":"post_tag","embeddable":true,"href":"http:\/\/kouskeol.fr\/index.php?rest_route=%2Fwp%2Fv2%2Ftags&post=4010"}],"curies":[{"name":"wp","href":"https:\/\/api.w.org\/{rel}","templated":true}]}}