{"id":4043,"date":"2016-08-04T23:49:31","date_gmt":"2016-08-04T22:49:31","guid":{"rendered":"http:\/\/kouskeol.fr\/?p=4043"},"modified":"2016-08-04T23:49:31","modified_gmt":"2016-08-04T22:49:31","slug":"avec-cathy-et-mariejo-en-nouvelle-caledonie-juillet-2016","status":"publish","type":"post","link":"http:\/\/kouskeol.fr\/?p=4043","title":{"rendered":"Avec Cathy et MarieJo en Nouvelle-Cal\u00e9donie \u2013 Juillet 2016"},"content":{"rendered":"<h3 class=\"western\">Noum\u00e9a 8-12 juillet<\/h3>\n<p>Mariejo et Cathy arrivent bien comme pr\u00e9vu le huit \u00e0 l\u2019a\u00e9roport de Tontouta, \u00e0 plus de quarante kilom\u00e8tres au nord de Noum\u00e9a, un peu cass\u00e9es par un tr\u00e8s long voyage aux multiples escales en classe bestiaux.<\/p>\n<p>Le soir m\u00eame, Sophie<a class=\"sdfootnoteanc\" href=\"#sdfootnote1sym\" name=\"sdfootnote1anc\"><sup>1<\/sup><\/a>, enceinte jusqu\u2019au cou, et Benjamin sont \u00e0 bord\u00a0: Cathy apporte avec elle un colis de la maman de Sophie, premi\u00e8re livraison pour le <i>not yet born baby<\/i>, d\u00fb le mois prochain. Tous les souvenirs, depuis la rencontre \u00e9ph\u00e9m\u00e8re aux Galapagos, y passent\u2026<\/p>\n<p>D\u00e8s le lendemain, il ne faut pas perdre de temps, nous partons vers l\u2019ouest du lagon sud, et mouillons devant l\u2019\u00eelot Mbe Kouen avec Thetis et son \u00e9quipage au complet.<\/p>\n<figure id=\"attachment_4044\" aria-describedby=\"caption-attachment-4044\" style=\"width: 300px\" class=\"wp-caption aligncenter\"><a href=\"http:\/\/kouskeol.fr\/wp-content\/uploads\/2016\/08\/IMG_4080-1280x960.jpg\" target=\"_blank\"><img loading=\"lazy\" decoding=\"async\" class=\"wp-image-4044 size-medium\" src=\"http:\/\/kouskeol.fr\/wp-content\/uploads\/2016\/08\/IMG_4080-1280x960-300x222.jpg\" alt=\"IMG_4080 (1280x960)\" width=\"300\" height=\"222\" srcset=\"http:\/\/kouskeol.fr\/wp-content\/uploads\/2016\/08\/IMG_4080-1280x960-300x222.jpg 300w, http:\/\/kouskeol.fr\/wp-content\/uploads\/2016\/08\/IMG_4080-1280x960-768x569.jpg 768w, http:\/\/kouskeol.fr\/wp-content\/uploads\/2016\/08\/IMG_4080-1280x960-1024x759.jpg 1024w, http:\/\/kouskeol.fr\/wp-content\/uploads\/2016\/08\/IMG_4080-1280x960.jpg 1266w\" sizes=\"auto, (max-width: 300px) 100vw, 300px\" \/><\/a><figcaption id=\"caption-attachment-4044\" class=\"wp-caption-text\">Kousk Eol au pr\u00e8s dans le lagon sud.<\/figcaption><\/figure>\n<figure id=\"attachment_4045\" aria-describedby=\"caption-attachment-4045\" style=\"width: 215px\" class=\"wp-caption aligncenter\"><a href=\"http:\/\/kouskeol.fr\/wp-content\/uploads\/2016\/08\/IMG_4100-917x1280.jpg\" target=\"_blank\"><img loading=\"lazy\" decoding=\"async\" class=\"wp-image-4045 size-medium\" src=\"http:\/\/kouskeol.fr\/wp-content\/uploads\/2016\/08\/IMG_4100-917x1280-215x300.jpg\" alt=\"IMG_4100 (917x1280)\" width=\"215\" height=\"300\" srcset=\"http:\/\/kouskeol.fr\/wp-content\/uploads\/2016\/08\/IMG_4100-917x1280-215x300.jpg 215w, http:\/\/kouskeol.fr\/wp-content\/uploads\/2016\/08\/IMG_4100-917x1280-768x1072.jpg 768w, http:\/\/kouskeol.fr\/wp-content\/uploads\/2016\/08\/IMG_4100-917x1280-734x1024.jpg 734w, http:\/\/kouskeol.fr\/wp-content\/uploads\/2016\/08\/IMG_4100-917x1280.jpg 917w\" sizes=\"auto, (max-width: 215px) 100vw, 215px\" \/><\/a><figcaption id=\"caption-attachment-4045\" class=\"wp-caption-text\">&#8230; et avec le Code D.<\/figcaption><\/figure>\n<figure id=\"attachment_4046\" aria-describedby=\"caption-attachment-4046\" style=\"width: 300px\" class=\"wp-caption aligncenter\"><a href=\"http:\/\/kouskeol.fr\/wp-content\/uploads\/2016\/08\/Thetis2.jpg\" target=\"_blank\"><img loading=\"lazy\" decoding=\"async\" class=\"wp-image-4046 size-medium\" src=\"http:\/\/kouskeol.fr\/wp-content\/uploads\/2016\/08\/Thetis2-300x221.jpg\" alt=\"Thetis2\" width=\"300\" height=\"221\" srcset=\"http:\/\/kouskeol.fr\/wp-content\/uploads\/2016\/08\/Thetis2-300x221.jpg 300w, http:\/\/kouskeol.fr\/wp-content\/uploads\/2016\/08\/Thetis2-768x565.jpg 768w, http:\/\/kouskeol.fr\/wp-content\/uploads\/2016\/08\/Thetis2-1024x753.jpg 1024w, http:\/\/kouskeol.fr\/wp-content\/uploads\/2016\/08\/Thetis2.jpg 1256w\" sizes=\"auto, (max-width: 300px) 100vw, 300px\" \/><\/a><figcaption id=\"caption-attachment-4046\" class=\"wp-caption-text\">Th\u00e9tis.<\/figcaption><\/figure>\n<figure id=\"attachment_4047\" aria-describedby=\"caption-attachment-4047\" style=\"width: 300px\" class=\"wp-caption aligncenter\"><a href=\"http:\/\/kouskeol.fr\/wp-content\/uploads\/2016\/08\/Thetis3.jpg\" target=\"_blank\"><img loading=\"lazy\" decoding=\"async\" class=\"wp-image-4047 size-medium\" src=\"http:\/\/kouskeol.fr\/wp-content\/uploads\/2016\/08\/Thetis3-300x223.jpg\" alt=\"Thetis3\" width=\"300\" height=\"223\" srcset=\"http:\/\/kouskeol.fr\/wp-content\/uploads\/2016\/08\/Thetis3-300x223.jpg 300w, http:\/\/kouskeol.fr\/wp-content\/uploads\/2016\/08\/Thetis3-768x570.jpg 768w, http:\/\/kouskeol.fr\/wp-content\/uploads\/2016\/08\/Thetis3-1024x760.jpg 1024w, http:\/\/kouskeol.fr\/wp-content\/uploads\/2016\/08\/Thetis3.jpg 1264w\" sizes=\"auto, (max-width: 300px) 100vw, 300px\" \/><\/a><figcaption id=\"caption-attachment-4047\" class=\"wp-caption-text\">Et re-Th\u00e9tis.<\/figcaption><\/figure>\n<p>Premi\u00e8res trempettes dans l\u2019eau cristalline. L\u2019\u00eelot est d\u00e9sert. Le matin suivant, nous changeons de mouillage pour l\u2019\u00eelot voisin de M\u2019Bo, lui aussi sauvage et inhabit\u00e9, offrant une plage de sable de r\u00eave.<\/p>\n<figure id=\"attachment_4048\" aria-describedby=\"caption-attachment-4048\" style=\"width: 300px\" class=\"wp-caption aligncenter\"><a href=\"http:\/\/kouskeol.fr\/wp-content\/uploads\/2016\/08\/CCWG6069-1280x960.jpg\" target=\"_blank\"><img loading=\"lazy\" decoding=\"async\" class=\"wp-image-4048 size-medium\" src=\"http:\/\/kouskeol.fr\/wp-content\/uploads\/2016\/08\/CCWG6069-1280x960-300x224.jpg\" alt=\"CCWG6069 (1280x960)\" width=\"300\" height=\"224\" srcset=\"http:\/\/kouskeol.fr\/wp-content\/uploads\/2016\/08\/CCWG6069-1280x960-300x224.jpg 300w, http:\/\/kouskeol.fr\/wp-content\/uploads\/2016\/08\/CCWG6069-1280x960-768x574.jpg 768w, http:\/\/kouskeol.fr\/wp-content\/uploads\/2016\/08\/CCWG6069-1280x960-1024x766.jpg 1024w, http:\/\/kouskeol.fr\/wp-content\/uploads\/2016\/08\/CCWG6069-1280x960.jpg 1276w\" sizes=\"auto, (max-width: 300px) 100vw, 300px\" \/><\/a><figcaption id=\"caption-attachment-4048\" class=\"wp-caption-text\">La plage de l&rsquo;\u00eelot M&rsquo;Bo.<\/figcaption><\/figure>\n<p>Il faut vite mettre un terme \u00e0 ce week-end de d\u00e9couvertes\u00a0: nous avons peur que MarieJo et Cathy ne prennent trop go\u00fbt au catamaran. En effet, Sylvain et Nathalie nous ont invit\u00e9 \u00e0 manger \u00e0 bord\u00a0: c\u2019est probablement l\u00e0 que les arguments pour d\u00e9molir ces soi-disant voiliers \u00e0 coques multiples montrent leur limite\u2026 Mais bon, il y avait \u00e0 bord de Th\u00e9tis un reste de cubitainer de rhum de la Martinique\u00a0: coup bas de Sylvain auquel nous avons du mal \u00e0 r\u00e9sister\u00a0! Et c\u2019est aussi le dernier week-end \u00e0 Noum\u00e9a pour Cl\u00e9mence et Ianis, qui rentrent en m\u00e9tropole dimanche soir.<\/p>\n<p>Nous retrouvons le soir notre emplacement \u00e0 la marina de Port Moselle.<\/p>\n<figure id=\"attachment_4051\" aria-describedby=\"caption-attachment-4051\" style=\"width: 300px\" class=\"wp-caption aligncenter\"><a href=\"http:\/\/kouskeol.fr\/wp-content\/uploads\/2016\/08\/PortMoselle.jpg\" target=\"_blank\"><img loading=\"lazy\" decoding=\"async\" class=\"wp-image-4051 size-medium\" src=\"http:\/\/kouskeol.fr\/wp-content\/uploads\/2016\/08\/PortMoselle-300x225.jpg\" alt=\"PortMoselle\" width=\"300\" height=\"225\" srcset=\"http:\/\/kouskeol.fr\/wp-content\/uploads\/2016\/08\/PortMoselle-300x225.jpg 300w, http:\/\/kouskeol.fr\/wp-content\/uploads\/2016\/08\/PortMoselle-768x576.jpg 768w, http:\/\/kouskeol.fr\/wp-content\/uploads\/2016\/08\/PortMoselle-1024x768.jpg 1024w, http:\/\/kouskeol.fr\/wp-content\/uploads\/2016\/08\/PortMoselle.jpg 1280w\" sizes=\"auto, (max-width: 300px) 100vw, 300px\" \/><\/a><figcaption id=\"caption-attachment-4051\" class=\"wp-caption-text\">La marina de Port Moselle.<\/figcaption><\/figure>\n<p>De l\u00e0, une petite visite du centre de la ville s\u2019impose\u00a0: le march\u00e9 couvert, assez bien achaland\u00e9, la Place des Cocotiers, les quelques vielles maisons coloniales, le petit quartier chinois\u2026<\/p>\n<figure id=\"attachment_4050\" aria-describedby=\"caption-attachment-4050\" style=\"width: 300px\" class=\"wp-caption aligncenter\"><a href=\"http:\/\/kouskeol.fr\/wp-content\/uploads\/2016\/08\/PlaceCocotiers.jpg\" target=\"_blank\"><img loading=\"lazy\" decoding=\"async\" class=\"wp-image-4050 size-medium\" src=\"http:\/\/kouskeol.fr\/wp-content\/uploads\/2016\/08\/PlaceCocotiers-300x225.jpg\" alt=\"PlaceCocotiers\" width=\"300\" height=\"225\" srcset=\"http:\/\/kouskeol.fr\/wp-content\/uploads\/2016\/08\/PlaceCocotiers-300x225.jpg 300w, http:\/\/kouskeol.fr\/wp-content\/uploads\/2016\/08\/PlaceCocotiers-768x576.jpg 768w, http:\/\/kouskeol.fr\/wp-content\/uploads\/2016\/08\/PlaceCocotiers-1024x768.jpg 1024w, http:\/\/kouskeol.fr\/wp-content\/uploads\/2016\/08\/PlaceCocotiers.jpg 1278w\" sizes=\"auto, (max-width: 300px) 100vw, 300px\" \/><\/a><figcaption id=\"caption-attachment-4050\" class=\"wp-caption-text\">La place des Cocotiers.<\/figcaption><\/figure>\n<p><a href=\"http:\/\/kouskeol.fr\/wp-content\/uploads\/2016\/08\/CCWG6087-1280x960.jpg\" target=\"_blank\"><img loading=\"lazy\" decoding=\"async\" class=\"aligncenter wp-image-4049 size-medium\" src=\"http:\/\/kouskeol.fr\/wp-content\/uploads\/2016\/08\/CCWG6087-1280x960-300x225.jpg\" alt=\"CCWG6087 (1280x960)\" width=\"300\" height=\"225\" srcset=\"http:\/\/kouskeol.fr\/wp-content\/uploads\/2016\/08\/CCWG6087-1280x960-300x225.jpg 300w, http:\/\/kouskeol.fr\/wp-content\/uploads\/2016\/08\/CCWG6087-1280x960-768x576.jpg 768w, http:\/\/kouskeol.fr\/wp-content\/uploads\/2016\/08\/CCWG6087-1280x960-1024x768.jpg 1024w, http:\/\/kouskeol.fr\/wp-content\/uploads\/2016\/08\/CCWG6087-1280x960.jpg 1280w\" sizes=\"auto, (max-width: 300px) 100vw, 300px\" \/><\/a><\/p>\n<p>Le march\u00e9 fournira, en plus de l\u00e9gumes et fruits, d\u2019excellentes crevettes \u00e9lev\u00e9es en Nouvelle-Cal\u00e9donie et r\u00e9put\u00e9es partout\u00a0: au curry avec du lait de coco, \u00e7a se laisse manger. \u00c9videmment, hors de question d\u2019acheter du poisson\u00a0: \u00e0 bord de Kousk Eol on a des principes, on ne mange que la p\u00eache perso remont\u00e9e avec nos petits bras \u00e0 nous (et surtout, avouons-le, on a trop peur de se faire engueuler par Maurice).<\/p>\n<p>Nous louons \u00e0 nouveau une voiture, \u00e0 la fois pour faire les courses pour la suite de la navigation vers le sud et les \u00celes Loyaut\u00e9, et pour nous faire une id\u00e9e de l\u2019environnement de Noum\u00e9a, suite de splendides baies et de promontoires domin\u00e9s par des montagnes. Le cadre n\u2019a rien \u00e0 envier \u00e0 la Polyn\u00e9sie, au contraire. Nous passons au centre Jean-Marie Tjibaou sur la culture kanake, malheureusement ferm\u00e9 ce jour. L\u2019architecture de Renzo Piano est extraordinaire, mais vous n\u2019avez pas \u00e9t\u00e9 assez sages pour m\u00e9riter une photo.<\/p>\n<p>Et \u00e0 nouveau, il faut rentrer au bateau, pour entre autre pr\u00e9parer la suite du programme. T\u00e2che frisant l\u2019hercul\u00e9anit\u00e9<a class=\"sdfootnoteanc\" href=\"#sdfootnote2sym\" name=\"sdfootnote2anc\"><sup>2<\/sup><\/a>\u00a0: la Nouvelle-Cal\u00e9donie, c\u2019est grand\u00a0! Nous ne pourrons, une fois de plus, pas tout voir. La question, fondamentalement existentielle qui a pris l\u2019habitude de nous hanter, est donc, je le rappelle\u00a0: oui, d\u2019accord, mais qu\u2019est-ce qu\u2019on laisse tomber\u00a0? Et qu\u2019est-ce qu\u2019on choisit de pr\u00e9senter \u00e0 nos yeux impatients de continuer \u00e0 se saturer de beaut\u00e9s tropicales autant qu\u2019exotiques\u00a0? Hein\u00a0? Vous le sentez, le dilemme\u00a0?<\/p>\n<p>Pour ne pas avoir \u00e0 r\u00e9pondre trop vite, la r\u00e9ponse, temporairement provisoire<a class=\"sdfootnoteanc\" href=\"#sdfootnote3sym\" name=\"sdfootnote3anc\"><sup>3<\/sup><\/a>, sera\u00a0: \u00ab\u00a0Les \u00celes Loyaut\u00e9, bien s\u00fbr\u00a0! Sans oublier la mythique \u00cele des Pins, \u00e9videmment. Et les baleines.\u00a0\u00bb. Donc, en cons\u00e9quence et de ce fait.<\/p>\n<p>&nbsp;<\/p>\n<div id=\"sdfootnote1\">\n<p class=\"sdfootnote\">________________________________<a class=\"sdfootnotesym\" href=\"#sdfootnote1anc\" name=\"sdfootnote1sym\"><br \/>\n<em>1<\/em><\/a><em>&#8211;\u00a0Rappelez-vous\u00a0: nous avions rencontr\u00e9 Sophie et Benjamin aux Galapagos, puis \u00e0 nouveau \u00e0 Papeete, sur leur voilier Ouma. Et la famille de Sophie vit \u00e0 Grenoble.<\/em><\/p>\n<\/div>\n<div id=\"sdfootnote2\">\n<p class=\"sdfootnote\"><em><a class=\"sdfootnotesym\" href=\"#sdfootnote2anc\" name=\"sdfootnote2sym\">2<\/a>&#8211;\u00a0Et alors, les coinc\u00e9s constip\u00e9s du vocabulaire, \u00e7a vous g\u00eane\u00a0?<\/em><\/p>\n<\/div>\n<div id=\"sdfootnote3\">\n<p class=\"sdfootnote\"><em><a class=\"sdfootnotesym\" href=\"#sdfootnote3anc\" name=\"sdfootnote3sym\">3<\/a>&#8211;\u00a0D\u2019aucun aurait dit\u00a0: \u00ab\u00a0Pour botter en touche.\u00a0\u00bb. Mais dire que j\u2019ai le foutebale en d\u00e9testation serait un euph\u00e9misme d\u2019une douceur improbable. Donc.<\/em><\/p>\n<\/div>\n","protected":false},"excerpt":{"rendered":"<p>Noum\u00e9a 8-12 juillet Mariejo et Cathy arrivent bien comme pr\u00e9vu le huit \u00e0 l\u2019a\u00e9roport de Tontouta, \u00e0 plus de quarante kilom\u00e8tres au nord de Noum\u00e9a, un peu cass\u00e9es par un tr\u00e8s long voyage aux multiples escales en classe bestiaux. Le soir m\u00eame, Sophie1, enceinte jusqu\u2019au cou, et Benjamin sont \u00e0 bord\u00a0: Cathy apporte avec elle &hellip; <a href=\"http:\/\/kouskeol.fr\/?p=4043\" class=\"more-link\">Continuer la lecture de <span class=\"screen-reader-text\">Avec Cathy et MarieJo en Nouvelle-Cal\u00e9donie \u2013 Juillet 2016<\/span>  <span class=\"meta-nav\">&rarr;<\/span><\/a><\/p>\n","protected":false},"author":1,"featured_media":0,"comment_status":"open","ping_status":"open","sticky":false,"template":"","format":"standard","meta":{"ngg_post_thumbnail":0,"footnotes":""},"categories":[8,55],"tags":[],"class_list":["post-4043","post","type-post","status-publish","format-standard","hentry","category-voyage","category-pacifique"],"_links":{"self":[{"href":"http:\/\/kouskeol.fr\/index.php?rest_route=\/wp\/v2\/posts\/4043","targetHints":{"allow":["GET"]}}],"collection":[{"href":"http:\/\/kouskeol.fr\/index.php?rest_route=\/wp\/v2\/posts"}],"about":[{"href":"http:\/\/kouskeol.fr\/index.php?rest_route=\/wp\/v2\/types\/post"}],"author":[{"embeddable":true,"href":"http:\/\/kouskeol.fr\/index.php?rest_route=\/wp\/v2\/users\/1"}],"replies":[{"embeddable":true,"href":"http:\/\/kouskeol.fr\/index.php?rest_route=%2Fwp%2Fv2%2Fcomments&post=4043"}],"version-history":[{"count":1,"href":"http:\/\/kouskeol.fr\/index.php?rest_route=\/wp\/v2\/posts\/4043\/revisions"}],"predecessor-version":[{"id":4052,"href":"http:\/\/kouskeol.fr\/index.php?rest_route=\/wp\/v2\/posts\/4043\/revisions\/4052"}],"wp:attachment":[{"href":"http:\/\/kouskeol.fr\/index.php?rest_route=%2Fwp%2Fv2%2Fmedia&parent=4043"}],"wp:term":[{"taxonomy":"category","embeddable":true,"href":"http:\/\/kouskeol.fr\/index.php?rest_route=%2Fwp%2Fv2%2Fcategories&post=4043"},{"taxonomy":"post_tag","embeddable":true,"href":"http:\/\/kouskeol.fr\/index.php?rest_route=%2Fwp%2Fv2%2Ftags&post=4043"}],"curies":[{"name":"wp","href":"https:\/\/api.w.org\/{rel}","templated":true}]}}