{"id":41,"date":"2014-04-21T16:00:33","date_gmt":"2014-04-21T15:00:33","guid":{"rendered":"http:\/\/kouskeol.fr\/?p=41"},"modified":"2017-06-07T19:05:45","modified_gmt":"2017-06-07T18:05:45","slug":"castro-puerto-montt-dernieres-etapes-en-patagonie","status":"publish","type":"post","link":"http:\/\/kouskeol.fr\/?p=41","title":{"rendered":"Castro \u2013 Puerto Montt: derni\u00e8res \u00e9tapes en Patagonie"},"content":{"rendered":"<div class=\"ob-section ob-section-html\">\n<p>Voici plus d&rsquo;un mois que nous sommes partis de Punta Arenas, et deux mois que nous sommes arriv\u00e9s en Terre de Feu \u00e0 Puerto Williams&#8230; Puerto Montt marquera la fin de notre navigation dans les canaux de Patagonie: magnifique aboutissement d&rsquo;une premi\u00e8re \u00e9tape de ce voyage<\/p>\n<p><b>15 Avril 2014-<\/b> Journ\u00e9e de repos \u00e0 Castro, sur l&rsquo;\u00eele de Chiloe. Et premi\u00e8re douche depuis 10 jours&#8230; Parillada et saumon au menu des repas: \u00e7a nous change un peu des p\u00e2te et du riz de ces derniers jours! Beau soleil toute la journ\u00e9e, sauf \u00e9videmment au moment de rentrer au bateau: pluie qu&rsquo;on aurait pu qualifier de vivifiante s&rsquo;il n&rsquo;\u00e9tait plus de 22h, que la mar\u00e9e \u00e9tait basse et donc qu&rsquo;il a fallu porter l&rsquo;annexe (et son moteur) dans une esp\u00e8ce de vase d\u00e9tremp\u00e9e et finir d\u00e9goulinants en arrivant \u00e0 bord&#8230; La voile, \u00e7a vous forge un caract\u00e8re!<\/p>\n<p><b>16 Avril 2014<\/b>&#8211; Nous quittons Castro sous un ciel nuageux et une temp\u00e9rature nettement plus polaire que la journ\u00e9e d&rsquo;hier. Les lag\u00e9norhynques en combinaison noire et blanche nous accompagnent, plongeant sous le bateau ou acc\u00e9l\u00e9rant pour sauter \u00e0 la proue.<\/p>\n<p>La m\u00e9t\u00e9o nous avait pr\u00e9venus: \u00e7a allait secouer! Eh bien, \u00e7a a secou\u00e9&#8230; Encore une fois plus de 30 nds dans le nez, et bien s\u00fbr encore de la mer dure&#8230; Et bien s\u00fbr, il fait froid&#8230; Vous n&rsquo;en n&rsquo;avez pas marre, vous, qu&rsquo;on vous rab\u00e2che toujours la m\u00eame histoire?<\/p>\n<p>Pour pimenter un peu, les instruments ont d\u00e9cid\u00e9 qu&rsquo;eux aussi qu&rsquo;ils en avaient marre: plus rien&#8230; Diagnostic rapide: le fusible d&rsquo;alimentation des r\u00e9p\u00e9titeurs a grill\u00e9. C&rsquo;est bien le seul \u00e0 avoir eu chaud! Pas grave, comme on est organis\u00e9, on a des fusibles de rechange. On ne nous la fait pas, \u00e0 nous. Et hop, fusible chang\u00e9! Et hop, fusible re-grill\u00e9&#8230; Plus grave que pr\u00e9vu, cette fois. Ah, puis tiens, aussi la tablette avec les cartes Navionics&#8230; Ah ben \u00e7a alors! Aurait-on manqu\u00e9 de respect \u00e0 Neptune, \u00e0 l&rsquo;insu de notre plein gr\u00e9?<\/p>\n<p>On finit la navigation avec le GPS de rechange sur le PC de rechange et avec le sondeur de rechange, mais toujours le m\u00eame \u00e9quipage. Et on arrive \u00e0 la <i>Caleta Mechuque<\/i> vers 19h, avant la nuit. Ce soir, le ti-punch sera vraiment m\u00e9rit\u00e9!<\/p>\n<p>Nuit assez tranquille malgr\u00e9 le passage de grains qui font tourner le bateau sur son ancre. Et le matin, au moment de partir, l&rsquo;ancre refuse de remonter&#8230; Rien \u00e0 faire: blocage costaud.<\/p>\n<p>DD, n&rsquo;\u00e9coutant que son courage, s&rsquo;\u00e9quipe et plonge: la cha\u00eene s&rsquo;est enroul\u00e9e autour d&rsquo;un bloc abandonn\u00e9 qui a servi d&rsquo;ancrage \u00e0 des corps-morts! Elle est vite d\u00e9gag\u00e9e et on quitte enfin la Caleta Mechuque, sous l&rsquo;oeil attentif d&rsquo;un lion de mer.<\/p>\n<p><a href=\"http:\/\/kouskeol.fr\/wp-content\/uploads\/2014\/09\/CaletaMechuque.jpg\" target=\"_blank\"><img loading=\"lazy\" decoding=\"async\" class=\"alignnone wp-image-57 size-thumbnail\" src=\"http:\/\/kouskeol.fr\/wp-content\/uploads\/2014\/09\/CaletaMechuque-150x150.jpg\" alt=\"CaletaMechuque\" width=\"150\" height=\"150\" \/><\/a><a href=\"http:\/\/kouskeol.fr\/wp-content\/uploads\/2014\/09\/CaletaAndrade4.jpg\" target=\"_blank\"><img loading=\"lazy\" decoding=\"async\" class=\"alignnone wp-image-47 size-thumbnail\" src=\"http:\/\/kouskeol.fr\/wp-content\/uploads\/2014\/09\/CaletaAndrade4-150x150.jpg\" alt=\"CaletaAndrade4\" width=\"150\" height=\"150\" \/><\/a><\/p>\n<div class=\"ob-section ob-section-html\">\n<p>Et cette fois, promis! Je ne vous raconterai pas encore une fois qu&rsquo;on a pris 3 ris dans la grand-voile et seulement mis \u00bd trinquette, ni qu&rsquo;il y avait des grains et du vent, dans le nez bien sur, ni qu&rsquo;il y avait de la mer. Ni qu&rsquo;on n&rsquo;avait pas chaud: \u00e7a va de soi.<\/p>\n<p>Je vous dirai juste qu&rsquo;on est tout de m\u00eame arriv\u00e9 \u00e0 <i>Puerto Quemchi<\/i>, o\u00f9 pour la premi\u00e8re fois nous avons pu nous amarrer \u00e0 une bou\u00e9e: quel bonheur! Pas de *\u00bb&amp;@*$ d&rsquo;ancre \u00e0 mouiller, ou de ligne \u00e0 tirer \u00e0 terre&#8230;<\/p>\n<p><a href=\"http:\/\/kouskeol.fr\/wp-content\/uploads\/2014\/09\/Quemchi2.jpg\" target=\"_blank\"><img loading=\"lazy\" decoding=\"async\" class=\"alignnone wp-image-65 size-thumbnail\" src=\"http:\/\/kouskeol.fr\/wp-content\/uploads\/2014\/09\/Quemchi2-150x150.jpg\" alt=\"Quemchi2\" width=\"150\" height=\"150\" \/><\/a><a href=\"http:\/\/kouskeol.fr\/wp-content\/uploads\/2014\/09\/Quemchi1.jpg\" target=\"_blank\"><img loading=\"lazy\" decoding=\"async\" class=\"alignnone wp-image-64 size-thumbnail\" src=\"http:\/\/kouskeol.fr\/wp-content\/uploads\/2014\/09\/Quemchi1-150x150.jpg\" alt=\"Quemchi1\" width=\"150\" height=\"150\" \/><\/a><a href=\"http:\/\/kouskeol.fr\/wp-content\/uploads\/2014\/09\/Quemchi3.jpg\" target=\"_blank\"><img loading=\"lazy\" decoding=\"async\" class=\"alignnone wp-image-66 size-thumbnail\" src=\"http:\/\/kouskeol.fr\/wp-content\/uploads\/2014\/09\/Quemchi3-150x150.jpg\" alt=\"Quemchi3\" width=\"150\" height=\"150\" \/><\/a><\/p>\n<div class=\"ob-section ob-section-html\">\n<p>A Quemchi, bien s\u00fbr, on va \u00e0 l&rsquo;Armada donner nos intentions de navigation pour les prochains jours, comme d&rsquo;hab. Sauf que l\u00e0, le marin de garde nous demande \u00ab\u00a0Mais qu\u00a0&lsquo;est-ce que vous venez faire ici? Il n&rsquo;y a rien&#8230; Rien \u00e0 a voir, rien \u00e0 a faire&#8230; C&rsquo;est un trou!\u00a0\u00bb. Ah bon? C&rsquo;est quand m\u00eame le pays de Francisco Coloane, non? Oui, mais il n&rsquo;est plus l\u00e0&#8230; Et il nous indique tout de m\u00eame un restaurant. \u00ab\u00a0El Chejo\u00a0\u00bb. \u00c7a ne paie pas de mine, mais c&rsquo;est le seul restau ouvert du coin. Et alors l\u00e0, l&rsquo;enchantement: excellentes <i>empanadas <\/i><i>de marisco<\/i>, saumon \u00e0 la plancha exquis, vin chilien largement plus qu&rsquo;honorable. Mais tout \u00e7a n&rsquo;est rien sans l&rsquo;accueil de Don Chejo lui-m\u00eame en personne, qui passe pratiquement toute la soir\u00e9e avec nous, nous faisant visiter la cuisine, nous vantant la qualit\u00e9 de vie sur Chiloe, \u2026<\/p>\n<p><b>18 Avril<\/b>: il faut y aller! Aujourd&rsquo;hui, nous traversons le Golfe d&rsquo;Ancud vers l&rsquo;Est pour rejoindre la c\u00f4te continentale, vers l&rsquo;\u00eele de Llancahu\u00e9 o\u00f9 se trouvent des sources d&rsquo;eau chaude. Une quarantaine de milles. Le temps est plus cl\u00e9ment: on voit du ciel bleu et le soleil fait des tentatives m\u00e9ritantes pour se montrer.<\/p>\n<p>Du coup, la terrasse de Kousk Eol est de nouveau investie, avec ses fl\u00e2neurs, ses artistes&#8230;<\/p>\n<p><a href=\"http:\/\/kouskeol.fr\/wp-content\/uploads\/2014\/09\/Quemchi5.jpg\" target=\"_blank\"><img loading=\"lazy\" decoding=\"async\" class=\"alignnone wp-image-67 size-thumbnail\" src=\"http:\/\/kouskeol.fr\/wp-content\/uploads\/2014\/09\/Quemchi5-150x150.jpg\" alt=\"Quemchi5\" width=\"150\" height=\"150\" \/><\/a><a href=\"http:\/\/kouskeol.fr\/wp-content\/uploads\/2014\/09\/CaletaAndrade24.jpg\" target=\"_blank\"><img loading=\"lazy\" decoding=\"async\" class=\"alignnone wp-image-56 size-thumbnail\" src=\"http:\/\/kouskeol.fr\/wp-content\/uploads\/2014\/09\/CaletaAndrade24-150x150.jpg\" alt=\"CaletaAndrade24\" width=\"150\" height=\"150\" \/><\/a><\/p>\n<figure id=\"attachment_68\" aria-describedby=\"caption-attachment-68\" style=\"width: 300px\" class=\"wp-caption aligncenter\"><a href=\"http:\/\/kouskeol.fr\/wp-content\/uploads\/2014\/09\/Quemchi6.jpg\" target=\"_blank\"><img loading=\"lazy\" decoding=\"async\" class=\"wp-image-68 size-medium\" src=\"http:\/\/kouskeol.fr\/wp-content\/uploads\/2014\/09\/Quemchi6-300x225.jpg\" alt=\"Quemchi6\" width=\"300\" height=\"225\" srcset=\"http:\/\/kouskeol.fr\/wp-content\/uploads\/2014\/09\/Quemchi6-300x225.jpg 300w, http:\/\/kouskeol.fr\/wp-content\/uploads\/2014\/09\/Quemchi6-600x451.jpg 600w, http:\/\/kouskeol.fr\/wp-content\/uploads\/2014\/09\/Quemchi6.jpg 1024w\" sizes=\"auto, (max-width: 300px) 100vw, 300px\" \/><\/a><figcaption id=\"caption-attachment-68\" class=\"wp-caption-text\">La terrasse de Kousk Eol, ses artistes et autres fl\u00e2neurs&#8230;<\/figcaption><\/figure>\n<p>Et nous arrivons au fond de la <i>Caleta Andrade<\/i> en fin d&rsquo;apr\u00e8s-midi, sous un beau ciel bleu. La caleta est encombr\u00e9e d&rsquo;\u00e9levages de <i>cholgas<\/i> et autres hu\u00eetres, avec toujours des otaries affal\u00e9es sur les bou\u00e9es d&rsquo;ancrage de ces \u00e9levages. Quand je pense qu&rsquo;on nous racontait, enfants, qu&rsquo;il fallait \u00eatre un sacr\u00e9 bon dresseur pour arriver \u00e0 faire monter une otarie sur un ballon! Alors qu&rsquo;elles font bien plus dur en cachette et toutes seules&#8230;<\/p>\n<p><a href=\"http:\/\/kouskeol.fr\/wp-content\/uploads\/2014\/09\/CaletaAndrade2.jpg\" target=\"_blank\"><img loading=\"lazy\" decoding=\"async\" class=\"alignnone wp-image-45 size-thumbnail\" src=\"http:\/\/kouskeol.fr\/wp-content\/uploads\/2014\/09\/CaletaAndrade2-150x150.jpg\" alt=\"CaletaAndrade2\" width=\"150\" height=\"150\" \/><\/a> <a href=\"http:\/\/kouskeol.fr\/wp-content\/uploads\/2014\/09\/CaletaAndrade1.jpg\" target=\"_blank\"><img loading=\"lazy\" decoding=\"async\" class=\"alignnone wp-image-44 size-thumbnail\" src=\"http:\/\/kouskeol.fr\/wp-content\/uploads\/2014\/09\/CaletaAndrade1-150x150.jpg\" alt=\"CaletaAndrade1\" width=\"150\" height=\"150\" \/><\/a> <a href=\"http:\/\/kouskeol.fr\/wp-content\/uploads\/2014\/09\/CaletaAndrade5.jpg\" target=\"_blank\"><img loading=\"lazy\" decoding=\"async\" class=\"alignnone wp-image-48 size-thumbnail\" src=\"http:\/\/kouskeol.fr\/wp-content\/uploads\/2014\/09\/CaletaAndrade5-150x150.jpg\" alt=\"CaletaAndrade5\" width=\"150\" height=\"150\" \/><\/a> <a href=\"http:\/\/kouskeol.fr\/wp-content\/uploads\/2014\/09\/CaletaAndrade10.jpg\" target=\"_blank\"><img loading=\"lazy\" decoding=\"async\" class=\"aligncenter wp-image-49 size-medium\" src=\"http:\/\/kouskeol.fr\/wp-content\/uploads\/2014\/09\/CaletaAndrade10-300x198.jpg\" alt=\"CaletaAndrade10\" width=\"300\" height=\"198\" srcset=\"http:\/\/kouskeol.fr\/wp-content\/uploads\/2014\/09\/CaletaAndrade10-300x198.jpg 300w, http:\/\/kouskeol.fr\/wp-content\/uploads\/2014\/09\/CaletaAndrade10-600x397.jpg 600w, http:\/\/kouskeol.fr\/wp-content\/uploads\/2014\/09\/CaletaAndrade10.jpg 1024w\" sizes=\"auto, (max-width: 300px) 100vw, 300px\" \/><\/a>Ce matin, c&rsquo;est un martin-p\u00eacheur qui vient v\u00e9rifier si le gr\u00e9ement est en \u00e9tat, pendant qu&rsquo;une \u00e9pave de bus nous refait le coup de \u00ab\u00a0Into the wild\u00a0\u00bb&#8230; On se demande comment elle est arriv\u00e9e jusqu&rsquo;ici!<\/p>\n<p><a href=\"http:\/\/kouskeol.fr\/wp-content\/uploads\/2014\/09\/CaletaAndrade12.jpg\" target=\"_blank\"><img loading=\"lazy\" decoding=\"async\" class=\"alignnone wp-image-51 size-thumbnail\" src=\"http:\/\/kouskeol.fr\/wp-content\/uploads\/2014\/09\/CaletaAndrade12-150x150.jpg\" alt=\"CaletaAndrade12\" width=\"150\" height=\"150\" \/><\/a> <a href=\"http:\/\/kouskeol.fr\/wp-content\/uploads\/2014\/09\/CaletaAndrade11.jpg\" target=\"_blank\"><img loading=\"lazy\" decoding=\"async\" class=\"alignnone wp-image-50 size-thumbnail\" src=\"http:\/\/kouskeol.fr\/wp-content\/uploads\/2014\/09\/CaletaAndrade11-150x150.jpg\" alt=\"CaletaAndrade11\" width=\"150\" height=\"150\" \/><\/a><\/p>\n<div class=\"ob-section ob-section-html\">\n<p>Et il ne faut pas tra\u00eener! Une rude journ\u00e9e nous attend: au moins 2 milles avant de mouiller devant la Caleta Los Ba\u00f1os, o\u00f9 on nous promet une piscine d&rsquo;eau chaude naturelle, avec le volcan Hornopiren juste en face&#8230;<\/p>\n<p>Promesse tenue: l&rsquo;eau \u00e9tait bien chaude!<\/p>\n<p><a href=\"http:\/\/kouskeol.fr\/wp-content\/uploads\/2014\/09\/CaletaAndrade23.jpg\" target=\"_blank\"><img loading=\"lazy\" decoding=\"async\" class=\"alignnone wp-image-55 size-thumbnail\" src=\"http:\/\/kouskeol.fr\/wp-content\/uploads\/2014\/09\/CaletaAndrade23-150x150.jpg\" alt=\"CaletaAndrade23\" width=\"150\" height=\"150\" \/><\/a> <a href=\"http:\/\/kouskeol.fr\/wp-content\/uploads\/2014\/09\/CaletaAndrade20.jpg\" target=\"_blank\"><img loading=\"lazy\" decoding=\"async\" class=\"alignnone wp-image-52 size-thumbnail\" src=\"http:\/\/kouskeol.fr\/wp-content\/uploads\/2014\/09\/CaletaAndrade20-150x150.jpg\" alt=\"CaletaAndrade20\" width=\"150\" height=\"150\" \/><\/a><\/p>\n<figure id=\"attachment_54\" aria-describedby=\"caption-attachment-54\" style=\"width: 300px\" class=\"wp-caption aligncenter\"><a href=\"http:\/\/kouskeol.fr\/wp-content\/uploads\/2014\/09\/CaletaAndrade22.jpg\" target=\"_blank\"><img loading=\"lazy\" decoding=\"async\" class=\"wp-image-54 size-medium\" src=\"http:\/\/kouskeol.fr\/wp-content\/uploads\/2014\/09\/CaletaAndrade22-300x224.jpg\" alt=\"CaletaAndrade22\" width=\"300\" height=\"224\" srcset=\"http:\/\/kouskeol.fr\/wp-content\/uploads\/2014\/09\/CaletaAndrade22-300x224.jpg 300w, http:\/\/kouskeol.fr\/wp-content\/uploads\/2014\/09\/CaletaAndrade22-600x448.jpg 600w, http:\/\/kouskeol.fr\/wp-content\/uploads\/2014\/09\/CaletaAndrade22.jpg 1020w\" sizes=\"auto, (max-width: 300px) 100vw, 300px\" \/><\/a><figcaption id=\"caption-attachment-54\" class=\"wp-caption-text\">La piscine \u00e0 eau chaude naturelle<\/figcaption><\/figure>\n<p>Et pour notre dernier mouillage avant Puerto Montt, ce sera la <i>Caleta Zapatero<\/i>, refuge de p\u00eacheurs dont certains habitent des maisons flottantes. Ils nous accueillent \u00e0 couple de leur ponton flottant.<\/p>\n<p><a href=\"http:\/\/kouskeol.fr\/wp-content\/uploads\/2014\/09\/CaletaZapatero1.jpg\" target=\"_blank\"><img loading=\"lazy\" decoding=\"async\" class=\"alignnone wp-image-58 size-thumbnail\" src=\"http:\/\/kouskeol.fr\/wp-content\/uploads\/2014\/09\/CaletaZapatero1-150x150.jpg\" alt=\"CaletaZapatero1\" width=\"150\" height=\"150\" \/><\/a> <a href=\"http:\/\/kouskeol.fr\/wp-content\/uploads\/2014\/09\/CaletaZapatero2.jpg\" target=\"_blank\"><img loading=\"lazy\" decoding=\"async\" class=\"alignnone wp-image-59 size-thumbnail\" src=\"http:\/\/kouskeol.fr\/wp-content\/uploads\/2014\/09\/CaletaZapatero2-150x150.jpg\" alt=\"CaletaZapatero2\" width=\"150\" height=\"150\" \/><\/a><a href=\"http:\/\/kouskeol.fr\/wp-content\/uploads\/2014\/09\/CaletaZapatero3.jpg\" target=\"_blank\"><img loading=\"lazy\" decoding=\"async\" class=\"aligncenter wp-image-60 size-medium\" src=\"http:\/\/kouskeol.fr\/wp-content\/uploads\/2014\/09\/CaletaZapatero3-300x224.jpg\" alt=\"CaletaZapatero3\" width=\"300\" height=\"224\" srcset=\"http:\/\/kouskeol.fr\/wp-content\/uploads\/2014\/09\/CaletaZapatero3-300x224.jpg 300w, http:\/\/kouskeol.fr\/wp-content\/uploads\/2014\/09\/CaletaZapatero3-600x449.jpg 600w, http:\/\/kouskeol.fr\/wp-content\/uploads\/2014\/09\/CaletaZapatero3.jpg 1022w\" sizes=\"auto, (max-width: 300px) 100vw, 300px\" \/><\/a><\/p>\n<div class=\"ob-section ob-section-html\">\n<p>Et puis il faut y aller: dimanche 20 Avril au matin, nous entamons la derni\u00e8re \u00e9tape patagonienne&#8230; Remont\u00e9e vers le Nord et travers\u00e9e du Seno Reloncavi, sous la pluie (mais on a dit qu&rsquo;on n&rsquo;en parlerait plus). Et arriv\u00e9e \u00e0 la Marina Oxxean, devant le port de Puerto Montt en fin d&rsquo;apr\u00e8s-midi.<\/p>\n<p><b>Puerto Montt<\/b><\/p>\n<p>Petit pincement au c\u0153ur: la Patagonie est maintenant derri\u00e8re nous&#8230; Deux mois pass\u00e9s dans ses paysages extraordinaires, qui avaient largement capt\u00e9 notre imagination bien avant de partir, et dont la r\u00e9alit\u00e9 est encore plus magique. Puerto Montt marque la fin de la premi\u00e8re grosse \u00e9tape du p\u00e9riple de Kousk Eol, la partie Atlantique et Grand Sud.<\/p>\n<p>Les probl\u00e8mes de quille et les interrogations sur la suite du voyage alors que nous ne voyions pas la fin des r\u00e9parations ne sont plus qu&rsquo;un souvenir qui nous a finalement permis de riches rencontres et que nous \u00e9voquons maintenant en souriant. Impossible d&rsquo;oublier le support que nous avons eu du chantier Wauquiez (merci encore Wim!) pour assurer que la r\u00e9paration soit faite dans les r\u00e8gles. Ni le travail de pro de Fikky: \u00ab\u00a0Pas mal!\u00a0\u00bb, avec Diego et Horacio, dans la bonne humeur.<\/p>\n<p>La pers\u00e9v\u00e9rance a pay\u00e9: nous avons finalement pu aller jusqu&rsquo;au bout de notre projet, peut-\u00eatre en tra\u00eenant un peu moins que pr\u00e9vu, mais il fallait tenir compte de la saison. Rien pourtant n&rsquo;\u00e9tait s\u00fbr en quittant Piriapolis il y a presque trois mois: nous r\u00eavions toujours du Cap Horn, mais avec un peu de fatalisme. Et finalement, c&rsquo;est un parcours tr\u00e8s riche qui nous attendait&#8230;<\/p>\n<p>Gros challenge pour les prochaines \u00e9tapes: elles ont int\u00e9r\u00eat \u00e0 \u00eatre \u00e0 la hauteur!<\/p>\n<p>C&rsquo;est aussi \u00e0 Puerto Montt que nous rejoignent MarieJo et Cathy: petite pause de deux semaines pour se retrouver et faire une autre forme de tourisme ensembles.<\/p>\n<p>C&rsquo;est ici aussi que Sarah nous quitte, sans avoir r\u00e9ussi \u00e0 nous faire aimer les navets et les concombres, mais en vraie experte de toutes les man\u0153uvres \u00e0 bord!<\/p>\n<figure id=\"attachment_63\" aria-describedby=\"caption-attachment-63\" style=\"width: 300px\" class=\"wp-caption aligncenter\"><a href=\"http:\/\/kouskeol.fr\/wp-content\/uploads\/2014\/09\/PuertoMontt.jpg\" target=\"_blank\"><img loading=\"lazy\" decoding=\"async\" class=\"wp-image-63 size-medium\" src=\"http:\/\/kouskeol.fr\/wp-content\/uploads\/2014\/09\/PuertoMontt-300x198.jpg\" alt=\"PuertoMontt\" width=\"300\" height=\"198\" srcset=\"http:\/\/kouskeol.fr\/wp-content\/uploads\/2014\/09\/PuertoMontt-300x198.jpg 300w, http:\/\/kouskeol.fr\/wp-content\/uploads\/2014\/09\/PuertoMontt-600x397.jpg 600w, http:\/\/kouskeol.fr\/wp-content\/uploads\/2014\/09\/PuertoMontt.jpg 1024w\" sizes=\"auto, (max-width: 300px) 100vw, 300px\" \/><\/a><figcaption id=\"caption-attachment-63\" class=\"wp-caption-text\">Un p&rsquo;tit dernier arc en ciel pour la route, en arrivant \u00e0 Puerto Montt<\/figcaption><\/figure>\n<\/div>\n<\/div>\n<\/div>\n<\/div>\n<\/div>\n","protected":false},"excerpt":{"rendered":"<p>Voici plus d&rsquo;un mois que nous sommes partis de Punta Arenas, et deux mois que nous sommes arriv\u00e9s en Terre de Feu \u00e0 Puerto Williams&#8230; Puerto Montt marquera la fin de notre navigation dans les canaux de Patagonie: magnifique aboutissement d&rsquo;une premi\u00e8re \u00e9tape de ce voyage 15 Avril 2014- Journ\u00e9e de repos \u00e0 Castro, sur &hellip; <a href=\"http:\/\/kouskeol.fr\/?p=41\" class=\"more-link\">Continuer la lecture de <span class=\"screen-reader-text\">Castro \u2013 Puerto Montt: derni\u00e8res \u00e9tapes en Patagonie<\/span>  <span class=\"meta-nav\">&rarr;<\/span><\/a><\/p>\n","protected":false},"author":1,"featured_media":0,"comment_status":"open","ping_status":"open","sticky":false,"template":"","format":"standard","meta":{"ngg_post_thumbnail":0,"footnotes":""},"categories":[17,8,75],"tags":[45,46],"class_list":["post-41","post","type-post","status-publish","format-standard","hentry","category-chili","category-voyage","category-patagonie","tag-chiloe","tag-puerto-montt"],"_links":{"self":[{"href":"http:\/\/kouskeol.fr\/index.php?rest_route=\/wp\/v2\/posts\/41","targetHints":{"allow":["GET"]}}],"collection":[{"href":"http:\/\/kouskeol.fr\/index.php?rest_route=\/wp\/v2\/posts"}],"about":[{"href":"http:\/\/kouskeol.fr\/index.php?rest_route=\/wp\/v2\/types\/post"}],"author":[{"embeddable":true,"href":"http:\/\/kouskeol.fr\/index.php?rest_route=\/wp\/v2\/users\/1"}],"replies":[{"embeddable":true,"href":"http:\/\/kouskeol.fr\/index.php?rest_route=%2Fwp%2Fv2%2Fcomments&post=41"}],"version-history":[{"count":14,"href":"http:\/\/kouskeol.fr\/index.php?rest_route=\/wp\/v2\/posts\/41\/revisions"}],"predecessor-version":[{"id":2029,"href":"http:\/\/kouskeol.fr\/index.php?rest_route=\/wp\/v2\/posts\/41\/revisions\/2029"}],"wp:attachment":[{"href":"http:\/\/kouskeol.fr\/index.php?rest_route=%2Fwp%2Fv2%2Fmedia&parent=41"}],"wp:term":[{"taxonomy":"category","embeddable":true,"href":"http:\/\/kouskeol.fr\/index.php?rest_route=%2Fwp%2Fv2%2Fcategories&post=41"},{"taxonomy":"post_tag","embeddable":true,"href":"http:\/\/kouskeol.fr\/index.php?rest_route=%2Fwp%2Fv2%2Ftags&post=41"}],"curies":[{"name":"wp","href":"https:\/\/api.w.org\/{rel}","templated":true}]}}