{"id":4499,"date":"2016-10-10T10:50:38","date_gmt":"2016-10-10T09:50:38","guid":{"rendered":"http:\/\/kouskeol.fr\/?p=4499"},"modified":"2016-10-11T12:35:52","modified_gmt":"2016-10-11T11:35:52","slug":"dune-mascarene-a-lautre-lile-maurice-et-la-reunion","status":"publish","type":"post","link":"http:\/\/kouskeol.fr\/?p=4499","title":{"rendered":"D&rsquo;une Mascareigne \u00e0 l&rsquo;autre&#8230; L&rsquo;\u00eele Maurice et la R\u00e9union."},"content":{"rendered":"<p><b>Jeudi 6 octobre 2016<\/b>. Six heures trente\u00a0: apr\u00e8s une nuit tranquille \u00e0 l\u2019ancre, la meilleure depuis deux semaines, appel aux autorit\u00e9s portuaires. Nous devons nous rendre au fond du port, au quai des gardes-c\u00f4tes pour les formalit\u00e9s.<\/p>\n<figure id=\"attachment_4503\" aria-describedby=\"caption-attachment-4503\" style=\"width: 300px\" class=\"wp-caption aligncenter\"><a href=\"http:\/\/kouskeol.fr\/wp-content\/uploads\/2016\/10\/CCWG6796-1280x960.jpg\" target=\"_blank\"><img loading=\"lazy\" decoding=\"async\" class=\"wp-image-4503 size-medium\" src=\"http:\/\/kouskeol.fr\/wp-content\/uploads\/2016\/10\/CCWG6796-1280x960-300x225.jpg\" alt=\"ccwg6796-1280x960\" width=\"300\" height=\"225\" srcset=\"http:\/\/kouskeol.fr\/wp-content\/uploads\/2016\/10\/CCWG6796-1280x960-300x225.jpg 300w, http:\/\/kouskeol.fr\/wp-content\/uploads\/2016\/10\/CCWG6796-1280x960-768x575.jpg 768w, http:\/\/kouskeol.fr\/wp-content\/uploads\/2016\/10\/CCWG6796-1280x960-1024x767.jpg 1024w, http:\/\/kouskeol.fr\/wp-content\/uploads\/2016\/10\/CCWG6796-1280x960.jpg 1276w\" sizes=\"auto, (max-width: 300px) 100vw, 300px\" \/><\/a><figcaption id=\"caption-attachment-4503\" class=\"wp-caption-text\">Port SaintLouis.<\/figcaption><\/figure>\n<p>Le port est dans la ville de Port-Louis, et a l\u2019air tr\u00e8s actif. Nous sommes impressionn\u00e9s par le nombre de bateaux de p\u00eache chinois. Ils sont omnipr\u00e9sents, et trustent le canal 16 de la VHF, au m\u00e9pris des r\u00e8gles de s\u00e9curit\u00e9 de base.<\/p>\n<figure id=\"attachment_4504\" aria-describedby=\"caption-attachment-4504\" style=\"width: 300px\" class=\"wp-caption aligncenter\"><a href=\"http:\/\/kouskeol.fr\/wp-content\/uploads\/2016\/10\/CCWG6797-1280x960.jpg\" target=\"_blank\"><img loading=\"lazy\" decoding=\"async\" class=\"wp-image-4504 size-medium\" src=\"http:\/\/kouskeol.fr\/wp-content\/uploads\/2016\/10\/CCWG6797-1280x960-300x225.jpg\" alt=\"ccwg6797-1280x960\" width=\"300\" height=\"225\" srcset=\"http:\/\/kouskeol.fr\/wp-content\/uploads\/2016\/10\/CCWG6797-1280x960-300x225.jpg 300w, http:\/\/kouskeol.fr\/wp-content\/uploads\/2016\/10\/CCWG6797-1280x960-768x576.jpg 768w, http:\/\/kouskeol.fr\/wp-content\/uploads\/2016\/10\/CCWG6797-1280x960-1024x768.jpg 1024w, http:\/\/kouskeol.fr\/wp-content\/uploads\/2016\/10\/CCWG6797-1280x960.jpg 1280w\" sizes=\"auto, (max-width: 300px) 100vw, 300px\" \/><\/a><figcaption id=\"caption-attachment-4504\" class=\"wp-caption-text\">Quelques unes des p\u00eacheurs chinois&#8230;<\/figcaption><\/figure>\n<p>Les formalit\u00e9s accomplies, nous traversons le port pour nous mettre dans la petite marina du Caudan, le waterfront local. La marina nous pr\u00e9vient que nous ne pourrons rester trop longtemps\u00a0: l\u2019ARC arrive dans une dizaine de jours. Dix-huit bateaux, dont de gros catamarans\u00a0: \u00e7a va \u00eatre chaud dans la marina. D\u00e9cid\u00e9ment, nous sommes suivis \u00e0 la trace.<\/p>\n<figure id=\"attachment_4500\" aria-describedby=\"caption-attachment-4500\" style=\"width: 300px\" class=\"wp-caption aligncenter\"><a href=\"http:\/\/kouskeol.fr\/wp-content\/uploads\/2016\/10\/Caudan0.jpg\" target=\"_blank\"><img loading=\"lazy\" decoding=\"async\" class=\"wp-image-4500 size-medium\" src=\"http:\/\/kouskeol.fr\/wp-content\/uploads\/2016\/10\/Caudan0-300x224.jpg\" alt=\"caudan0\" width=\"300\" height=\"224\" srcset=\"http:\/\/kouskeol.fr\/wp-content\/uploads\/2016\/10\/Caudan0-300x224.jpg 300w, http:\/\/kouskeol.fr\/wp-content\/uploads\/2016\/10\/Caudan0-768x573.jpg 768w, http:\/\/kouskeol.fr\/wp-content\/uploads\/2016\/10\/Caudan0-1024x764.jpg 1024w, http:\/\/kouskeol.fr\/wp-content\/uploads\/2016\/10\/Caudan0.jpg 1274w\" sizes=\"auto, (max-width: 300px) 100vw, 300px\" \/><\/a><figcaption id=\"caption-attachment-4500\" class=\"wp-caption-text\">Kousk Eol dans la marina du Caudan.<\/figcaption><\/figure>\n<p>Une des premi\u00e8res activit\u00e9s est d\u2019aller prendre une douche\u00a0: les sanitaires sont bien \u00e9quip\u00e9s, mais qu\u2019est-ce qu\u2019ils tanguent\u00a0! Il faut presque s\u2019appuyer dans la cabine pour ne pas tomber\u00a0!<\/p>\n<p>Premi\u00e8res impressions de l\u2019\u00eele Maurice\u00a0: on y parle fran\u00e7ais, aussi bien qu\u2019anglais, et les Mauriciens ont l\u2019air tr\u00e8s accueillants. Mais on y roule du mauvais c\u00f4t\u00e9\u2026 Dommage\u00a0: presque un sans-faute.<\/p>\n<p>Mais ne perdons pas de temps, il y a tout de m\u00eame un certain nombre de points \u00e0 r\u00e9gler\u00a0:<\/p>\n<ul>\n<li>le contr\u00f4leur du pilote et ses connexions. Ces derni\u00e8res sont v\u00e9rifi\u00e9es encore une fois. Il y a un contr\u00f4leur d\u2019occasion sur le Bon Coin. On va creuser cette piste.<\/li>\n<li>la durite du v\u00e9rin du pilote\u00a0: contact pris avec Lecomble &amp; Schmitt, tr\u00e8s r\u00e9actifs. Et avec l\u2019aide de Jacques D, la durite est command\u00e9e.<\/li>\n<li>la capote de la descente dont le tissu est irr\u00e9m\u00e9diablement cuit. Notre s\u00e9jour \u00e0 Maurice est trop court pour faire la r\u00e9paration ici. On nous conseille le Cap\u00a0: \u00e0 voir.<\/li>\n<li>le sondeur, qui continue \u00e0 ne marcher que par intermittence. L\u00e0, j\u2019avoue les limites de mes comp\u00e9tences. Tout semble indiquer un probl\u00e8me de sonde. On utilisera le sondeur Interphase en attendant.<\/li>\n<li>le ventilateur du compartiment moteur qui a rendu l\u2019\u00e2me. On verra \u00e0 la R\u00e9union.<\/li>\n<\/ul>\n<p>La marina du quartier de Caudan n\u2019est pas la plus sophistiqu\u00e9e que nous ayons visit\u00e9e, mais elle est pratique, en plein c\u0153ur de la ville. Et les nuits y sont calmes\u00a0: nous appr\u00e9cions apr\u00e8s ces deux semaines indiennes. Il y a pas mal de passage de voiliers, en provenance de la R\u00e9union ou de Rodrigue.<\/p>\n<p><b>Vendredi 7 octobre<\/b>. Les douaniers en civil patrouillent \u00e0 longueur de journ\u00e9e\u00a0: nous avons m\u00eame droit \u00e0 une petite visite, tr\u00e8s informelle, qui se termine autour d\u2019un caf\u00e9 dans le carr\u00e9 de Kousk Eol, \u00e0 parler des r\u00e9sultats de foot et de l\u2019OGC-Nice\u00a0!&rsquo;<\/p>\n<p>Brian, le cousin de Mirella \u2013 Mauricienne, ex-coll\u00e8gue et amie d\u2019Andr\u00e9 \u2013 nous emm\u00e8ne faire quelques courses en ville et nous fait go\u00fbter la cuisine locale chinoise, d\u00e9licieuse. Nous profitons de lui pour conna\u00eetre un peu mieux l\u2019\u00eele\u00a0: environ un million deux cent mille habitants, d\u2019origines tr\u00e8s vari\u00e9es, Indiens et Chinois pour beaucoup. Les diff\u00e9rents cultes sont bien repr\u00e9sent\u00e9s du coup, et semblent cohabiter en paix, m\u00eame si certain essaie d\u2019\u00eatre plus pr\u00e9sent.<\/p>\n<figure id=\"attachment_4508\" aria-describedby=\"caption-attachment-4508\" style=\"width: 233px\" class=\"wp-caption aligncenter\"><a href=\"http:\/\/kouskeol.fr\/wp-content\/uploads\/2016\/10\/CCWG6811-2-996x1280.jpg\" target=\"_blank\"><img loading=\"lazy\" decoding=\"async\" class=\"wp-image-4508 size-medium\" src=\"http:\/\/kouskeol.fr\/wp-content\/uploads\/2016\/10\/CCWG6811-2-996x1280-233x300.jpg\" alt=\"ccwg6811-2-996x1280\" width=\"233\" height=\"300\" srcset=\"http:\/\/kouskeol.fr\/wp-content\/uploads\/2016\/10\/CCWG6811-2-996x1280-233x300.jpg 233w, http:\/\/kouskeol.fr\/wp-content\/uploads\/2016\/10\/CCWG6811-2-996x1280-768x987.jpg 768w, http:\/\/kouskeol.fr\/wp-content\/uploads\/2016\/10\/CCWG6811-2-996x1280-797x1024.jpg 797w, http:\/\/kouskeol.fr\/wp-content\/uploads\/2016\/10\/CCWG6811-2-996x1280.jpg 996w\" sizes=\"auto, (max-width: 233px) 100vw, 233px\" \/><\/a><figcaption id=\"caption-attachment-4508\" class=\"wp-caption-text\">Pros\u00e9lytisme qui ne tourne pas autour du pot&#8230;<\/figcaption><\/figure>\n<p>L\u2019industrie du textile, autrefois prosp\u00e8re, est en perte de vitesse, au profit de Madagascar et autres pays d\u2019Asie. Le pays se tourne \u00e0 fond vers le tourisme pour faire entrer des devises. Port Louis est \u00ab\u00a0la\u00a0\u00bb grande ville de l\u2019\u00eele. On y trouve encore quelques restes de l\u2019\u00e9poque coloniale, mais l\u2019urbanisme moderne a tendance \u00e0 faire table rase du pass\u00e9\u00a0: \u00ab\u00a0On a besoin de place.\u00a0\u00bb, \u00ab\u00a0\u00c7a co\u00fbte trop cher \u00e0 entretenir.\u00a0\u00bb.<\/p>\n<p><a href=\"http:\/\/kouskeol.fr\/wp-content\/uploads\/2016\/10\/CCWG6814-1280x960.jpg\" target=\"_blank\"><img loading=\"lazy\" decoding=\"async\" class=\"aligncenter wp-image-4511 size-medium\" src=\"http:\/\/kouskeol.fr\/wp-content\/uploads\/2016\/10\/CCWG6814-1280x960-300x225.jpg\" alt=\"ccwg6814-1280x960\" width=\"300\" height=\"225\" srcset=\"http:\/\/kouskeol.fr\/wp-content\/uploads\/2016\/10\/CCWG6814-1280x960-300x225.jpg 300w, http:\/\/kouskeol.fr\/wp-content\/uploads\/2016\/10\/CCWG6814-1280x960-768x576.jpg 768w, http:\/\/kouskeol.fr\/wp-content\/uploads\/2016\/10\/CCWG6814-1280x960-1024x768.jpg 1024w, http:\/\/kouskeol.fr\/wp-content\/uploads\/2016\/10\/CCWG6814-1280x960.jpg 1278w\" sizes=\"auto, (max-width: 300px) 100vw, 300px\" \/><\/a> <a href=\"http:\/\/kouskeol.fr\/wp-content\/uploads\/2016\/10\/CCWG6812-1280x960.jpg\" target=\"_blank\"><img loading=\"lazy\" decoding=\"async\" class=\"aligncenter wp-image-4509 size-medium\" src=\"http:\/\/kouskeol.fr\/wp-content\/uploads\/2016\/10\/CCWG6812-1280x960-300x225.jpg\" alt=\"ccwg6812-1280x960\" width=\"300\" height=\"225\" srcset=\"http:\/\/kouskeol.fr\/wp-content\/uploads\/2016\/10\/CCWG6812-1280x960-300x225.jpg 300w, http:\/\/kouskeol.fr\/wp-content\/uploads\/2016\/10\/CCWG6812-1280x960-768x576.jpg 768w, http:\/\/kouskeol.fr\/wp-content\/uploads\/2016\/10\/CCWG6812-1280x960-1024x768.jpg 1024w, http:\/\/kouskeol.fr\/wp-content\/uploads\/2016\/10\/CCWG6812-1280x960.jpg 1280w\" sizes=\"auto, (max-width: 300px) 100vw, 300px\" \/><\/a> <a href=\"http:\/\/kouskeol.fr\/wp-content\/uploads\/2016\/10\/CCWG6803-1280x960.jpg\" target=\"_blank\"><img loading=\"lazy\" decoding=\"async\" class=\"aligncenter wp-image-4505 size-medium\" src=\"http:\/\/kouskeol.fr\/wp-content\/uploads\/2016\/10\/CCWG6803-1280x960-300x221.jpg\" alt=\"ccwg6803-1280x960\" width=\"300\" height=\"221\" srcset=\"http:\/\/kouskeol.fr\/wp-content\/uploads\/2016\/10\/CCWG6803-1280x960-300x221.jpg 300w, http:\/\/kouskeol.fr\/wp-content\/uploads\/2016\/10\/CCWG6803-1280x960-768x566.jpg 768w, http:\/\/kouskeol.fr\/wp-content\/uploads\/2016\/10\/CCWG6803-1280x960-1024x755.jpg 1024w, http:\/\/kouskeol.fr\/wp-content\/uploads\/2016\/10\/CCWG6803-1280x960.jpg 1254w\" sizes=\"auto, (max-width: 300px) 100vw, 300px\" \/><\/a><\/p>\n<figure id=\"attachment_4507\" aria-describedby=\"caption-attachment-4507\" style=\"width: 300px\" class=\"wp-caption aligncenter\"><a href=\"http:\/\/kouskeol.fr\/wp-content\/uploads\/2016\/10\/CCWG6809-1280x960.jpg\" target=\"_blank\"><img loading=\"lazy\" decoding=\"async\" class=\"wp-image-4507 size-medium\" src=\"http:\/\/kouskeol.fr\/wp-content\/uploads\/2016\/10\/CCWG6809-1280x960-300x224.jpg\" alt=\"ccwg6809-1280x960\" width=\"300\" height=\"224\" srcset=\"http:\/\/kouskeol.fr\/wp-content\/uploads\/2016\/10\/CCWG6809-1280x960-300x224.jpg 300w, http:\/\/kouskeol.fr\/wp-content\/uploads\/2016\/10\/CCWG6809-1280x960-768x574.jpg 768w, http:\/\/kouskeol.fr\/wp-content\/uploads\/2016\/10\/CCWG6809-1280x960-1024x766.jpg 1024w, http:\/\/kouskeol.fr\/wp-content\/uploads\/2016\/10\/CCWG6809-1280x960.jpg 1278w\" sizes=\"auto, (max-width: 300px) 100vw, 300px\" \/><\/a><figcaption id=\"caption-attachment-4507\" class=\"wp-caption-text\">Le march\u00e9.<\/figcaption><\/figure>\n<p><a href=\"http:\/\/kouskeol.fr\/wp-content\/uploads\/2016\/10\/CCWG6805-1280x960.jpg\" target=\"_blank\"><img loading=\"lazy\" decoding=\"async\" class=\"aligncenter wp-image-4506 size-medium\" src=\"http:\/\/kouskeol.fr\/wp-content\/uploads\/2016\/10\/CCWG6805-1280x960-300x225.jpg\" alt=\"ccwg6805-1280x960\" width=\"300\" height=\"225\" srcset=\"http:\/\/kouskeol.fr\/wp-content\/uploads\/2016\/10\/CCWG6805-1280x960-300x225.jpg 300w, http:\/\/kouskeol.fr\/wp-content\/uploads\/2016\/10\/CCWG6805-1280x960-768x576.jpg 768w, http:\/\/kouskeol.fr\/wp-content\/uploads\/2016\/10\/CCWG6805-1280x960-1024x768.jpg 1024w, http:\/\/kouskeol.fr\/wp-content\/uploads\/2016\/10\/CCWG6805-1280x960.jpg 1278w\" sizes=\"auto, (max-width: 300px) 100vw, 300px\" \/><\/a><\/p>\n<figure id=\"attachment_4510\" aria-describedby=\"caption-attachment-4510\" style=\"width: 300px\" class=\"wp-caption aligncenter\"><a href=\"http:\/\/kouskeol.fr\/wp-content\/uploads\/2016\/10\/CCWG6813-1280x960.jpg\" target=\"_blank\"><img loading=\"lazy\" decoding=\"async\" class=\"wp-image-4510 size-medium\" src=\"http:\/\/kouskeol.fr\/wp-content\/uploads\/2016\/10\/CCWG6813-1280x960-300x225.jpg\" alt=\"ccwg6813-1280x960\" width=\"300\" height=\"225\" srcset=\"http:\/\/kouskeol.fr\/wp-content\/uploads\/2016\/10\/CCWG6813-1280x960-300x225.jpg 300w, http:\/\/kouskeol.fr\/wp-content\/uploads\/2016\/10\/CCWG6813-1280x960-768x576.jpg 768w, http:\/\/kouskeol.fr\/wp-content\/uploads\/2016\/10\/CCWG6813-1280x960-1024x768.jpg 1024w, http:\/\/kouskeol.fr\/wp-content\/uploads\/2016\/10\/CCWG6813-1280x960.jpg 1278w\" sizes=\"auto, (max-width: 300px) 100vw, 300px\" \/><\/a><figcaption id=\"caption-attachment-4510\" class=\"wp-caption-text\">A Port Louis, le commerce est important!<\/figcaption><\/figure>\n<p>Nous repartons demain en milieu de journ\u00e9e vers la R\u00e9union\u00a0: ce devrait \u00eatre une courte travers\u00e9e d\u2019environ cent trente milles vers la marina de la Pointe des Galets. Le s\u00e9jour mauricien aura \u00e9t\u00e9 de courte dur\u00e9e, mais il faut avancer. Entre temps, nos copains d\u2019Anastasia, Anna et Thomas, sont arriv\u00e9s de Rodrigue et sont venus se mettre \u00e0 couple\u00a0: les places sont compt\u00e9es dans la marina\u00a0!<\/p>\n<figure id=\"attachment_4512\" aria-describedby=\"caption-attachment-4512\" style=\"width: 300px\" class=\"wp-caption aligncenter\"><a href=\"http:\/\/kouskeol.fr\/wp-content\/uploads\/2016\/10\/CCWG6815-1280x960.jpg\" target=\"_blank\"><img loading=\"lazy\" decoding=\"async\" class=\"wp-image-4512 size-medium\" src=\"http:\/\/kouskeol.fr\/wp-content\/uploads\/2016\/10\/CCWG6815-1280x960-300x225.jpg\" alt=\"ccwg6815-1280x960\" width=\"300\" height=\"225\" srcset=\"http:\/\/kouskeol.fr\/wp-content\/uploads\/2016\/10\/CCWG6815-1280x960-300x225.jpg 300w, http:\/\/kouskeol.fr\/wp-content\/uploads\/2016\/10\/CCWG6815-1280x960-768x576.jpg 768w, http:\/\/kouskeol.fr\/wp-content\/uploads\/2016\/10\/CCWG6815-1280x960-1024x768.jpg 1024w, http:\/\/kouskeol.fr\/wp-content\/uploads\/2016\/10\/CCWG6815-1280x960.jpg 1278w\" sizes=\"auto, (max-width: 300px) 100vw, 300px\" \/><\/a><figcaption id=\"caption-attachment-4512\" class=\"wp-caption-text\">Anastasia \u00e0 couple de Kousk Eol.<\/figcaption><\/figure>\n<p>Nous apprenons que plusieurs voiliers vont faire la travers\u00e9e vers le Cap d\u00e9but novembre, y compris l\u2019ARC\u00a0: nous pourrons partager les options.<\/p>\n<p><b>Samedi 8 octobre<\/b>. Les formalit\u00e9s de d\u00e9part sont vite exp\u00e9di\u00e9es, deux ou trois courses pour avoir quelque chose \u00e0 grignoter, puis un dernier repas chez le Marseillais du Port. A quatorze heures, apr\u00e8s une bonne rinc\u00e9e tropicale, nous sommes pr\u00eats et laissons la place \u00e0 quai \u00e0 Anastasia.<\/p>\n<p>En sortant du port, nous passons \u00e0 c\u00f4t\u00e9 de <i>la Curieuse<\/i>, bateau des Terres Australes et Antarctiques Fran\u00e7aises (TAAF) qu\u2019Andr\u00e9 a connu \u00e0 Crozet\u00a0: petite s\u00e9quence \u00e9motion\/souvenirs. Le navire part faire une mission \u00e0 Mayotte pendant un moins, avant de redescendre vers le grand sud.<\/p>\n<figure id=\"attachment_4513\" aria-describedby=\"caption-attachment-4513\" style=\"width: 300px\" class=\"wp-caption aligncenter\"><a href=\"http:\/\/kouskeol.fr\/wp-content\/uploads\/2016\/10\/Curieuse.jpg\" target=\"_blank\"><img loading=\"lazy\" decoding=\"async\" class=\"wp-image-4513 size-medium\" src=\"http:\/\/kouskeol.fr\/wp-content\/uploads\/2016\/10\/Curieuse-300x225.jpg\" alt=\"curieuse\" width=\"300\" height=\"225\" srcset=\"http:\/\/kouskeol.fr\/wp-content\/uploads\/2016\/10\/Curieuse-300x225.jpg 300w, http:\/\/kouskeol.fr\/wp-content\/uploads\/2016\/10\/Curieuse-768x576.jpg 768w, http:\/\/kouskeol.fr\/wp-content\/uploads\/2016\/10\/Curieuse-1024x768.jpg 1024w\" sizes=\"auto, (max-width: 300px) 100vw, 300px\" \/><\/a><figcaption id=\"caption-attachment-4513\" class=\"wp-caption-text\">La Curieuse, en partance vers Mayotte.<\/figcaption><\/figure>\n<p>Puis nous sommes \u00e0 nouveau en mer, avec un ciel tr\u00e8s couvert et peu de vent, qui fait la girouette au gr\u00e9 des grains, humides. La mer est belle, donc le bateau relativement stable, ce qui nous change un peu.<\/p>\n<p>Dix-huit heures trente, le jour tombe\u2026 Et dzzziiiiiiii\u00a0: putain, Andr\u00e9 avait mis la ligne, et c\u2019est un thon qui vient de se faire prendre. Il n\u2019avait certainement pas compris que c\u2019\u00e9tait l\u2019heure de se coucher, pas de b\u00e2frer. Maurice, on aura finalement eu un poisson \u00e0 Maurice\u00a0! Entre quatre et cinq kilos qu\u2019il va falloir pr\u00e9parer\u00a0: vivement un bon steak\u00a0! Moi je commence \u00e0 trouver \u00e7a un peu snob de pr\u00e9tendre ne manger que du poisson ultra-frais, de la mer \u00e0 l\u2019assiette, sans interm\u00e9diaire. Surtout que l\u00e0, nous battons un record\u00a0: moins de vingt minutes entre la sortie de l\u2019eau et le steak dans l\u2019assiette, avec pr\u00e9paration des filets \u00e0 la frontale sur la plate-forme arri\u00e8re pour ne pas mettre trop de sang partout. Il faut bien le reconna\u00eetre, avec un minimum d\u2019objectivit\u00e9\u00a0: dire que nous nous r\u00e9galons serait tout simplement un euph\u00e9misme tellement en dessous de la v\u00e9rit\u00e9 qu\u2019il friserait la malhonn\u00eatet\u00e9 intellectuelle<a class=\"sdfootnoteanc\" href=\"#sdfootnote1sym\" name=\"sdfootnote1anc\"><sup>1<\/sup><\/a>.<\/p>\n<figure id=\"attachment_4514\" aria-describedby=\"caption-attachment-4514\" style=\"width: 300px\" class=\"wp-caption aligncenter\"><a href=\"http:\/\/kouskeol.fr\/wp-content\/uploads\/2016\/10\/Grain.jpg\" target=\"_blank\"><img loading=\"lazy\" decoding=\"async\" class=\"wp-image-4514 size-medium\" src=\"http:\/\/kouskeol.fr\/wp-content\/uploads\/2016\/10\/Grain-300x223.jpg\" alt=\"grain\" width=\"300\" height=\"223\" srcset=\"http:\/\/kouskeol.fr\/wp-content\/uploads\/2016\/10\/Grain-300x223.jpg 300w, http:\/\/kouskeol.fr\/wp-content\/uploads\/2016\/10\/Grain-768x570.jpg 768w, http:\/\/kouskeol.fr\/wp-content\/uploads\/2016\/10\/Grain-1024x760.jpg 1024w, http:\/\/kouskeol.fr\/wp-content\/uploads\/2016\/10\/Grain.jpg 1264w\" sizes=\"auto, (max-width: 300px) 100vw, 300px\" \/><\/a><figcaption id=\"caption-attachment-4514\" class=\"wp-caption-text\">Encore un grain&#8230;<\/figcaption><\/figure>\n<p>En attendant, la nuit d\u00e9marre mal\u00a0: vent faible et variable, avec grains. Les voiles claquent et secouent le gr\u00e9ement. Il faut se r\u00e9soudre \u00e0 mettre le moteur.<\/p>\n<p>Ce n\u2019est que quatre heures plus tard, vers minuit, que les conditions deviennent plus propices\u00a0: g\u00e9nois et grand-voile se gonflent avec l\u2019aliz\u00e9, autour de quinze n\u0153uds, qui nous propulse au petit largue sur une mer presque plate. Voici des conditions comme on les aime\u00a0! Nous voyons d\u00e9j\u00e0 les lumi\u00e8res de la R\u00e9union au loin. Et \u00e0 six heures, il ne reste plus qu\u2019une quarantaine de milles\u00a0: pas pire. Le vent montant autour de vingt n\u0153uds, nous prenons un ris dans la grand-voile, tout en restant au-dessus de huit n\u0153uds de vitesse, avec un bateau plus \u00e0 plat et ayant moins tendance \u00e0 partir au lof\u00a0: le pilote appr\u00e9cie.<\/p>\n<figure id=\"attachment_4515\" aria-describedby=\"caption-attachment-4515\" style=\"width: 300px\" class=\"wp-caption aligncenter\"><a href=\"http:\/\/kouskeol.fr\/wp-content\/uploads\/2016\/10\/CCWG6818-1280x960.jpg\" target=\"_blank\"><img loading=\"lazy\" decoding=\"async\" class=\"wp-image-4515 size-medium\" src=\"http:\/\/kouskeol.fr\/wp-content\/uploads\/2016\/10\/CCWG6818-1280x960-300x222.jpg\" alt=\"ccwg6818-1280x960\" width=\"300\" height=\"222\" srcset=\"http:\/\/kouskeol.fr\/wp-content\/uploads\/2016\/10\/CCWG6818-1280x960-300x222.jpg 300w, http:\/\/kouskeol.fr\/wp-content\/uploads\/2016\/10\/CCWG6818-1280x960-768x569.jpg 768w, http:\/\/kouskeol.fr\/wp-content\/uploads\/2016\/10\/CCWG6818-1280x960-1024x759.jpg 1024w, http:\/\/kouskeol.fr\/wp-content\/uploads\/2016\/10\/CCWG6818-1280x960.jpg 1260w\" sizes=\"auto, (max-width: 300px) 100vw, 300px\" \/><\/a><figcaption id=\"caption-attachment-4515\" class=\"wp-caption-text\">\u00c7a avance bien!<\/figcaption><\/figure>\n<p>Neuf heures\u00a0: Saint Denis est \u00e0 trois milles au sud. Comme nous nous approchons de la c\u00f4te et du Cap Bernard, le vent nous propulse de l\u2019arri\u00e8re et nous attrapons quelques vents-tueries, comme dirait Sarah, qui poussent brutalement Kousk Eol au lof. Nous sommes sur-toil\u00e9s, mais nous allons essayer de tenir jusqu\u2019au mouillage\u00a0! En se faisant petits en passant la pointe de la Ravine \u00e0\u00a0Malheur\u2026<\/p>\n<figure id=\"attachment_4516\" aria-describedby=\"caption-attachment-4516\" style=\"width: 300px\" class=\"wp-caption aligncenter\"><a href=\"http:\/\/kouskeol.fr\/wp-content\/uploads\/2016\/10\/StDenis2.jpg\" target=\"_blank\"><img loading=\"lazy\" decoding=\"async\" class=\"wp-image-4516 size-medium\" src=\"http:\/\/kouskeol.fr\/wp-content\/uploads\/2016\/10\/StDenis2-300x219.jpg\" alt=\"stdenis2\" width=\"300\" height=\"219\" srcset=\"http:\/\/kouskeol.fr\/wp-content\/uploads\/2016\/10\/StDenis2-300x219.jpg 300w, http:\/\/kouskeol.fr\/wp-content\/uploads\/2016\/10\/StDenis2-768x560.jpg 768w, http:\/\/kouskeol.fr\/wp-content\/uploads\/2016\/10\/StDenis2-1024x746.jpg 1024w, http:\/\/kouskeol.fr\/wp-content\/uploads\/2016\/10\/StDenis2.jpg 1238w\" sizes=\"auto, (max-width: 300px) 100vw, 300px\" \/><\/a><figcaption id=\"caption-attachment-4516\" class=\"wp-caption-text\">St Denis, au loin.<\/figcaption><\/figure>\n<p>Une demi-heure apr\u00e8s, appel du CROSS sur la VHF\u00a0: \u00ab\u00a0Kousk Eol, Kousk Eol, du CROSS\u00a0: r\u00e9pondez\u00a0!\u00a0\u00bb. Ob\u00e9issants, nous r\u00e9pondons. Et le monsieur nous dit que comme il y a une \u00e9pid\u00e9mie de fi\u00e8vre aphteuse \u00e0 l\u2019\u00eele Maurice<a class=\"sdfootnoteanc\" href=\"#sdfootnote2sym\" name=\"sdfootnote2anc\"><sup>2<\/sup><\/a>, nous n\u2019avons pas le droit de d\u00e9barquer avant que la DASS n\u2019ait inspect\u00e9 le bateau\u2026<br \/>\n&#8211; Ben oui, mais nous sommes dimanche\u2026<br \/>\n&#8211; Ben oui\u00a0: et alors\u00a0? La douane et la DASS vous attendent au port.<\/p>\n<p>Effectivement, \u00e0 onze heures trente, nous nous amarrons au quai du port ouest de la Pointe des Galets. Deux minutes apr\u00e8s, les inspecteurs sont l\u00e0. Et \u00e0 midi, tout est r\u00e9gl\u00e9. Qui ose encore dire du mal des fonctionnaires\u00a0?<\/p>\n<figure id=\"attachment_4517\" aria-describedby=\"caption-attachment-4517\" style=\"width: 300px\" class=\"wp-caption aligncenter\"><a href=\"http:\/\/kouskeol.fr\/wp-content\/uploads\/2016\/10\/PointeDesGalets.jpg\" target=\"_blank\"><img loading=\"lazy\" decoding=\"async\" class=\"wp-image-4517 size-medium\" src=\"http:\/\/kouskeol.fr\/wp-content\/uploads\/2016\/10\/PointeDesGalets-300x225.jpg\" alt=\"pointedesgalets\" width=\"300\" height=\"225\" srcset=\"http:\/\/kouskeol.fr\/wp-content\/uploads\/2016\/10\/PointeDesGalets-300x225.jpg 300w, http:\/\/kouskeol.fr\/wp-content\/uploads\/2016\/10\/PointeDesGalets-768x575.jpg 768w, http:\/\/kouskeol.fr\/wp-content\/uploads\/2016\/10\/PointeDesGalets-1024x767.jpg 1024w, http:\/\/kouskeol.fr\/wp-content\/uploads\/2016\/10\/PointeDesGalets.jpg 1276w\" sizes=\"auto, (max-width: 300px) 100vw, 300px\" \/><\/a><figcaption id=\"caption-attachment-4517\" class=\"wp-caption-text\">A quai, devant la marina du port ouest de la Pointe des Galets.<\/figcaption><\/figure>\n<p>La marina du port ouest de la Pointe des Galets n\u2019est des plus pratiques \u00e0 cause de son \u00e9loignement de la ville, dans un quartier industriel\u2026 Mais c\u2019est la seule de l\u2019\u00eele avec suffisamment de fond pour accueillir Kousk Eol. Elle a l\u2019air tr\u00e8s s\u00fbre. Et l\u2019accueil est tr\u00e8s professionnel et cordial, avec J\u00e9r\u00f4me et son \u00e9quipe\u00a0!<\/p>\n<p>Nous aurons travers\u00e9 depuis Port Louis en un peu moins de vingt heures, avec des pointes \u00e0 neuf n\u0153uds\u00a0: moyenne plus qu\u2019honorable, malgr\u00e9 les rat\u00e9s du d\u00e9part. Maintenant, il faut nettoyer et ranger le bateau\u00a0: nous rentrons tous les deux en m\u00e9tropole faire une pause, et accessoirement v\u00e9rifier qu\u2019on nous aime toujours\u2026 Retour \u00e0 la R\u00e9union d\u00e9but novembre pour continuer vers le Cap et au-del\u00e0. Il est largement temps pour vous, addicts lecteurs, de profiter de ce r\u00e9pit pour envisager de faire avancer le schmilblick un peu plus s\u00e9rieusement.<\/p>\n<div id=\"sdfootnote1\">\n<p class=\"sdfootnote\">_________________________________<a class=\"sdfootnotesym\" href=\"#sdfootnote1anc\"><br \/>\n<em>1<\/em><\/a>&#8211;\u00a0<em>\u00ab\u00a0Malhonn\u00eatet\u00e9 intellectuelle\u00a0\u00bb\u00a0: \u00e7a aussi c\u2019est un concept int\u00e9ressant. Est-ce \u00e0 dire qu\u2019il pourrait y avoir une malhonn\u00eatet\u00e9 manuelle\u00a0? Qu\u2019on pourrait \u00eatre malhonn\u00eate dans un domaine et honn\u00eate dans un autre\u00a0? Faudra qu\u2019on en cause\u00a0!<\/em><\/p>\n<\/div>\n<div id=\"sdfootnote2\">\n<p class=\"sdfootnote\"><em><a class=\"sdfootnotesym\" href=\"#sdfootnote2anc\" name=\"sdfootnote2sym\">2<\/a>&#8211;\u00a0Je les entends d\u00e9j\u00e0 ricaner les gros malins\u00a0: non, pas \u00e0 bord de Kousk Eol. Nous nous d\u00e9sinfectons les muqueuses r\u00e9guli\u00e8rement et consciencieusement au ti-punch\u00a0: tr\u00e8s efficace\u00a0!<\/em><\/p>\n<\/div>\n","protected":false},"excerpt":{"rendered":"<p>Jeudi 6 octobre 2016. Six heures trente\u00a0: apr\u00e8s une nuit tranquille \u00e0 l\u2019ancre, la meilleure depuis deux semaines, appel aux autorit\u00e9s portuaires. Nous devons nous rendre au fond du port, au quai des gardes-c\u00f4tes pour les formalit\u00e9s. Le port est dans la ville de Port-Louis, et a l\u2019air tr\u00e8s actif. Nous sommes impressionn\u00e9s par le &hellip; <a href=\"http:\/\/kouskeol.fr\/?p=4499\" class=\"more-link\">Continuer la lecture de <span class=\"screen-reader-text\">D&rsquo;une Mascareigne \u00e0 l&rsquo;autre&#8230; L&rsquo;\u00eele Maurice et la R\u00e9union.<\/span>  <span class=\"meta-nav\">&rarr;<\/span><\/a><\/p>\n","protected":false},"author":1,"featured_media":0,"comment_status":"open","ping_status":"open","sticky":false,"template":"","format":"standard","meta":{"ngg_post_thumbnail":0,"footnotes":""},"categories":[70,8],"tags":[],"class_list":["post-4499","post","type-post","status-publish","format-standard","hentry","category-indien","category-voyage"],"_links":{"self":[{"href":"http:\/\/kouskeol.fr\/index.php?rest_route=\/wp\/v2\/posts\/4499","targetHints":{"allow":["GET"]}}],"collection":[{"href":"http:\/\/kouskeol.fr\/index.php?rest_route=\/wp\/v2\/posts"}],"about":[{"href":"http:\/\/kouskeol.fr\/index.php?rest_route=\/wp\/v2\/types\/post"}],"author":[{"embeddable":true,"href":"http:\/\/kouskeol.fr\/index.php?rest_route=\/wp\/v2\/users\/1"}],"replies":[{"embeddable":true,"href":"http:\/\/kouskeol.fr\/index.php?rest_route=%2Fwp%2Fv2%2Fcomments&post=4499"}],"version-history":[{"count":2,"href":"http:\/\/kouskeol.fr\/index.php?rest_route=\/wp\/v2\/posts\/4499\/revisions"}],"predecessor-version":[{"id":4522,"href":"http:\/\/kouskeol.fr\/index.php?rest_route=\/wp\/v2\/posts\/4499\/revisions\/4522"}],"wp:attachment":[{"href":"http:\/\/kouskeol.fr\/index.php?rest_route=%2Fwp%2Fv2%2Fmedia&parent=4499"}],"wp:term":[{"taxonomy":"category","embeddable":true,"href":"http:\/\/kouskeol.fr\/index.php?rest_route=%2Fwp%2Fv2%2Fcategories&post=4499"},{"taxonomy":"post_tag","embeddable":true,"href":"http:\/\/kouskeol.fr\/index.php?rest_route=%2Fwp%2Fv2%2Ftags&post=4499"}],"curies":[{"name":"wp","href":"https:\/\/api.w.org\/{rel}","templated":true}]}}