{"id":4544,"date":"2016-11-18T17:33:58","date_gmt":"2016-11-18T16:33:58","guid":{"rendered":"http:\/\/kouskeol.fr\/?p=4544"},"modified":"2016-11-18T17:33:58","modified_gmt":"2016-11-18T16:33:58","slug":"la-reunion-cest-le-cirque","status":"publish","type":"post","link":"http:\/\/kouskeol.fr\/?p=4544","title":{"rendered":"La R\u00e9union, c\u2019est le cirque\u00a0!"},"content":{"rendered":"<p><b>Lundi 10 octobre 2016<\/b>. J\u00e9r\u00f4me et Ang\u00e9lique, les ma\u00eetres du port, nous ont finalement trouv\u00e9 une place \u00e0 la marina du Titan, un peu plus pr\u00e8s du centre-ville du Port, inaugur\u00e9e l\u2019ann\u00e9e pr\u00e9c\u00e9dente et donc toute belle\u2026 Nous avons pr\u00e9vu un retour-pause vers la m\u00e9tropole le treize\u00a0: il ne faut pas tra\u00eener pour tout ranger, et essayer de trouver un peu de temps pour une mini-visite de l\u2019\u00eele.<\/p>\n<figure id=\"attachment_4558\" aria-describedby=\"caption-attachment-4558\" style=\"width: 300px\" class=\"wp-caption aligncenter\"><a href=\"http:\/\/kouskeol.fr\/wp-content\/uploads\/2016\/11\/MarinaLeTitan.jpg\" target=\"_blank\"><img loading=\"lazy\" decoding=\"async\" class=\"wp-image-4558 size-medium\" src=\"http:\/\/kouskeol.fr\/wp-content\/uploads\/2016\/11\/MarinaLeTitan-300x225.jpg\" alt=\"marinaletitan\" width=\"300\" height=\"225\" srcset=\"http:\/\/kouskeol.fr\/wp-content\/uploads\/2016\/11\/MarinaLeTitan-300x225.jpg 300w, http:\/\/kouskeol.fr\/wp-content\/uploads\/2016\/11\/MarinaLeTitan-768x576.jpg 768w, http:\/\/kouskeol.fr\/wp-content\/uploads\/2016\/11\/MarinaLeTitan-1024x768.jpg 1024w, http:\/\/kouskeol.fr\/wp-content\/uploads\/2016\/11\/MarinaLeTitan.jpg 1280w\" sizes=\"auto, (max-width: 300px) 100vw, 300px\" \/><\/a><figcaption id=\"caption-attachment-4558\" class=\"wp-caption-text\">Kousk Eol dans la marina \u00ab\u00a0Le Titan\u00a0\u00bb.<\/figcaption><\/figure>\n<figure id=\"attachment_4559\" aria-describedby=\"caption-attachment-4559\" style=\"width: 300px\" class=\"wp-caption aligncenter\"><a href=\"http:\/\/kouskeol.fr\/wp-content\/uploads\/2016\/11\/Requins.jpg\" target=\"_blank\"><img loading=\"lazy\" decoding=\"async\" class=\"wp-image-4559 size-medium\" src=\"http:\/\/kouskeol.fr\/wp-content\/uploads\/2016\/11\/Requins-300x222.jpg\" alt=\"requins\" width=\"300\" height=\"222\" srcset=\"http:\/\/kouskeol.fr\/wp-content\/uploads\/2016\/11\/Requins-300x222.jpg 300w, http:\/\/kouskeol.fr\/wp-content\/uploads\/2016\/11\/Requins-768x569.jpg 768w, http:\/\/kouskeol.fr\/wp-content\/uploads\/2016\/11\/Requins-1024x758.jpg 1024w, http:\/\/kouskeol.fr\/wp-content\/uploads\/2016\/11\/Requins.jpg 1280w\" sizes=\"auto, (max-width: 300px) 100vw, 300px\" \/><\/a><figcaption id=\"caption-attachment-4559\" class=\"wp-caption-text\">Nulle part&#8230;<\/figcaption><\/figure>\n<p>Le rangement\/nettoyage est ex\u00e9cut\u00e9 avec maestria. La location d\u2019une voiture est nettement plus probl\u00e9matique\u00a0: c\u2019est le d\u00e9but des vacances scolaires, et les touristes affluent. Finalement, Payou, un ami de Raph (le fiston du DD), nous pr\u00eate sa voiture et propose m\u00eame de nous amener \u00e0 l\u2019a\u00e9roport. Mais vu le temps restant, la mini-visite se transforme rapidement en micro-visite.<\/p>\n<p>Nous montons tout de m\u00eame au Ma\u00efdo, o\u00f9 une courte balade nous am\u00e8ne au bord de la falaise dominant de presque mille m\u00e8tres le magnifique cirque de Mafate. La r\u00e9putation de la R\u00e9union comme paradis des randonneurs n\u2019est pas surfaite\u2026<\/p>\n<figure id=\"attachment_4545\" aria-describedby=\"caption-attachment-4545\" style=\"width: 300px\" class=\"wp-caption aligncenter\"><a href=\"http:\/\/kouskeol.fr\/wp-content\/uploads\/2016\/11\/CirqueMafate.jpg\" target=\"_blank\"><img loading=\"lazy\" decoding=\"async\" class=\"wp-image-4545 size-medium\" src=\"http:\/\/kouskeol.fr\/wp-content\/uploads\/2016\/11\/CirqueMafate-300x225.jpg\" alt=\"cirquemafate\" width=\"300\" height=\"225\" srcset=\"http:\/\/kouskeol.fr\/wp-content\/uploads\/2016\/11\/CirqueMafate-300x225.jpg 300w, http:\/\/kouskeol.fr\/wp-content\/uploads\/2016\/11\/CirqueMafate-768x575.jpg 768w, http:\/\/kouskeol.fr\/wp-content\/uploads\/2016\/11\/CirqueMafate-1024x766.jpg 1024w, http:\/\/kouskeol.fr\/wp-content\/uploads\/2016\/11\/CirqueMafate.jpg 1280w\" sizes=\"auto, (max-width: 300px) 100vw, 300px\" \/><\/a><figcaption id=\"caption-attachment-4545\" class=\"wp-caption-text\">Le cirque de Mafate.<\/figcaption><\/figure>\n<p>Il faut arriver relativement t\u00f4t si l\u2019on ne veut pas se battre avec les nuages pour la vue\u2026<\/p>\n<figure id=\"attachment_4546\" aria-describedby=\"caption-attachment-4546\" style=\"width: 300px\" class=\"wp-caption aligncenter\"><a href=\"http:\/\/kouskeol.fr\/wp-content\/uploads\/2016\/11\/Brouillard.jpg\" target=\"_blank\"><img loading=\"lazy\" decoding=\"async\" class=\"wp-image-4546 size-medium\" src=\"http:\/\/kouskeol.fr\/wp-content\/uploads\/2016\/11\/Brouillard-300x284.jpg\" alt=\"brouillard\" width=\"300\" height=\"284\" srcset=\"http:\/\/kouskeol.fr\/wp-content\/uploads\/2016\/11\/Brouillard-300x284.jpg 300w, http:\/\/kouskeol.fr\/wp-content\/uploads\/2016\/11\/Brouillard-768x727.jpg 768w, http:\/\/kouskeol.fr\/wp-content\/uploads\/2016\/11\/Brouillard-1024x970.jpg 1024w, http:\/\/kouskeol.fr\/wp-content\/uploads\/2016\/11\/Brouillard.jpg 1280w\" sizes=\"auto, (max-width: 300px) 100vw, 300px\" \/><\/a><figcaption id=\"caption-attachment-4546\" class=\"wp-caption-text\">DD dans le brouillard.<\/figcaption><\/figure>\n<p>Le brouillard aura vite raison de notre vell\u00e9it\u00e9 d\u2019aller jusqu\u2019\u00e0 la Glaci\u00e8re.<\/p>\n<p>Au Port, apr\u00e8s Kousk Eol \u00e0 sa place dans la marina, l\u2019autre spot est l\u2019impressionnant banian qui orne majestueusement un rond-point de la ville.<\/p>\n<figure id=\"attachment_4547\" aria-describedby=\"caption-attachment-4547\" style=\"width: 300px\" class=\"wp-caption aligncenter\"><a href=\"http:\/\/kouskeol.fr\/wp-content\/uploads\/2016\/11\/BanianDuPort-1280x960.jpg\" target=\"_blank\"><img loading=\"lazy\" decoding=\"async\" class=\"wp-image-4547 size-medium\" src=\"http:\/\/kouskeol.fr\/wp-content\/uploads\/2016\/11\/BanianDuPort-1280x960-300x222.jpg\" alt=\"banianduport-1280x960\" width=\"300\" height=\"222\" srcset=\"http:\/\/kouskeol.fr\/wp-content\/uploads\/2016\/11\/BanianDuPort-1280x960-300x222.jpg 300w, http:\/\/kouskeol.fr\/wp-content\/uploads\/2016\/11\/BanianDuPort-1280x960-768x568.jpg 768w, http:\/\/kouskeol.fr\/wp-content\/uploads\/2016\/11\/BanianDuPort-1280x960-1024x757.jpg 1024w, http:\/\/kouskeol.fr\/wp-content\/uploads\/2016\/11\/BanianDuPort-1280x960.jpg 1258w\" sizes=\"auto, (max-width: 300px) 100vw, 300px\" \/><\/a><figcaption id=\"caption-attachment-4547\" class=\"wp-caption-text\">Il est pas beau, le banian?<\/figcaption><\/figure>\n<p>Il a m\u00eame \u00e9t\u00e9 \u00e9lu troisi\u00e8me plus bel arbre de France\u2026<\/p>\n<p>La visite \u00e9clair se terminera par un petit tour de la capitale, Saint Denis, \u00e0 vingt kilom\u00e8tres. O\u00f9 nous d\u00e9couvrons que Leconte de Lisle \u00e9tait un habitu\u00e9 du coin, comme son coll\u00e8gue Roland-Garros.<\/p>\n<figure id=\"attachment_4549\" aria-describedby=\"caption-attachment-4549\" style=\"width: 300px\" class=\"wp-caption aligncenter\"><a href=\"http:\/\/kouskeol.fr\/wp-content\/uploads\/2016\/11\/LeconteDeLisle.jpg\" target=\"_blank\"><img loading=\"lazy\" decoding=\"async\" class=\"wp-image-4549 size-medium\" src=\"http:\/\/kouskeol.fr\/wp-content\/uploads\/2016\/11\/LeconteDeLisle-300x225.jpg\" alt=\"lecontedelisle\" width=\"300\" height=\"225\" srcset=\"http:\/\/kouskeol.fr\/wp-content\/uploads\/2016\/11\/LeconteDeLisle-300x225.jpg 300w, http:\/\/kouskeol.fr\/wp-content\/uploads\/2016\/11\/LeconteDeLisle-768x575.jpg 768w, http:\/\/kouskeol.fr\/wp-content\/uploads\/2016\/11\/LeconteDeLisle-1024x767.jpg 1024w, http:\/\/kouskeol.fr\/wp-content\/uploads\/2016\/11\/LeconteDeLisle.jpg 1276w\" sizes=\"auto, (max-width: 300px) 100vw, 300px\" \/><\/a><figcaption id=\"caption-attachment-4549\" class=\"wp-caption-text\">Leconte de Lisle<\/figcaption><\/figure>\n<figure id=\"attachment_4548\" aria-describedby=\"caption-attachment-4548\" style=\"width: 300px\" class=\"wp-caption aligncenter\"><a href=\"http:\/\/kouskeol.fr\/wp-content\/uploads\/2016\/11\/CCWG6835-1280x960.jpg\" target=\"_blank\"><img loading=\"lazy\" decoding=\"async\" class=\"wp-image-4548 size-medium\" src=\"http:\/\/kouskeol.fr\/wp-content\/uploads\/2016\/11\/CCWG6835-1280x960-300x225.jpg\" alt=\"ccwg6835-1280x960\" width=\"300\" height=\"225\" srcset=\"http:\/\/kouskeol.fr\/wp-content\/uploads\/2016\/11\/CCWG6835-1280x960-300x225.jpg 300w, http:\/\/kouskeol.fr\/wp-content\/uploads\/2016\/11\/CCWG6835-1280x960-768x575.jpg 768w, http:\/\/kouskeol.fr\/wp-content\/uploads\/2016\/11\/CCWG6835-1280x960-1024x766.jpg 1024w, http:\/\/kouskeol.fr\/wp-content\/uploads\/2016\/11\/CCWG6835-1280x960.jpg 1280w\" sizes=\"auto, (max-width: 300px) 100vw, 300px\" \/><\/a><figcaption id=\"caption-attachment-4548\" class=\"wp-caption-text\">Un autre bel arbre&#8230;<\/figcaption><\/figure>\n<p>L\u2019histoire ne dit pas s\u2019ils ont jou\u00e9 au tennis ensemble. Quelques b\u00e2tisses rappellent le pass\u00e9 colonial de l\u2019\u00eele.<\/p>\n<figure id=\"attachment_4550\" aria-describedby=\"caption-attachment-4550\" style=\"width: 300px\" class=\"wp-caption aligncenter\"><a href=\"http:\/\/kouskeol.fr\/wp-content\/uploads\/2016\/11\/Mairie.jpg\" target=\"_blank\"><img loading=\"lazy\" decoding=\"async\" class=\"wp-image-4550 size-medium\" src=\"http:\/\/kouskeol.fr\/wp-content\/uploads\/2016\/11\/Mairie-300x225.jpg\" alt=\"mairie\" width=\"300\" height=\"225\" srcset=\"http:\/\/kouskeol.fr\/wp-content\/uploads\/2016\/11\/Mairie-300x225.jpg 300w, http:\/\/kouskeol.fr\/wp-content\/uploads\/2016\/11\/Mairie-768x576.jpg 768w, http:\/\/kouskeol.fr\/wp-content\/uploads\/2016\/11\/Mairie-1024x768.jpg 1024w, http:\/\/kouskeol.fr\/wp-content\/uploads\/2016\/11\/Mairie.jpg 1280w\" sizes=\"auto, (max-width: 300px) 100vw, 300px\" \/><\/a><figcaption id=\"caption-attachment-4550\" class=\"wp-caption-text\">La mairie.<\/figcaption><\/figure>\n<figure id=\"attachment_4551\" aria-describedby=\"caption-attachment-4551\" style=\"width: 300px\" class=\"wp-caption aligncenter\"><a href=\"http:\/\/kouskeol.fr\/wp-content\/uploads\/2016\/11\/MaisonColoniale.jpg\" target=\"_blank\"><img loading=\"lazy\" decoding=\"async\" class=\"wp-image-4551 size-medium\" src=\"http:\/\/kouskeol.fr\/wp-content\/uploads\/2016\/11\/MaisonColoniale-300x225.jpg\" alt=\"maisoncoloniale\" width=\"300\" height=\"225\" srcset=\"http:\/\/kouskeol.fr\/wp-content\/uploads\/2016\/11\/MaisonColoniale-300x225.jpg 300w, http:\/\/kouskeol.fr\/wp-content\/uploads\/2016\/11\/MaisonColoniale-768x576.jpg 768w, http:\/\/kouskeol.fr\/wp-content\/uploads\/2016\/11\/MaisonColoniale-1024x768.jpg 1024w, http:\/\/kouskeol.fr\/wp-content\/uploads\/2016\/11\/MaisonColoniale.jpg 1278w\" sizes=\"auto, (max-width: 300px) 100vw, 300px\" \/><\/a><figcaption id=\"caption-attachment-4551\" class=\"wp-caption-text\">Une ancienne maison.<\/figcaption><\/figure>\n<p>Et rassurez-vous, nous ne partirons pas sans avoir d\u00e9gust\u00e9 un rougaille saucisses\u00a0: Payou, encore lui, se charge de tout et nous apporte un festin que nous d\u00e9gustons \u00e0 bord, apr\u00e8s un (petit\u00a0!) verre de rhum arrang\u00e9 et accompagn\u00e9 d\u2019une (bonne\u00a0!) bouteille de bordeaux vieillie dans la cave de Kousk Eol.<\/p>\n<figure id=\"attachment_4552\" aria-describedby=\"caption-attachment-4552\" style=\"width: 300px\" class=\"wp-caption aligncenter\"><a href=\"http:\/\/kouskeol.fr\/wp-content\/uploads\/2016\/11\/Rougaille.jpg\" target=\"_blank\"><img loading=\"lazy\" decoding=\"async\" class=\"wp-image-4552 size-medium\" src=\"http:\/\/kouskeol.fr\/wp-content\/uploads\/2016\/11\/Rougaille-300x221.jpg\" alt=\"rougaille\" width=\"300\" height=\"221\" srcset=\"http:\/\/kouskeol.fr\/wp-content\/uploads\/2016\/11\/Rougaille-300x221.jpg 300w, http:\/\/kouskeol.fr\/wp-content\/uploads\/2016\/11\/Rougaille-768x566.jpg 768w, http:\/\/kouskeol.fr\/wp-content\/uploads\/2016\/11\/Rougaille-1024x754.jpg 1024w, http:\/\/kouskeol.fr\/wp-content\/uploads\/2016\/11\/Rougaille.jpg 1268w\" sizes=\"auto, (max-width: 300px) 100vw, 300px\" \/><\/a><figcaption id=\"caption-attachment-4552\" class=\"wp-caption-text\">D\u00e9gustation du rougaille saucisses fum\u00e9es&#8230;<\/figcaption><\/figure>\n<p><b>3 novembre 2016<\/b>. C\u2019est le retour de m\u00e9tropole, apr\u00e8s un s\u00e9jour trop court en famille. Jacques et Christian, les deux \u00e9quipiers de la travers\u00e9e vers le Cap de Bonne Esp\u00e9rance, sont d\u00e9j\u00e0 arriv\u00e9s. La valise est pleine des pi\u00e8ces n\u00e9cessaires pour les diverses r\u00e9parations \u00e0 faire avant le d\u00e9part\u00a0:<\/p>\n<ul>\n<li>La durite du pilote est remplac\u00e9e, le circuit purg\u00e9 et le nouveau pupitre de contr\u00f4le branch\u00e9.<\/li>\n<li>La vidange du moteur est effectu\u00e9e, non sans arroser le t-shirt blanc et les chaussures de Jacques.<\/li>\n<li>Les filtres \u00e0 gas-oil sont chang\u00e9s\u00a0: leur \u00e9tat en dit long sur la qualit\u00e9 de certains pleins\u2026<\/li>\n<li>Une pompe de gavage (poire) est install\u00e9e sur l\u2019arriv\u00e9e de gas-oil.<\/li>\n<li>Le ventilateur de cale est remplac\u00e9.<\/li>\n<li>Les \u00e9coutes du g\u00e9nois sont chang\u00e9es.<\/li>\n<li>Des mugs tout neufs trouvent leur place dans l\u2019\u00e9quipet de la cuisine\u00a0: pas de doute que le caf\u00e9 \u00e0 bord va prendre au moins une \u00e9toile en plus.<\/li>\n<li>Les bonbonnes de Camping Gaz sont recharg\u00e9es, apr\u00e8s moult recommandations contradictoires autant que p\u00e9remptoires (voir l\u2019article sur la recharge de ces bonbonnes).<\/li>\n<li>Puis les courses sont faites avec la voiture qu\u2019avait lou\u00e9e Jacques.<\/li>\n<\/ul>\n<p>Sur le quai d\u2019\u00e0 c\u00f4t\u00e9 est amarr\u00e9 le <i>Marion-Dufresne<\/i>, qu\u2019Andr\u00e9 conna\u00eet bien pour avoir navigu\u00e9 \u00e0 son bord. Il repartira d\u00e8s le lendemain pour une mission d\u2019un mois dans le sud.<\/p>\n<p><a href=\"http:\/\/kouskeol.fr\/wp-content\/uploads\/2016\/11\/MarionDufresne1.jpg\" target=\"_blank\"><img loading=\"lazy\" decoding=\"async\" class=\"aligncenter wp-image-4553 size-medium\" src=\"http:\/\/kouskeol.fr\/wp-content\/uploads\/2016\/11\/MarionDufresne1-300x167.jpg\" alt=\"mariondufresne1\" width=\"300\" height=\"167\" srcset=\"http:\/\/kouskeol.fr\/wp-content\/uploads\/2016\/11\/MarionDufresne1-300x167.jpg 300w, http:\/\/kouskeol.fr\/wp-content\/uploads\/2016\/11\/MarionDufresne1-768x427.jpg 768w, http:\/\/kouskeol.fr\/wp-content\/uploads\/2016\/11\/MarionDufresne1-1024x569.jpg 1024w, http:\/\/kouskeol.fr\/wp-content\/uploads\/2016\/11\/MarionDufresne1-672x372.jpg 672w, http:\/\/kouskeol.fr\/wp-content\/uploads\/2016\/11\/MarionDufresne1-1038x576.jpg 1038w, http:\/\/kouskeol.fr\/wp-content\/uploads\/2016\/11\/MarionDufresne1.jpg 1274w\" sizes=\"auto, (max-width: 300px) 100vw, 300px\" \/><\/a> <a href=\"http:\/\/kouskeol.fr\/wp-content\/uploads\/2016\/11\/MarionDufresne2.jpg\" target=\"_blank\"><img loading=\"lazy\" decoding=\"async\" class=\"aligncenter wp-image-4554 size-medium\" src=\"http:\/\/kouskeol.fr\/wp-content\/uploads\/2016\/11\/MarionDufresne2-300x169.jpg\" alt=\"mariondufresne2\" width=\"300\" height=\"169\" srcset=\"http:\/\/kouskeol.fr\/wp-content\/uploads\/2016\/11\/MarionDufresne2-300x169.jpg 300w, http:\/\/kouskeol.fr\/wp-content\/uploads\/2016\/11\/MarionDufresne2-768x431.jpg 768w, http:\/\/kouskeol.fr\/wp-content\/uploads\/2016\/11\/MarionDufresne2-1024x575.jpg 1024w, http:\/\/kouskeol.fr\/wp-content\/uploads\/2016\/11\/MarionDufresne2.jpg 1278w\" sizes=\"auto, (max-width: 300px) 100vw, 300px\" \/><\/a><\/p>\n<p>Dans la marina, nous rencontrons certains des navigateurs avec qui nous avions partag\u00e9 des mouillages auparavant. En particulier, Debbie et Steve, de <i>Summer Down<\/i>, qui partent un jour avant nous, viennent m\u00eame manger \u00e0 bord\u00a0: Debbie, mexicaine d\u2019origine, nous a concoct\u00e9 un excellent <i>arroz con pollo<\/i>. Tous les deux sont devenus des adeptes du confit de canard\u00a0: ils en ont fait provision \u00e0 bord\u00a0! Nous en profitons \u00e9videmment pour continuer de refaire le monde, ce que nous n\u2019avions pas pu terminer lors de notre derni\u00e8re rencontre aux Cocos. Encore une fois, la t\u00e2che ne sera pas achev\u00e9e\u00a0: la perspective de la possible prochaine \u00e9lection de Trump a provoqu\u00e9 une paralysie mentale \u00e0 bord que m\u00eame le pire des ti-punchs n\u2019aurait pu d\u00e9clencher.<\/p>\n<p>Puis le jour du d\u00e9part arrive sans que l\u2019on ne s\u2019en aper\u00e7oive\u00a0: ce sera lundi 7. Les voiliers de l\u2019ARC sont partis depuis quarante-huit heures. La m\u00e9t\u00e9o devrait \u00eatre bonne pour la travers\u00e9e vers Durban\u00a0: ce n\u2019\u00e9tait pas le cas quelques jours avant, avec du vent tr\u00e8s fort et une grosse mer au sud de Madagascar, un des points chauds de cette navigation. La douane est l\u00e0 d\u00e8s neuf heures, et la <i>clearance<\/i> vite tamponn\u00e9e. Nous avons la surprise de voir Marie<a class=\"sdfootnoteanc\" href=\"#sdfootnote1sym\" name=\"sdfootnote1anc\"><sup>1<\/sup><\/a> venir nous faire un petit coucou. Puis il est plus que temps de nous rendre au quai d\u2019Ant\u00e9a, le navire oc\u00e9anographique de l\u2019IRD, dont nous avions rencontr\u00e9 l\u2019\u00e9quipage la veille au soir, et qui nous a invit\u00e9 \u00e0 visiter leur canot, un catamaran \u00e0 moteur d\u2019une trentaine de m\u00e8tres.<\/p>\n<figure id=\"attachment_4555\" aria-describedby=\"caption-attachment-4555\" style=\"width: 300px\" class=\"wp-caption aligncenter\"><a href=\"http:\/\/kouskeol.fr\/wp-content\/uploads\/2016\/11\/Antea1.jpg\" target=\"_blank\"><img loading=\"lazy\" decoding=\"async\" class=\"wp-image-4555 size-medium\" src=\"http:\/\/kouskeol.fr\/wp-content\/uploads\/2016\/11\/Antea1-300x224.jpg\" alt=\"antea1\" width=\"300\" height=\"224\" srcset=\"http:\/\/kouskeol.fr\/wp-content\/uploads\/2016\/11\/Antea1-300x224.jpg 300w, http:\/\/kouskeol.fr\/wp-content\/uploads\/2016\/11\/Antea1-768x574.jpg 768w, http:\/\/kouskeol.fr\/wp-content\/uploads\/2016\/11\/Antea1-1024x765.jpg 1024w, http:\/\/kouskeol.fr\/wp-content\/uploads\/2016\/11\/Antea1.jpg 1272w\" sizes=\"auto, (max-width: 300px) 100vw, 300px\" \/><\/a><figcaption id=\"caption-attachment-4555\" class=\"wp-caption-text\">Antea: une des salles des machines.<\/figcaption><\/figure>\n<figure id=\"attachment_4556\" aria-describedby=\"caption-attachment-4556\" style=\"width: 300px\" class=\"wp-caption aligncenter\"><a href=\"http:\/\/kouskeol.fr\/wp-content\/uploads\/2016\/11\/Antea2.jpg\" target=\"_blank\"><img loading=\"lazy\" decoding=\"async\" class=\"wp-image-4556 size-medium\" src=\"http:\/\/kouskeol.fr\/wp-content\/uploads\/2016\/11\/Antea2-300x225.jpg\" alt=\"antea2\" width=\"300\" height=\"225\" srcset=\"http:\/\/kouskeol.fr\/wp-content\/uploads\/2016\/11\/Antea2-300x225.jpg 300w, http:\/\/kouskeol.fr\/wp-content\/uploads\/2016\/11\/Antea2-768x576.jpg 768w, http:\/\/kouskeol.fr\/wp-content\/uploads\/2016\/11\/Antea2-1024x768.jpg 1024w, http:\/\/kouskeol.fr\/wp-content\/uploads\/2016\/11\/Antea2.jpg 1280w\" sizes=\"auto, (max-width: 300px) 100vw, 300px\" \/><\/a><figcaption id=\"caption-attachment-4556\" class=\"wp-caption-text\">Antea: la cuisine.<\/figcaption><\/figure>\n<figure id=\"attachment_4557\" aria-describedby=\"caption-attachment-4557\" style=\"width: 300px\" class=\"wp-caption aligncenter\"><a href=\"http:\/\/kouskeol.fr\/wp-content\/uploads\/2016\/11\/Antea3.jpg\" target=\"_blank\"><img loading=\"lazy\" decoding=\"async\" class=\"wp-image-4557 size-medium\" src=\"http:\/\/kouskeol.fr\/wp-content\/uploads\/2016\/11\/Antea3-300x225.jpg\" alt=\"antea3\" width=\"300\" height=\"225\" srcset=\"http:\/\/kouskeol.fr\/wp-content\/uploads\/2016\/11\/Antea3-300x225.jpg 300w, http:\/\/kouskeol.fr\/wp-content\/uploads\/2016\/11\/Antea3-768x576.jpg 768w, http:\/\/kouskeol.fr\/wp-content\/uploads\/2016\/11\/Antea3-1024x768.jpg 1024w, http:\/\/kouskeol.fr\/wp-content\/uploads\/2016\/11\/Antea3.jpg 1280w\" sizes=\"auto, (max-width: 300px) 100vw, 300px\" \/><\/a><figcaption id=\"caption-attachment-4557\" class=\"wp-caption-text\">Antea: la salle des chercheurs.<\/figcaption><\/figure>\n<p>Ils arrivent de Lorient, par Toulon et la Mer Rouge, o\u00f9 on leur a impos\u00e9 six fusiliers marins arm\u00e9s \u00e0 bord, et sont en partance pour une mission au sud de Madagascar, avant de rejoindre Durban eux aussi.<\/p>\n<p>Quinze heures\u00a0: nous, Jacques, Christian et Claude, avons finalement pris le temps de manger un dernier repas \u00e0 terre, et nous larguons les amarres, enfin pr\u00eats. Le vent n\u2019est pas forc\u00e9ment au rendez-vous, mais nous vous raconterons tout \u00e7a une autre fois.<\/p>\n<p>Andr\u00e9 sera en pens\u00e9e avec nous pour cette travers\u00e9e\u2026<\/p>\n<div id=\"sdfootnote1\">\n<p class=\"sdfootnote\">___________________________<a class=\"sdfootnotesym\" href=\"#sdfootnote1anc\" name=\"sdfootnote1sym\"><br \/>\n<em>1<\/em><\/a><em>&#8211;\u00a0Marie est la meilleure amie de St\u00e9phanie. St\u00e9phanie est la compagne de Pierre. Et Pierre est le fils de Claude. Vous suivez toujours\u00a0? De plus, Marie est bretonne et fille de marin p\u00eacheur, ce qui cr\u00e9e des liens. Le fait qu\u00a0&lsquo;elle vive maintenant \u00e0 la R\u00e9union est purement anecdotique.<\/em><\/p>\n<\/div>\n","protected":false},"excerpt":{"rendered":"<p>Lundi 10 octobre 2016. J\u00e9r\u00f4me et Ang\u00e9lique, les ma\u00eetres du port, nous ont finalement trouv\u00e9 une place \u00e0 la marina du Titan, un peu plus pr\u00e8s du centre-ville du Port, inaugur\u00e9e l\u2019ann\u00e9e pr\u00e9c\u00e9dente et donc toute belle\u2026 Nous avons pr\u00e9vu un retour-pause vers la m\u00e9tropole le treize\u00a0: il ne faut pas tra\u00eener pour tout ranger, &hellip; <a href=\"http:\/\/kouskeol.fr\/?p=4544\" class=\"more-link\">Continuer la lecture de <span class=\"screen-reader-text\">La R\u00e9union, c\u2019est le cirque\u00a0!<\/span>  <span class=\"meta-nav\">&rarr;<\/span><\/a><\/p>\n","protected":false},"author":1,"featured_media":0,"comment_status":"open","ping_status":"open","sticky":false,"template":"","format":"standard","meta":{"ngg_post_thumbnail":0,"footnotes":""},"categories":[70,8],"tags":[],"class_list":["post-4544","post","type-post","status-publish","format-standard","hentry","category-indien","category-voyage"],"_links":{"self":[{"href":"http:\/\/kouskeol.fr\/index.php?rest_route=\/wp\/v2\/posts\/4544","targetHints":{"allow":["GET"]}}],"collection":[{"href":"http:\/\/kouskeol.fr\/index.php?rest_route=\/wp\/v2\/posts"}],"about":[{"href":"http:\/\/kouskeol.fr\/index.php?rest_route=\/wp\/v2\/types\/post"}],"author":[{"embeddable":true,"href":"http:\/\/kouskeol.fr\/index.php?rest_route=\/wp\/v2\/users\/1"}],"replies":[{"embeddable":true,"href":"http:\/\/kouskeol.fr\/index.php?rest_route=%2Fwp%2Fv2%2Fcomments&post=4544"}],"version-history":[{"count":1,"href":"http:\/\/kouskeol.fr\/index.php?rest_route=\/wp\/v2\/posts\/4544\/revisions"}],"predecessor-version":[{"id":4560,"href":"http:\/\/kouskeol.fr\/index.php?rest_route=\/wp\/v2\/posts\/4544\/revisions\/4560"}],"wp:attachment":[{"href":"http:\/\/kouskeol.fr\/index.php?rest_route=%2Fwp%2Fv2%2Fmedia&parent=4544"}],"wp:term":[{"taxonomy":"category","embeddable":true,"href":"http:\/\/kouskeol.fr\/index.php?rest_route=%2Fwp%2Fv2%2Fcategories&post=4544"},{"taxonomy":"post_tag","embeddable":true,"href":"http:\/\/kouskeol.fr\/index.php?rest_route=%2Fwp%2Fv2%2Ftags&post=4544"}],"curies":[{"name":"wp","href":"https:\/\/api.w.org\/{rel}","templated":true}]}}