{"id":4755,"date":"2016-12-31T11:23:53","date_gmt":"2016-12-31T10:23:53","guid":{"rendered":"http:\/\/kouskeol.fr\/?p=4755"},"modified":"2017-01-01T15:39:40","modified_gmt":"2017-01-01T14:39:40","slug":"et-la-suite-alors","status":"publish","type":"post","link":"http:\/\/kouskeol.fr\/?p=4755","title":{"rendered":"Et la suite, alors?"},"content":{"rendered":"<p>Alors, les v\u0153ux, c&rsquo;est fait&#8230; Mais quelques insatisfaits r\u00e9clament maintenant bruyamment le programme de Kousk Eol pour les semaines \u00e0 venir.<\/p>\n<p>Le mois de janvier va \u00eatre consacr\u00e9 au tourisme en Afrique du Sud et en Namibie. Rien que \u00e7a. Puis d\u00e9but f\u00e9vrier ce sera le d\u00e9part vers les Antilles, avec une arriv\u00e9e d\u00e9but avril 2017, avant le retour en m\u00e9tropole: les bateaux du Vend\u00e9e Globe devraient avoir lib\u00e9r\u00e9 le terrain&#8230;<\/p>\n<figure id=\"attachment_4756\" aria-describedby=\"caption-attachment-4756\" style=\"width: 300px\" class=\"wp-caption aligncenter\"><a href=\"http:\/\/kouskeol.fr\/wp-content\/uploads\/2016\/12\/routeAtlantique.png\" target=\"_blank\"><img loading=\"lazy\" decoding=\"async\" class=\"wp-image-4756 size-medium\" src=\"http:\/\/kouskeol.fr\/wp-content\/uploads\/2016\/12\/routeAtlantique-300x212.png\" width=\"300\" height=\"212\" srcset=\"http:\/\/kouskeol.fr\/wp-content\/uploads\/2016\/12\/routeAtlantique-300x212.png 300w, http:\/\/kouskeol.fr\/wp-content\/uploads\/2016\/12\/routeAtlantique-768x543.png 768w, http:\/\/kouskeol.fr\/wp-content\/uploads\/2016\/12\/routeAtlantique-1024x724.png 1024w, http:\/\/kouskeol.fr\/wp-content\/uploads\/2016\/12\/routeAtlantique.png 1403w\" sizes=\"auto, (max-width: 300px) 100vw, 300px\" \/><\/a><figcaption id=\"caption-attachment-4756\" class=\"wp-caption-text\">Trajet pr\u00e9visionnel: plus de 5 500 milles du Cap \u00e0 la Martinique.<\/figcaption><\/figure>\n<p>Quelques travaux sont \u00e0 pr\u00e9voir avant ce d\u00e9part:<\/p>\n<ul>\n<li>remplacement des joints et des anodes de l&#8217;embase moteur;<\/li>\n<li>remplacement du r\u00e9p\u00e9titeur sondeur\/vitesse;<\/li>\n<li>nettoyage de la coque et antifouling;<\/li>\n<li>capote de descente;<\/li>\n<li>r\u00e9servoir d&rsquo;eau AV;<\/li>\n<li>plus quelques bricoles.<\/li>\n<\/ul>\n<p>Il n&rsquo;y aura pas trop de possibilit\u00e9s de connexions \u00e0 internet, donc ne vous \u00e9nervez pas contre l&rsquo;\u00e9quipe de r\u00e9daction si le blog n&rsquo;est pas mis \u00e0 jour pendant de longues p\u00e9riodes. Profitez-en plut\u00f4t pour faire enfin des choses plus utiles \u00e0 la soci\u00e9t\u00e9 que de lire cet amoncellement de banalit\u00e9s.<\/p>\n<p>C&rsquo;est aussi l&rsquo;occasion de refaire vos r\u00e9serves de mouchoirs: comme d&rsquo;habitude, tr\u00e8s humblement,&nbsp; nous nous ferons un malin plaisir \u00e0 publier photos et textes \u00e0 faire pleurer dans les chaumi\u00e8res&#8230;<\/p>\n","protected":false},"excerpt":{"rendered":"<p>Alors, les v\u0153ux, c&rsquo;est fait&#8230; Mais quelques insatisfaits r\u00e9clament maintenant bruyamment le programme de Kousk Eol pour les semaines \u00e0 venir. Le mois de janvier va \u00eatre consacr\u00e9 au tourisme en Afrique du Sud et en Namibie. Rien que \u00e7a. Puis d\u00e9but f\u00e9vrier ce sera le d\u00e9part vers les Antilles, avec une arriv\u00e9e d\u00e9but avril &hellip; <a href=\"http:\/\/kouskeol.fr\/?p=4755\" class=\"more-link\">Continuer la lecture de <span class=\"screen-reader-text\">Et la suite, alors?<\/span>  <span class=\"meta-nav\">&rarr;<\/span><\/a><\/p>\n","protected":false},"author":1,"featured_media":0,"comment_status":"open","ping_status":"open","sticky":false,"template":"","format":"standard","meta":{"ngg_post_thumbnail":0,"footnotes":""},"categories":[13,73,8],"tags":[],"class_list":["post-4755","post","type-post","status-publish","format-standard","hentry","category-atlantique-nord","category-atlantique-sud","category-voyage"],"_links":{"self":[{"href":"http:\/\/kouskeol.fr\/index.php?rest_route=\/wp\/v2\/posts\/4755","targetHints":{"allow":["GET"]}}],"collection":[{"href":"http:\/\/kouskeol.fr\/index.php?rest_route=\/wp\/v2\/posts"}],"about":[{"href":"http:\/\/kouskeol.fr\/index.php?rest_route=\/wp\/v2\/types\/post"}],"author":[{"embeddable":true,"href":"http:\/\/kouskeol.fr\/index.php?rest_route=\/wp\/v2\/users\/1"}],"replies":[{"embeddable":true,"href":"http:\/\/kouskeol.fr\/index.php?rest_route=%2Fwp%2Fv2%2Fcomments&post=4755"}],"version-history":[{"count":5,"href":"http:\/\/kouskeol.fr\/index.php?rest_route=\/wp\/v2\/posts\/4755\/revisions"}],"predecessor-version":[{"id":4764,"href":"http:\/\/kouskeol.fr\/index.php?rest_route=\/wp\/v2\/posts\/4755\/revisions\/4764"}],"wp:attachment":[{"href":"http:\/\/kouskeol.fr\/index.php?rest_route=%2Fwp%2Fv2%2Fmedia&parent=4755"}],"wp:term":[{"taxonomy":"category","embeddable":true,"href":"http:\/\/kouskeol.fr\/index.php?rest_route=%2Fwp%2Fv2%2Fcategories&post=4755"},{"taxonomy":"post_tag","embeddable":true,"href":"http:\/\/kouskeol.fr\/index.php?rest_route=%2Fwp%2Fv2%2Ftags&post=4755"}],"curies":[{"name":"wp","href":"https:\/\/api.w.org\/{rel}","templated":true}]}}