{"id":4911,"date":"2017-03-27T22:59:36","date_gmt":"2017-03-27T21:59:36","guid":{"rendered":"http:\/\/kouskeol.fr\/?p=4911"},"modified":"2017-03-27T22:59:36","modified_gmt":"2017-03-27T21:59:36","slug":"fernando-de-noronha","status":"publish","type":"post","link":"http:\/\/kouskeol.fr\/?p=4911","title":{"rendered":"Fernando de Noronha"},"content":{"rendered":"<p>Donc, nous vous le disions, nous arrivons au mouillage de la Baia de Santo Antonio le onze mars deux mille dix-sept \u00e0 trois heures trente, sous une lune \u00e9clatante qui nous montre le chemin. Nous sommes un peu surpris&nbsp;: nous ne nous attendions pas \u00e0 voir beaucoup de bateaux. En fait, ce sont des dizaines d\u2019embarcations \u00e0 moteur qui sont l\u00e0, mouill\u00e9es de fa\u00e7on un peu anarchique, les trois-quarts sans feu. Nous nous faufilons entre les bouts d\u2019amarres qui flottent, et descendons finalement notre ancre&nbsp;: nous verrons quand le jour sera l\u00e0 si nous devons bouger.<\/p>\n<figure id=\"attachment_4912\" aria-describedby=\"caption-attachment-4912\" style=\"width: 300px\" class=\"wp-caption aligncenter\"><a href=\"http:\/\/kouskeol.fr\/wp-content\/uploads\/2017\/03\/mouillage1.jpg\" target=\"_blank\"><img loading=\"lazy\" decoding=\"async\" class=\"wp-image-4912 size-medium\" src=\"http:\/\/kouskeol.fr\/wp-content\/uploads\/2017\/03\/mouillage1-300x223.jpg\" width=\"300\" height=\"223\" srcset=\"http:\/\/kouskeol.fr\/wp-content\/uploads\/2017\/03\/mouillage1-300x223.jpg 300w, http:\/\/kouskeol.fr\/wp-content\/uploads\/2017\/03\/mouillage1-768x570.jpg 768w, http:\/\/kouskeol.fr\/wp-content\/uploads\/2017\/03\/mouillage1-1024x760.jpg 1024w, http:\/\/kouskeol.fr\/wp-content\/uploads\/2017\/03\/mouillage1.jpg 1266w\" sizes=\"auto, (max-width: 300px) 100vw, 300px\" \/><\/a><figcaption id=\"caption-attachment-4912\" class=\"wp-caption-text\">Le mouillage<\/figcaption><\/figure>\n<p>Apr\u00e8s une courte nuit pour nous, le jour se l\u00e8ve sur le Morro do Pico, point culminant de Fernando de Noronha, amer remarquable que nous avons suivi durant la nuit, sous le clair de lune.<\/p>\n<figure id=\"attachment_4913\" aria-describedby=\"caption-attachment-4913\" style=\"width: 300px\" class=\"wp-caption aligncenter\"><a href=\"http:\/\/kouskeol.fr\/wp-content\/uploads\/2017\/03\/morro.jpg\" target=\"_blank\"><img loading=\"lazy\" decoding=\"async\" class=\"wp-image-4913 size-medium\" src=\"http:\/\/kouskeol.fr\/wp-content\/uploads\/2017\/03\/morro-300x225.jpg\" width=\"300\" height=\"225\" srcset=\"http:\/\/kouskeol.fr\/wp-content\/uploads\/2017\/03\/morro-300x225.jpg 300w, http:\/\/kouskeol.fr\/wp-content\/uploads\/2017\/03\/morro-768x576.jpg 768w, http:\/\/kouskeol.fr\/wp-content\/uploads\/2017\/03\/morro-1024x768.jpg 1024w, http:\/\/kouskeol.fr\/wp-content\/uploads\/2017\/03\/morro.jpg 1280w\" sizes=\"auto, (max-width: 300px) 100vw, 300px\" \/><\/a><figcaption id=\"caption-attachment-4913\" class=\"wp-caption-text\">Le Morro de Pico<\/figcaption><\/figure>\n<p>Il y a un meilleur emplacement plus pr\u00e8s de la terre&nbsp;: petit caf\u00e9 aval\u00e9, nous d\u00e9pla\u00e7ons Kousk Eol, pour nous retrouver \u00e0 c\u00f4t\u00e9 d\u2019un catamaran fran\u00e7ais, un couple de v\u00e9t\u00e9rinaires de Chartres. Deux autres voiliers sont au mouillage&nbsp;: un Argentin de Puerto Madryn et un catamaran dont nous ne verrons pas le skipper.<\/p>\n<p>L\u2019annexe est gonfl\u00e9e et le petit Suzuki d\u00e9marre sans trop de probl\u00e8me, toujours capricieux pour tenir un bon r\u00e9gime, obligeant \u00e0 jongler avec le starter malgr\u00e9 les diff\u00e9rentes tentatives de r\u00e9glage<a class=\"sdfootnoteanc\" href=\"#sdfootnote1sym\" name=\"sdfootnote1anc\"><sup>1<\/sup><\/a>: il faudra le faire revoir en Martinique. La baie est tr\u00e8s ouverte sur le large, et la houle semble prendre un grand plaisir \u00e0 rouler les bateaux et faire monter l\u2019adr\u00e9naline \u00e0 l\u2019approche du rivage, o\u00f9 les rouleaux qui s\u2019\u00e9crasent sont impressionnants. Et ce ne sont pas les tortues rencontr\u00e9es en chemin qui rassurent. Heureusement, le Porto, semblant de petit port avec sa digue rocheuse, offre une relativement bonne protection&nbsp;: l\u2019annexe est tir\u00e9e sur le sable de la plage, \u00e0 la limite de la mar\u00e9e haute.<\/p>\n<figure id=\"attachment_4914\" aria-describedby=\"caption-attachment-4914\" style=\"width: 300px\" class=\"wp-caption aligncenter\"><a href=\"http:\/\/kouskeol.fr\/wp-content\/uploads\/2017\/03\/plage.jpg\" target=\"_blank\"><img loading=\"lazy\" decoding=\"async\" class=\"wp-image-4914 size-medium\" src=\"http:\/\/kouskeol.fr\/wp-content\/uploads\/2017\/03\/plage-300x222.jpg\" width=\"300\" height=\"222\" srcset=\"http:\/\/kouskeol.fr\/wp-content\/uploads\/2017\/03\/plage-300x222.jpg 300w, http:\/\/kouskeol.fr\/wp-content\/uploads\/2017\/03\/plage-768x568.jpg 768w, http:\/\/kouskeol.fr\/wp-content\/uploads\/2017\/03\/plage-1024x757.jpg 1024w, http:\/\/kouskeol.fr\/wp-content\/uploads\/2017\/03\/plage.jpg 1260w\" sizes=\"auto, (max-width: 300px) 100vw, 300px\" \/><\/a><figcaption id=\"caption-attachment-4914\" class=\"wp-caption-text\">La plage et le petit port.<\/figcaption><\/figure>\n<p>Les autorit\u00e9s sont dans un cabanon qui domine le port&nbsp;: police, capitaine du port, marine nationale et immigration. Travailler un samedi ne leur pose pas de probl\u00e8me&nbsp;: ils sont tous en short, t-shirt et casquette \u00e0 l\u2019envers, et nous les retrouverons sur la plage juste apr\u00e8s. Tout se passe dans une bonne ambiance, apr\u00e8s moult <i>bom dia, tudo bem<\/i> et<i> muito obrigado<\/i>&nbsp;: nous n\u2019avons pas toujours tout compris, mais la <i>clearance<\/i> est sign\u00e9e, et nos passeports tamponn\u00e9s pour un d\u00e9part lundi treize vers la Martinique. Nous nous faisons m\u00eame offrir le caf\u00e9. C\u2019est la marine, donc des experts, qui nous indique o\u00f9 aller boire une bonne ca\u00efpirinha, incontournable d\u00e8s qu\u2019on est au Br\u00e9sil&nbsp;!<\/p>\n<figure id=\"attachment_4915\" aria-describedby=\"caption-attachment-4915\" style=\"width: 300px\" class=\"wp-caption aligncenter\"><a href=\"http:\/\/kouskeol.fr\/wp-content\/uploads\/2017\/03\/Autorites.jpg\" target=\"_blank\"><img loading=\"lazy\" decoding=\"async\" class=\"wp-image-4915 size-medium\" src=\"http:\/\/kouskeol.fr\/wp-content\/uploads\/2017\/03\/Autorites-300x224.jpg\" width=\"300\" height=\"224\" srcset=\"http:\/\/kouskeol.fr\/wp-content\/uploads\/2017\/03\/Autorites-300x224.jpg 300w, http:\/\/kouskeol.fr\/wp-content\/uploads\/2017\/03\/Autorites-768x574.jpg 768w, http:\/\/kouskeol.fr\/wp-content\/uploads\/2017\/03\/Autorites-1024x766.jpg 1024w, http:\/\/kouskeol.fr\/wp-content\/uploads\/2017\/03\/Autorites.jpg 1278w\" sizes=\"auto, (max-width: 300px) 100vw, 300px\" \/><\/a><figcaption id=\"caption-attachment-4915\" class=\"wp-caption-text\">L&rsquo;immeuble des autorit\u00e9s.<\/figcaption><\/figure>\n<p>Nous nous dirigeons \u00e0 pied vers le \u00ab&nbsp;centre-ville&nbsp;\u00bb, \u00e0 un kilom\u00e8tre, apr\u00e8s une bonne mont\u00e9e sous le cagnard et le regard goguenard du Morro de Pico, v\u00e9ritable statue moai, vestige du pass\u00e9 volcanique de l\u2019\u00eele.<\/p>\n<p><a href=\"http:\/\/kouskeol.fr\/wp-content\/uploads\/2017\/03\/montee.jpg\"><img loading=\"lazy\" decoding=\"async\" class=\"aligncenter wp-image-4916 size-medium\" src=\"http:\/\/kouskeol.fr\/wp-content\/uploads\/2017\/03\/montee-300x225.jpg\" width=\"300\" height=\"225\" srcset=\"http:\/\/kouskeol.fr\/wp-content\/uploads\/2017\/03\/montee-300x225.jpg 300w, http:\/\/kouskeol.fr\/wp-content\/uploads\/2017\/03\/montee-768x575.jpg 768w, http:\/\/kouskeol.fr\/wp-content\/uploads\/2017\/03\/montee-1024x766.jpg 1024w, http:\/\/kouskeol.fr\/wp-content\/uploads\/2017\/03\/montee.jpg 1280w\" sizes=\"auto, (max-width: 300px) 100vw, 300px\" \/><\/a> <a href=\"http:\/\/kouskeol.fr\/wp-content\/uploads\/2017\/03\/morro2.jpg\" target=\"_blank\"><img loading=\"lazy\" decoding=\"async\" class=\"aligncenter wp-image-4917 size-medium\" src=\"http:\/\/kouskeol.fr\/wp-content\/uploads\/2017\/03\/morro2-300x225.jpg\" width=\"300\" height=\"225\" srcset=\"http:\/\/kouskeol.fr\/wp-content\/uploads\/2017\/03\/morro2-300x225.jpg 300w, http:\/\/kouskeol.fr\/wp-content\/uploads\/2017\/03\/morro2-768x576.jpg 768w, http:\/\/kouskeol.fr\/wp-content\/uploads\/2017\/03\/morro2-1024x768.jpg 1024w, http:\/\/kouskeol.fr\/wp-content\/uploads\/2017\/03\/morro2.jpg 1280w\" sizes=\"auto, (max-width: 300px) 100vw, 300px\" \/><\/a><\/p>\n<p>Le tour de la ville est vite exp\u00e9di\u00e9&nbsp;: tout semble tourner autour du <i>Bosque Flamboyant<\/i>, grande place plant\u00e9e de flamboyants, et de la <i>Igreja dos Remedios<\/i>. L\u2019\u00eele a \u00e9t\u00e9 occup\u00e9e par les Portugais, les Anglais, les Hollandais, les Fran\u00e7ais, avant d\u2019\u00eatre d\u00e9finitivement annex\u00e9e par le Br\u00e9sil. Mais il ne reste que peu de vestiges de ces \u00e9poques.<\/p>\n<figure id=\"attachment_4919\" aria-describedby=\"caption-attachment-4919\" style=\"width: 300px\" class=\"wp-caption aligncenter\"><a href=\"http:\/\/kouskeol.fr\/wp-content\/uploads\/2017\/03\/dosRemeidos.jpg\" target=\"_blank\"><img loading=\"lazy\" decoding=\"async\" class=\"wp-image-4919 size-medium\" src=\"http:\/\/kouskeol.fr\/wp-content\/uploads\/2017\/03\/dosRemeidos-300x225.jpg\" width=\"300\" height=\"225\" srcset=\"http:\/\/kouskeol.fr\/wp-content\/uploads\/2017\/03\/dosRemeidos-300x225.jpg 300w, http:\/\/kouskeol.fr\/wp-content\/uploads\/2017\/03\/dosRemeidos-768x576.jpg 768w, http:\/\/kouskeol.fr\/wp-content\/uploads\/2017\/03\/dosRemeidos-1024x768.jpg 1024w, http:\/\/kouskeol.fr\/wp-content\/uploads\/2017\/03\/dosRemeidos.jpg 1280w\" sizes=\"auto, (max-width: 300px) 100vw, 300px\" \/><\/a><figcaption id=\"caption-attachment-4919\" class=\"wp-caption-text\">La igreja dos Remeidos.<\/figcaption><\/figure>\n<figure id=\"attachment_4920\" aria-describedby=\"caption-attachment-4920\" style=\"width: 300px\" class=\"wp-caption aligncenter\"><a href=\"http:\/\/kouskeol.fr\/wp-content\/uploads\/2017\/03\/vegetation.jpg\" target=\"_blank\"><img loading=\"lazy\" decoding=\"async\" class=\"wp-image-4920 size-medium\" src=\"http:\/\/kouskeol.fr\/wp-content\/uploads\/2017\/03\/vegetation-300x225.jpg\" width=\"300\" height=\"225\" srcset=\"http:\/\/kouskeol.fr\/wp-content\/uploads\/2017\/03\/vegetation-300x225.jpg 300w, http:\/\/kouskeol.fr\/wp-content\/uploads\/2017\/03\/vegetation-768x576.jpg 768w, http:\/\/kouskeol.fr\/wp-content\/uploads\/2017\/03\/vegetation-1024x768.jpg 1024w, http:\/\/kouskeol.fr\/wp-content\/uploads\/2017\/03\/vegetation.jpg 1278w\" sizes=\"auto, (max-width: 300px) 100vw, 300px\" \/><\/a><figcaption id=\"caption-attachment-4920\" class=\"wp-caption-text\">V\u00e9g\u00e9tation.<\/figcaption><\/figure>\n<p><a href=\"http:\/\/kouskeol.fr\/wp-content\/uploads\/2017\/03\/CCWG7180-1280x960.jpg\" target=\"_blank\"><img loading=\"lazy\" decoding=\"async\" class=\"aligncenter wp-image-4918 size-medium\" src=\"http:\/\/kouskeol.fr\/wp-content\/uploads\/2017\/03\/CCWG7180-1280x960-300x224.jpg\" width=\"300\" height=\"224\" srcset=\"http:\/\/kouskeol.fr\/wp-content\/uploads\/2017\/03\/CCWG7180-1280x960-300x224.jpg 300w, http:\/\/kouskeol.fr\/wp-content\/uploads\/2017\/03\/CCWG7180-1280x960-768x574.jpg 768w, http:\/\/kouskeol.fr\/wp-content\/uploads\/2017\/03\/CCWG7180-1280x960-1024x765.jpg 1024w, http:\/\/kouskeol.fr\/wp-content\/uploads\/2017\/03\/CCWG7180-1280x960.jpg 1272w\" sizes=\"auto, (max-width: 300px) 100vw, 300px\" \/><\/a><\/p>\n<p>L\u2019apr\u00e8s-midi, nous croisons nos voisins sur le catamaran&nbsp;: ils semblent tr\u00e8s d\u00e9\u00e7us par l\u2019\u00eele, tr\u00e8s belle excroissance volcanique, tr\u00e8s ch\u00e8re<a class=\"sdfootnoteanc\" href=\"#sdfootnote2sym\" name=\"sdfootnote2anc\"><sup>2<\/sup><\/a> et finalement pas si extraordinaire pour peu que l\u2019on ait navigu\u00e9 aux Antilles<a class=\"sdfootnoteanc\" href=\"#sdfootnote3sym\" name=\"sdfootnote3anc\"><sup>3<\/sup><\/a>, entre autres\u2026 Ce qui est la conclusion \u00e0 laquelle nous commencions doucement \u00e0 arriver. Les guides de voyage donnent parfois l\u2019impression, surtout pour les endroits peu facilement accessibles, qu\u2019il faut leur accoler syst\u00e9matiquement une r\u00e9putation de \u00ab&nbsp;plus bel endroit du monde<a class=\"sdfootnoteanc\" href=\"#sdfootnote4sym\" name=\"sdfootnote4anc\"><sup>4<\/sup><\/a>&nbsp;\u00bb, o\u00f9 \u00e9videmment l\u2019auteur du guide est all\u00e9, mais o\u00f9 le vulgum pecus, lui, se contentera de regarder les belles photos faites par les rares privil\u00e9gi\u00e9s, et de lire le dithyrambe compl\u00e8tement objectif, il va de soit, les accompagnant<a class=\"sdfootnoteanc\" href=\"#sdfootnote5sym\" name=\"sdfootnote5anc\"><sup>5<\/sup><\/a>. Quatre-vingts pour cent des touristes sont br\u00e9siliens, avec une grande majorit\u00e9 venant de Sao Paulo, ville la plus riche du Br\u00e9sil&nbsp;: cherchez l\u2019erreur. Les quelque vingt pour cent restant se partagent entre Europ\u00e9ens et Am\u00e9ricains. L\u2019a\u00e9roport est reli\u00e9 \u00e0 Recife et \u00e0 Natal, \u00e0 seulement deux cents milles. L\u2019\u00eele d\u00e9pend de l\u2019\u00e9tat du Pernambouc.<\/p>\n<p>De nouveau, l\u2019\u00eele, qui fait environ huit kilom\u00e8tres sur deux, est tout de m\u00eame charmante. Le parc en fait presque le tour, \u00e0 l\u2019exception d\u2019un espace entre le Porto et la \u00ab&nbsp;ville&nbsp;\u00bb, sur la c\u00f4te nord-est. L\u2019acc\u00e8s \u00e0 la zone du parc est bien s\u00fbr payante. La protection des tortues marines semble \u00eatre la priorit\u00e9&nbsp;: tout un programme est mis en place pour \u00e9viter le braconnage et sensibiliser les visiteurs. La population de tortues est en croissance depuis presque vingt ans. Malheureusement, nous arrivons juste entre la p\u00e9riode de ponte et celle de l\u2019\u00e9closion&nbsp;: circulez, il n\u2019y a rien \u00e0 voir&nbsp;! Enfin si&nbsp;: nous en verrons \u00e0 chacune de nos navettes entre Kousk Eol et la plage en annexe.<\/p>\n<p><a href=\"http:\/\/kouskeol.fr\/wp-content\/uploads\/2017\/03\/CCWG7181-1280x960.jpg\" target=\"_blank\"><img loading=\"lazy\" decoding=\"async\" class=\"aligncenter wp-image-4921 size-medium\" src=\"http:\/\/kouskeol.fr\/wp-content\/uploads\/2017\/03\/CCWG7181-1280x960-300x224.jpg\" width=\"300\" height=\"224\" srcset=\"http:\/\/kouskeol.fr\/wp-content\/uploads\/2017\/03\/CCWG7181-1280x960-300x224.jpg 300w, http:\/\/kouskeol.fr\/wp-content\/uploads\/2017\/03\/CCWG7181-1280x960-768x574.jpg 768w, http:\/\/kouskeol.fr\/wp-content\/uploads\/2017\/03\/CCWG7181-1280x960-1024x766.jpg 1024w, http:\/\/kouskeol.fr\/wp-content\/uploads\/2017\/03\/CCWG7181-1280x960.jpg 1276w\" sizes=\"auto, (max-width: 300px) 100vw, 300px\" \/><\/a> <a href=\"http:\/\/kouskeol.fr\/wp-content\/uploads\/2017\/03\/CCWG7182-1280x960.jpg\" target=\"_blank\"><img loading=\"lazy\" decoding=\"async\" class=\"aligncenter wp-image-4922 size-medium\" src=\"http:\/\/kouskeol.fr\/wp-content\/uploads\/2017\/03\/CCWG7182-1280x960-300x225.jpg\" width=\"300\" height=\"225\" srcset=\"http:\/\/kouskeol.fr\/wp-content\/uploads\/2017\/03\/CCWG7182-1280x960-300x225.jpg 300w, http:\/\/kouskeol.fr\/wp-content\/uploads\/2017\/03\/CCWG7182-1280x960-768x576.jpg 768w, http:\/\/kouskeol.fr\/wp-content\/uploads\/2017\/03\/CCWG7182-1280x960-1024x768.jpg 1024w, http:\/\/kouskeol.fr\/wp-content\/uploads\/2017\/03\/CCWG7182-1280x960.jpg 1280w\" sizes=\"auto, (max-width: 300px) 100vw, 300px\" \/><\/a><\/p>\n<p>Nos voisins nous pr\u00eatent le buggy qu\u2019ils ont lou\u00e9 pour faire nos courses et aller au restaurant le soir. Sympa, m\u00eame si nous tombons en panne d\u2019essence&nbsp;: la jauge est pourtant bloqu\u00e9e sur \u00ab&nbsp;Pleno&nbsp;\u00bb\u2026 Le buggy est tr\u00e8s populaire pour se d\u00e9placer et la jeunesse dor\u00e9e du Br\u00e9sil se pavane en p\u00e9taradant, en maillot de bain, dont le tissu semble avoir \u00e9t\u00e9 \u00e9conomis\u00e9 pour pouvoir se payer le s\u00e9jour ici.<\/p>\n<p>Aujourd\u2019hui dimanche, quartier libre. Petits bricolages et bulle sur le bateau pour les uns, plage et internet \u00e0 terre pour les autres. Ce soir, nous sommes invit\u00e9s \u00e0 bord de V\u00e9toc\u00e9an, catamaran de nos voisins Fran\u00e7oise et Francis&nbsp;: nous apportons le poisson et le cuistot.<\/p>\n<p><b>Lundi 13 mars 2017<\/b>. Nous partons ce soir vers Fort de France. Il nous reste quelques emplettes \u00e0 faire&nbsp;: ce n\u2019est pas \u00e0 Fernando de Noronha qu\u2019il faut s\u2019arr\u00eater pour les courses, qui seront donc vite exp\u00e9di\u00e9es. Nous r\u00e9cup\u00e9rons aussi les derniers GRIBs&nbsp;: nous devrions avoir du vent virant vraiment \u00e0 l\u2019est, voire \u00e0 est-nord-est une fois l\u2019\u00e9quateur franchi. Un espoir de se sortir du vent arri\u00e8re&nbsp;?<\/p>\n<p>Un peu apr\u00e8s le port, vers l\u2019extr\u00e9mit\u00e9 nord-est de l\u2019\u00eele, un panneau indique \u00ab&nbsp;Air France&nbsp;\u00bb. Nous nous disons que notre compagnie nationale trouve de biens \u00e9tranges lieux o\u00f9 installer ses agences\u2026 Pas du tout&nbsp;: c\u2019est une villa qui a \u00e9t\u00e9 construite du temps de l\u2019A\u00e9ropostale sur un promontoire, et qui servait de base pour les hydravions Lat\u00e9co\u00e8re, leur permettant de faire un stop lors de la travers\u00e9e entre l\u2019Afrique et l\u2019Am\u00e9rique du Sud si n\u00e9cessaire. Puis l\u2019A\u00e9ropostale a \u00e9t\u00e9 absorb\u00e9e dans la nouvelle compagnie Air France, lors de sa cr\u00e9ation, d\u2019o\u00f9 le panneau\u2026<\/p>\n<p><a href=\"http:\/\/kouskeol.fr\/wp-content\/uploads\/2017\/03\/AF1.jpg\" target=\"_blank\"><img loading=\"lazy\" decoding=\"async\" class=\"aligncenter wp-image-4923 size-medium\" src=\"http:\/\/kouskeol.fr\/wp-content\/uploads\/2017\/03\/AF1-300x225.jpg\" width=\"300\" height=\"225\" srcset=\"http:\/\/kouskeol.fr\/wp-content\/uploads\/2017\/03\/AF1-300x225.jpg 300w, http:\/\/kouskeol.fr\/wp-content\/uploads\/2017\/03\/AF1-768x576.jpg 768w, http:\/\/kouskeol.fr\/wp-content\/uploads\/2017\/03\/AF1-1024x768.jpg 1024w, http:\/\/kouskeol.fr\/wp-content\/uploads\/2017\/03\/AF1.jpg 1280w\" sizes=\"auto, (max-width: 300px) 100vw, 300px\" \/><\/a> <a href=\"http:\/\/kouskeol.fr\/wp-content\/uploads\/2017\/03\/AF2.jpg\" target=\"_blank\"><img loading=\"lazy\" decoding=\"async\" class=\"aligncenter wp-image-4924 size-medium\" src=\"http:\/\/kouskeol.fr\/wp-content\/uploads\/2017\/03\/AF2-300x224.jpg\" width=\"300\" height=\"224\" srcset=\"http:\/\/kouskeol.fr\/wp-content\/uploads\/2017\/03\/AF2-300x224.jpg 300w, http:\/\/kouskeol.fr\/wp-content\/uploads\/2017\/03\/AF2-768x573.jpg 768w, http:\/\/kouskeol.fr\/wp-content\/uploads\/2017\/03\/AF2-1024x764.jpg 1024w, http:\/\/kouskeol.fr\/wp-content\/uploads\/2017\/03\/AF2.jpg 1270w\" sizes=\"auto, (max-width: 300px) 100vw, 300px\" \/><\/a> <a href=\"http:\/\/kouskeol.fr\/wp-content\/uploads\/2017\/03\/AirFrance-Chapelle.jpg\" target=\"_blank\"><img loading=\"lazy\" decoding=\"async\" class=\"aligncenter wp-image-4925 size-medium\" src=\"http:\/\/kouskeol.fr\/wp-content\/uploads\/2017\/03\/AirFrance-Chapelle-300x225.jpg\" width=\"300\" height=\"225\" srcset=\"http:\/\/kouskeol.fr\/wp-content\/uploads\/2017\/03\/AirFrance-Chapelle-300x225.jpg 300w, http:\/\/kouskeol.fr\/wp-content\/uploads\/2017\/03\/AirFrance-Chapelle-768x576.jpg 768w, http:\/\/kouskeol.fr\/wp-content\/uploads\/2017\/03\/AirFrance-Chapelle-1024x768.jpg 1024w, http:\/\/kouskeol.fr\/wp-content\/uploads\/2017\/03\/AirFrance-Chapelle.jpg 1280w\" sizes=\"auto, (max-width: 300px) 100vw, 300px\" \/><\/a><\/p>\n<p>La villa est magnifiquement situ\u00e9e sur la pointe de Santo Antonio, face \u00e0 la baie \u00e9ponyme, surveill\u00e9e par les ruines du fort lui aussi du m\u00eame nom et par la petite chapelle de S\u00e3o Pedro dos Pescadores.<\/p>\n<figure id=\"attachment_4926\" aria-describedby=\"caption-attachment-4926\" style=\"width: 300px\" class=\"wp-caption aligncenter\"><a href=\"http:\/\/kouskeol.fr\/wp-content\/uploads\/2017\/03\/CCWG7190-2-1280x1048.jpg\" target=\"_blank\"><img loading=\"lazy\" decoding=\"async\" class=\"wp-image-4926 size-medium\" src=\"http:\/\/kouskeol.fr\/wp-content\/uploads\/2017\/03\/CCWG7190-2-1280x1048-300x246.jpg\" width=\"300\" height=\"246\" srcset=\"http:\/\/kouskeol.fr\/wp-content\/uploads\/2017\/03\/CCWG7190-2-1280x1048-300x246.jpg 300w, http:\/\/kouskeol.fr\/wp-content\/uploads\/2017\/03\/CCWG7190-2-1280x1048-768x629.jpg 768w, http:\/\/kouskeol.fr\/wp-content\/uploads\/2017\/03\/CCWG7190-2-1280x1048-1024x838.jpg 1024w, http:\/\/kouskeol.fr\/wp-content\/uploads\/2017\/03\/CCWG7190-2-1280x1048.jpg 1280w\" sizes=\"auto, (max-width: 300px) 100vw, 300px\" \/><\/a><figcaption id=\"caption-attachment-4926\" class=\"wp-caption-text\">Le Morro de Pico au travers des ruines du fort.<\/figcaption><\/figure>\n<figure id=\"attachment_4927\" aria-describedby=\"caption-attachment-4927\" style=\"width: 300px\" class=\"wp-caption aligncenter\"><a href=\"http:\/\/kouskeol.fr\/wp-content\/uploads\/2017\/03\/chapelle.jpg\" target=\"_blank\"><img loading=\"lazy\" decoding=\"async\" class=\"wp-image-4927 size-medium\" src=\"http:\/\/kouskeol.fr\/wp-content\/uploads\/2017\/03\/chapelle-300x225.jpg\" width=\"300\" height=\"225\" srcset=\"http:\/\/kouskeol.fr\/wp-content\/uploads\/2017\/03\/chapelle-300x225.jpg 300w, http:\/\/kouskeol.fr\/wp-content\/uploads\/2017\/03\/chapelle-768x576.jpg 768w, http:\/\/kouskeol.fr\/wp-content\/uploads\/2017\/03\/chapelle-1024x768.jpg 1024w, http:\/\/kouskeol.fr\/wp-content\/uploads\/2017\/03\/chapelle.jpg 1280w\" sizes=\"auto, (max-width: 300px) 100vw, 300px\" \/><\/a><figcaption id=\"caption-attachment-4927\" class=\"wp-caption-text\">Chapelle de S\u00e3o Pedro dos Pescadores.<\/figcaption><\/figure>\n<p>Entre temps, I<span style=\"font-family: 'Liberation Serif', serif;\">\u00f2<\/span><span style=\"font-family: 'Liberation Serif', serif;\"> est arriv\u00e9 de St H\u00e9l\u00e8ne&nbsp;: ils auront mis quatre jours de plus que nous. Nous devrions nous revoir en Martinique ou en Guadeloupe\u2026<\/span><\/p>\n<p><span style=\"font-family: 'Liberation Serif', serif;\">18h45&nbsp;: l\u2019ancre est remont\u00e9e. Derniers adieux \u00e0 I<\/span><span style=\"font-family: 'Liberation Serif', serif;\">\u00f2 et \u00e0 <\/span><span style=\"font-family: 'Liberation Serif', serif;\">V\u00e9toc\u00e9an, <\/span><span style=\"font-family: 'Liberation Serif', serif;\">et nous attaquons les prochains deux mille milles\u2026<\/span><\/p>\n<figure id=\"attachment_4928\" aria-describedby=\"caption-attachment-4928\" style=\"width: 300px\" class=\"wp-caption aligncenter\"><a href=\"http:\/\/kouskeol.fr\/wp-content\/uploads\/2017\/03\/Io.jpg\" target=\"_blank\"><img loading=\"lazy\" decoding=\"async\" class=\"wp-image-4928 size-medium\" src=\"http:\/\/kouskeol.fr\/wp-content\/uploads\/2017\/03\/Io-300x219.jpg\" width=\"300\" height=\"219\" srcset=\"http:\/\/kouskeol.fr\/wp-content\/uploads\/2017\/03\/Io-300x219.jpg 300w, http:\/\/kouskeol.fr\/wp-content\/uploads\/2017\/03\/Io-768x560.jpg 768w, http:\/\/kouskeol.fr\/wp-content\/uploads\/2017\/03\/Io-1024x746.jpg 1024w, http:\/\/kouskeol.fr\/wp-content\/uploads\/2017\/03\/Io.jpg 1238w\" sizes=\"auto, (max-width: 300px) 100vw, 300px\" \/><\/a><figcaption id=\"caption-attachment-4928\" class=\"wp-caption-text\">I\u00f2.<\/figcaption><\/figure>\n<figure id=\"attachment_4929\" aria-describedby=\"caption-attachment-4929\" style=\"width: 300px\" class=\"wp-caption aligncenter\"><a href=\"http:\/\/kouskeol.fr\/wp-content\/uploads\/2017\/03\/Vetocean.jpg\" target=\"_blank\"><img loading=\"lazy\" decoding=\"async\" class=\"wp-image-4929 size-medium\" src=\"http:\/\/kouskeol.fr\/wp-content\/uploads\/2017\/03\/Vetocean-300x225.jpg\" width=\"300\" height=\"225\" srcset=\"http:\/\/kouskeol.fr\/wp-content\/uploads\/2017\/03\/Vetocean-300x225.jpg 300w, http:\/\/kouskeol.fr\/wp-content\/uploads\/2017\/03\/Vetocean-768x576.jpg 768w, http:\/\/kouskeol.fr\/wp-content\/uploads\/2017\/03\/Vetocean-1024x768.jpg 1024w, http:\/\/kouskeol.fr\/wp-content\/uploads\/2017\/03\/Vetocean.jpg 1280w\" sizes=\"auto, (max-width: 300px) 100vw, 300px\" \/><\/a><figcaption id=\"caption-attachment-4929\" class=\"wp-caption-text\">V\u00e9toc\u00e9an.<\/figcaption><\/figure>\n<p>En conclusion, Fernando de Noronha aura \u00e9t\u00e9 une \u00e9tape bienvenue sur notre longue route vers la Martinique, o\u00f9 nous avons pu nous reposer et faire un compl\u00e9ment de courses<a class=\"sdfootnoteanc\" href=\"#sdfootnote6sym\" name=\"sdfootnote6anc\"><sup>6<\/sup><\/a>. L\u2019\u00eele a du charme, mais ce n\u2019est certainement pas une \u00e9tape pour laquelle nous nous serions d\u00e9rout\u00e9s\u2026 Opinion tout \u00e0 fait personnelle, forc\u00e9ment subjective.<\/p>\n<div id=\"sdfootnote1\">\n<p class=\"sdfootnote\">___________________<br \/>\n<em><a class=\"sdfootnotesym\" href=\"#sdfootnote1anc\" name=\"sdfootnote1sym\">1<\/a>&#8211; Ben ouais. On ne peut pas \u00eatre excellent partout. \u00catre bon, c\u2019est d\u00e9j\u00e0 assez difficile\u2026 En toute modestie, bien s\u00fbr&nbsp;!<\/em><\/p>\n<\/div>\n<div id=\"sdfootnote2\">\n<p class=\"sdfootnote\"><em><a class=\"sdfootnotesym\" href=\"#sdfootnote2anc\" name=\"sdfootnote2sym\">2<\/a>&#8211; Sans atteindre le niveau des Galapagos, un des sommets de la pompe \u00e0 fric&nbsp;!<\/em><\/p>\n<\/div>\n<div id=\"sdfootnote3\">\n<p class=\"sdfootnote\"><em><a class=\"sdfootnotesym\" href=\"#sdfootnote3anc\" name=\"sdfootnote3sym\">3<\/a>&#8211; Sans parler des \u00eeles du Pacifique, bien s\u00fbr, mais on avait promis de ne pas la faire trop snob\u2026 Ah bon&nbsp;? Vous n\u2019\u00eates jamais all\u00e9 plonger \u00e0 Vanua Balavu, vous&nbsp;? Ah bon\u2026<\/em><\/p>\n<\/div>\n<div id=\"sdfootnote4\">\n<p class=\"sdfootnote\"><em><a class=\"sdfootnotesym\" href=\"#sdfootnote4anc\" name=\"sdfootnote4sym\">4<\/a>&#8211; J\u2019adore cette expression, arch\u00e9type de la suffisance&nbsp;: qui peut se targuer de conna\u00eetre le monde&nbsp;? Et pr\u00e9tendre en plus au jugement absolu&nbsp;? Pourquoi ce besoin de toujours vouloir faire un classement, avec des crit\u00e8res sur lesquels \u00e9videmment personne ne sera jamais d\u2019accord, avec raison&nbsp;? \u00c7a pla\u00eet, ou \u00e7a ne pla\u00eet pas. Point. Qui a dit une fois, avec beaucoup de sagesse, que les go\u00fbts et les couleurs, \u00e7a ne se discutait pas&nbsp;?<\/em><\/p>\n<\/div>\n<div id=\"sdfootnote5\">\n<p class=\"sdfootnote\"><em><a class=\"sdfootnotesym\" href=\"#sdfootnote5anc\" name=\"sdfootnote5sym\">5<\/a>&#8211; Non, ce n\u2019est pas vrai, je ne m\u2019\u00e9nerve pas&nbsp;! Je m\u2019interroge juste parfois sur notre soci\u00e9t\u00e9 o\u00f9 par exemple les participants \u00e0 n\u2019importe quelle \u00e9mission de t\u00e9l\u00e9-r\u00e9alit\u00e9 sont promus d\u2019office aventuriers&nbsp;: ne d\u00e9nature-t-on pas quelque peu le contenu des mots de notre belle langue \u00e0 syst\u00e9matiquement abuser du superlatif&nbsp;? N\u2019y a-t-il pas une esp\u00e8ce de contradiction dans la recherche \u00e0 tout prix de l\u2019extraordinaire dans un phalanst\u00e8re qui vise avant tout \u00e0 la s\u00e9curit\u00e9 et au bien-\u00eatre&nbsp;? Devenir un h\u00e9ros sans prendre de risque&nbsp;: le pied, non&nbsp;? L\u2019excitation de skier hors-piste, oui, mais avec une balise sachant que d\u2019autres auront le vrai courage de venir me d\u00e9gager de l\u2019avalanche que j\u2019ai d\u00e9clench\u00e9e\u2026 Je sens que je suis m\u00fbr pour une autre ca\u00efpirinha, moi&nbsp;!<\/em><\/p>\n<\/div>\n<div id=\"sdfootnote6\">\n<p class=\"sdfootnote\"><em><a class=\"sdfootnotesym\" href=\"#sdfootnote6anc\" name=\"sdfootnote6sym\">6<\/a>&#8211; Bon d\u2019accord&nbsp;: et boire une ou deux ca\u00efpirinhas. Trois ou quatre&nbsp;? Tu as compt\u00e9&nbsp;? Tu es s\u00fbr&nbsp;?<\/em><\/p>\n<\/div>\n","protected":false},"excerpt":{"rendered":"<p>Donc, nous vous le disions, nous arrivons au mouillage de la Baia de Santo Antonio le onze mars deux mille dix-sept \u00e0 trois heures trente, sous une lune \u00e9clatante qui nous montre le chemin. Nous sommes un peu surpris&nbsp;: nous ne nous attendions pas \u00e0 voir beaucoup de bateaux. En fait, ce sont des dizaines &hellip; <a href=\"http:\/\/kouskeol.fr\/?p=4911\" class=\"more-link\">Continuer la lecture de <span class=\"screen-reader-text\">Fernando de Noronha<\/span>  <span class=\"meta-nav\">&rarr;<\/span><\/a><\/p>\n","protected":false},"author":1,"featured_media":0,"comment_status":"open","ping_status":"open","sticky":false,"template":"","format":"standard","meta":{"ngg_post_thumbnail":0,"footnotes":""},"categories":[73,14,8],"tags":[],"class_list":["post-4911","post","type-post","status-publish","format-standard","hentry","category-atlantique-sud","category-bresil","category-voyage"],"_links":{"self":[{"href":"http:\/\/kouskeol.fr\/index.php?rest_route=\/wp\/v2\/posts\/4911","targetHints":{"allow":["GET"]}}],"collection":[{"href":"http:\/\/kouskeol.fr\/index.php?rest_route=\/wp\/v2\/posts"}],"about":[{"href":"http:\/\/kouskeol.fr\/index.php?rest_route=\/wp\/v2\/types\/post"}],"author":[{"embeddable":true,"href":"http:\/\/kouskeol.fr\/index.php?rest_route=\/wp\/v2\/users\/1"}],"replies":[{"embeddable":true,"href":"http:\/\/kouskeol.fr\/index.php?rest_route=%2Fwp%2Fv2%2Fcomments&post=4911"}],"version-history":[{"count":1,"href":"http:\/\/kouskeol.fr\/index.php?rest_route=\/wp\/v2\/posts\/4911\/revisions"}],"predecessor-version":[{"id":4930,"href":"http:\/\/kouskeol.fr\/index.php?rest_route=\/wp\/v2\/posts\/4911\/revisions\/4930"}],"wp:attachment":[{"href":"http:\/\/kouskeol.fr\/index.php?rest_route=%2Fwp%2Fv2%2Fmedia&parent=4911"}],"wp:term":[{"taxonomy":"category","embeddable":true,"href":"http:\/\/kouskeol.fr\/index.php?rest_route=%2Fwp%2Fv2%2Fcategories&post=4911"},{"taxonomy":"post_tag","embeddable":true,"href":"http:\/\/kouskeol.fr\/index.php?rest_route=%2Fwp%2Fv2%2Ftags&post=4911"}],"curies":[{"name":"wp","href":"https:\/\/api.w.org\/{rel}","templated":true}]}}