{"id":5128,"date":"2017-06-02T14:00:13","date_gmt":"2017-06-02T13:00:13","guid":{"rendered":"http:\/\/kouskeol.fr\/?p=5128"},"modified":"2017-06-13T13:50:17","modified_gmt":"2017-06-13T12:50:17","slug":"livre-de-bord-guadeloupe-29-avril-au-14-mai-2017","status":"publish","type":"post","link":"http:\/\/kouskeol.fr\/?p=5128","title":{"rendered":"LIVRE de BORD. GUADELOUPE 29 avril au 14 mai 2017"},"content":{"rendered":"<p><em><span style=\"font-family: Liberation Serif,serif;\">L&rsquo;\u00e9quipe de r\u00e9daction a r\u00e9ussi \u00e0 mettre la main sur les notes de Jacques M, avant le d\u00e9part de Kousk Eol vers les A\u00e7ores. Nous vous les livrons telles quelles&#8230;<\/span><\/em><\/p>\n<p><span style=\"font-family: Liberation Serif,serif;\">________________<\/span><\/p>\n<p><span style=\"font-size: medium;\">Nous arrivons samedi, en ordre dispers\u00e9. Michelle est l\u00e0 depuis 3 heures. Elle a pris l\u2019avion pr\u00e9c\u00e9dent.<\/span><\/p>\n<p><span style=\"font-size: medium;\">Claude et Cathy nous attendent. Une pluie fine nous rappelle qu\u2019on est en basse saison.<\/span><\/p>\n<p><span style=\"font-size: medium;\">Nous arrivons \u00e0 a Marina. Le bateau est l\u00e0. Kousk Eol se languit. Nous d\u00e9couvrons la vie \u00e0 quai.<\/span><\/p>\n<p><a href=\"http:\/\/kouskeol.fr\/wp-content\/uploads\/2017\/06\/Kouskeol.jpg\" target=\"_blank\" rel=\"noopener noreferrer\"><img loading=\"lazy\" decoding=\"async\" class=\"aligncenter wp-image-5139 size-medium\" src=\"http:\/\/kouskeol.fr\/wp-content\/uploads\/2017\/06\/Kouskeol-300x225.jpg\" alt=\"\" height=\"225\" width=\"300\" srcset=\"http:\/\/kouskeol.fr\/wp-content\/uploads\/2017\/06\/Kouskeol-300x225.jpg 300w, http:\/\/kouskeol.fr\/wp-content\/uploads\/2017\/06\/Kouskeol-768x576.jpg 768w, http:\/\/kouskeol.fr\/wp-content\/uploads\/2017\/06\/Kouskeol.jpg 1000w\" sizes=\"auto, (max-width: 300px) 100vw, 300px\" \/><\/a><\/p>\n<p><span style=\"font-size: medium;\">Tranquille, rythm\u00e9e de ti punch pr\u00e9par\u00e9s au gr\u00e9 de chacun selon son envie.<\/span><\/p>\n<p><a href=\"http:\/\/kouskeol.fr\/wp-content\/uploads\/2017\/06\/IMG_3580.jpg\" target=\"_blank\" rel=\"noopener noreferrer\"><img loading=\"lazy\" decoding=\"async\" class=\"aligncenter wp-image-5136 size-medium\" src=\"http:\/\/kouskeol.fr\/wp-content\/uploads\/2017\/06\/IMG_3580-300x225.jpg\" alt=\"\" height=\"225\" width=\"300\" srcset=\"http:\/\/kouskeol.fr\/wp-content\/uploads\/2017\/06\/IMG_3580-300x225.jpg 300w, http:\/\/kouskeol.fr\/wp-content\/uploads\/2017\/06\/IMG_3580-768x576.jpg 768w, http:\/\/kouskeol.fr\/wp-content\/uploads\/2017\/06\/IMG_3580.jpg 1000w\" sizes=\"auto, (max-width: 300px) 100vw, 300px\" \/><\/a><\/p>\n<p><span style=\"font-size: medium;\">Nous louerons des voitures pour faire le tour de Basse Terre. Sous la pluie. Abondante par endroits.<\/span><\/p>\n<p><a href=\"http:\/\/kouskeol.fr\/wp-content\/uploads\/2017\/06\/Grande-terre.jpg\" target=\"_blank\" rel=\"noopener noreferrer\"><img loading=\"lazy\" decoding=\"async\" class=\"aligncenter wp-image-5132 size-medium\" src=\"http:\/\/kouskeol.fr\/wp-content\/uploads\/2017\/06\/Grande-terre-300x225.jpg\" alt=\"\" height=\"225\" width=\"300\" srcset=\"http:\/\/kouskeol.fr\/wp-content\/uploads\/2017\/06\/Grande-terre-300x225.jpg 300w, http:\/\/kouskeol.fr\/wp-content\/uploads\/2017\/06\/Grande-terre-768x576.jpg 768w, http:\/\/kouskeol.fr\/wp-content\/uploads\/2017\/06\/Grande-terre.jpg 1000w\" sizes=\"auto, (max-width: 300px) 100vw, 300px\" \/><\/a> <a href=\"http:\/\/kouskeol.fr\/wp-content\/uploads\/2017\/06\/IMG_3459.jpg\" target=\"_blank\" rel=\"noopener noreferrer\"><img loading=\"lazy\" decoding=\"async\" class=\"aligncenter wp-image-5133 size-medium\" src=\"http:\/\/kouskeol.fr\/wp-content\/uploads\/2017\/06\/IMG_3459-300x225.jpg\" alt=\"\" height=\"225\" width=\"300\" srcset=\"http:\/\/kouskeol.fr\/wp-content\/uploads\/2017\/06\/IMG_3459-300x225.jpg 300w, http:\/\/kouskeol.fr\/wp-content\/uploads\/2017\/06\/IMG_3459-768x576.jpg 768w, http:\/\/kouskeol.fr\/wp-content\/uploads\/2017\/06\/IMG_3459.jpg 1000w\" sizes=\"auto, (max-width: 300px) 100vw, 300px\" \/><\/a><\/p>\n<p><a href=\"http:\/\/kouskeol.fr\/wp-content\/uploads\/2017\/06\/IMG_3473.jpg\" target=\"_blank\" rel=\"noopener\"><img loading=\"lazy\" decoding=\"async\" class=\"aligncenter wp-image-5134 size-medium\" src=\"http:\/\/kouskeol.fr\/wp-content\/uploads\/2017\/06\/IMG_3473-300x225.jpg\" alt=\"\" height=\"225\" width=\"300\" srcset=\"http:\/\/kouskeol.fr\/wp-content\/uploads\/2017\/06\/IMG_3473-300x225.jpg 300w, http:\/\/kouskeol.fr\/wp-content\/uploads\/2017\/06\/IMG_3473-768x576.jpg 768w, http:\/\/kouskeol.fr\/wp-content\/uploads\/2017\/06\/IMG_3473.jpg 1000w\" sizes=\"auto, (max-width: 300px) 100vw, 300px\" \/><\/a><\/p>\n<p><span style=\"font-size: medium;\">Un jour, nous prenons le ferry vers la D\u00e9sirade, difficile d\u2019acc\u00e8s en voilier. Longue terre isol\u00e9e, peu peupl\u00e9e que nous visitons en scooter. Nous rions, casqu\u00e9s, amus\u00e9s.<\/span><\/p>\n<p><span style=\"font-family: Liberation Serif,serif;\">&nbsp;<\/span><\/p>\n<p><a href=\"http:\/\/kouskeol.fr\/wp-content\/uploads\/2017\/06\/D\u00e9sirade.jpg\" target=\"_blank\" rel=\"noopener noreferrer\"><img loading=\"lazy\" decoding=\"async\" class=\"aligncenter wp-image-5131 size-medium\" src=\"http:\/\/kouskeol.fr\/wp-content\/uploads\/2017\/06\/D\u00e9sirade-300x225.jpg\" alt=\"\" height=\"225\" width=\"300\" srcset=\"http:\/\/kouskeol.fr\/wp-content\/uploads\/2017\/06\/D\u00e9sirade-300x225.jpg 300w, http:\/\/kouskeol.fr\/wp-content\/uploads\/2017\/06\/D\u00e9sirade-768x576.jpg 768w, http:\/\/kouskeol.fr\/wp-content\/uploads\/2017\/06\/D\u00e9sirade.jpg 1000w\" sizes=\"auto, (max-width: 300px) 100vw, 300px\" \/><\/a><\/p>\n<p><span style=\"font-size: medium;\">S\u00e9jour ponctu\u00e9 de baignades riantes, chaudes et plaisantes.<\/span><\/p>\n<p><span style=\"font-size: medium;\">Nous quittons le quai de la marina du Bas du Fort, \u00e0 Pointe \u00e0 Pitre, mercredi. Cathy et Claude, le c\u0153ur gros, nous souhaitent Bon Vent. Ils rentrent en m\u00e9tropole en avion. Pour Claude le tour est clos.<\/span><\/p>\n<p><span style=\"font-size: medium;\">Pour l\u2019instant&#8230;<\/span><\/p>\n<p><span style=\"font-size: medium;\">Pour nous, ce sera direction Marie Galante. Enfin, on met les voiles. Navigation au pr\u00e8s pendant cinq heures. Belle travers\u00e9e. Jacques s\u2019essaye \u00e0 la barre. Les matelots (Cousteau et Moitessier) choquent, et bordent la trinquette, ou le g\u00e9nois, c\u2019est selon\u2026 Rires \u00e0 nouveau.<\/span><\/p>\n<p>&nbsp;<\/p>\n<p><a href=\"http:\/\/kouskeol.fr\/wp-content\/uploads\/2017\/06\/Chaussures.jpg\" target=\"_blank\" rel=\"noopener noreferrer\"><img loading=\"lazy\" decoding=\"async\" class=\"aligncenter wp-image-5130 size-medium\" src=\"http:\/\/kouskeol.fr\/wp-content\/uploads\/2017\/06\/Chaussures-225x300.jpg\" alt=\"\" height=\"300\" width=\"225\" srcset=\"http:\/\/kouskeol.fr\/wp-content\/uploads\/2017\/06\/Chaussures-225x300.jpg 225w, http:\/\/kouskeol.fr\/wp-content\/uploads\/2017\/06\/Chaussures-768x1024.jpg 768w, http:\/\/kouskeol.fr\/wp-content\/uploads\/2017\/06\/Chaussures.jpg 1000w\" sizes=\"auto, (max-width: 225px) 100vw, 225px\" \/><\/a><\/p>\n<p><span style=\"font-size: medium;\">Mouillage dans le port.<\/span><\/p>\n<p><a href=\"http:\/\/kouskeol.fr\/wp-content\/uploads\/2017\/06\/Marie-galante.jpg\" target=\"_blank\" rel=\"noopener noreferrer\"><img loading=\"lazy\" decoding=\"async\" class=\"aligncenter wp-image-5140 size-medium\" src=\"http:\/\/kouskeol.fr\/wp-content\/uploads\/2017\/06\/Marie-galante-300x225.jpg\" alt=\"\" height=\"225\" width=\"300\" srcset=\"http:\/\/kouskeol.fr\/wp-content\/uploads\/2017\/06\/Marie-galante-300x225.jpg 300w, http:\/\/kouskeol.fr\/wp-content\/uploads\/2017\/06\/Marie-galante-768x576.jpg 768w, http:\/\/kouskeol.fr\/wp-content\/uploads\/2017\/06\/Marie-galante.jpg 1000w\" sizes=\"auto, (max-width: 300px) 100vw, 300px\" \/><\/a><\/p>\n<p><span style=\"font-size: medium;\">Au matin, nous d\u00e9ambulons dans Saint Louis. Magasins ferm\u00e9s. Dimanche et 8 mai obligent.<\/span><\/p>\n<p><span style=\"font-size: medium;\">Cette \u00eele est calme, lascive, arbor\u00e9e. Nous testerons la langouste, mais serons vite d\u00e9\u00e7us. Grill\u00e9es, trop s\u00e8ches. Trop g\u00e2t\u00e9s en fait. Le temps oscille entre pluie fine et \u00e9claircies.<\/span><\/p>\n<p><span style=\"font-size: medium;\">Puis c\u2019est le d\u00e9part vers les Saintes. Trois heures de navigation tranquille avec vent arri\u00e8re.<\/span><\/p>\n<p>&nbsp;<\/p>\n<p><a href=\"http:\/\/kouskeol.fr\/wp-content\/uploads\/2017\/06\/IMG_9067.jpg\" target=\"_blank\" rel=\"noopener noreferrer\"><img loading=\"lazy\" decoding=\"async\" class=\"aligncenter wp-image-5138 size-medium\" src=\"http:\/\/kouskeol.fr\/wp-content\/uploads\/2017\/06\/IMG_9067-300x225.jpg\" alt=\"\" height=\"225\" width=\"300\" srcset=\"http:\/\/kouskeol.fr\/wp-content\/uploads\/2017\/06\/IMG_9067-300x225.jpg 300w, http:\/\/kouskeol.fr\/wp-content\/uploads\/2017\/06\/IMG_9067-768x576.jpg 768w, http:\/\/kouskeol.fr\/wp-content\/uploads\/2017\/06\/IMG_9067.jpg 1000w\" sizes=\"auto, (max-width: 300px) 100vw, 300px\" \/><\/a><\/p>\n<p><span style=\"font-size: medium;\">L\u2019amarrage \u00e0 la bou\u00e9e est un exploit pour Jacques, t\u00eate et corps en bas, par dessus bord, tentant en vain de passer le bout dans l\u2019anneau. Rire des filles<a class=\"sdfootnoteanc\" href=\"#sdfootnote1sym\" name=\"sdfootnote1anc\"><sup>1<\/sup><\/a>. Ce n\u2019est qu\u2019un d\u00e9but.<\/span><\/p>\n<div id=\"sdfootnote1\">&nbsp;<\/div>\n<p><span style=\"font-family: Liberation Serif,serif;\">&nbsp;<\/span><\/p>\n<p><a href=\"http:\/\/kouskeol.fr\/wp-content\/uploads\/2017\/06\/Saintes-2.jpg\" target=\"_blank\" rel=\"noopener noreferrer\"><img loading=\"lazy\" decoding=\"async\" class=\"aligncenter wp-image-5142 size-medium\" src=\"http:\/\/kouskeol.fr\/wp-content\/uploads\/2017\/06\/Saintes-2-300x225.jpg\" alt=\"\" height=\"225\" width=\"300\" srcset=\"http:\/\/kouskeol.fr\/wp-content\/uploads\/2017\/06\/Saintes-2-300x225.jpg 300w, http:\/\/kouskeol.fr\/wp-content\/uploads\/2017\/06\/Saintes-2-768x576.jpg 768w, http:\/\/kouskeol.fr\/wp-content\/uploads\/2017\/06\/Saintes-2.jpg 1000w\" sizes=\"auto, (max-width: 300px) 100vw, 300px\" \/><\/a><\/p>\n<p><span style=\"font-size: medium;\">Au deuxi\u00e8me mouillage, le lendemain, obligation de prendre l\u2019annexe qui chevauchera la bou\u00e9e (!), mais finalement permettra l\u2019arrimage.<\/span><\/p>\n<p><span style=\"font-size: medium;\">Les Saintes, beau chapelet d\u2019\u00eeles en arc de cercle, avec un vrai relief. On comprend son attrait. Le soir \u00e0 bord est un bonheur. Berc\u00e9 au son des Moody Blues ou d\u2019autres souvenirs de nos jeunes ann\u00e9es.<\/span><\/p>\n<p><span style=\"font-size: medium;\">Nous gravirons le (petit) sommet de l\u2019\u00eele avec une vue superbe des alentours, et tout en bas Kousk Eol.<\/span><\/p>\n<p>&nbsp;<\/p>\n<p><a href=\"http:\/\/kouskeol.fr\/wp-content\/uploads\/2017\/06\/Saintes-1.jpg\" target=\"_blank\" rel=\"noopener noreferrer\"><img loading=\"lazy\" decoding=\"async\" class=\"aligncenter wp-image-5141 size-medium\" src=\"http:\/\/kouskeol.fr\/wp-content\/uploads\/2017\/06\/Saintes-1-300x225.jpg\" alt=\"\" height=\"225\" width=\"300\" srcset=\"http:\/\/kouskeol.fr\/wp-content\/uploads\/2017\/06\/Saintes-1-300x225.jpg 300w, http:\/\/kouskeol.fr\/wp-content\/uploads\/2017\/06\/Saintes-1-768x576.jpg 768w, http:\/\/kouskeol.fr\/wp-content\/uploads\/2017\/06\/Saintes-1.jpg 1000w\" sizes=\"auto, (max-width: 300px) 100vw, 300px\" \/><\/a><\/p>\n<p><a name=\"_GoBack\"><\/a> <span style=\"font-size: medium;\">DD ne pourra assouvir son envie de p\u00eacher quelques langoustes qu\u2019\u00e0 la fin du s\u00e9jour.<\/span><\/p>\n<p><span style=\"font-size: medium;\">Jacques l\u2019accompagne, un peu inquiet de descendre en apn\u00e9e. Mais il se rassure vite, ne pouvant pas tenir bien longtemps, il se r\u00e9signe (lui aussi) \u00e0 vite remonter.<\/span><\/p>\n<p><span style=\"font-size: medium;\">Andr\u00e9 en remonte deux belles que nous d\u00e9gustons le dernier soir aux Saintes, un peu tristes de savoir que le voyage va prendre fin.<\/span><\/p>\n<p>&nbsp;<\/p>\n<p><a href=\"http:\/\/kouskeol.fr\/wp-content\/uploads\/2017\/06\/langoustes.jpg\" target=\"_blank\" rel=\"noopener noreferrer\"><img loading=\"lazy\" decoding=\"async\" class=\"aligncenter wp-image-5143 size-medium\" src=\"http:\/\/kouskeol.fr\/wp-content\/uploads\/2017\/06\/langoustes-300x225.jpg\" alt=\"\" height=\"225\" width=\"300\" srcset=\"http:\/\/kouskeol.fr\/wp-content\/uploads\/2017\/06\/langoustes-300x225.jpg 300w, http:\/\/kouskeol.fr\/wp-content\/uploads\/2017\/06\/langoustes.jpg 640w\" sizes=\"auto, (max-width: 300px) 100vw, 300px\" \/><\/a><\/p>\n<p><span style=\"font-size: medium;\">Le samedi, un peu de nettoyage et de rangement. Les suivants arrivent le m\u00eame jour. Nicolas, Rapha\u00ebl et amis, nous croiserons \u00e0 l\u2019a\u00e9roport.<\/span><\/p>\n<p><span style=\"font-size: medium;\">Ce bateau est un bonheur. Les invit\u00e9s en r\u00eavent encore\u2026<\/span><\/p>\n<div id=\"sdfootnote1\">\n<p class=\"sdfootnote\"><a class=\"sdfootnotesym\" href=\"#sdfootnote1anc\" name=\"sdfootnote1sym\">_________________________<\/a><\/p>\n<p class=\"sdfootnote\"><em><a class=\"sdfootnotesym\" href=\"#sdfootnote1anc\" name=\"sdfootnote1sym\">1<\/a>. On est d\u2019accord: on imagine bien le rire des filles\u2026 (Note de l\u2019\u00e9diteur.)<\/em><\/p>\n<\/div>\n","protected":false},"excerpt":{"rendered":"<p>L&rsquo;\u00e9quipe de r\u00e9daction a r\u00e9ussi \u00e0 mettre la main sur les notes de Jacques M, avant le d\u00e9part de Kousk Eol vers les A\u00e7ores. Nous vous les livrons telles quelles&#8230; ________________ Nous arrivons samedi, en ordre dispers\u00e9. Michelle est l\u00e0 depuis 3 heures. Elle a pris l\u2019avion pr\u00e9c\u00e9dent. Claude et Cathy nous attendent. Une pluie &hellip; <a href=\"http:\/\/kouskeol.fr\/?p=5128\" class=\"more-link\">Continuer la lecture de <span class=\"screen-reader-text\">LIVRE de BORD. GUADELOUPE 29 avril au 14 mai 2017<\/span>  <span class=\"meta-nav\">&rarr;<\/span><\/a><\/p>\n","protected":false},"author":1,"featured_media":0,"comment_status":"open","ping_status":"open","sticky":false,"template":"","format":"standard","meta":{"ngg_post_thumbnail":0,"footnotes":""},"categories":[74,8],"tags":[],"class_list":["post-5128","post","type-post","status-publish","format-standard","hentry","category-antilles","category-voyage"],"_links":{"self":[{"href":"http:\/\/kouskeol.fr\/index.php?rest_route=\/wp\/v2\/posts\/5128","targetHints":{"allow":["GET"]}}],"collection":[{"href":"http:\/\/kouskeol.fr\/index.php?rest_route=\/wp\/v2\/posts"}],"about":[{"href":"http:\/\/kouskeol.fr\/index.php?rest_route=\/wp\/v2\/types\/post"}],"author":[{"embeddable":true,"href":"http:\/\/kouskeol.fr\/index.php?rest_route=\/wp\/v2\/users\/1"}],"replies":[{"embeddable":true,"href":"http:\/\/kouskeol.fr\/index.php?rest_route=%2Fwp%2Fv2%2Fcomments&post=5128"}],"version-history":[{"count":5,"href":"http:\/\/kouskeol.fr\/index.php?rest_route=\/wp\/v2\/posts\/5128\/revisions"}],"predecessor-version":[{"id":5153,"href":"http:\/\/kouskeol.fr\/index.php?rest_route=\/wp\/v2\/posts\/5128\/revisions\/5153"}],"wp:attachment":[{"href":"http:\/\/kouskeol.fr\/index.php?rest_route=%2Fwp%2Fv2%2Fmedia&parent=5128"}],"wp:term":[{"taxonomy":"category","embeddable":true,"href":"http:\/\/kouskeol.fr\/index.php?rest_route=%2Fwp%2Fv2%2Fcategories&post=5128"},{"taxonomy":"post_tag","embeddable":true,"href":"http:\/\/kouskeol.fr\/index.php?rest_route=%2Fwp%2Fv2%2Ftags&post=5128"}],"curies":[{"name":"wp","href":"https:\/\/api.w.org\/{rel}","templated":true}]}}