{"id":5192,"date":"2017-07-02T16:09:46","date_gmt":"2017-07-02T15:09:46","guid":{"rendered":"http:\/\/kouskeol.fr\/?p=5192"},"modified":"2017-07-03T06:47:07","modified_gmt":"2017-07-03T05:47:07","slug":"acores-gibraltar-10-16-juin-2017","status":"publish","type":"post","link":"http:\/\/kouskeol.fr\/?p=5192","title":{"rendered":"ACORES \u2013 GIBRALTAR \u2013 10-16 juin 2017"},"content":{"rendered":"<div id=\"sdfootnote1\">\n<p><span style=\"font-size: medium;\"><i>Ce n\u2019est pas faute d\u2019exercer une pression certaine sur lui, mais notre envoy\u00e9 sp\u00e9cial Tonio s\u2019accroche, tel l\u2019arap\u00e8de \u00e0 son bout de granit, \u00e0 un suppos\u00e9 coup de mou subs\u00e9quent \u00e0 une travers\u00e9e pr\u00e9tendument agit\u00e9e plus que de raison pour retarder la production d\u2019une prose cens\u00e9e relater de la mani\u00e8re la plus objective possible les exploits du vaillant \u00e9quipage de Kousk Eol lors de l\u2019exp\u00e9dition depuis les A\u00e7ores jusqu\u2019\u00e0 Gibraltar. Vous pouvez reprendre votre souffle.<\/i><\/span><\/p>\n<p><span style=\"font-size: medium;\"><i>L\u2019\u00e9quipe de r\u00e9daction, but\u00e9e comme vous avez d\u00e9j\u00e0 pu le constater, ne d\u00e9sesp\u00e8re pas arriver \u00e0 ses fins, quitte \u00e0 utiliser le chantage le plus mesquin (\u00ab&nbsp;Non, pas de ti punch ce soir&nbsp;: c\u2019est pas bon pour la crampe du clavier&nbsp;!&nbsp;\u00bb).<\/i><\/span><\/p>\n<p><span style=\"font-size: medium;\"><i><span lang=\"fr-FR\">Quelques jours plus tard, <\/span><span lang=\"fr-FR\">tout arrive<\/span><span lang=\"fr-FR\">\u2026 Le travail de sape aura finalement port\u00e9 ses fruits&nbsp;: le jeune Antoine a \u00e9crit&nbsp;! Nous vous livrons ci-dessous sa production litt\u00e9raire. Bonne lecture&nbsp;!<br \/>\n__________________________<\/span><\/i><\/span><\/p>\n<p><span style=\"font-size: medium;\"><span lang=\"fr-FR\">L\u2019arriv\u00e9e au petit matin au port d\u2019Horta (sur <\/span><span lang=\"fr-FR\">l\u2019\u00eele<\/span><span lang=\"fr-FR\"> de Faial) fut bienvenue pour tout le monde, malgr\u00e9 la pluie, chacun sentant la fatigue d\u2019une longue travers\u00e9e de 2<\/span><span lang=\"fr-FR\">6<\/span><span lang=\"fr-FR\">00 miles d\u2019une traite, somme toute sans encombre aucune. Nous aurons m\u00eame \u00e9t\u00e9 accueillis la veille en s\u2019approchant par plusieurs visites de c\u00e9tac\u00e9s&nbsp;: rorquals communs, dauphins et m\u00eame subrepticement un hyp<\/span><span lang=\"fr-FR\">\u00e9<\/span><span lang=\"fr-FR\">rodon bor\u00e9al <\/span><span lang=\"fr-FR\">(qui n\u2019est pas une licorne arc-en-ciel)<\/span><span lang=\"fr-FR\">. Le deuxi\u00e8me rorqual, peut-\u00eatre tout aussi curieux que nous, apr\u00e8s avoir surgit \u00e0 50&nbsp;m \u00e0 tribord, viendra nous zieuter de plus pr\u00e8s encore \u00e0 <\/span><span lang=\"fr-FR\">vingt m\u00e8tres<\/span><span lang=\"fr-FR\"> \u00e0 <\/span><span lang=\"fr-FR\">b\u00e2bord<\/span><span lang=\"fr-FR\"> apr\u00e8s avoir nag\u00e9 sous le bateau. Impressionnant, m\u00eame si l\u2019on n\u2019aper\u00e7oit que le haut du dos, on en devine la taille (celui-l\u00e0 faisait bien ses <\/span><span lang=\"fr-FR\">vingt-deux m\u00e8tres<\/span><span lang=\"fr-FR\">). En ce qui concerne les dauphins, nous aurons \u00e9t\u00e9 g\u00e2t\u00e9s ces derniers 3-4 jours et avons \u00e9t\u00e9 visit\u00e9s plusieurs fois <\/span><span lang=\"fr-FR\">quotidiennement<\/span><span lang=\"fr-FR\"> par diff\u00e9rents groupes, allant de 5 \u00e0 100 individus, des esp\u00e8ces tachet\u00e9es d\u2019Atlantique d\u2019abord puis des communs. Leur jeu, toujours, est de surfer sur la vague avant du bateau, tout en jetant quelques coups <\/span><span lang=\"fr-FR\">d\u2019\u0153il<\/span><span lang=\"fr-FR\"> \u00e0 son \u00e9quipage (et vice-versa). Cela restera toujours un grand plaisir de les observer libres et enjou\u00e9s dans leur \u00e9l\u00e9ment.<\/span><\/span><\/p>\n<figure id=\"attachment_5196\" aria-describedby=\"caption-attachment-5196\" style=\"width: 300px\" class=\"wp-caption aligncenter\"><a href=\"http:\/\/kouskeol.fr\/wp-content\/uploads\/2017\/07\/MG_8601-Medium.jpg\" target=\"_blank\" rel=\"noopener\"><img loading=\"lazy\" decoding=\"async\" class=\"wp-image-5196 size-medium\" src=\"http:\/\/kouskeol.fr\/wp-content\/uploads\/2017\/07\/MG_8601-Medium-300x200.jpg\" alt=\"\" width=\"300\" height=\"200\" srcset=\"http:\/\/kouskeol.fr\/wp-content\/uploads\/2017\/07\/MG_8601-Medium-300x200.jpg 300w, http:\/\/kouskeol.fr\/wp-content\/uploads\/2017\/07\/MG_8601-Medium-768x512.jpg 768w, http:\/\/kouskeol.fr\/wp-content\/uploads\/2017\/07\/MG_8601-Medium-1024x683.jpg 1024w, http:\/\/kouskeol.fr\/wp-content\/uploads\/2017\/07\/MG_8601-Medium.jpg 1152w\" sizes=\"auto, (max-width: 300px) 100vw, 300px\" \/><\/a><figcaption id=\"caption-attachment-5196\" class=\"wp-caption-text\">Ah elles ne se prennent pas toutes seules les photos de dauphins!<\/figcaption><\/figure>\n<p><span style=\"font-size: medium;\"><span lang=\"fr-FR\"><a href=\"http:\/\/kouskeol.fr\/wp-content\/uploads\/2017\/07\/MG_8909-Medium.jpg\" target=\"_blank\" rel=\"noopener\"><img loading=\"lazy\" decoding=\"async\" class=\"aligncenter wp-image-5198 size-medium\" src=\"http:\/\/kouskeol.fr\/wp-content\/uploads\/2017\/07\/MG_8909-Medium-300x200.jpg\" alt=\"\" width=\"300\" height=\"200\" srcset=\"http:\/\/kouskeol.fr\/wp-content\/uploads\/2017\/07\/MG_8909-Medium-300x200.jpg 300w, http:\/\/kouskeol.fr\/wp-content\/uploads\/2017\/07\/MG_8909-Medium-768x512.jpg 768w, http:\/\/kouskeol.fr\/wp-content\/uploads\/2017\/07\/MG_8909-Medium-1024x683.jpg 1024w, http:\/\/kouskeol.fr\/wp-content\/uploads\/2017\/07\/MG_8909-Medium.jpg 1152w\" sizes=\"auto, (max-width: 300px) 100vw, 300px\" \/><\/a> <a href=\"http:\/\/kouskeol.fr\/wp-content\/uploads\/2017\/07\/MG_8679-Medium.jpg\" target=\"_blank\" rel=\"noopener\"><img loading=\"lazy\" decoding=\"async\" class=\"aligncenter wp-image-5197 size-medium\" src=\"http:\/\/kouskeol.fr\/wp-content\/uploads\/2017\/07\/MG_8679-Medium-300x200.jpg\" alt=\"\" width=\"300\" height=\"200\" srcset=\"http:\/\/kouskeol.fr\/wp-content\/uploads\/2017\/07\/MG_8679-Medium-300x200.jpg 300w, http:\/\/kouskeol.fr\/wp-content\/uploads\/2017\/07\/MG_8679-Medium-768x512.jpg 768w, http:\/\/kouskeol.fr\/wp-content\/uploads\/2017\/07\/MG_8679-Medium-1024x683.jpg 1024w, http:\/\/kouskeol.fr\/wp-content\/uploads\/2017\/07\/MG_8679-Medium.jpg 1152w\" sizes=\"auto, (max-width: 300px) 100vw, 300px\" \/><\/a><\/span><\/span><\/p>\n<figure id=\"attachment_5195\" aria-describedby=\"caption-attachment-5195\" style=\"width: 200px\" class=\"wp-caption aligncenter\"><a href=\"http:\/\/kouskeol.fr\/wp-content\/uploads\/2017\/07\/MG_8474-Medium.jpg\" target=\"_blank\" rel=\"noopener\"><img loading=\"lazy\" decoding=\"async\" class=\"wp-image-5195 size-medium\" src=\"http:\/\/kouskeol.fr\/wp-content\/uploads\/2017\/07\/MG_8474-Medium-200x300.jpg\" alt=\"\" width=\"200\" height=\"300\" srcset=\"http:\/\/kouskeol.fr\/wp-content\/uploads\/2017\/07\/MG_8474-Medium-200x300.jpg 200w, http:\/\/kouskeol.fr\/wp-content\/uploads\/2017\/07\/MG_8474-Medium.jpg 768w, http:\/\/kouskeol.fr\/wp-content\/uploads\/2017\/07\/MG_8474-Medium-683x1024.jpg 683w\" sizes=\"auto, (max-width: 200px) 100vw, 200px\" \/><\/a><figcaption id=\"caption-attachment-5195\" class=\"wp-caption-text\">Rien de tel qu&rsquo;un poisson-pilote pour trouver sa route!<\/figcaption><\/figure>\n<p><span style=\"font-size: medium;\"><span lang=\"fr-FR\">L\u2019accueil sur Faial est chaleureux, l\u2019ambiance d\u00e9tendue et agr\u00e9able, tout le monde se parle et se raconte ses p\u00e9rip\u00e9ties <\/span><span lang=\"fr-FR\">pour arriver jusqu\u2019\u00e0 cet archipel perdu dans l\u2019oc\u00e9an<\/span><span lang=\"fr-FR\">. On y croise toutes sortes de navigateurs&nbsp;: touristes d\u2019un jour, aventuriers solitaires, \u00e9quipages professionnels, amateurs passionn\u00e9s, p\u00eacheurs locaux, le tout distill\u00e9 au sein d\u2019une population locale des plus sympathiques. Tous, ou presque, se retrouvent le soir chez Peter, dont nos <\/span><span lang=\"fr-FR\">matelots<\/span><span lang=\"fr-FR\"> ne manqueront pas de s\u2019assurer quotidiennement que la fermeture est bien aux alentours de 2h du matin, disons histoire d\u2019\u00eatre s\u00fbr\u2026 <\/span><span lang=\"fr-FR\">Chacun<\/span> <span lang=\"fr-FR\">donc <\/span><span lang=\"fr-FR\">gardera un souvenir imp\u00e9rissable de cette petite \u00eele tout ce qu\u2019il y a de plus accueillant.<\/span><\/span><\/p>\n<figure id=\"attachment_5199\" aria-describedby=\"caption-attachment-5199\" style=\"width: 300px\" class=\"wp-caption aligncenter\"><a href=\"http:\/\/kouskeol.fr\/wp-content\/uploads\/2017\/07\/MG_8919-Medium.jpg\" target=\"_blank\" rel=\"noopener\"><img loading=\"lazy\" decoding=\"async\" class=\"wp-image-5199 size-medium\" src=\"http:\/\/kouskeol.fr\/wp-content\/uploads\/2017\/07\/MG_8919-Medium-300x200.jpg\" alt=\"\" width=\"300\" height=\"200\" srcset=\"http:\/\/kouskeol.fr\/wp-content\/uploads\/2017\/07\/MG_8919-Medium-300x200.jpg 300w, http:\/\/kouskeol.fr\/wp-content\/uploads\/2017\/07\/MG_8919-Medium-768x512.jpg 768w, http:\/\/kouskeol.fr\/wp-content\/uploads\/2017\/07\/MG_8919-Medium-1024x683.jpg 1024w, http:\/\/kouskeol.fr\/wp-content\/uploads\/2017\/07\/MG_8919-Medium.jpg 1152w\" sizes=\"auto, (max-width: 300px) 100vw, 300px\" \/><\/a><figcaption id=\"caption-attachment-5199\" class=\"wp-caption-text\">Les lumi\u00e8res de Faial au loin&#8230;<\/figcaption><\/figure>\n<p><span style=\"font-size: medium;\"><span lang=\"fr-FR\">Nous louons une voiture pour faire le tour de <\/span><span lang=\"fr-FR\">l\u2019\u00eele<\/span><span lang=\"fr-FR\"> (volcanique, comme <\/span><span lang=\"fr-FR\">toutes<\/span><span lang=\"fr-FR\"> les autres des 9 <\/span><span lang=\"fr-FR\">\u00eeles<\/span><span lang=\"fr-FR\"> des A\u00e7ores), qui ressemble un peu \u00e0 une petit<\/span><span lang=\"fr-FR\">e<\/span> <span lang=\"fr-FR\">Irlande<\/span><span lang=\"fr-FR\"> pour ses <\/span><span lang=\"fr-FR\">p\u00e2turages<\/span> <span lang=\"fr-FR\">vallonn\u00e9s<\/span><span lang=\"fr-FR\"> et verts. Tentative de visite du crat\u00e8re tout en haut, qui ne se d\u00e9voilera pas pour nous ce jour-l\u00e0<\/span><span lang=\"fr-FR\">, car<\/span><span lang=\"fr-FR\"> le brouillard y \u00e9tait bien trop dense. Ce sont plut\u00f4t les restaurants qui se <\/span><span lang=\"fr-FR\">r\u00e9v\u00e9leront<\/span><span lang=\"fr-FR\">&nbsp;\u00e0 l\u2019\u00e9quipage les uns apr\u00e8s les autres, et plut\u00f4t deux fois qu\u2019une. Tomb\u00e9s en plein p\u00e9riode de f\u00eate nationale, nous aurons m\u00eame l\u2019honneur de <\/span><span lang=\"fr-FR\">d\u00eener<\/span><span lang=\"fr-FR\"> \u00e0 c\u00f4t\u00e9 du pr\u00e9sident <\/span><span lang=\"fr-FR\">portugais<\/span><span lang=\"fr-FR\"> De Sousas venu c\u00e9l\u00e9brer la Pentec\u00f4te sur <\/span><span lang=\"fr-FR\">l\u2019\u00eele.<\/span> <span lang=\"fr-FR\">\u00c9videmment<\/span><span lang=\"fr-FR\"> personne n\u2019avait pr\u00e9venu les <\/span><span lang=\"fr-FR\">quatre<\/span><span lang=\"fr-FR\"> jeunes (<\/span><span lang=\"fr-FR\">DD<\/span><span lang=\"fr-FR\"> au lit) et nous \u00e9tions donc les seuls pouilleux assis dans ce restaurant o\u00f9 en ce dimanche soir tous les locaux s\u2019\u00e9taient mis sur leur trente-et-un pour avoir une photo souvenir avec leur repr\u00e9sentant. Nous aurons droit \u00e0 un salut amical de sa part<\/span><span lang=\"fr-FR\">, car<\/span><span lang=\"fr-FR\"> il se fit que nous sortions dans la ruelle tous en m\u00eame temps, entour\u00e9s des assistants pr\u00e9sidentiels et des \u00ab&nbsp;services secrets&nbsp;\u00bb portugais qui surveillaient d\u2019un coin de l\u2019\u0153il ces quatre chevelus en short et tongs apparemment pas au courant.<\/span><\/span><\/p>\n<p><a href=\"http:\/\/kouskeol.fr\/wp-content\/uploads\/2017\/07\/MG_9009-Medium.jpg\" target=\"_blank\" rel=\"noopener\"><img loading=\"lazy\" decoding=\"async\" class=\"aligncenter wp-image-5206 size-medium\" src=\"http:\/\/kouskeol.fr\/wp-content\/uploads\/2017\/07\/MG_9009-Medium-300x200.jpg\" alt=\"\" width=\"300\" height=\"200\" srcset=\"http:\/\/kouskeol.fr\/wp-content\/uploads\/2017\/07\/MG_9009-Medium-300x200.jpg 300w, http:\/\/kouskeol.fr\/wp-content\/uploads\/2017\/07\/MG_9009-Medium-768x512.jpg 768w, http:\/\/kouskeol.fr\/wp-content\/uploads\/2017\/07\/MG_9009-Medium-1024x683.jpg 1024w, http:\/\/kouskeol.fr\/wp-content\/uploads\/2017\/07\/MG_9009-Medium.jpg 1152w\" sizes=\"auto, (max-width: 300px) 100vw, 300px\" \/><\/a> <a href=\"http:\/\/kouskeol.fr\/wp-content\/uploads\/2017\/07\/MG_9021-Medium.jpg\" target=\"_blank\" rel=\"noopener\"><img loading=\"lazy\" decoding=\"async\" class=\"aligncenter wp-image-5207 size-medium\" src=\"http:\/\/kouskeol.fr\/wp-content\/uploads\/2017\/07\/MG_9021-Medium-300x200.jpg\" alt=\"\" width=\"300\" height=\"200\" srcset=\"http:\/\/kouskeol.fr\/wp-content\/uploads\/2017\/07\/MG_9021-Medium-300x200.jpg 300w, http:\/\/kouskeol.fr\/wp-content\/uploads\/2017\/07\/MG_9021-Medium-768x512.jpg 768w, http:\/\/kouskeol.fr\/wp-content\/uploads\/2017\/07\/MG_9021-Medium-1024x683.jpg 1024w, http:\/\/kouskeol.fr\/wp-content\/uploads\/2017\/07\/MG_9021-Medium.jpg 1152w\" sizes=\"auto, (max-width: 300px) 100vw, 300px\" \/><\/a> <a href=\"http:\/\/kouskeol.fr\/wp-content\/uploads\/2017\/07\/MG_9027-Medium.jpg\" target=\"_blank\" rel=\"noopener\"><img loading=\"lazy\" decoding=\"async\" class=\"aligncenter wp-image-5208 size-medium\" src=\"http:\/\/kouskeol.fr\/wp-content\/uploads\/2017\/07\/MG_9027-Medium-300x200.jpg\" alt=\"\" width=\"300\" height=\"200\" srcset=\"http:\/\/kouskeol.fr\/wp-content\/uploads\/2017\/07\/MG_9027-Medium-300x200.jpg 300w, http:\/\/kouskeol.fr\/wp-content\/uploads\/2017\/07\/MG_9027-Medium-768x512.jpg 768w, http:\/\/kouskeol.fr\/wp-content\/uploads\/2017\/07\/MG_9027-Medium-1024x683.jpg 1024w, http:\/\/kouskeol.fr\/wp-content\/uploads\/2017\/07\/MG_9027-Medium.jpg 1152w\" sizes=\"auto, (max-width: 300px) 100vw, 300px\" \/><\/a> <a href=\"http:\/\/kouskeol.fr\/wp-content\/uploads\/2017\/07\/MG_9035-Medium.jpg\" target=\"_blank\" rel=\"noopener\"><img loading=\"lazy\" decoding=\"async\" class=\"aligncenter wp-image-5209 size-medium\" src=\"http:\/\/kouskeol.fr\/wp-content\/uploads\/2017\/07\/MG_9035-Medium-300x200.jpg\" alt=\"\" width=\"300\" height=\"200\" srcset=\"http:\/\/kouskeol.fr\/wp-content\/uploads\/2017\/07\/MG_9035-Medium-300x200.jpg 300w, http:\/\/kouskeol.fr\/wp-content\/uploads\/2017\/07\/MG_9035-Medium-768x512.jpg 768w, http:\/\/kouskeol.fr\/wp-content\/uploads\/2017\/07\/MG_9035-Medium-1024x683.jpg 1024w, http:\/\/kouskeol.fr\/wp-content\/uploads\/2017\/07\/MG_9035-Medium.jpg 1152w\" sizes=\"auto, (max-width: 300px) 100vw, 300px\" \/><\/a> <a href=\"http:\/\/kouskeol.fr\/wp-content\/uploads\/2017\/07\/MG_9039-Medium.jpg\" target=\"_blank\" rel=\"noopener\"><img loading=\"lazy\" decoding=\"async\" class=\"aligncenter wp-image-5210 size-medium\" src=\"http:\/\/kouskeol.fr\/wp-content\/uploads\/2017\/07\/MG_9039-Medium-300x200.jpg\" alt=\"\" width=\"300\" height=\"200\" srcset=\"http:\/\/kouskeol.fr\/wp-content\/uploads\/2017\/07\/MG_9039-Medium-300x200.jpg 300w, http:\/\/kouskeol.fr\/wp-content\/uploads\/2017\/07\/MG_9039-Medium-768x512.jpg 768w, http:\/\/kouskeol.fr\/wp-content\/uploads\/2017\/07\/MG_9039-Medium-1024x683.jpg 1024w, http:\/\/kouskeol.fr\/wp-content\/uploads\/2017\/07\/MG_9039-Medium.jpg 1152w\" sizes=\"auto, (max-width: 300px) 100vw, 300px\" \/><\/a><\/p>\n<p><span style=\"font-size: medium;\"><span lang=\"fr-FR\">Ravitaillements en tous <\/span><span lang=\"fr-FR\">genres<\/span><span lang=\"fr-FR\"> fait, il nous restait un <\/span><span lang=\"fr-FR\">\u00ab&nbsp;devoir&nbsp;\u00bb<\/span><span lang=\"fr-FR\"> en tant que navire de passage \u00e0 Horta&nbsp;: laisser la fameuse trace du bateau en <\/span><span lang=\"fr-FR\">ex\u00e9cutant<\/span><span lang=\"fr-FR\"> une peinture au sol ou sur l\u2019un des quelques espaces restants de b\u00e9ton de la marina. C\u2019est une des premi\u00e8res choses qui m\u2019ont frapp\u00e9 en arrivant, car ne connaissant pas cette tradition, la beaut\u00e9 de cet ensemble de motifs color\u00e9s que sont toutes cr\u00e9ations laiss\u00e9es par les diff\u00e9rents \u00e9quipages au fil des ann\u00e9es, certaines encore visibles et indiquant des dates ant\u00e9rieures aux ann\u00e9es 80&nbsp;! Nous nous mettons donc collectivement \u00e0 pr\u00e9parer une reproduction aussi fid\u00e8le que possible du logo de Kousk Eol, qui ma foi, fut <\/span><span lang=\"fr-FR\">plut\u00f4t<\/span> <span lang=\"fr-FR\">r\u00e9ussi<\/span><span lang=\"fr-FR\">e<\/span><span lang=\"fr-FR\">.<\/span><span lang=\"fr-FR\"> Andr\u00e9 reconnu m\u00eame plusieurs peintures de bateaux amis rencontr\u00e9s lors du tour du monde des frangins, <\/span><span lang=\"fr-FR\">esp\u00e9rons<\/span><span lang=\"fr-FR\"> que d\u2019autres un jour nous raconterons avoir vu la n\u00f4tre.<\/span><\/span><\/p>\n<p><a href=\"http:\/\/kouskeol.fr\/wp-content\/uploads\/2017\/07\/MG_8926-Medium.jpg\"><img loading=\"lazy\" decoding=\"async\" class=\"aligncenter size-medium wp-image-5200\" src=\"http:\/\/kouskeol.fr\/wp-content\/uploads\/2017\/07\/MG_8926-Medium-300x200.jpg\" alt=\"\" width=\"300\" height=\"200\" srcset=\"http:\/\/kouskeol.fr\/wp-content\/uploads\/2017\/07\/MG_8926-Medium-300x200.jpg 300w, http:\/\/kouskeol.fr\/wp-content\/uploads\/2017\/07\/MG_8926-Medium-768x512.jpg 768w, http:\/\/kouskeol.fr\/wp-content\/uploads\/2017\/07\/MG_8926-Medium-1024x683.jpg 1024w, http:\/\/kouskeol.fr\/wp-content\/uploads\/2017\/07\/MG_8926-Medium.jpg 1152w\" sizes=\"auto, (max-width: 300px) 100vw, 300px\" \/><\/a><\/p>\n<p><a href=\"http:\/\/kouskeol.fr\/wp-content\/uploads\/2017\/07\/MG_8997-Medium.jpg\"><img loading=\"lazy\" decoding=\"async\" class=\"aligncenter size-medium wp-image-5203\" src=\"http:\/\/kouskeol.fr\/wp-content\/uploads\/2017\/07\/MG_8997-Medium-300x200.jpg\" alt=\"\" width=\"300\" height=\"200\" srcset=\"http:\/\/kouskeol.fr\/wp-content\/uploads\/2017\/07\/MG_8997-Medium-300x200.jpg 300w, http:\/\/kouskeol.fr\/wp-content\/uploads\/2017\/07\/MG_8997-Medium-768x512.jpg 768w, http:\/\/kouskeol.fr\/wp-content\/uploads\/2017\/07\/MG_8997-Medium-1024x683.jpg 1024w, http:\/\/kouskeol.fr\/wp-content\/uploads\/2017\/07\/MG_8997-Medium.jpg 1152w\" sizes=\"auto, (max-width: 300px) 100vw, 300px\" \/><\/a><\/p>\n<p><a href=\"http:\/\/kouskeol.fr\/wp-content\/uploads\/2017\/07\/MG_8984-Medium.jpg\"><img loading=\"lazy\" decoding=\"async\" class=\"aligncenter size-medium wp-image-5202\" src=\"http:\/\/kouskeol.fr\/wp-content\/uploads\/2017\/07\/MG_8984-Medium-300x200.jpg\" alt=\"\" width=\"300\" height=\"200\" srcset=\"http:\/\/kouskeol.fr\/wp-content\/uploads\/2017\/07\/MG_8984-Medium-300x200.jpg 300w, http:\/\/kouskeol.fr\/wp-content\/uploads\/2017\/07\/MG_8984-Medium-768x512.jpg 768w, http:\/\/kouskeol.fr\/wp-content\/uploads\/2017\/07\/MG_8984-Medium-1024x683.jpg 1024w, http:\/\/kouskeol.fr\/wp-content\/uploads\/2017\/07\/MG_8984-Medium.jpg 1152w\" sizes=\"auto, (max-width: 300px) 100vw, 300px\" \/><\/a><\/p>\n<figure id=\"attachment_5204\" aria-describedby=\"caption-attachment-5204\" style=\"width: 300px\" class=\"wp-caption aligncenter\"><a href=\"http:\/\/kouskeol.fr\/wp-content\/uploads\/2017\/07\/MG_9055-Medium.jpg\" target=\"_blank\" rel=\"noopener\"><img loading=\"lazy\" decoding=\"async\" class=\"wp-image-5204 size-medium\" src=\"http:\/\/kouskeol.fr\/wp-content\/uploads\/2017\/07\/MG_9055-Medium-300x200.jpg\" alt=\"\" width=\"300\" height=\"200\" srcset=\"http:\/\/kouskeol.fr\/wp-content\/uploads\/2017\/07\/MG_9055-Medium-300x200.jpg 300w, http:\/\/kouskeol.fr\/wp-content\/uploads\/2017\/07\/MG_9055-Medium-768x512.jpg 768w, http:\/\/kouskeol.fr\/wp-content\/uploads\/2017\/07\/MG_9055-Medium-1024x683.jpg 1024w, http:\/\/kouskeol.fr\/wp-content\/uploads\/2017\/07\/MG_9055-Medium.jpg 1152w\" sizes=\"auto, (max-width: 300px) 100vw, 300px\" \/><\/a><figcaption id=\"caption-attachment-5204\" class=\"wp-caption-text\">La signature de Kousk Eol&#8230;<\/figcaption><\/figure>\n<figure id=\"attachment_5205\" aria-describedby=\"caption-attachment-5205\" style=\"width: 300px\" class=\"wp-caption aligncenter\"><a href=\"http:\/\/kouskeol.fr\/wp-content\/uploads\/2017\/07\/MG_9058-Medium.jpg\" target=\"_blank\" rel=\"noopener\"><img loading=\"lazy\" decoding=\"async\" class=\"wp-image-5205 size-medium\" src=\"http:\/\/kouskeol.fr\/wp-content\/uploads\/2017\/07\/MG_9058-Medium-300x200.jpg\" alt=\"\" width=\"300\" height=\"200\" srcset=\"http:\/\/kouskeol.fr\/wp-content\/uploads\/2017\/07\/MG_9058-Medium-300x200.jpg 300w, http:\/\/kouskeol.fr\/wp-content\/uploads\/2017\/07\/MG_9058-Medium-768x512.jpg 768w, http:\/\/kouskeol.fr\/wp-content\/uploads\/2017\/07\/MG_9058-Medium-1024x683.jpg 1024w, http:\/\/kouskeol.fr\/wp-content\/uploads\/2017\/07\/MG_9058-Medium.jpg 1152w\" sizes=\"auto, (max-width: 300px) 100vw, 300px\" \/><\/a><figcaption id=\"caption-attachment-5205\" class=\"wp-caption-text\">Fiers marins-artistes!<\/figcaption><\/figure>\n<p><span style=\"font-size: medium;\"><span lang=\"fr-FR\">En ce qui concerne <\/span><span lang=\"fr-FR\">l\u2019\u00e9quipage<\/span><span lang=\"fr-FR\">, nous nous retrouvons temporairement \u00e0 quatre car Tom nous quitte ici-apr\u00e8s avoir pris la sage d\u00e9cision (en fait d\u00e9j\u00e0 prise depuis une douzaine de jours) de ne pas pousser plus loin ses limites physiques. Pour lui, \u00e7a aura \u00e9t\u00e9 \u00ab&nbsp;Veni, Vidi, Vomi&nbsp;\u00bb&nbsp;! Nous le laissons donc au petit matin sur le quai lors de notre d\u00e9part, 5 jours de f\u00eate apr\u00e8s notre arriv\u00e9e sur <\/span><span lang=\"fr-FR\">l\u2019\u00eele<\/span><span lang=\"fr-FR\"> de Faial. Compagnon d\u2019une si belle travers\u00e9e, nous te regretterons mais comprenons. Et la suite te donnera raison.<\/span><\/span><\/p>\n<p><span style=\"font-size: medium;\"><span lang=\"fr-FR\">Nous partons donc en route vers Sao Miguel, presque plus fatigu\u00e9s qu\u2019\u00e0 notre arriv\u00e9e pour certains (fallait pas se coucher \u00e0 3h la veille d\u2019un d\u00e9part \u00e0 5h&nbsp;!), o\u00f9 nous <\/span><span lang=\"fr-FR\">r\u00e9cup\u00e9rerons<\/span><span lang=\"fr-FR\"> notre cinqui\u00e8me comp\u00e8re pour la travers\u00e9e A\u00e7ores-Gibraltar, le grand Nicolas. Nous contournons par le sud <\/span><span lang=\"fr-FR\">l\u2019\u00eele<\/span><span lang=\"fr-FR\"> de Pico, qui tout du long <\/span><span lang=\"fr-FR\">depuis<\/span><span lang=\"fr-FR\"> Horta nous avait offert un magnifique panorama depuis la marina&nbsp;: imaginez-vous une grimpette du niveau 0 <\/span><span lang=\"fr-FR\">jusqu\u2019\u00e0<\/span><span lang=\"fr-FR\"> 2351&nbsp;m en ligne droite sur ce sommet volcanique&nbsp;! <\/span><span lang=\"fr-FR\">S<\/span><span lang=\"fr-FR\">ur mer, la navigation sera relativement ais\u00e9e malgr\u00e9 quelques <\/span><span lang=\"fr-FR\">interventions<\/span><span lang=\"fr-FR\"> du moteur pour nous aider \u00e0 passer la premi\u00e8re pointe o\u00f9 les courants nous seront contraires. Le reste se fera \u00e0 la grand voile et au <\/span><span lang=\"fr-FR\">g\u00e9nois<\/span><span lang=\"fr-FR\"> gr\u00e2ce \u00e0 un vent constant de sud-ouest. <\/span><span lang=\"fr-FR\">\u00c0<\/span><span lang=\"fr-FR\"> noter que notre d\u00e9part fut pr\u00e9cipit\u00e9 par une d\u00e9pression du genre inqui\u00e9tante qui passait au nord de l\u2019archipel des A\u00e7ores et qui balan\u00e7ait du 50-60 n\u0153uds en son centre. Profitant des contours de celle-ci, Kousk Eol aura de belles acc\u00e9l\u00e9rations jusqu\u2019\u00e0 30 n\u0153uds histoire, pour l\u2019\u00e9quipage, de se remettre en forme. Nous arriverons vers 2h du matin \u00e0 la marina de Punta Delgada o\u00f9 par hasard nous croisons Sirius, <\/span><span lang=\"fr-FR\">avec qui nous ap\u00e9roteront<\/span><span lang=\"fr-FR\"> (vous savez, ceux qui avaient failli nous rentrer dedans au milieu de l\u2019Atlantique&nbsp;?). Pour faire court&nbsp;: nous visitons rapidement les pr\u00e9mices de la vieille ville, <\/span><span lang=\"fr-FR\">ex\u00e9cutons<\/span><span lang=\"fr-FR\"> quelques <\/span><span lang=\"fr-FR\">derni\u00e8res<\/span><span lang=\"fr-FR\"> courses de ravitaillement, <\/span><span lang=\"fr-FR\">r\u00e9cup\u00e9rons<\/span><span lang=\"fr-FR\"> l\u2019ami Nicolas, mangeons le repas le plus mauvais de tout ce tour du monde apr\u00e8s avoir fait confiance au mauvais resto et son <\/span><span lang=\"fr-FR\">rabatteur<\/span><span lang=\"fr-FR\">, prenons les derni\u00e8res vraies douches et derniers ap\u00e9ros \u00e0 terre avant l\u2019Europe continentale, suivis d\u2019une bonne nuit de sommeil, et partons pour la deuxi\u00e8me \u00e9tape de notre travers\u00e9e, car, mien de rien, ce n\u2019est pas encore fait&nbsp;!<\/span><\/span><\/p>\n<p><span style=\"font-size: medium;\"><span lang=\"fr-FR\">D\u00e9part tranquille vers la fin de matin\u00e9e, la premi\u00e8re apr\u00e8s-midi commence sagement, <\/span><span lang=\"fr-FR\">parfait pour <\/span><span lang=\"fr-FR\">Nico <\/span><span lang=\"fr-FR\">qui <\/span><span lang=\"fr-FR\">prend ses marques aupr\u00e8s du bateau. Nous partons en m\u00eame temps que plusieurs voiliers de l\u2019ARC, nos routes se longeant pendant 150 miles environ avant qu\u2019eux ne prennent un<\/span><span lang=\"fr-FR\">e direction<\/span><span lang=\"fr-FR\"> plus au nord que nous, probablement Lisbonne d\u2019apr\u00e8s nos estimations de cap. Grand spectacle pour Nico \u00e0 peine arriv\u00e9&nbsp;<\/span><span lang=\"fr-FR\">(et les autres)&nbsp;:<\/span><span lang=\"fr-FR\"> un gigantesque rorqual remonte de plong\u00e9e en faisant jaillir son jet d\u2019eau \u00e0 20&nbsp;m tribord du Kousk Eol, en plein moment de torpeur g\u00e9n\u00e9rale&nbsp;! Peu de temps apr\u00e8s, au fur et \u00e0 mesure que la mer <\/span><span lang=\"fr-FR\">se l\u00e8ve<\/span><span lang=\"fr-FR\">, les al\u00e9as commencent&nbsp;: quarante minutes plus tard, alors que le vent a commenc\u00e9 \u00e0 se <\/span><span lang=\"fr-FR\">gonfler<\/span><span lang=\"fr-FR\"> (20-22 n\u0153uds \u00e9tablis), c\u2019est le hale-bas de <\/span><span lang=\"fr-FR\">b\u00f4me<\/span><span lang=\"fr-FR\"> qui <\/span><span lang=\"fr-FR\">l\u00e2che<\/span><span lang=\"fr-FR\"> soudainement&nbsp;! Le bout trop us\u00e9 n\u2019aura pas r\u00e9sist\u00e9 plus longtemps. R\u00e9paration expresse de DD au milieu d\u2019une bonne houle. Quelques heures plus tard, alors que nous avons retrouv\u00e9 tout l\u2019inconfort du monde pench\u00e9 mais l\u2019assurance d\u2019un bateau qui avance, c\u2019est tout d\u2019un coup le pilote qui d\u00e9croche et fait virer le bateau avec moult fracas\u2026 <\/span><span lang=\"fr-FR\">\u00c7a<\/span><span lang=\"fr-FR\"> commen<\/span><span lang=\"fr-FR\">c<\/span><span lang=\"fr-FR\">e bien&nbsp;! Certains trouveront peut-\u00eatre tout cela excitant, personnellement je suis plut\u00f4t du type \u00ab&nbsp;please don&rsquo;t rock m<\/span><span lang=\"fr-FR\">y<\/span><span lang=\"fr-FR\"> boat&nbsp;\u00bb, comme <\/span><span lang=\"fr-FR\">le chantait<\/span><span lang=\"fr-FR\"> l\u2019ami Bob.<\/span><\/span><\/p>\n<figure id=\"attachment_5211\" aria-describedby=\"caption-attachment-5211\" style=\"width: 300px\" class=\"wp-caption aligncenter\"><a href=\"http:\/\/kouskeol.fr\/wp-content\/uploads\/2017\/07\/MG_9415-Medium.jpg\" target=\"_blank\" rel=\"noopener\"><img loading=\"lazy\" decoding=\"async\" class=\"wp-image-5211 size-medium\" src=\"http:\/\/kouskeol.fr\/wp-content\/uploads\/2017\/07\/MG_9415-Medium-300x200.jpg\" alt=\"\" width=\"300\" height=\"200\" srcset=\"http:\/\/kouskeol.fr\/wp-content\/uploads\/2017\/07\/MG_9415-Medium-300x200.jpg 300w, http:\/\/kouskeol.fr\/wp-content\/uploads\/2017\/07\/MG_9415-Medium-768x512.jpg 768w, http:\/\/kouskeol.fr\/wp-content\/uploads\/2017\/07\/MG_9415-Medium-1024x683.jpg 1024w, http:\/\/kouskeol.fr\/wp-content\/uploads\/2017\/07\/MG_9415-Medium.jpg 1152w\" sizes=\"auto, (max-width: 300px) 100vw, 300px\" \/><\/a><figcaption id=\"caption-attachment-5211\" class=\"wp-caption-text\">En voilier, il n&rsquo;y a pas que la voile&#8230;<\/figcaption><\/figure>\n<p><a href=\"http:\/\/kouskeol.fr\/wp-content\/uploads\/2017\/07\/MG_9422-Medium.jpg\" target=\"_blank\" rel=\"noopener\"><img loading=\"lazy\" decoding=\"async\" class=\"aligncenter wp-image-5212 size-medium\" src=\"http:\/\/kouskeol.fr\/wp-content\/uploads\/2017\/07\/MG_9422-Medium-300x200.jpg\" alt=\"\" width=\"300\" height=\"200\" srcset=\"http:\/\/kouskeol.fr\/wp-content\/uploads\/2017\/07\/MG_9422-Medium-300x200.jpg 300w, http:\/\/kouskeol.fr\/wp-content\/uploads\/2017\/07\/MG_9422-Medium-768x512.jpg 768w, http:\/\/kouskeol.fr\/wp-content\/uploads\/2017\/07\/MG_9422-Medium-1024x683.jpg 1024w, http:\/\/kouskeol.fr\/wp-content\/uploads\/2017\/07\/MG_9422-Medium.jpg 1152w\" sizes=\"auto, (max-width: 300px) 100vw, 300px\" \/><\/a><\/p>\n<p><span style=\"font-size: medium;\"><span lang=\"fr-FR\">Les jours suivants, rien de particulier \u00e0 signaler, \u00e0 part un temps maussade, des grains de temps \u00e0 autre, une houle constante et assez \u00e9nerv\u00e9e due \u00e0 cette maudite d\u00e9pression au nord et un vent de nord nord-est d\u2019un bon 20-30 n\u0153uds qui nous fera prendre moult ris et alterner <\/span><span lang=\"fr-FR\">g\u00e9nois<\/span><span lang=\"fr-FR\"> et <\/span><span lang=\"fr-FR\">trinquette<\/span><span lang=\"fr-FR\"> toutes les 50 minutes. Tom, si tous nous lis, sache que c\u2019est l\u00e0 que nous nous sommes tous mis <\/span><span lang=\"fr-FR\">d\u2019accord<\/span> <span lang=\"fr-FR\">sur<\/span><span lang=\"fr-FR\"> le fait que tu n\u2019aurais pas appr\u00e9ci\u00e9 <\/span><span lang=\"fr-FR\">cette<\/span> <span lang=\"fr-FR\">deuxi\u00e8me<\/span><span lang=\"fr-FR\"> travers\u00e9e, d\u00e9j\u00e0 bien plus tumultueuse en trois jours que les dix-sept jours qui avaient \u00e9t\u00e9 n\u00e9cessaires pour l\u2019<\/span><span lang=\"fr-FR\">\u00e9tape<\/span><span lang=\"fr-FR\"> depuis la Guadeloupe. <\/span><span lang=\"fr-FR\">P<\/span><span lang=\"fr-FR\">uis, au troisi\u00e8me jour c\u2019est la rotule de fixation d\u2019<\/span><span lang=\"fr-FR\">une<\/span><span lang=\"fr-FR\"> latte de grand voile qui <\/span><span lang=\"fr-FR\">l\u00e2che<\/span><span lang=\"fr-FR\"> \u2013 oblig\u00e9s de r\u00e9duire la <\/span><span lang=\"fr-FR\">GV<\/span><span lang=\"fr-FR\"> pour qu\u2019elle ne s\u2019arrache pas\u2026 allez un dernier petit effort Kousk Eol on est bient\u00f4t de retour <\/span><span lang=\"fr-FR\">au bercail<\/span><span lang=\"fr-FR\">. Apr\u00e8s consultations et r\u00e9flexions \u00e0 bord, une r\u00e9paration maison au marteau fera finalement l\u2019affaire (et tiens encore au jour o\u00f9 je r\u00e9dige ces lignes).<\/span><\/span><\/p>\n<p><span style=\"font-size: medium;\"><span lang=\"fr-FR\">A nouveau des v<\/span><span lang=\"fr-FR\">isites r\u00e9guli\u00e8res de dauphins, nos fid\u00e8les compagnons de route&nbsp;; parties de scrabble <\/span><span lang=\"fr-FR\">endiabl\u00e9es<\/span><span lang=\"fr-FR\"> (ce sport qui se joue \u00e0 3 ou 4 et o\u00f9 c\u2019est toujours Nico ou DD qui gagnent&nbsp;!)&nbsp;; ap\u00e9ros, repas et causettes&nbsp;; RAS la vie \u00e0 bord continue comme \u00e0 ses habitudes. Un petit coup de gueule de l\u2019\u00e9quipage tout de m\u00eame contre la mer qui ne nous offre que des bonites \u00e0 manger (<\/span><span lang=\"fr-FR\">cinq <\/span><span lang=\"fr-FR\">p\u00each\u00e9es en <\/span><span lang=\"fr-FR\">six<\/span><span lang=\"fr-FR\"> jours, trop c\u2019est trop) alors que nous r\u00eavons de daurades, d\u2019espadons ou de thons.<\/span><\/span><\/p>\n<p><span style=\"font-size: medium;\"><span lang=\"fr-FR\">S\u2019ensuit<\/span><span lang=\"fr-FR\"> au quatri\u00e8me et cinqui\u00e8me jours une alternance de moteur et de voile, toujours un temps plut\u00f4t couvert, et relativement peu de vent en g\u00e9n\u00e9ral m\u00eame s\u2019il nous faisait la gr\u00e2ce <\/span><span lang=\"fr-FR\">d\u2019\u00eatre<\/span><span lang=\"fr-FR\"> au portant (de dos). Par contre \u00e0 l\u2019approche du d\u00e9troit de Gibraltar, v\u00e9ritable goulot de la <\/span><span lang=\"fr-FR\">M\u00e9diterran\u00e9e<\/span><span lang=\"fr-FR\">, tout <\/span><span lang=\"fr-FR\">s\u2019annon\u00e7ait<\/span><span lang=\"fr-FR\"> contre nous&nbsp;: augmentation <\/span><span lang=\"fr-FR\">par<\/span><span lang=\"fr-FR\"> 25 n\u0153uds de vent pleine face \u2013 par effet de venturi (engouffrement des vents d\u2019un c\u00f4t\u00e9 et d\u00e9multiplication de l\u2019autre) \u2013 multiplication du <\/span><span lang=\"fr-FR\">trafic<\/span><span lang=\"fr-FR\"> de cargos (d\u00e9j\u00e0 ressentie depuis 24h) et arriv\u00e9e de nuit\u2026 On passe \u00e0 des quarts par <\/span><span lang=\"fr-FR\">deux<\/span> <span lang=\"fr-FR\">histoire<\/span><span lang=\"fr-FR\"> de pouvoir man\u0153uvrer rapidement si besoin pend<\/span><span lang=\"fr-FR\">a<\/span><span lang=\"fr-FR\">nt l\u2019approche (on la croit rapide, mais non, qu\u2019est-ce qu\u2019elle est longue cette c\u00f4t<\/span><span lang=\"fr-FR\">e<\/span><span lang=\"fr-FR\"> descendante espagnole), DD ne dormant finalement pas de la nuit et chacun l\u2019assistant <\/span><span lang=\"fr-FR\">par<\/span> <span lang=\"fr-FR\">tour<\/span><span lang=\"fr-FR\">s<\/span> <span lang=\"fr-FR\">jusqu\u2019au<\/span><span lang=\"fr-FR\"> petit matin. Magnifique lever de soleil, sentiment de retour \u00e0 notre bon vieu<\/span><span lang=\"fr-FR\">x<\/span><span lang=\"fr-FR\"> continent, mais les \u00e9l\u00e9ments sont en furie&nbsp;: 30 n\u0153uds de vent et grosse houle de face qui vient frapper la coque de trois-quarts ce qui nous emp\u00eache litt\u00e9ralement d\u2019avancer <\/span><span lang=\"fr-FR\">et fatigue bien le bateau<\/span><span lang=\"fr-FR\">. Je dis bien \u201clitt\u00e9ralement\u201d&nbsp;: malgr\u00e9 des bords tir\u00e9s autant que possible suivi du moteur, nous faisons du 1,5 n\u0153uds de vitesse\u2026 autant dire que nous avons le temps de profiter du paysage. C\u2019est \u2013 apr\u00e8s avoir tout envisag\u00e9, m\u00eame d\u2019aller se r\u00e9fugier \u00e0 Cadix \u2013 finalement en se rapprochant de la c\u00f4t<\/span><span lang=\"fr-FR\">e<\/span><span lang=\"fr-FR\"> que nous y trouverons un peu de r\u00e9pit, de quoi avancer lentement mais <\/span><span lang=\"fr-FR\">s\u00fbrement.<\/span><span lang=\"fr-FR\"> Le franchissement du cap de Tarifa sera plus que sporti<\/span><span lang=\"fr-FR\">f<\/span><span lang=\"fr-FR\">, sous un ciel d\u00e9gag\u00e9 et le retour de la chaleur qui nous avait quitt\u00e9e aux A\u00e7ores. Mais, pour le plus grand plaisir de tous \u2013 ENFIN \u2013 de la voile comme en r\u00e9gate avec des bords tir\u00e9s non-stop, un \u00e9quipage sur-motiv\u00e9, une mer d\u00e9fiante et dans le fond un paysage aride mais sublime. Et un DD au top de sa forme, en tenue <\/span><span lang=\"fr-FR\">fringante<\/span><span lang=\"fr-FR\"> (cir\u00e9 jaune canari <\/span><span lang=\"fr-FR\">collector<\/span><span lang=\"fr-FR\"> et chemise bleue \u00e0 motifs proven\u00e7aux \u2013 voir photo) <\/span><span lang=\"fr-FR\">et bonne humeur <\/span><span lang=\"fr-FR\">malgr\u00e9 sa nuit blanche et nos questions redondantes sur ce qu\u2019on allait faire. DD, chapeau bas&nbsp;! Incapable de dire combien d\u2019heures ce petit bout de travers\u00e9e nous aura pris, voyant d\u2019autres bateaux luter autant si pas plus que nous (pauvres catamarans), c\u2019est presque avec regret que <\/span><span lang=\"fr-FR\">nous<\/span><span lang=\"fr-FR\"> effectuons notre dernier bord qui nous m\u00e8nera au-del\u00e0 de la derni\u00e8re pointe, puis de la derni\u00e8re anse, et finalement de la derni\u00e8re crique de l\u2019Atlantique. <\/span><span lang=\"fr-FR\">M\u00e9diterran\u00e9e<\/span><span lang=\"fr-FR\">, nous <\/span><span lang=\"fr-FR\">voil\u00e0<\/span><span lang=\"fr-FR\">&nbsp;!<\/span><\/span><\/p>\n<figure id=\"attachment_5223\" aria-describedby=\"caption-attachment-5223\" style=\"width: 300px\" class=\"wp-caption aligncenter\"><a href=\"http:\/\/kouskeol.fr\/wp-content\/uploads\/2017\/07\/20170622_223600-1280x720.jpg\" target=\"_blank\" rel=\"noopener\"><img loading=\"lazy\" decoding=\"async\" class=\"wp-image-5223 size-medium\" src=\"http:\/\/kouskeol.fr\/wp-content\/uploads\/2017\/07\/20170622_223600-1280x720-300x167.jpg\" alt=\"\" width=\"300\" height=\"167\" srcset=\"http:\/\/kouskeol.fr\/wp-content\/uploads\/2017\/07\/20170622_223600-1280x720-300x167.jpg 300w, http:\/\/kouskeol.fr\/wp-content\/uploads\/2017\/07\/20170622_223600-1280x720-768x426.jpg 768w, http:\/\/kouskeol.fr\/wp-content\/uploads\/2017\/07\/20170622_223600-1280x720-1024x568.jpg 1024w, http:\/\/kouskeol.fr\/wp-content\/uploads\/2017\/07\/20170622_223600-1280x720-672x372.jpg 672w, http:\/\/kouskeol.fr\/wp-content\/uploads\/2017\/07\/20170622_223600-1280x720-1038x576.jpg 1038w, http:\/\/kouskeol.fr\/wp-content\/uploads\/2017\/07\/20170622_223600-1280x720.jpg 1272w\" sizes=\"auto, (max-width: 300px) 100vw, 300px\" \/><\/a><figcaption id=\"caption-attachment-5223\" class=\"wp-caption-text\">Pourquoi il faut \u00eatre attentif lors des quarts vers Gibraltar&#8230;.<\/figcaption><\/figure>\n<p><span style=\"font-size: medium;\"><strong><span lang=\"fr-FR\">GIBRALTAR \u2013 BENALMADENA (MALAGA) \u2013 <\/span><span lang=\"fr-FR\">19-20 juin 2017<\/span><\/strong><\/span><\/p>\n<p><span style=\"font-size: medium;\"><span lang=\"fr-FR\">C\u2019est sous la menace de Claude, qui nous a maintenant rejoint dans ce paradis perdu \u2013 pardon que dis-je&nbsp;: cette terre vierge, ce tr\u00e9sor de puret\u00e9, cet <\/span><span lang=\"fr-FR\">\u00eelot<\/span><span lang=\"fr-FR\"> de l\u2019innocence (j\u2019y reviendrai) \u2013 qu\u2019est la marina de Benalmadena, que je vais terminer mon r\u00f4le de narrateur de nos voyages en commun, sur nos quelques jours de repos bien m\u00e9rit\u00e9s \u00e0 Gibraltar. Intenable sur la qualit\u00e9 et la ponctualit\u00e9 de son blog, <\/span><span lang=\"fr-FR\">impos\u00e9es<\/span><span lang=\"fr-FR\"> selon lui par <\/span><span lang=\"fr-FR\">l\u2019exigence<\/span><span lang=\"fr-FR\"> de (centaines de) milliers de lecteurs assidus, il serait impensable de ne pas publier sous moins de 24h le compte rendu d\u00e9taill\u00e9 des p\u00e9riples de Kousk Eol et de ses \u00e9quipages successifs. Ayant <\/span><span lang=\"fr-FR\">la fle<\/span><span lang=\"fr-FR\">m<\/span><span lang=\"fr-FR\">me \u2013 pardon \u2013 ayant <\/span><span lang=\"fr-FR\">pris <\/span><span lang=\"fr-FR\">le<\/span><span lang=\"fr-FR\"> temps de r\u00e9flexion bien m\u00e9rit\u00e9 de <\/span><span lang=\"fr-FR\">douze<\/span><span lang=\"fr-FR\"> jours avant d\u2019aligner nos premi\u00e8res impressions du temps pass\u00e9 \u00e0 bord, j\u2019esp\u00e8re que vous aurez appr\u00e9ci\u00e9 ce <\/span><span lang=\"fr-FR\">d\u00e9briefing<\/span><span lang=\"fr-FR\"> vu par un novice de la voile. Il faut dire qu\u2019\u00e0 bord la motivation pour la retranscription tant iconographique que narrative des <\/span><span lang=\"fr-FR\">\u00e9v\u00e9nements<\/span><span lang=\"fr-FR\"> issus de nos p\u00e9rip\u00e9ties est \u00e0 peu pr\u00e8s \u00e9gale \u00e0 celle d\u00e9montr\u00e9e pour faire la vaisselle un jour de grand<\/span><span lang=\"fr-FR\">e<\/span> <span lang=\"fr-FR\">g\u00eete.<\/span><\/span><\/p>\n<p><span style=\"font-size: medium;\"><span lang=\"fr-FR\">Mais je m\u2019\u00e9gare. Nous voil\u00e0 donc arriv\u00e9s \u00e0 Gibraltar, ou plut\u00f4t \u00e0 la marina de La Linea, ville espagnole frontali\u00e8re avec l\u2019enclave britannique qui a le m\u00e9rite de ne pas vous voler pour ac<\/span><span lang=\"fr-FR\">c<\/span><span lang=\"fr-FR\">oster. Marina quasi neuve offrant tous les services appropri\u00e9s sauf l\u2019ambiance (\u00e0 ce <\/span><span lang=\"fr-FR\">niveau-l\u00e0<\/span><span lang=\"fr-FR\">, Horta \u00e9tait cat\u00e9goriquement la <\/span><span lang=\"fr-FR\">p<\/span><span lang=\"fr-FR\">lus agr\u00e9able, vivement recommand\u00e9e, et sans ironie). Nous aurons m\u00eame l\u2019honneur de profiter de la \u00ab&nbsp;f\u00eate du camping-car&nbsp;\u00bb qui s<\/span><span lang=\"fr-FR\">e<\/span><span lang=\"fr-FR\"> d\u00e9roule le <\/span><span lang=\"fr-FR\">week-end<\/span><span lang=\"fr-FR\"> de notre passage sur le parking jouxtant la marina. Les visites au rocher voisin se feront pa<\/span><span lang=\"fr-FR\">r<\/span><span lang=\"fr-FR\"> des chaleurs \u00e9crasantes, heureusement arros\u00e9es \u00e0 l\u2019anglaise par la suite. Il faut dire que c\u2019est un ph\u00e9nom\u00e8ne assez particulier <\/span><span lang=\"fr-FR\">que<\/span><span lang=\"fr-FR\"> ce rocher&nbsp;: les <\/span><span lang=\"fr-FR\">Anglais<\/span><span lang=\"fr-FR\"> se sont construits un a\u00e9roport dont il faut traverser la piste (\u00e0 pied ou \u00e0 moteur) pour entrer chez eux. Il faut donc attendre les <\/span><span lang=\"fr-FR\">interm\u00e8des<\/span><span lang=\"fr-FR\"> entre <\/span><span lang=\"fr-FR\">atterrissages<\/span><span lang=\"fr-FR\"> et d\u00e9collages pour le faire\u2026 mais avouez que ce n\u2019est pas <\/span><span lang=\"fr-FR\">commun<\/span><span lang=\"fr-FR\"> de se retrouver au milieu d\u2019une piste d\u2019a\u00e9roport. Bref, une fois de l\u2019autre c\u00f4t\u00e9 vous aurez la bonne surprise de vous rendre compte rapidement qu\u2019en tant que fier europ\u00e9en vous serez vol\u00e9 deux fois&nbsp;: la premi\u00e8re en \u00e9tant oblig\u00e9 soit de changer aupr\u00e8s des commer\u00e7ants vos euros en livres (au taux \u201cpr\u00e9f\u00e9rentiel\u201d de deux euros pour une livre\u2026) soit d\u2019aller retirer des livres au guichet pour un taux peu amical \u00e9galement&nbsp;; et la deuxi\u00e8me en vous rendant compte que toute livre non d\u00e9pens\u00e9e ne vous sera plus jamais d\u2019aucune utilit\u00e9, puisqu\u2019elle est unique \u00e0 <\/span><span lang=\"fr-FR\">Gibraltar<\/span><span lang=\"fr-FR\"> et ne pourra pas \u00eatre utilis\u00e9e en dehors du micro-territoire, <\/span><span lang=\"fr-FR\">pas m\u00eame en Grande-Bretagne<\/span><span lang=\"fr-FR\">. Une fois cela accept\u00e9, la visite du rocher peut se d\u00e9rouler <\/span><span lang=\"fr-FR\">tranquillement<\/span><span lang=\"fr-FR\">, tr\u00e8s <\/span><span lang=\"fr-FR\">tranquillement<\/span><span lang=\"fr-FR\"> car les horaires des commerces eux sont encore m<\/span><span lang=\"fr-FR\">i<\/span><span lang=\"fr-FR\">eux qu\u2019\u00e0 l\u2019espagnole&nbsp;: vu sur place, \u00ab&nbsp;<\/span><span lang=\"fr-FR\">ouverture<\/span><span lang=\"fr-FR\">&nbsp;: 10&nbsp;:45 \u00e0 14&nbsp;:00&nbsp;\u00bb. <\/span><span lang=\"fr-FR\">E<\/span><span lang=\"fr-FR\">n dehors de ce <\/span><span lang=\"fr-FR\">laps de temps<\/span><span lang=\"fr-FR\"> vous pourrez revenir en hiver histoire d\u2019avoir un peu plus de chances de rapporter chez vous vos produits d\u00e9tax\u00e9s.<\/span><\/span><\/p>\n<p><a href=\"http:\/\/kouskeol.fr\/wp-content\/uploads\/2017\/07\/MG_9076-Medium.jpg\" target=\"_blank\" rel=\"noopener\"><img loading=\"lazy\" decoding=\"async\" class=\"aligncenter wp-image-5213 size-medium\" src=\"http:\/\/kouskeol.fr\/wp-content\/uploads\/2017\/07\/MG_9076-Medium-300x200.jpg\" alt=\"\" width=\"300\" height=\"200\" srcset=\"http:\/\/kouskeol.fr\/wp-content\/uploads\/2017\/07\/MG_9076-Medium-300x200.jpg 300w, http:\/\/kouskeol.fr\/wp-content\/uploads\/2017\/07\/MG_9076-Medium-768x512.jpg 768w, http:\/\/kouskeol.fr\/wp-content\/uploads\/2017\/07\/MG_9076-Medium-1024x683.jpg 1024w, http:\/\/kouskeol.fr\/wp-content\/uploads\/2017\/07\/MG_9076-Medium.jpg 1152w\" sizes=\"auto, (max-width: 300px) 100vw, 300px\" \/><\/a><\/p>\n<figure id=\"attachment_5218\" aria-describedby=\"caption-attachment-5218\" style=\"width: 300px\" class=\"wp-caption aligncenter\"><a href=\"http:\/\/kouskeol.fr\/wp-content\/uploads\/2017\/07\/20170618_192456-1280x720.jpg\" target=\"_blank\" rel=\"noopener\"><img loading=\"lazy\" decoding=\"async\" class=\"wp-image-5218 size-medium\" src=\"http:\/\/kouskeol.fr\/wp-content\/uploads\/2017\/07\/20170618_192456-1280x720-e1499008065647-300x169.jpg\" alt=\"\" width=\"300\" height=\"169\" srcset=\"http:\/\/kouskeol.fr\/wp-content\/uploads\/2017\/07\/20170618_192456-1280x720-e1499008065647-300x169.jpg 300w, http:\/\/kouskeol.fr\/wp-content\/uploads\/2017\/07\/20170618_192456-1280x720-e1499008065647-768x432.jpg 768w, http:\/\/kouskeol.fr\/wp-content\/uploads\/2017\/07\/20170618_192456-1280x720-e1499008065647-1024x576.jpg 1024w, http:\/\/kouskeol.fr\/wp-content\/uploads\/2017\/07\/20170618_192456-1280x720-e1499008065647.jpg 1279w\" sizes=\"auto, (max-width: 300px) 100vw, 300px\" \/><\/a><figcaption id=\"caption-attachment-5218\" class=\"wp-caption-text\">La fine \u00e9quipe, sur la piste de l&rsquo;a\u00e9rodrome qu&rsquo;il faut traverser pour aller \u00e0 Gibraltar.<\/figcaption><\/figure>\n<p><span style=\"font-size: medium;\"><span lang=\"fr-FR\">Jolies balades <\/span><span lang=\"fr-FR\">donc <\/span><span lang=\"fr-FR\">sous un ca<\/span><span lang=\"fr-FR\">gn<\/span><span lang=\"fr-FR\">ar<\/span><span lang=\"fr-FR\">d<\/span><span lang=\"fr-FR\"> plombant, rencontre avec autant de macaques en haut que de commer\u00e7ants ouverts en bas, puis retour \u00e0 la marina en passant avant par la case restaurant. Rien de plus. Ah si, d\u00e9couverte d\u2019un environnement domin\u00e9 par le p\u00e9trole, le gaz et les navires marchands <\/span><span lang=\"fr-FR\">offrant un ballet en mer<\/span><span lang=\"fr-FR\"> sur fond de raffinerie et chantiers navals. Autant vous dire qu\u2019on n\u2019y va pas pour la vue. Anecdote au d\u00e9part&nbsp;: lors du r\u00e8glement des frais de marina c\u00f4t\u00e9 espagnol, la capitainerie v\u00e9rifie les documents du bateau et s\u2019exclame&nbsp;: \u00ab&nbsp;<\/span><span lang=\"fr-FR\">V<\/span><span lang=\"fr-FR\">ous \u00e9tiez d\u00e9j\u00e0 venus il y a quatre ans, n\u2019est-ce pas&nbsp;?\u00a0\u00bb&nbsp;; \u201c<\/span><span lang=\"fr-FR\">O<\/span><span lang=\"fr-FR\">ui\u201d r\u00e9pond Andr\u00e9, \u00ab&nbsp;\u00e0 l\u2019aller&nbsp;\u00bb. \u00ab&nbsp;Tr\u00e8s bien, vous <\/span><span lang=\"fr-FR\">\u00e9tiez<\/span><span lang=\"fr-FR\"> partis sans payer, nous allons pouvoir corriger cette erreur&nbsp;\u00bb. Les bons comptes f<\/span><span lang=\"fr-FR\">aisant<\/span><span lang=\"fr-FR\"> les bons amis, le tour du monde peut se rapprocher de sa fin en se disant fier de ne laisser aucune ardoise nulle part&nbsp;<\/span><span lang=\"fr-FR\">mais <\/span><span lang=\"fr-FR\">une multitude d\u2019<\/span><span lang=\"fr-FR\">amiti\u00e9s <\/span><span lang=\"fr-FR\">nouvelles<\/span><span lang=\"fr-FR\">&nbsp;!<\/span><\/span><\/p>\n<figure id=\"attachment_5215\" aria-describedby=\"caption-attachment-5215\" style=\"width: 300px\" class=\"wp-caption aligncenter\"><a href=\"http:\/\/kouskeol.fr\/wp-content\/uploads\/2017\/07\/20170618_154912-1280x720.jpg\" target=\"_blank\" rel=\"noopener\"><img loading=\"lazy\" decoding=\"async\" class=\"wp-image-5215 size-medium\" src=\"http:\/\/kouskeol.fr\/wp-content\/uploads\/2017\/07\/20170618_154912-1280x720-300x169.jpg\" alt=\"\" width=\"300\" height=\"169\" srcset=\"http:\/\/kouskeol.fr\/wp-content\/uploads\/2017\/07\/20170618_154912-1280x720-300x169.jpg 300w, http:\/\/kouskeol.fr\/wp-content\/uploads\/2017\/07\/20170618_154912-1280x720-768x432.jpg 768w, http:\/\/kouskeol.fr\/wp-content\/uploads\/2017\/07\/20170618_154912-1280x720-1024x576.jpg 1024w, http:\/\/kouskeol.fr\/wp-content\/uploads\/2017\/07\/20170618_154912-1280x720.jpg 1280w\" sizes=\"auto, (max-width: 300px) 100vw, 300px\" \/><\/a><figcaption id=\"caption-attachment-5215\" class=\"wp-caption-text\">Vue depuis le haut du Rocher.<\/figcaption><\/figure>\n<figure id=\"attachment_5214\" aria-describedby=\"caption-attachment-5214\" style=\"width: 300px\" class=\"wp-caption aligncenter\"><a href=\"http:\/\/kouskeol.fr\/wp-content\/uploads\/2017\/07\/20170618_152716-1280x720.jpg\" target=\"_blank\" rel=\"noopener\"><img loading=\"lazy\" decoding=\"async\" class=\"wp-image-5214 size-medium\" src=\"http:\/\/kouskeol.fr\/wp-content\/uploads\/2017\/07\/20170618_152716-1280x720-300x169.jpg\" alt=\"\" width=\"300\" height=\"169\" srcset=\"http:\/\/kouskeol.fr\/wp-content\/uploads\/2017\/07\/20170618_152716-1280x720-300x169.jpg 300w, http:\/\/kouskeol.fr\/wp-content\/uploads\/2017\/07\/20170618_152716-1280x720-768x432.jpg 768w, http:\/\/kouskeol.fr\/wp-content\/uploads\/2017\/07\/20170618_152716-1280x720-1024x576.jpg 1024w, http:\/\/kouskeol.fr\/wp-content\/uploads\/2017\/07\/20170618_152716-1280x720.jpg 1280w\" sizes=\"auto, (max-width: 300px) 100vw, 300px\" \/><\/a><figcaption id=\"caption-attachment-5214\" class=\"wp-caption-text\">Et un des habitants du lieu.<\/figcaption><\/figure>\n<p><span style=\"font-size: medium;\"><a href=\"http:\/\/kouskeol.fr\/wp-content\/uploads\/2017\/07\/20170618_155213-720x1280.jpg\" target=\"_blank\" rel=\"noopener\"><img loading=\"lazy\" decoding=\"async\" class=\"aligncenter wp-image-5216 size-medium\" src=\"http:\/\/kouskeol.fr\/wp-content\/uploads\/2017\/07\/20170618_155213-720x1280-e1499007885721-169x300.jpg\" alt=\"\" width=\"169\" height=\"300\" srcset=\"http:\/\/kouskeol.fr\/wp-content\/uploads\/2017\/07\/20170618_155213-720x1280-e1499007885721-169x300.jpg 169w, http:\/\/kouskeol.fr\/wp-content\/uploads\/2017\/07\/20170618_155213-720x1280-e1499007885721-576x1024.jpg 576w, http:\/\/kouskeol.fr\/wp-content\/uploads\/2017\/07\/20170618_155213-720x1280-e1499007885721.jpg 720w\" sizes=\"auto, (max-width: 169px) 100vw, 169px\" \/><\/a><\/span><\/p>\n<figure id=\"attachment_5217\" aria-describedby=\"caption-attachment-5217\" style=\"width: 169px\" class=\"wp-caption aligncenter\"><a href=\"http:\/\/kouskeol.fr\/wp-content\/uploads\/2017\/07\/20170618_160014-720x1280.jpg\" target=\"_blank\" rel=\"noopener\"><img loading=\"lazy\" decoding=\"async\" class=\"wp-image-5217 size-medium\" src=\"http:\/\/kouskeol.fr\/wp-content\/uploads\/2017\/07\/20170618_160014-720x1280-e1499007997503-169x300.jpg\" alt=\"\" width=\"169\" height=\"300\" srcset=\"http:\/\/kouskeol.fr\/wp-content\/uploads\/2017\/07\/20170618_160014-720x1280-e1499007997503-169x300.jpg 169w, http:\/\/kouskeol.fr\/wp-content\/uploads\/2017\/07\/20170618_160014-720x1280-e1499007997503-576x1024.jpg 576w, http:\/\/kouskeol.fr\/wp-content\/uploads\/2017\/07\/20170618_160014-720x1280-e1499007997503.jpg 720w\" sizes=\"auto, (max-width: 169px) 100vw, 169px\" \/><\/a><figcaption id=\"caption-attachment-5217\" class=\"wp-caption-text\">Singe se lamentant sur le manque d&rsquo;ombre&#8230;<\/figcaption><\/figure>\n<p><span style=\"font-size: medium;\">Transatlantiquement v\u00f4tre,<\/span><\/p>\n<p><span style=\"font-size: medium;\">Antoine<\/span><\/p>\n<div id=\"sdfootnote1\">\n<p class=\"sdfootnote\">___________________________<br \/>\n<a class=\"sdfootnotesym\" href=\"#sdfootnote1anc\" name=\"sdfootnote1sym\">1-&nbsp;<\/a>Petite pr\u00e9cision du Glaude concernant l\u2019impertinence du jeune Tonio&nbsp;: l\u2019avion est trois fois moins cher et quatre fois plus court vers Malaga (\u00e0 c\u00f4t\u00e9 de Benalmadena) qu\u2019\u00e0 Gibraltar\u2026 Sinon, l\u2019enthousiasme pour la marina est compl\u00e8tement partag\u00e9&nbsp;: mauvais go\u00fbt et beauferie sont au rendez-vous.<\/p>\n<\/div>\n<\/div>\n","protected":false},"excerpt":{"rendered":"<p>Ce n\u2019est pas faute d\u2019exercer une pression certaine sur lui, mais notre envoy\u00e9 sp\u00e9cial Tonio s\u2019accroche, tel l\u2019arap\u00e8de \u00e0 son bout de granit, \u00e0 un suppos\u00e9 coup de mou subs\u00e9quent \u00e0 une travers\u00e9e pr\u00e9tendument agit\u00e9e plus que de raison pour retarder la production d\u2019une prose cens\u00e9e relater de la mani\u00e8re la plus objective possible les &hellip; <a href=\"http:\/\/kouskeol.fr\/?p=5192\" class=\"more-link\">Continuer la lecture de <span class=\"screen-reader-text\">ACORES \u2013 GIBRALTAR \u2013 10-16 juin 2017<\/span>  <span class=\"meta-nav\">&rarr;<\/span><\/a><\/p>\n","protected":false},"author":1,"featured_media":0,"comment_status":"open","ping_status":"open","sticky":false,"template":"","format":"standard","meta":{"ngg_post_thumbnail":0,"footnotes":""},"categories":[76,8,12],"tags":[],"class_list":["post-5192","post","type-post","status-publish","format-standard","hentry","category-acores","category-voyage","category-mediterrannee"],"_links":{"self":[{"href":"http:\/\/kouskeol.fr\/index.php?rest_route=\/wp\/v2\/posts\/5192","targetHints":{"allow":["GET"]}}],"collection":[{"href":"http:\/\/kouskeol.fr\/index.php?rest_route=\/wp\/v2\/posts"}],"about":[{"href":"http:\/\/kouskeol.fr\/index.php?rest_route=\/wp\/v2\/types\/post"}],"author":[{"embeddable":true,"href":"http:\/\/kouskeol.fr\/index.php?rest_route=\/wp\/v2\/users\/1"}],"replies":[{"embeddable":true,"href":"http:\/\/kouskeol.fr\/index.php?rest_route=%2Fwp%2Fv2%2Fcomments&post=5192"}],"version-history":[{"count":6,"href":"http:\/\/kouskeol.fr\/index.php?rest_route=\/wp\/v2\/posts\/5192\/revisions"}],"predecessor-version":[{"id":5224,"href":"http:\/\/kouskeol.fr\/index.php?rest_route=\/wp\/v2\/posts\/5192\/revisions\/5224"}],"wp:attachment":[{"href":"http:\/\/kouskeol.fr\/index.php?rest_route=%2Fwp%2Fv2%2Fmedia&parent=5192"}],"wp:term":[{"taxonomy":"category","embeddable":true,"href":"http:\/\/kouskeol.fr\/index.php?rest_route=%2Fwp%2Fv2%2Fcategories&post=5192"},{"taxonomy":"post_tag","embeddable":true,"href":"http:\/\/kouskeol.fr\/index.php?rest_route=%2Fwp%2Fv2%2Ftags&post=5192"}],"curies":[{"name":"wp","href":"https:\/\/api.w.org\/{rel}","templated":true}]}}