{"id":5227,"date":"2017-07-06T12:21:47","date_gmt":"2017-07-06T11:21:47","guid":{"rendered":"http:\/\/kouskeol.fr\/?p=5227"},"modified":"2017-07-08T07:27:55","modified_gmt":"2017-07-08T06:27:55","slug":"gibraltar-toulon-19-juin-1-juillet-2017","status":"publish","type":"post","link":"http:\/\/kouskeol.fr\/?p=5227","title":{"rendered":"Gibraltar-Toulon \u2013 19 juin-1 juillet 2017"},"content":{"rendered":"<p><span style=\"font-family: Arial,sans-serif;\">\u00c0 partir de Gibraltar, o\u00f9 nous nous \u00e9tions arr\u00eat\u00e9s il y a quatre ans, nous refaisons maintenant dans l\u2019autre sens la route que nous avions suivie au d\u00e9part de notre p\u00e9riple, jusqu\u2019\u00e0 Toulon. Impression curieuse de repasser par toutes ces \u00e9tapes\u2026<\/span><\/p>\n<p><span style=\"font-family: Arial,sans-serif;\">La premi\u00e8re sera Benalmadena, qui s\u2019enorgueillit d\u2019\u00eatre (ou d\u2019avoir \u00e9t\u00e9) \u00e9lue meilleure marina du monde. Nous ne discuterons pas des crit\u00e8res ayant guid\u00e9 ce choix, ni de la s\u00e9lection du jury\u2026 Un long bord pr\u00e8s de la c\u00f4te, avec un vent adonnant au fur et \u00e0 mesure de notre avanc\u00e9e, nous permet d\u2019avaler rapidement et confortablement la petite soixantaine de milles pour la marina. Comme la saison sur la Costa del Sol ne bat pas encore son plein, l\u2019ambiance y est relativement calme&nbsp;: c\u2019\u00e9tait nettement plus agit\u00e9 et bruyant lors de notre d\u00e9part. Nous ne nous en plaindrons pas.<\/span><\/p>\n<p><span style=\"font-family: Arial,sans-serif;\"><b>20 juin<\/b>. La journ\u00e9e est consacr\u00e9e aux nettoyages en tout genre&nbsp;: bateau, linge, \u00e9quipage\u2026 Et aussi \u00e0 compl\u00e9ter l\u2019approvisionnement pour la fin du voyage. Claude arrive en d\u00e9but de soir\u00e9e pour faire le cinqui\u00e8me avec Andr\u00e9, Rapha\u00ebl, Nicolas et Antoine. Quatre Cornet \u00e0 bord, c\u2019est s\u00fbr que le niveau va atteindre des sommets\u2026 Et non, bande de m\u00e9cr\u00e9ants m\u00e9disants, je ne parle pas ici de celui de la mauvaise foi&nbsp;! Quoique\u2026<\/span><\/p>\n<p><span style=\"font-family: Arial,sans-serif;\">En attendant, la soir\u00e9e commence bien&nbsp;; nous sommes invit\u00e9s \u00e0 bord de <i>Dream Weaver<\/i> par Dominique et Vincent. Ils ont fait \u00e0 peu pr\u00e8s la m\u00eame route que nous depuis la R\u00e9union. C\u2019est encore une occasion de raconter nos souvenirs communs, et de prendre des nouvelles des autres voiliers crois\u00e9s.<\/span><\/p>\n<p><span style=\"font-family: Arial,sans-serif;\"><b>21 juin<\/b>. Lever \u00e0 neuf heures pass\u00e9es\u2026 Un certain rel\u00e2chement se serait-il sournoisement install\u00e9 \u00e0 bord de Kousk Eol&nbsp;? Un rappel un peu bruyant du DD remet les pendules \u00e0 l\u2019heure. Le caf\u00e9 est vite aval\u00e9, les derni\u00e8res douches et courses faites, les r\u00e9servoirs d\u2019eau remplis, et Kousk Eol largue les amarres de cet endroit dont le c\u00f4t\u00e9 proclam\u00e9 idyllique ne nous a pas compl\u00e8tement convaincu. Nous mettons le cap vers les Bal\u00e9ares o\u00f9 nous pr\u00e9voyons un ou deux mouillages avant le retour \u00e0 Toulon pr\u00e9vu le 1<sup>er<\/sup> juillet.<\/span><\/p>\n<p><span style=\"font-family: Arial,sans-serif;\">Parce qu\u2019il faut vous dire qu\u2019un pot est pr\u00e9vu pour notre arriv\u00e9e, cens\u00e9 \u00eatre une surprise. Mais il fallait bien indiquer une date aux copains et aux proches qui veulent nous accueillir, et aux organisateurs dudit pot. Donc, au temps pour la surprise.<\/span><\/p>\n<p><span style=\"font-family: Arial,sans-serif;\">En attendant, le temps a d\u00e9cid\u00e9 de se mettre au tr\u00e8s beau depuis quelques jours. La chaleur n\u2019a pas rat\u00e9 le rendez-vous. Le seul qui se fasse un peu prier est \u00c9ole, qui saborde all\u00e8grement, avec la complicit\u00e9 d\u2019une houle chahuteuse, notre tentative de Code D. Tant pis&nbsp;: c\u2019est encore une fois Volvo qui assure\u2026<\/span><\/p>\n<figure id=\"attachment_5230\" aria-describedby=\"caption-attachment-5230\" style=\"width: 300px\" class=\"wp-caption aligncenter\"><a href=\"http:\/\/kouskeol.fr\/wp-content\/uploads\/2017\/07\/Tricot.jpg\" target=\"_blank\" rel=\"noopener\"><img loading=\"lazy\" decoding=\"async\" class=\"wp-image-5230 size-medium\" src=\"http:\/\/kouskeol.fr\/wp-content\/uploads\/2017\/07\/Tricot-300x221.jpg\" alt=\"\" width=\"300\" height=\"221\" srcset=\"http:\/\/kouskeol.fr\/wp-content\/uploads\/2017\/07\/Tricot-300x221.jpg 300w, http:\/\/kouskeol.fr\/wp-content\/uploads\/2017\/07\/Tricot-768x566.jpg 768w, http:\/\/kouskeol.fr\/wp-content\/uploads\/2017\/07\/Tricot-1024x755.jpg 1024w, http:\/\/kouskeol.fr\/wp-content\/uploads\/2017\/07\/Tricot.jpg 1254w\" sizes=\"auto, (max-width: 300px) 100vw, 300px\" \/><\/a><figcaption id=\"caption-attachment-5230\" class=\"wp-caption-text\">\u00c9quipier s&rsquo;entrainant \u00e0 r\u00e9parer les voiles.<\/figcaption><\/figure>\n<p><span style=\"font-family: Arial,sans-serif;\">Un beau rorqual nous croise \u00e0 moins de cinquante m\u00e8tres, majestueux. Puis ce sont les appels \u00e0 la VHF qui demandent des nouvelles de trois bateaux de migrants depuis l\u2019Afrique du Nord toute proche, et qui ont disparu des \u00e9crans radar\u2026<\/span><\/p>\n<p><span style=\"font-family: Arial,sans-serif;\">Deux heures plus tard&nbsp;: \u00ab&nbsp;Pan pan, pan pan, pan pan&nbsp;!&nbsp;\u00bb sur le canal 16. Une op\u00e9ration de sauvetage est en cours et l\u2019alerte termin\u00e9e. Nous n\u2019en saurons pas plus.<\/span><\/p>\n<p><span style=\"font-family: Arial,sans-serif;\"><b>19h<\/b>&nbsp;: le vent est toujours aux abonn\u00e9s absents\u2026 La houle s\u2019est calm\u00e9e. Et soudain, des ailerons noirs par le tribord&nbsp;: tout un groupe de globic\u00e9phales nous regardent passer, nonchalamment.<\/span><\/p>\n<p><span style=\"font-family: Arial,sans-serif;\">Puis quelques minutes plus tard, ce sont des centaines de petits dauphins en pleine chasse&nbsp;: \u00e7a bondit tout autour de nous. Pas le temps de venir jouer \u00e0 l\u2019\u00e9trave cette fois&nbsp;! C\u2019est comme \u00e7a \u00e0 bord de Kousk Eol&nbsp;: spectacle grandiose au moment de l\u2019ap\u00e9ro\u2026<\/span><\/p>\n<p><span style=\"font-family: Arial,sans-serif;\"><b>Jeudi 22 juin<\/b>. La nuit a \u00e9t\u00e9 tranquille, toujours au moteur sur une mer relativement plate. L\u2019air est tr\u00e8s humide&nbsp;: la condensation sur la grand-voile tombe goutte \u00e0 goutte sur le malheureux de quart. La pr\u00e9sence de nombreux bateaux impose une veille active, mais comme nous sommes cinq, les quarts ne sont que de deux heures chacun et passent relativement vite.<\/span><\/p>\n<figure id=\"attachment_5229\" aria-describedby=\"caption-attachment-5229\" style=\"width: 300px\" class=\"wp-caption aligncenter\"><a href=\"http:\/\/kouskeol.fr\/wp-content\/uploads\/2017\/07\/Capture-ais.png\" target=\"_blank\" rel=\"noopener\"><img loading=\"lazy\" decoding=\"async\" class=\"wp-image-5229 size-medium\" src=\"http:\/\/kouskeol.fr\/wp-content\/uploads\/2017\/07\/Capture-ais-300x225.png\" alt=\"\" width=\"300\" height=\"225\" srcset=\"http:\/\/kouskeol.fr\/wp-content\/uploads\/2017\/07\/Capture-ais-300x225.png 300w, http:\/\/kouskeol.fr\/wp-content\/uploads\/2017\/07\/Capture-ais-768x576.png 768w, http:\/\/kouskeol.fr\/wp-content\/uploads\/2017\/07\/Capture-ais-1024x768.png 1024w, http:\/\/kouskeol.fr\/wp-content\/uploads\/2017\/07\/Capture-ais.png 1346w\" sizes=\"auto, (max-width: 300px) 100vw, 300px\" \/><\/a><figcaption id=\"caption-attachment-5229\" class=\"wp-caption-text\">Ben ici aussi, il ne faudra pas trop s\u2019endormir pendant les quarts&#8230;.<\/figcaption><\/figure>\n<p><span style=\"font-family: Arial,sans-serif;\">Nico est \u00e0 bord, et \u00e7a se remarque&nbsp;: cr\u00eapes au petit-d\u00e9jeuner&nbsp;! Avec Raph et Tonio en plus, le c\u00f4t\u00e9 gastronomique rev\u00eat une importance dont le reste de l\u2019\u00e9quipage ne se plaint pas\u2026<\/span><\/p>\n<p><span style=\"font-family: Arial,sans-serif;\">En attendant, la M\u00e9diterran\u00e9e peaufine sa r\u00e9putation de mer changeante et capricieuse. Tous ceux qui ont franchi l\u2019\u00e9quateur vous raconteront avec force d\u00e9tails et tr\u00e9molos dans la voix l\u2019exp\u00e9rience parfois angoissante de la travers\u00e9e du Pot au Noir, avec ses sautes de vent, ses orages, son c\u00f4t\u00e9 impr\u00e9visible. La M\u00e9diterran\u00e9e peut \u00eatre une bonne \u00e9cole de pr\u00e9paration \u00e0 cette exp\u00e9rience\u2026 P\u00e9tole un jour, coup de vent le lendemain, ciel d\u00e9gag\u00e9 le soir, nuages noirs et charg\u00e9s le matin. Avec une m\u00e9t\u00e9o qui fait de son mieux pour pr\u00e9dire le plus justement possible la suite des \u00e9v\u00e9nements. Il n\u2019est que de regarder le nombre de BMS<a class=\"sdfootnoteanc\" href=\"#sdfootnote1sym\" name=\"sdfootnote1anc\"><sup>1<\/sup><\/a> chaque ann\u00e9e, tr\u00e8s largement sup\u00e9rieur \u00e0 celui de l\u2019Atlantique o\u00f9 la m\u00e9t\u00e9o est plus pr\u00e9visible, pour s\u2019en convaincre. La trilogie cirrus-stratus-cumulus ne fonctionne pas tr\u00e8s bien ici\u2026 Apr\u00e8s tout, le Mistral est un vent catabatique, tout comme les williwaws patagons, \u00e0 une autre \u00e9chelle.<\/span><\/p>\n<p><span style=\"font-family: Arial,sans-serif;\">Attendez une seconde&nbsp;: Nico nous interpelle depuis le cockpit, tout excit\u00e9. Un banc de thons est en chasse, et des individus bal\u00e8zes ex\u00e9cutent, \u00e0 l\u2019aise, des bonds impressionnants hors de l\u2019eau. Nous esp\u00e9rons qu\u2019aucun d\u2019entre eux n\u2019aura l\u2019id\u00e9e de mordre \u00e0 nos leurres, ou nous pourrons dire adieu \u00e0 nos lignes et nos cannes&nbsp;! Dans cette partie de la M\u00e9diterran\u00e9e au moins, la faune semble tr\u00e8s riche. Nous admirerons m\u00eame une petite tortue.<\/span><\/p>\n<figure id=\"attachment_5241\" aria-describedby=\"caption-attachment-5241\" style=\"width: 300px\" class=\"wp-caption aligncenter\"><a href=\"http:\/\/kouskeol.fr\/wp-content\/uploads\/2017\/07\/MG_9439-1024x683.jpg\" target=\"_blank\" rel=\"noopener\"><img loading=\"lazy\" decoding=\"async\" class=\"wp-image-5241 size-medium\" src=\"http:\/\/kouskeol.fr\/wp-content\/uploads\/2017\/07\/MG_9439-1024x683-300x200.jpg\" alt=\"\" width=\"300\" height=\"200\" srcset=\"http:\/\/kouskeol.fr\/wp-content\/uploads\/2017\/07\/MG_9439-1024x683-300x200.jpg 300w, http:\/\/kouskeol.fr\/wp-content\/uploads\/2017\/07\/MG_9439-1024x683-768x512.jpg 768w, http:\/\/kouskeol.fr\/wp-content\/uploads\/2017\/07\/MG_9439-1024x683.jpg 1024w\" sizes=\"auto, (max-width: 300px) 100vw, 300px\" \/><\/a><figcaption id=\"caption-attachment-5241\" class=\"wp-caption-text\">Petit voilier passant au large, dans le calme de la nuit tombante.<\/figcaption><\/figure>\n<p><span style=\"font-family: Arial,sans-serif;\">Ce n\u2019est pas avec le temps qu\u2019il fait qu\u2019on s\u2019agite beaucoup avec les man\u0153uvres de voile. Du coup, le scrabble est sorti et les neurones pas encore grill\u00e9s par le soleil sont r\u00e9activ\u00e9s. Et \u00e9videmment, au moment le plus palpitant de la partie, \u00ab&nbsp;Dzzzziiiiiiii&nbsp;!&nbsp;!&nbsp;!&nbsp;\u00bb fait le frein du moulinet, qui ne jouait m\u00eame pas. Nico, Raph et Andr\u00e9 se pr\u00e9cipitent \u00e0 l\u2019arri\u00e8re&nbsp;: un magnifique thon de plus de quinze kilos est promptement sorti de l\u2019eau, qui va largement contribuer \u00e0 agr\u00e9menter les menus du bord, d\u00e9j\u00e0 tr\u00e8s \u00e9labor\u00e9s, pour au moins les trois prochains jours\u2026 Sushis, steaks et curry \u00e0 la mode de Kousk Eol, recettes tenues secr\u00e8tes pour ne pas en rajouter sur l\u2019aspect d\u00e9j\u00e0 fortement lacrymog\u00e8ne aupr\u00e8s des lecteurs de ce blog normalement condamn\u00e9s \u00e0 suivre les d\u00e9boires de TPMP<a class=\"sdfootnoteanc\" href=\"#sdfootnote2sym\" name=\"sdfootnote2anc\"><sup>2<\/sup><\/a> sur la 8. Tentez seulement d\u2019imaginer la discussion tendue entre Andr\u00e9 et Raph sur la taille optimale pour les sushis&nbsp;: trois ou bien trois millim\u00e8tres et demi d&nbsp;&lsquo;\u00e9paisseur&nbsp;? Quatre ou plut\u00f4t cinq centim\u00e8tres de c\u00f4t\u00e9&nbsp;? Ou bien&nbsp;? Le ton monte\u2026 \u00ab&nbsp;Bon sang, mais tu vois bien que \u00e7a fait plus d\u2019un centim\u00e8tre d\u2019\u00e9paisseur&nbsp;! T\u2019en as mang\u00e9 o\u00f9, la derni\u00e8re fois, des sushis&nbsp;?&nbsp;\u00bb \u00ab&nbsp;Oh, si \u00e7a ne te pla\u00eet pas, je retourne finir ma bi\u00e8re&nbsp;!&nbsp;\u00bb \u00ab&nbsp;Putain, mais on peut rien te dire&nbsp;! Tu me demandes, je t\u2019explique.&nbsp;\u00bb \u00ab&nbsp;Oh, Nico, viens me remplacer&nbsp;! Je sens que je vais m\u2019\u00e9nerver&nbsp;!&nbsp;\u00bb. Nous, ceux qui ne sont pas directement impliqu\u00e9s pour l\u2019instant, nous \u00e9vitons courageusement de nous en m\u00ealer en esp\u00e9rant que les cons\u00e9quences sur les sushis ne seront pas d\u00e9sastreuses\u2026<\/span><\/p>\n<p><a href=\"http:\/\/kouskeol.fr\/wp-content\/uploads\/2017\/07\/Cuisine.jpg\"><img loading=\"lazy\" decoding=\"async\" class=\"aligncenter size-medium wp-image-5243\" src=\"http:\/\/kouskeol.fr\/wp-content\/uploads\/2017\/07\/Cuisine-300x221.jpg\" alt=\"\" width=\"300\" height=\"221\" srcset=\"http:\/\/kouskeol.fr\/wp-content\/uploads\/2017\/07\/Cuisine-300x221.jpg 300w, http:\/\/kouskeol.fr\/wp-content\/uploads\/2017\/07\/Cuisine-768x566.jpg 768w, http:\/\/kouskeol.fr\/wp-content\/uploads\/2017\/07\/Cuisine-1024x755.jpg 1024w, http:\/\/kouskeol.fr\/wp-content\/uploads\/2017\/07\/Cuisine.jpg 1254w\" sizes=\"auto, (max-width: 300px) 100vw, 300px\" \/><\/a><\/p>\n<p><span style=\"font-family: Arial,sans-serif;\">Ils s\u2019av\u00e9reront excellents\u2026<\/span><\/p>\n<figure id=\"attachment_5242\" aria-describedby=\"caption-attachment-5242\" style=\"width: 300px\" class=\"wp-caption aligncenter\"><a href=\"http:\/\/kouskeol.fr\/wp-content\/uploads\/2017\/07\/MG_9502-1024x683.jpg\" target=\"_blank\" rel=\"noopener\"><img loading=\"lazy\" decoding=\"async\" class=\"wp-image-5242 size-medium\" src=\"http:\/\/kouskeol.fr\/wp-content\/uploads\/2017\/07\/MG_9502-1024x683-300x200.jpg\" alt=\"\" width=\"300\" height=\"200\" srcset=\"http:\/\/kouskeol.fr\/wp-content\/uploads\/2017\/07\/MG_9502-1024x683-300x200.jpg 300w, http:\/\/kouskeol.fr\/wp-content\/uploads\/2017\/07\/MG_9502-1024x683-768x512.jpg 768w, http:\/\/kouskeol.fr\/wp-content\/uploads\/2017\/07\/MG_9502-1024x683.jpg 1024w\" sizes=\"auto, (max-width: 300px) 100vw, 300px\" \/><\/a><figcaption id=\"caption-attachment-5242\" class=\"wp-caption-text\">Coucher de soleil \u00e0 Formentera.<\/figcaption><\/figure>\n<p><span style=\"font-family: Arial,sans-serif;\"><b>Vendredi 23 juin<\/b>. Encore une nuit tr\u00e8s tranquille, au moteur. Kousk Eol allume le plancton dans son sillage. \u00c0 l\u2019heure du caf\u00e9, une discussion anim\u00e9e s\u2019engage sur l\u2019opportunit\u00e9 de cr\u00e9er une cat\u00e9gorie suppl\u00e9mentaire pour enrichir la taxinomie des \u00e9quipiers, li\u00e9e, aux dires d\u2019Andr\u00e9, \u00e0 la phase qu\u2019on qualifiera de gazeuse<a class=\"sdfootnoteanc\" href=\"#sdfootnote3sym\" name=\"sdfootnote3anc\"><sup>3<\/sup><\/a> au moment du r\u00e9veil de la partie \u00ab&nbsp;Jeunes&nbsp;\u00bb de l\u2019\u00e9quipage. Ladite partie contestant l\u2019objectivit\u00e9 de cette analyse, nous en resterons aux sangliers-blaireaux-amis pour l\u2019instant.<\/span><\/p>\n<p><span style=\"font-family: Arial,sans-serif;\">Vers neuf heures, le vent d\u00e9cide de se r\u00e9veiller un peu, cr\u00e9ant une agitation soudaine pour hisser le Code D&nbsp;: tout le monde est content d\u2019arr\u00eater le moteur apr\u00e8s presque vingt-quatre heures de fonctionnement pratiquement sans discontinuer. Kousk Eol file \u00e0 plus de six n\u0153uds sur une mer plate. Formentera, la plus au sud des Bal\u00e9ares, approche&nbsp;: encore une cinquantaine de milles. On devrait y \u00eatre en fin de journ\u00e9e.<\/span><\/p>\n<p><span style=\"font-family: Arial,sans-serif;\">Puis vers onze heures, le vent forcit un peu en passant plus au sud&nbsp;: il est temps de passer au spi&nbsp;! La vitesse monte \u00e0 huit n\u0153uds, avec des pointes au-del\u00e0 de neuf n\u0153uds, toujours sur une mer sans vagues. Grand confort&nbsp;!<\/span><\/p>\n<p><a href=\"http:\/\/kouskeol.fr\/wp-content\/uploads\/2017\/07\/Spi.jpg\" target=\"_blank\" rel=\"noopener\"><img loading=\"lazy\" decoding=\"async\" class=\"aligncenter wp-image-5244 size-medium\" src=\"http:\/\/kouskeol.fr\/wp-content\/uploads\/2017\/07\/Spi-300x221.jpg\" alt=\"\" width=\"300\" height=\"221\" srcset=\"http:\/\/kouskeol.fr\/wp-content\/uploads\/2017\/07\/Spi-300x221.jpg 300w, http:\/\/kouskeol.fr\/wp-content\/uploads\/2017\/07\/Spi-768x566.jpg 768w, http:\/\/kouskeol.fr\/wp-content\/uploads\/2017\/07\/Spi-1024x754.jpg 1024w, http:\/\/kouskeol.fr\/wp-content\/uploads\/2017\/07\/Spi.jpg 1252w\" sizes=\"auto, (max-width: 300px) 100vw, 300px\" \/><\/a><\/p>\n<p><span style=\"font-family: Arial,sans-serif;\">Et c\u2019est un peu en avance sur la pr\u00e9vision que nous mouillons devant la plage ouest de Formentera. L\u2019ambiance fait penser aux \u00eeles de L\u00e9rins question fr\u00e9quentation&nbsp;: quantit\u00e9 et \u00e9talage de luxe pas toujours du meilleur go\u00fbt\u2026 Et les \u00e9changes sur le canal 16 font peser quelques doutes sur le comportement marin et le respect de l\u2019\u00e9tiquette de certains occupants de ces yachts clinquants&nbsp;: \u00ab&nbsp;(Petite voix fl\u00fbt\u00e9e) Fuck you&nbsp;! Fuck you&nbsp;!&nbsp;\u00bb \u00ab&nbsp;Please shut up and leave chanel 16 free for emergency&nbsp;!&nbsp;\u00bb \u00ab&nbsp;Fuck you&nbsp;! Fuck you&nbsp;!&nbsp;\u00bb \u00ab&nbsp;Your call is being triangulated and you will be found and fined&nbsp;!&nbsp;\u00bb \u00ab&nbsp;Fuck you&nbsp;! Fuck you&nbsp;!&nbsp;\u00bb et ainsi de suite, virant au carr\u00e9ment graveleux, pendant plus d\u2019une heure\u2026 Je ne vais pas en rajouter avec les canots \u00e0 moteur qui slaloment entre les bateaux \u00e0 l\u2019ancre \u00e0 pleine vitesse. Mais bon, nous n\u2019avons pas pr\u00e9vu de rester, et le mouillage est bien prot\u00e9g\u00e9 et l\u2019eau cristalline.<\/span><\/p>\n<p><span style=\"font-family: Arial,sans-serif;\">Quand enfin la majorit\u00e9 des bateaux (les blaireaux&nbsp;?) s\u2019en va en d\u00e9but de soir\u00e9e, Formentera retrouve son charme et fait presque penser \u00e0 un atoll d\u2019une mer un peu plus lointaine. Surtout que nous b\u00e9n\u00e9ficions ce soir d\u2019un coucher de soleil somptueux. Finalement, il semble que nous ayons eu beaucoup de chance il y a quatre ans, o\u00f9 le mouillage \u00e9tait presque d\u00e9sert\u2026<\/span><\/p>\n<p><span style=\"font-family: Arial,sans-serif;\"><b>Samedi 24 juin<\/b>. C\u2019est bien parti pour une de ces journ\u00e9es de glande totale qui font le charme des grandes navigations. De toutes les navigations, en fait. Il y a bien quelques contraintes incontournables, comme trouver des oignons, mais nous devrions survivre\u2026 Les excellentes rillettes de thon frais pour le ti punch d\u2019hier soir ont \u00e9t\u00e9 fatales au stock restant&nbsp;!<\/span><\/p>\n<p><span style=\"font-family: Arial,sans-serif;\">Petit coup d\u2019annexe vers la Savina, la capitale, cern\u00e9s de tout c\u00f4t\u00e9 par les bateaux \u00e0 moteur faisant la course pour entrer dans le port&nbsp;: on y parle beaucoup plus anglais, fran\u00e7ais et italien qu\u2019espagnol\u2026 Le WIFI ne marche pas, mais il y a des oignons&nbsp;! Ce n\u2019est pas aujourd\u2019hui que le restaurant de Kousk Eol va perdre une \u00e9toile.<\/span><\/p>\n<p><span style=\"font-family: Arial,sans-serif;\">Heureusement, l\u2019Iridium, lui, fonctionne. Pas vite, mais il ne nous l\u00e2che pas&nbsp;: les GRIBs pr\u00e9voient un fort mistral \u00e0 partir de vendredi soir. Il faudra quitter les Bal\u00e9ares jeudi de bonne heure pour les derniers deux cents milles. En attendant, nous changeons de mouillage pour la nuit&nbsp;: il y a d\u00e9cid\u00e9ment trop de monde ici\u2026<\/span><\/p>\n<p><span style=\"font-family: Arial,sans-serif;\">Un peu plus au nord, nous jetons l\u2019ancre \u00e0 c\u00f4t\u00e9 du <i>sailing <\/i><i>yacht<\/i> A, plus grand yacht priv\u00e9 \u00e0 voile (cent quarante-trois m\u00e8tres de long, m\u00e2ts culminant \u00e0 cent m\u00e8tres au-dessus de l\u2019eau.) appartenant \u00e0 un milliardaire russe et dessin\u00e9 par Philippe Stark. Dr\u00f4le d\u2019engin aux hublots \u00e0 l\u2019\u00e9preuve des bombes et poste de vision sous-marine\u2026 Jugez par vous-m\u00eame.<\/span><\/p>\n<figure id=\"attachment_5240\" aria-describedby=\"caption-attachment-5240\" style=\"width: 300px\" class=\"wp-caption aligncenter\"><a href=\"http:\/\/kouskeol.fr\/wp-content\/uploads\/2017\/07\/A.jpg\" target=\"_blank\" rel=\"noopener\"><img loading=\"lazy\" decoding=\"async\" class=\"wp-image-5240 size-medium\" src=\"http:\/\/kouskeol.fr\/wp-content\/uploads\/2017\/07\/A-300x225.jpg\" alt=\"\" width=\"300\" height=\"225\" srcset=\"http:\/\/kouskeol.fr\/wp-content\/uploads\/2017\/07\/A-300x225.jpg 300w, http:\/\/kouskeol.fr\/wp-content\/uploads\/2017\/07\/A-768x576.jpg 768w, http:\/\/kouskeol.fr\/wp-content\/uploads\/2017\/07\/A-1024x768.jpg 1024w, http:\/\/kouskeol.fr\/wp-content\/uploads\/2017\/07\/A.jpg 1280w\" sizes=\"auto, (max-width: 300px) 100vw, 300px\" \/><\/a><figcaption id=\"caption-attachment-5240\" class=\"wp-caption-text\">Le \u00ab\u00a0A\u00a0\u00bb: les m\u00e2ts culminent tout de m\u00eame \u00e0 cent m\u00e8tres\u2026<\/figcaption><\/figure>\n<p><span style=\"font-family: Arial,sans-serif;\">Nous, plus modestement, on aime bien Kousk Eol.<\/span><\/p>\n<p><span style=\"font-family: Arial,sans-serif;\"><b>Dimanche 25 juin<\/b>, 7h30. Il est temps pour nous de bouger&nbsp;: l\u2019objectif est Minorque, \u00e0 environ cent cinquante milles au nord. Le temps est toujours au tr\u00e8s beau, mais le vent ne se fait pas trop violence pour gonfler comme il se devrait nos voiles. De Minorque, nous serons bien plac\u00e9s pour saisir la meilleur fen\u00eatre m\u00e9t\u00e9o pour Toulon.<\/span><\/p>\n<p><span style=\"font-family: Arial,sans-serif;\">Mais comme nous sommes sur Kousk Eol, les plans sont revus r\u00e9guli\u00e8rement, et la d\u00e9cision est prise de s\u2019arr\u00eater sur la c\u00f4te nord-ouest de Majorque, dans le petit port de S\u00f3ller, o\u00f9 nous arrivons vers vingt-trois heures, apr\u00e8s une belle navigation au pr\u00e8s sur une mer relativement plate. L\u2019avant-port est tr\u00e8s encombr\u00e9, et nous nous y reprenons par trois fois pour trouver le bon endroit o\u00f9 mouiller notre ancre sans risque de toucher un voilier voisin&nbsp;: le vent tournoie dans la petite baie, et les bateaux bougent de fa\u00e7on un peu anarchique.<\/span><\/p>\n<p><span style=\"font-family: Arial,sans-serif;\"><b>Lundi 2<\/b><b>6<\/b><b> juin<\/b>. La m\u00e9t\u00e9o confirme un fort mistral \u00e0 partir de la nuit de vendredi \u00e0 samedi. Nous devrions traverser jeudi dans la matin\u00e9e pour arriver avant le coup de vent.<\/span><\/p>\n<figure id=\"attachment_5233\" aria-describedby=\"caption-attachment-5233\" style=\"width: 300px\" class=\"wp-caption aligncenter\"><a href=\"http:\/\/kouskeol.fr\/wp-content\/uploads\/2017\/07\/P1010586-1024x768.jpg\" target=\"_blank\" rel=\"noopener\"><img loading=\"lazy\" decoding=\"async\" class=\"wp-image-5233 size-medium\" src=\"http:\/\/kouskeol.fr\/wp-content\/uploads\/2017\/07\/P1010586-1024x768-300x224.jpg\" alt=\"\" width=\"300\" height=\"224\" srcset=\"http:\/\/kouskeol.fr\/wp-content\/uploads\/2017\/07\/P1010586-1024x768-300x224.jpg 300w, http:\/\/kouskeol.fr\/wp-content\/uploads\/2017\/07\/P1010586-1024x768-768x575.jpg 768w, http:\/\/kouskeol.fr\/wp-content\/uploads\/2017\/07\/P1010586-1024x768.jpg 1024w\" sizes=\"auto, (max-width: 300px) 100vw, 300px\" \/><\/a><figcaption id=\"caption-attachment-5233\" class=\"wp-caption-text\">Mouillage devant S\u00f3ller.<\/figcaption><\/figure>\n<p><span style=\"font-family: Arial,sans-serif;\">Mais chaque chose en son temps&nbsp;: le programme d\u2019aujourd\u2019hui est de visiter S\u00f3ller, la petite baie et son port ainsi que la ville, \u00e0 quatre kilom\u00e8tres. En d\u00e9barquant avec l\u2019annexe, nous avons le plaisir de rencontrer M\u00e9ridienne, un autre Centurion 45&nbsp;s, lui aussi bas\u00e9 \u00e0 Toulon, et avec l\u2019\u00e9quipage duquel, Fran\u00e7oise et Elie, nous avons des \u00e9changes depuis longtemps&nbsp;: ils sont en route vers les Antilles, puis la c\u00f4te est des \u00c9tats Unis.<\/span><\/p>\n<p><span style=\"font-family: Arial,sans-serif;\">La baie de S\u00f3ller est un m\u00e9lange d\u2019ancien et de plus moderne, mais pour une fois architecturalement un peu respectueux du site.<\/span><\/p>\n<p style=\"text-align: center;\"><a href=\"http:\/\/kouskeol.fr\/wp-content\/uploads\/2017\/07\/Rue-Soller2.jpg\"><img loading=\"lazy\" decoding=\"async\" class=\"aligncenter size-medium wp-image-5235\" src=\"http:\/\/kouskeol.fr\/wp-content\/uploads\/2017\/07\/Rue-Soller2-300x222.jpg\" alt=\"\" width=\"300\" height=\"222\" srcset=\"http:\/\/kouskeol.fr\/wp-content\/uploads\/2017\/07\/Rue-Soller2-300x222.jpg 300w, http:\/\/kouskeol.fr\/wp-content\/uploads\/2017\/07\/Rue-Soller2-768x567.jpg 768w, http:\/\/kouskeol.fr\/wp-content\/uploads\/2017\/07\/Rue-Soller2-1024x756.jpg 1024w, http:\/\/kouskeol.fr\/wp-content\/uploads\/2017\/07\/Rue-Soller2.jpg 1254w\" sizes=\"auto, (max-width: 300px) 100vw, 300px\" \/><\/a> <a href=\"http:\/\/kouskeol.fr\/wp-content\/uploads\/2017\/07\/Rue-Soller.jpg\"><img loading=\"lazy\" decoding=\"async\" class=\"aligncenter size-medium wp-image-5234\" src=\"http:\/\/kouskeol.fr\/wp-content\/uploads\/2017\/07\/Rue-Soller-300x224.jpg\" alt=\"\" width=\"300\" height=\"224\" srcset=\"http:\/\/kouskeol.fr\/wp-content\/uploads\/2017\/07\/Rue-Soller-300x224.jpg 300w, http:\/\/kouskeol.fr\/wp-content\/uploads\/2017\/07\/Rue-Soller-768x574.jpg 768w, http:\/\/kouskeol.fr\/wp-content\/uploads\/2017\/07\/Rue-Soller-1024x765.jpg 1024w, http:\/\/kouskeol.fr\/wp-content\/uploads\/2017\/07\/Rue-Soller.jpg 1272w\" sizes=\"auto, (max-width: 300px) 100vw, 300px\" \/><\/a><em>Rues dans S\u00f3ller.<\/em><\/p>\n<p><span style=\"font-family: Arial,sans-serif;\">Un antique tram avec des wagons tout en bois verni relie le port \u00e0 la ville&nbsp;: nous irons \u00e0 pied tant que le soleil ne tape pas trop, puis nous rentrerons avec.<\/span><\/p>\n<p style=\"text-align: center;\"><span style=\"font-family: Arial,sans-serif;\"><a href=\"http:\/\/kouskeol.fr\/wp-content\/uploads\/2017\/07\/Tram-Soller1.jpg\"><img loading=\"lazy\" decoding=\"async\" class=\"aligncenter size-medium wp-image-5236\" src=\"http:\/\/kouskeol.fr\/wp-content\/uploads\/2017\/07\/Tram-Soller1-300x223.jpg\" alt=\"\" width=\"300\" height=\"223\" srcset=\"http:\/\/kouskeol.fr\/wp-content\/uploads\/2017\/07\/Tram-Soller1-300x223.jpg 300w, http:\/\/kouskeol.fr\/wp-content\/uploads\/2017\/07\/Tram-Soller1-768x571.jpg 768w, http:\/\/kouskeol.fr\/wp-content\/uploads\/2017\/07\/Tram-Soller1-1024x761.jpg 1024w, http:\/\/kouskeol.fr\/wp-content\/uploads\/2017\/07\/Tram-Soller1.jpg 1268w\" sizes=\"auto, (max-width: 300px) 100vw, 300px\" \/><\/a><\/span><a href=\"http:\/\/kouskeol.fr\/wp-content\/uploads\/2017\/07\/Tram-Soller3.jpg\"><img loading=\"lazy\" decoding=\"async\" class=\"aligncenter size-medium wp-image-5238\" src=\"http:\/\/kouskeol.fr\/wp-content\/uploads\/2017\/07\/Tram-Soller3-300x220.jpg\" alt=\"\" width=\"300\" height=\"220\" srcset=\"http:\/\/kouskeol.fr\/wp-content\/uploads\/2017\/07\/Tram-Soller3-300x220.jpg 300w, http:\/\/kouskeol.fr\/wp-content\/uploads\/2017\/07\/Tram-Soller3-768x564.jpg 768w, http:\/\/kouskeol.fr\/wp-content\/uploads\/2017\/07\/Tram-Soller3-1024x752.jpg 1024w, http:\/\/kouskeol.fr\/wp-content\/uploads\/2017\/07\/Tram-Soller3.jpg 1250w\" sizes=\"auto, (max-width: 300px) 100vw, 300px\" \/><\/a><a href=\"http:\/\/kouskeol.fr\/wp-content\/uploads\/2017\/07\/Tram-Soller2.jpg\"><img loading=\"lazy\" decoding=\"async\" class=\"aligncenter size-medium wp-image-5237\" src=\"http:\/\/kouskeol.fr\/wp-content\/uploads\/2017\/07\/Tram-Soller2-300x224.jpg\" alt=\"\" width=\"300\" height=\"224\" srcset=\"http:\/\/kouskeol.fr\/wp-content\/uploads\/2017\/07\/Tram-Soller2-300x224.jpg 300w, http:\/\/kouskeol.fr\/wp-content\/uploads\/2017\/07\/Tram-Soller2-768x574.jpg 768w, http:\/\/kouskeol.fr\/wp-content\/uploads\/2017\/07\/Tram-Soller2-1024x766.jpg 1024w, http:\/\/kouskeol.fr\/wp-content\/uploads\/2017\/07\/Tram-Soller2.jpg 1276w\" sizes=\"auto, (max-width: 300px) 100vw, 300px\" \/><\/a><em>Le tram.<\/em><\/p>\n<p><span style=\"font-family: Arial,sans-serif;\">Et \u00e0 treize heures (nous sommes en Espagne apr\u00e8s tout) nous mangeons dans l\u2019auberge de la famille Nadal, l\u2019enfant du coin.<\/span><\/p>\n<p><span style=\"font-family: Arial,sans-serif;\"><a href=\"http:\/\/kouskeol.fr\/wp-content\/uploads\/2017\/07\/20170626_130425-714x1024.jpg\" target=\"_blank\" rel=\"noopener\"><img loading=\"lazy\" decoding=\"async\" class=\"aligncenter wp-image-5255 size-medium\" src=\"http:\/\/kouskeol.fr\/wp-content\/uploads\/2017\/07\/20170626_130425-714x1024-209x300.jpg\" alt=\"\" width=\"209\" height=\"300\" srcset=\"http:\/\/kouskeol.fr\/wp-content\/uploads\/2017\/07\/20170626_130425-714x1024-209x300.jpg 209w, http:\/\/kouskeol.fr\/wp-content\/uploads\/2017\/07\/20170626_130425-714x1024.jpg 714w\" sizes=\"auto, (max-width: 209px) 100vw, 209px\" \/><\/a><\/span><\/p>\n<p><span style=\"font-family: Arial,sans-serif;\"><b>Mardi 27 juin<\/b>. D\u00e9collage \u00e0 six heures trente pour ne pas arriver trop tard \u00e0 Minorque, avec un peu moins de quatre-vingts milles \u00e0 faire aujourd\u2019hui. La c\u00f4te nord-ouest de Majorque est magnifique, avec ses falaises majestueuses tombant dans la mer, et s\u2019ouvrant de temps en temps sur des criques qui font penser \u00e0 la Corse.<\/span><\/p>\n<figure id=\"attachment_5257\" aria-describedby=\"caption-attachment-5257\" style=\"width: 300px\" class=\"wp-caption aligncenter\"><a href=\"http:\/\/kouskeol.fr\/wp-content\/uploads\/2017\/07\/VersCalaCalobra.jpg\" target=\"_blank\" rel=\"noopener\"><img loading=\"lazy\" decoding=\"async\" class=\"wp-image-5257 size-medium\" src=\"http:\/\/kouskeol.fr\/wp-content\/uploads\/2017\/07\/VersCalaCalobra-300x224.jpg\" alt=\"\" width=\"300\" height=\"224\" srcset=\"http:\/\/kouskeol.fr\/wp-content\/uploads\/2017\/07\/VersCalaCalobra-300x224.jpg 300w, http:\/\/kouskeol.fr\/wp-content\/uploads\/2017\/07\/VersCalaCalobra-768x574.jpg 768w, http:\/\/kouskeol.fr\/wp-content\/uploads\/2017\/07\/VersCalaCalobra-1024x766.jpg 1024w, http:\/\/kouskeol.fr\/wp-content\/uploads\/2017\/07\/VersCalaCalobra.jpg 1278w\" sizes=\"auto, (max-width: 300px) 100vw, 300px\" \/><\/a><figcaption id=\"caption-attachment-5257\" class=\"wp-caption-text\">Vers la cala de la Calobra.<\/figcaption><\/figure>\n<p><span style=\"font-family: Arial,sans-serif;\">Eole profite lui aussi du beau temps et du paysage&nbsp;: c\u2019est encore une journ\u00e9e \u00e0 br\u00fbler du combustible fossile\u2026 Eh ben non&nbsp;: \u00e0 peine pass\u00e9 le cap Formentor au nord de Majorque qu\u2019un vent de sud-est prend le relais. Presque vingt n\u0153uds&nbsp;: nous passons vite \u00e0 un ris dans la grand-voile et \u00e0 la trinquette, mais Kousk Eol s\u2019ent\u00eate \u00e0 filer \u00e0 presque neuf n\u0153uds sur une mer relativement peu agit\u00e9e, droit vers la c\u00f4te nord de Minorque.<\/span><\/p>\n<p><span style=\"font-family: Arial,sans-serif;\">\u00ab&nbsp;C\u2019est pas \u00e0 cette vitesse qu\u2019on va attraper quelque chose \u00e0 la ligne&nbsp;!&nbsp;\u00bb maugr\u00e9e Rapha\u00ebl. Et \u00e7a ne rate pas&nbsp;: cinq minutes plus tard, \u00ab&nbsp;Dzzzziiiiii&nbsp;!&nbsp;!&nbsp;!&nbsp;!&nbsp;\u00bb once again. C\u2019est quoi ce truc qui mord un machin en plastique color\u00e9 au bout d\u2019un fil alors qu\u2019on file \u00e0 neuf n\u0153uds&nbsp;? Il faudra presque une heure de quasi-combat, voiles affal\u00e9es, moteur pour anticiper les r\u00e9actions de l\u2019OPNI<a class=\"sdfootnoteanc\" href=\"#sdfootnote4sym\" name=\"sdfootnote4anc\"><sup>4<\/sup><\/a> avant de pouvoir lui donner un nom. Ce ne sera finalement qu\u2019un banal thon de presque quarante kilos, promesse de plat unique pour les quatre ou cinq prochains jours\u2026 Trop cons, ces poissons. Et vous croyez qu\u2019on s\u2019amuse, \u00e0 bord, vous&nbsp;? Heureusement, l\u2019arriv\u00e9e \u00e0 Toulon est pr\u00e9vue dans trois jours&nbsp;!<\/span><\/p>\n<p><span style=\"font-family: Arial,sans-serif;\"><a href=\"http:\/\/kouskeol.fr\/wp-content\/uploads\/2017\/07\/P1010607-1024x768.jpg\" target=\"_blank\" rel=\"noopener\"><img loading=\"lazy\" decoding=\"async\" class=\"aligncenter wp-image-5245 size-medium\" src=\"http:\/\/kouskeol.fr\/wp-content\/uploads\/2017\/07\/P1010607-1024x768-300x225.jpg\" alt=\"\" width=\"300\" height=\"225\" srcset=\"http:\/\/kouskeol.fr\/wp-content\/uploads\/2017\/07\/P1010607-1024x768-300x225.jpg 300w, http:\/\/kouskeol.fr\/wp-content\/uploads\/2017\/07\/P1010607-1024x768-768x576.jpg 768w, http:\/\/kouskeol.fr\/wp-content\/uploads\/2017\/07\/P1010607-1024x768.jpg 1022w\" sizes=\"auto, (max-width: 300px) 100vw, 300px\" \/><\/a> <a href=\"http:\/\/kouskeol.fr\/wp-content\/uploads\/2017\/07\/Thon.jpg\" target=\"_blank\" rel=\"noopener\"><img loading=\"lazy\" decoding=\"async\" class=\"aligncenter wp-image-5246 size-medium\" src=\"http:\/\/kouskeol.fr\/wp-content\/uploads\/2017\/07\/Thon-300x223.jpg\" alt=\"\" width=\"300\" height=\"223\" srcset=\"http:\/\/kouskeol.fr\/wp-content\/uploads\/2017\/07\/Thon-300x223.jpg 300w, http:\/\/kouskeol.fr\/wp-content\/uploads\/2017\/07\/Thon-768x570.jpg 768w, http:\/\/kouskeol.fr\/wp-content\/uploads\/2017\/07\/Thon-1024x759.jpg 1024w, http:\/\/kouskeol.fr\/wp-content\/uploads\/2017\/07\/Thon.jpg 1262w\" sizes=\"auto, (max-width: 300px) 100vw, 300px\" \/><\/a><\/span><\/p>\n<p><span style=\"font-family: Arial,sans-serif;\">Bref, il para\u00eet que c\u2019est bon pour la sant\u00e9, et que plus frais, tu meurs, et autres salades marketing du m\u00eame acabit. On la fermera et on dira qu\u2019on se r\u00e9gale&nbsp;: rappelez-vous, Toulon c\u2019est dans trois jours.<\/span><\/p>\n<p><span style=\"font-family: Arial,sans-serif;\">On se remet finalement en route, pour arriver un peu plus d\u2019une heure plus tard, vers dix-huit heures, dans la Bahia de Fornells, une esp\u00e8ce de fjord au nord de Minorque. Entre vingt et vingt-cinq n\u0153uds de vent&nbsp;: le pr\u00e9pos\u00e9 aux bou\u00e9es d\u2019amarrage, sur son zodiac, est passablement \u00e9nerv\u00e9 par un voilier qui rate pour la troisi\u00e8me fois sa prise de mouillage et du coup nous houspille un peu parce qu\u2019on pr\u00e9tendait se d\u00e9brouiller tout seuls. Il n\u2019en faut pas plus au DD pour remettre les gaz&nbsp;: nous passerons la nuit sur ancre, un peu plus au fond du fjord. Comme il est pr\u00e9vu plus de trente n\u0153uds de vent, les cinquante m\u00e8tres de cha\u00eene et une vingtaine de m\u00e8tre de c\u00e2blot sont d\u00e9vid\u00e9s&nbsp;: dans huit m\u00e8tres de fond, \u00e7a devrait coller.<\/span><\/p>\n<p><span style=\"font-family: Arial,sans-serif;\">Man\u0153uvre \u00e0 peine termin\u00e9e, nous d\u00e9couvrons que notre thon, c\u2019est pas un b\u00eate germon, mais un thon rouge authentique\u2026 Je retire tout ce que j\u2019ai dit plus haut&nbsp;! Les morfales du bord salivent \u00e0 qui mieux mieux. Sashimi \u00e0 volont\u00e9 pour le d\u00eener&nbsp;! Et comme Raph et Tonio sont all\u00e9s distribuer l\u2019exc\u00e9dent autour de nous, nous avons assur\u00e9 notre r\u00e9putation dans le mouillage&nbsp;! Peut-\u00eatre un truc \u00e0 partager avec nos politiques&nbsp;?<\/span><\/p>\n<p><span style=\"font-family: Arial,sans-serif;\"><b>M<\/b><b>ercredi 28 juin<\/b>. Le vent s\u2019est bien calm\u00e9 durant la nuit, et c\u2019est de nouveau sous un soleil \u00e9clatant que nous prenons notre caf\u00e9 matinal. Ce matin, l\u2019activit\u00e9 sera centr\u00e9e sur la maintenance avant l\u2019Arriv\u00e9 avec un grand A&nbsp;: r\u00e9paration du lazy-jack qui n\u2019a pas support\u00e9 l\u2019affalage rapide de la grand-voile hier pour cause de thon, v\u00e9rification les niveaux d\u2019huile et d\u2019eau du moteur, petite couture \u00e0 refaire sur la capote, vis \u00e0 changer sur le couvercle des w-c, plein de gas-oil pour la travers\u00e9e vers Toulon, etc.<\/span><\/p>\n<p><span style=\"font-family: Arial,sans-serif;\">Comme nous avons bien travaill\u00e9, nous partons visiter la bourgade de Fornells, toute blanche et non sans charme.<\/span><\/p>\n<figure id=\"attachment_5248\" aria-describedby=\"caption-attachment-5248\" style=\"width: 300px\" class=\"wp-caption aligncenter\"><a href=\"http:\/\/kouskeol.fr\/wp-content\/uploads\/2017\/07\/Fornells2.jpg\" target=\"_blank\" rel=\"noopener\"><img loading=\"lazy\" decoding=\"async\" class=\"wp-image-5248 size-medium\" src=\"http:\/\/kouskeol.fr\/wp-content\/uploads\/2017\/07\/Fornells2-300x225.jpg\" alt=\"\" width=\"300\" height=\"225\" srcset=\"http:\/\/kouskeol.fr\/wp-content\/uploads\/2017\/07\/Fornells2-300x225.jpg 300w, http:\/\/kouskeol.fr\/wp-content\/uploads\/2017\/07\/Fornells2-768x576.jpg 768w, http:\/\/kouskeol.fr\/wp-content\/uploads\/2017\/07\/Fornells2-1024x768.jpg 1024w, http:\/\/kouskeol.fr\/wp-content\/uploads\/2017\/07\/Fornells2.jpg 1280w\" sizes=\"auto, (max-width: 300px) 100vw, 300px\" \/><\/a><figcaption id=\"caption-attachment-5248\" class=\"wp-caption-text\">Fornells depuis les hauteurs, et le mouillage en arri\u00e8re plan.<\/figcaption><\/figure>\n<p><span style=\"font-family: Arial,sans-serif;\">Plein de courage, nous allons m\u00eame jusqu\u2019\u00e0 la baie suivante o\u00f9 semble se trouver un autre village.<\/span><\/p>\n<figure id=\"attachment_5247\" aria-describedby=\"caption-attachment-5247\" style=\"width: 300px\" class=\"wp-caption aligncenter\"><a href=\"http:\/\/kouskeol.fr\/wp-content\/uploads\/2017\/07\/Fornells1.jpg\" target=\"_blank\" rel=\"noopener\"><img loading=\"lazy\" decoding=\"async\" class=\"wp-image-5247 size-medium\" src=\"http:\/\/kouskeol.fr\/wp-content\/uploads\/2017\/07\/Fornells1-300x225.jpg\" alt=\"\" width=\"300\" height=\"225\" srcset=\"http:\/\/kouskeol.fr\/wp-content\/uploads\/2017\/07\/Fornells1-300x225.jpg 300w, http:\/\/kouskeol.fr\/wp-content\/uploads\/2017\/07\/Fornells1-768x576.jpg 768w, http:\/\/kouskeol.fr\/wp-content\/uploads\/2017\/07\/Fornells1-1024x768.jpg 1024w, http:\/\/kouskeol.fr\/wp-content\/uploads\/2017\/07\/Fornells1.jpg 1280w\" sizes=\"auto, (max-width: 300px) 100vw, 300px\" \/><\/a><figcaption id=\"caption-attachment-5247\" class=\"wp-caption-text\">Fornells.<\/figcaption><\/figure>\n<figure id=\"attachment_5249\" aria-describedby=\"caption-attachment-5249\" style=\"width: 300px\" class=\"wp-caption aligncenter\"><a href=\"http:\/\/kouskeol.fr\/wp-content\/uploads\/2017\/07\/Fornells3.jpg\" target=\"_blank\" rel=\"noopener\"><img loading=\"lazy\" decoding=\"async\" class=\"wp-image-5249 size-medium\" src=\"http:\/\/kouskeol.fr\/wp-content\/uploads\/2017\/07\/Fornells3-300x225.jpg\" alt=\"\" width=\"300\" height=\"225\" srcset=\"http:\/\/kouskeol.fr\/wp-content\/uploads\/2017\/07\/Fornells3-300x225.jpg 300w, http:\/\/kouskeol.fr\/wp-content\/uploads\/2017\/07\/Fornells3-768x576.jpg 768w, http:\/\/kouskeol.fr\/wp-content\/uploads\/2017\/07\/Fornells3-1024x768.jpg 1024w, http:\/\/kouskeol.fr\/wp-content\/uploads\/2017\/07\/Fornells3.jpg 1280w\" sizes=\"auto, (max-width: 300px) 100vw, 300px\" \/><\/a><figcaption id=\"caption-attachment-5249\" class=\"wp-caption-text\">Le cimeti\u00e8re.<\/figcaption><\/figure>\n<p><span style=\"font-family: Arial,sans-serif;\">D\u00e9ception&nbsp;: le village est en fait un immense condominium, avec gazon verdoyant au milieu de l\u2019aridit\u00e9 ambiante, o\u00f9 toute entr\u00e9e est interdite. Nous faisons vite demi-tour vers le bateau\u2026<\/span><\/p>\n<p><span style=\"font-family: Arial,sans-serif;\"><b>Jeudi 29 juin 2017<\/b>. C\u2019est aujourd\u2019hui que nous entamons notre derni\u00e8re travers\u00e9e, celle qui va fermer la boucle\u2026 Un temps variable nous attend pour les deux cents ultimes milles, avec du mistral pr\u00e9vu pour samedi matin. Un vent d\u2019est-nord-est nous emporte vers le nord \u00e0 environ huit n\u0153uds.<\/span><\/p>\n<p><span style=\"font-family: Arial,sans-serif;\">Sur les coups de quinze heures, oh quelle surprise, un autre thon s\u2019est laiss\u00e9 attraper. Ils ont un coup de d\u00e9prime, en ce moment, les thons m\u00e9diterran\u00e9ens&nbsp;? Moi, maintenant, personnellement, j\u2019essaierai bien une c\u00f4te de thon charolais. Juste pour voir si je me souviens encore du go\u00fbt.<\/span><\/p>\n<p><span style=\"font-family: Arial,sans-serif;\"><a href=\"http:\/\/kouskeol.fr\/wp-content\/uploads\/2017\/07\/20170627_154204-576x1024.jpg\" target=\"_blank\" rel=\"noopener\"><img loading=\"lazy\" decoding=\"async\" class=\"aligncenter wp-image-5250 size-medium\" src=\"http:\/\/kouskeol.fr\/wp-content\/uploads\/2017\/07\/20170627_154204-576x1024-e1499339646251-169x300.jpg\" alt=\"\" width=\"169\" height=\"300\" srcset=\"http:\/\/kouskeol.fr\/wp-content\/uploads\/2017\/07\/20170627_154204-576x1024-e1499339646251-169x300.jpg 169w, http:\/\/kouskeol.fr\/wp-content\/uploads\/2017\/07\/20170627_154204-576x1024-e1499339646251.jpg 575w\" sizes=\"auto, (max-width: 169px) 100vw, 169px\" \/><\/a> <a href=\"http:\/\/kouskeol.fr\/wp-content\/uploads\/2017\/07\/20170627_154243-576x1024.jpg\" target=\"_blank\" rel=\"noopener\"><img loading=\"lazy\" decoding=\"async\" class=\"aligncenter wp-image-5251 size-medium\" src=\"http:\/\/kouskeol.fr\/wp-content\/uploads\/2017\/07\/20170627_154243-576x1024-e1499339723515-169x300.jpg\" alt=\"\" width=\"169\" height=\"300\" srcset=\"http:\/\/kouskeol.fr\/wp-content\/uploads\/2017\/07\/20170627_154243-576x1024-e1499339723515-169x300.jpg 169w, http:\/\/kouskeol.fr\/wp-content\/uploads\/2017\/07\/20170627_154243-576x1024-e1499339723515.jpg 576w\" sizes=\"auto, (max-width: 169px) 100vw, 169px\" \/><\/a><\/span><\/p>\n<p><span style=\"font-family: Arial,sans-serif;\">Le gros grain noir qui nous fon\u00e7ait dessus, impressionn\u00e9, s\u2019est entre temps d\u00e9gonfl\u00e9, et ce n\u2019est plus qu\u2019un vent tout aussi perturb\u00e9 qui d\u00e9hale Kousk Eol. Nous devons jongler avec les diff\u00e9rentes combinaisons de voiles&nbsp;: un ris dans la grand-voile, puis on roule un peu de g\u00e9nois, pour finalement d\u00e9rouler la trinquette, et prendre un deuxi\u00e8me ris, rouler un peu de trinquette, puis la re-d\u00e9rouler, et m\u00eame rel\u00e2cher un ris\u2026 Les quarts de cette derni\u00e8re nuit furent sportifs&nbsp;!<\/span><\/p>\n<p><span style=\"font-family: Arial,sans-serif;\">Petit probl\u00e8me&nbsp;: la marge que nous avions prise au d\u00e9part de Minorque est toujours intacte&nbsp;: nous allons arriver un jour trop t\u00f4t \u00e0 Toulon&nbsp;! G\u00e9henne et excommunication&nbsp;!<\/span><\/p>\n<p><span style=\"font-family: Arial,sans-serif;\">Mais comme la m\u00e9t\u00e9o vient d\u2019annoncer un avis de grand frais (BMS n<sup>o<\/sup> 284 au trente juin&nbsp;: nous sommes bien revenus en M\u00e9diterran\u00e9e) pour la nuit prochaine, nous n\u2019allons pas faire la fine bouche. Quoique\u2026 Il reste du thon \u00e0 finir\u2026 Mais aussi une derni\u00e8re boite de confit de canard\u2026 D\u00e9j\u00e0 hier soir, notre tr\u00e8s grande l\u00e2chet\u00e9 nous a fait voter pour des nouilles chinoises.<\/span><\/p>\n<p><span style=\"font-family: Arial,sans-serif;\">Et enfin, il fallait bien que \u00e7a arrive&nbsp;: Toulon est en vue. Petit moment d\u2019\u00e9motion\u2026 Les messages sur le canal 16 sont de nouveau en fran\u00e7ais. Et \u00e0 quinze heures, nous nous amarrons dans le port de Saint Mandrier&nbsp;: il restera deux milles et demi, la rade \u00e0 traverser, pour rejoindre le ponton visiteurs de la Darse Vieille demain pour la \u00ab&nbsp;surprise&nbsp;\u00bb. Pas s\u00fbr qu\u2019on mette le code D\u2026<\/span><\/p>\n<p><span style=\"font-family: Arial,sans-serif;\"><b>S<\/b><b>amedi 1<\/b><sup><b>er<\/b><\/sup><b> juillet 2017<\/b>. C\u2019est aujourd\u2019hui. Ce matin est le d\u00e9but de la fin de notre grand voyage. Pour les \u00ab&nbsp;jeunes&nbsp;\u00bb, Raph, Nico et Tonio, c\u2019est le retour \u00e0 la maison apr\u00e8s leur premi\u00e8re grande travers\u00e9e&nbsp;: un peu plus de quatre mille cinq cents milles, excusez du peu&nbsp;!<\/span><\/p>\n<p><span style=\"font-family: Arial,sans-serif;\">Pour les deux ant\u00e9diluviens, Andr\u00e9 et Claude, c\u2019est l\u2019aboutissement de la concr\u00e9tisation<a class=\"sdfootnoteanc\" href=\"#sdfootnote5sym\" name=\"sdfootnote5anc\"><sup>5<\/sup><\/a> d\u2019un r\u00eave un peu fou. Il leur faudra peut-\u00eatre un peu plus de temps pour compl\u00e8tement r\u00e9aliser.<\/span><\/p>\n<p><span style=\"font-family: Arial,sans-serif;\">Mais bon, pour l\u2019instant il n\u2019est que neuf heures&nbsp;: encore un peu plus d\u2019une heure avant de larguer les amarres pour Toulon et la derni\u00e8re demi-heure de travers\u00e9e de la rade. Nico s\u2019active pour pr\u00e9parer sushis et sashimis pour le pot d\u2019arriv\u00e9e. Le reste de l\u2019\u00e9quipage fait un semblant de rangement pour rendre Kousk Eol pr\u00e9sentable pour la foule qui sera forc\u00e9ment \u00e0 l\u2019arriv\u00e9e. Un grand pavois est m\u00eame bricol\u00e9 en h\u00e2te. Surtout que c\u2019est la Saint Pierre, f\u00eate des p\u00eacheurs, aujourd\u2019hui&nbsp;: comme \u00e0 notre d\u00e9part il y a quatre ans\u2026<\/span><\/p>\n<p><span style=\"font-family: Arial,sans-serif;\">10h40&nbsp;: nous quittons notre place \u00e0 St Mandrier. Dehors, le vent souffle \u00e0 vingt-cinq n\u0153uds, avec des rafales \u00e0 trente-cinq. VHF \u00e0 la capitainerie&nbsp;: nous nous mettrons au quai d\u2019avitaillement en attendant d\u2019avoir une place sur le quai d\u2019accueil.<\/span><\/p>\n<p><span style=\"font-family: Arial,sans-serif;\">11h20&nbsp;: nous passons la jet\u00e9e de la Darse Vieille, et c\u2019est un concert de cornes de brume et de cris qui nous accueille. Ils sont au moins cinquante \u00e0 nous attendre&nbsp;! Arriv\u00e9e et retrouvailles \u00e9mouvantes. Cette fois, le tour est fini\u2026 On vous mettra quelques photos d\u00e8s qu\u2019on en aura r\u00e9cup\u00e9r\u00e9&nbsp;!<\/span><\/p>\n<figure id=\"attachment_5252\" aria-describedby=\"caption-attachment-5252\" style=\"width: 167px\" class=\"wp-caption aligncenter\"><a href=\"http:\/\/kouskeol.fr\/wp-content\/uploads\/2017\/07\/20170701_111519-576x1024.jpg\" target=\"_blank\" rel=\"noopener\"><img loading=\"lazy\" decoding=\"async\" class=\"wp-image-5252 size-medium\" src=\"http:\/\/kouskeol.fr\/wp-content\/uploads\/2017\/07\/20170701_111519-576x1024-167x300.jpg\" alt=\"\" width=\"167\" height=\"300\" srcset=\"http:\/\/kouskeol.fr\/wp-content\/uploads\/2017\/07\/20170701_111519-576x1024-167x300.jpg 167w, http:\/\/kouskeol.fr\/wp-content\/uploads\/2017\/07\/20170701_111519-576x1024.jpg 472w\" sizes=\"auto, (max-width: 167px) 100vw, 167px\" \/><\/a><figcaption id=\"caption-attachment-5252\" class=\"wp-caption-text\">Kousk Eol et son grand pavois \u00e0 l&rsquo;arriv\u00e9e.<\/figcaption><\/figure>\n<p><a href=\"http:\/\/kouskeol.fr\/wp-content\/uploads\/2017\/07\/image003-900x667.jpg\" target=\"_blank\" rel=\"noopener\"><img loading=\"lazy\" decoding=\"async\" class=\"aligncenter wp-image-5259 size-medium\" src=\"http:\/\/kouskeol.fr\/wp-content\/uploads\/2017\/07\/image003-900x667-300x222.jpg\" alt=\"\" width=\"300\" height=\"222\" srcset=\"http:\/\/kouskeol.fr\/wp-content\/uploads\/2017\/07\/image003-900x667-300x222.jpg 300w, http:\/\/kouskeol.fr\/wp-content\/uploads\/2017\/07\/image003-900x667-768x569.jpg 768w, http:\/\/kouskeol.fr\/wp-content\/uploads\/2017\/07\/image003-900x667.jpg 900w\" sizes=\"auto, (max-width: 300px) 100vw, 300px\" \/><\/a><\/p>\n<p class=\"sdfootnote\">__________________<br \/>\n<em><a class=\"sdfootnotesym\" href=\"#sdfootnote1anc\" name=\"sdfootnote1sym\">1-&nbsp;<\/a>Bulletin M\u00e9t\u00e9orologique Sp\u00e9cial&nbsp;: alibi incontestable pour rester au bistrot du port ce jour.<\/em><\/p>\n<div id=\"sdfootnote2\">\n<p class=\"sdfootnote\"><em><a class=\"sdfootnotesym\" href=\"#sdfootnote2anc\" name=\"sdfootnote2sym\">2<\/a>&#8211; T\u00e9l\u00e9vision Poubelle M\u00e9diatiquement P\u00e9nible&nbsp;: \u00e9mission qui brandit fi\u00e8rement le flambeau de la culture francophone.<\/em><\/p>\n<\/div>\n<div id=\"sdfootnote3\">\n<p class=\"sdfootnote\"><em><a class=\"sdfootnotesym\" href=\"#sdfootnote3anc\" name=\"sdfootnote3sym\">3<\/a>&#8211; Pour ne pas choquer plus que n\u00e9cessaire nos lecteurs ou lectrices.<\/em><\/p>\n<\/div>\n<div id=\"sdfootnote4\">\n<p class=\"sdfootnote\"><em><a class=\"sdfootnotesym\" href=\"#sdfootnote4anc\" name=\"sdfootnote4sym\">4<\/a>&#8211; Objet Plongeant Non Identifi\u00e9.<\/em><\/p>\n<\/div>\n<div id=\"sdfootnote5\">\n<p class=\"sdfootnote\"><em><a class=\"sdfootnotesym\" href=\"#sdfootnote5anc\" name=\"sdfootnote5sym\">5<\/a>&#8211; Ouais, \u00e7a fait redondant. Et alors&nbsp;?<\/em><\/p>\n<\/div>\n","protected":false},"excerpt":{"rendered":"<p>\u00c0 partir de Gibraltar, o\u00f9 nous nous \u00e9tions arr\u00eat\u00e9s il y a quatre ans, nous refaisons maintenant dans l\u2019autre sens la route que nous avions suivie au d\u00e9part de notre p\u00e9riple, jusqu\u2019\u00e0 Toulon. Impression curieuse de repasser par toutes ces \u00e9tapes\u2026 La premi\u00e8re sera Benalmadena, qui s\u2019enorgueillit d\u2019\u00eatre (ou d\u2019avoir \u00e9t\u00e9) \u00e9lue meilleure marina du &hellip; <a href=\"http:\/\/kouskeol.fr\/?p=5227\" class=\"more-link\">Continuer la lecture de <span class=\"screen-reader-text\">Gibraltar-Toulon \u2013 19 juin-1 juillet 2017<\/span>  <span class=\"meta-nav\">&rarr;<\/span><\/a><\/p>\n","protected":false},"author":1,"featured_media":0,"comment_status":"open","ping_status":"open","sticky":false,"template":"","format":"standard","meta":{"ngg_post_thumbnail":0,"footnotes":""},"categories":[8,12],"tags":[],"class_list":["post-5227","post","type-post","status-publish","format-standard","hentry","category-voyage","category-mediterrannee"],"_links":{"self":[{"href":"http:\/\/kouskeol.fr\/index.php?rest_route=\/wp\/v2\/posts\/5227","targetHints":{"allow":["GET"]}}],"collection":[{"href":"http:\/\/kouskeol.fr\/index.php?rest_route=\/wp\/v2\/posts"}],"about":[{"href":"http:\/\/kouskeol.fr\/index.php?rest_route=\/wp\/v2\/types\/post"}],"author":[{"embeddable":true,"href":"http:\/\/kouskeol.fr\/index.php?rest_route=\/wp\/v2\/users\/1"}],"replies":[{"embeddable":true,"href":"http:\/\/kouskeol.fr\/index.php?rest_route=%2Fwp%2Fv2%2Fcomments&post=5227"}],"version-history":[{"count":8,"href":"http:\/\/kouskeol.fr\/index.php?rest_route=\/wp\/v2\/posts\/5227\/revisions"}],"predecessor-version":[{"id":5269,"href":"http:\/\/kouskeol.fr\/index.php?rest_route=\/wp\/v2\/posts\/5227\/revisions\/5269"}],"wp:attachment":[{"href":"http:\/\/kouskeol.fr\/index.php?rest_route=%2Fwp%2Fv2%2Fmedia&parent=5227"}],"wp:term":[{"taxonomy":"category","embeddable":true,"href":"http:\/\/kouskeol.fr\/index.php?rest_route=%2Fwp%2Fv2%2Fcategories&post=5227"},{"taxonomy":"post_tag","embeddable":true,"href":"http:\/\/kouskeol.fr\/index.php?rest_route=%2Fwp%2Fv2%2Ftags&post=5227"}],"curies":[{"name":"wp","href":"https:\/\/api.w.org\/{rel}","templated":true}]}}