{"id":5351,"date":"2018-02-09T16:47:53","date_gmt":"2018-02-09T15:47:53","guid":{"rendered":"http:\/\/kouskeol.fr\/?p=5351"},"modified":"2018-02-10T12:45:37","modified_gmt":"2018-02-10T11:45:37","slug":"hiver-2017-2018-mais-ou-est-donc-kousk-eol","status":"publish","type":"post","link":"http:\/\/kouskeol.fr\/?p=5351","title":{"rendered":"Hiver 2017-2018: mais o\u00f9 est donc Kousk Eol?"},"content":{"rendered":"<p>La sagesse voulait que l&rsquo;on proc\u00e8de \u00e0 une s\u00e9rieuse maintenance sur Kousk Eol: plus de 45 000 milles, \u00e7a laisse un peu de traces, m\u00eame si le bateau a tr\u00e8s bien support\u00e9 le p\u00e9riple.<\/p>\n<p>Et donc, il a \u00e9t\u00e9 d\u00e9cid\u00e9 de mettre notre voilier \u00e0 sec, \u00e0 Port Saint Louis du Rh\u00f4ne.<\/p>\n<p>Et c&rsquo;est par une (tr\u00e8s!) froide et vent\u00e9e soir\u00e9e de d\u00e9cembre que nous quittons Porquerolles: coinc\u00e9s dans le port \u00e0 cause d&rsquo;un coup de vent de nord-ouest costaud (35 n\u0153uds), nous attendons avec impatience la renverse d&rsquo;est promise par la m\u00e9t\u00e9o. Il ne faut pas la rater, car elle ne devrait durer que quelques heures, mais devrait nous permettre de passer le Cap Sici\u00e9 dans le bonnes conditions.<\/p>\n<p>En attendant, comme d&rsquo;habitude, nous effectuons quelques travaux, comme repasser la drisse de grand-voile dans le m\u00e2t.<\/p>\n<figure id=\"attachment_5355\" aria-describedby=\"caption-attachment-5355\" style=\"width: 300px\" class=\"wp-caption aligncenter\"><a href=\"http:\/\/kouskeol.fr\/wp-content\/uploads\/2018\/02\/Yan.jpg\" target=\"_blank\" rel=\"noopener\"><img loading=\"lazy\" decoding=\"async\" class=\"wp-image-5355 size-medium\" src=\"http:\/\/kouskeol.fr\/wp-content\/uploads\/2018\/02\/Yan-300x225.jpg\" alt=\"\" width=\"300\" height=\"225\" srcset=\"http:\/\/kouskeol.fr\/wp-content\/uploads\/2018\/02\/Yan-300x225.jpg 300w, http:\/\/kouskeol.fr\/wp-content\/uploads\/2018\/02\/Yan-768x576.jpg 768w, http:\/\/kouskeol.fr\/wp-content\/uploads\/2018\/02\/Yan-1024x768.jpg 1024w, http:\/\/kouskeol.fr\/wp-content\/uploads\/2018\/02\/Yan.jpg 1200w\" sizes=\"auto, (max-width: 300px) 100vw, 300px\" \/><\/a><figcaption id=\"caption-attachment-5355\" class=\"wp-caption-text\">Non Yan: tu ne pourras pas monter plus haut!<\/figcaption><\/figure>\n<figure id=\"attachment_5357\" aria-describedby=\"caption-attachment-5357\" style=\"width: 225px\" class=\"wp-caption aligncenter\"><a href=\"http:\/\/kouskeol.fr\/wp-content\/uploads\/2018\/02\/VuDuHaut.jpg\" target=\"_blank\" rel=\"noopener\"><img loading=\"lazy\" decoding=\"async\" class=\"wp-image-5357 size-medium\" src=\"http:\/\/kouskeol.fr\/wp-content\/uploads\/2018\/02\/VuDuHaut-225x300.jpg\" alt=\"\" width=\"225\" height=\"300\" srcset=\"http:\/\/kouskeol.fr\/wp-content\/uploads\/2018\/02\/VuDuHaut-225x300.jpg 225w, http:\/\/kouskeol.fr\/wp-content\/uploads\/2018\/02\/VuDuHaut-768x1024.jpg 768w, http:\/\/kouskeol.fr\/wp-content\/uploads\/2018\/02\/VuDuHaut.jpg 1200w\" sizes=\"auto, (max-width: 225px) 100vw, 225px\" \/><\/a><figcaption id=\"caption-attachment-5357\" class=\"wp-caption-text\">Kousk Eol vu d&rsquo;en haut.<\/figcaption><\/figure>\n<p>La renverse arrive en fin d&rsquo;apr\u00e8s-midi: les amarres sont vite largu\u00e9es et le cap est mis vers l&rsquo;ouest, encore une fois&#8230; La nuit tombe vite, et le vent d&rsquo;est tient ses promesses: le Cap Sici\u00e9 est vite pass\u00e9. Mais \u00e0 peine ce dernier franchi, le vent rebascule au nord-ouest, entre vingt-cinq et trente n\u0153uds, glacial: les vieux vont se mettre au chaud et laissent la barre aux petits jeunes plein d&rsquo;ardeur&#8230;<\/p>\n<figure id=\"attachment_5356\" aria-describedby=\"caption-attachment-5356\" style=\"width: 300px\" class=\"wp-caption aligncenter\"><a href=\"http:\/\/kouskeol.fr\/wp-content\/uploads\/2018\/02\/Yan02.jpg\" target=\"_blank\" rel=\"noopener\"><img loading=\"lazy\" decoding=\"async\" class=\"wp-image-5356 size-medium\" src=\"http:\/\/kouskeol.fr\/wp-content\/uploads\/2018\/02\/Yan02-300x225.jpg\" alt=\"\" width=\"300\" height=\"225\" srcset=\"http:\/\/kouskeol.fr\/wp-content\/uploads\/2018\/02\/Yan02-300x225.jpg 300w, http:\/\/kouskeol.fr\/wp-content\/uploads\/2018\/02\/Yan02-768x576.jpg 768w, http:\/\/kouskeol.fr\/wp-content\/uploads\/2018\/02\/Yan02-1024x768.jpg 1024w, http:\/\/kouskeol.fr\/wp-content\/uploads\/2018\/02\/Yan02.jpg 1200w\" sizes=\"auto, (max-width: 300px) 100vw, 300px\" \/><\/a><figcaption id=\"caption-attachment-5356\" class=\"wp-caption-text\">Nav de nuit: la M\u00e9diterran\u00e9e n&rsquo;est plus ce qu&rsquo;elle a \u00e9t\u00e9&#8230;<\/figcaption><\/figure>\n<p>Et la nuit se passe, au pr\u00e8s: comme nous ne sommes pas trop \u00e9loign\u00e9s de la c\u00f4te, les vagues sont raisonnables.<\/p>\n<figure id=\"attachment_5353\" aria-describedby=\"caption-attachment-5353\" style=\"width: 225px\" class=\"wp-caption aligncenter\"><a href=\"http:\/\/kouskeol.fr\/wp-content\/uploads\/2018\/02\/coucher2.jpg\" target=\"_blank\" rel=\"noopener\"><img loading=\"lazy\" decoding=\"async\" class=\"wp-image-5353 size-medium\" src=\"http:\/\/kouskeol.fr\/wp-content\/uploads\/2018\/02\/coucher2-225x300.jpg\" alt=\"\" width=\"225\" height=\"300\" srcset=\"http:\/\/kouskeol.fr\/wp-content\/uploads\/2018\/02\/coucher2-225x300.jpg 225w, http:\/\/kouskeol.fr\/wp-content\/uploads\/2018\/02\/coucher2-768x1024.jpg 768w, http:\/\/kouskeol.fr\/wp-content\/uploads\/2018\/02\/coucher2.jpg 1200w\" sizes=\"auto, (max-width: 225px) 100vw, 225px\" \/><\/a><figcaption id=\"caption-attachment-5353\" class=\"wp-caption-text\">Apr\u00e8s la nuit, le soleil daigne se remontrer&#8230; Pas la peine d&rsquo;aller \u00e0 l&rsquo;autre bout du monde pour voir de belles couleurs!<\/figcaption><\/figure>\n<p>Et vers onze heures, tranquillement, nous arrivons \u00e0 Port Saint Louis du Rh\u00f4ne, o\u00f9 le travel-lift nous attend.<\/p>\n<figure id=\"attachment_5354\" aria-describedby=\"caption-attachment-5354\" style=\"width: 300px\" class=\"wp-caption aligncenter\"><a href=\"http:\/\/kouskeol.fr\/wp-content\/uploads\/2018\/02\/KouskEol1.jpg\" target=\"_blank\" rel=\"noopener\"><img loading=\"lazy\" decoding=\"async\" class=\"wp-image-5354 size-medium\" src=\"http:\/\/kouskeol.fr\/wp-content\/uploads\/2018\/02\/KouskEol1-300x225.jpg\" alt=\"\" width=\"300\" height=\"225\" srcset=\"http:\/\/kouskeol.fr\/wp-content\/uploads\/2018\/02\/KouskEol1-300x225.jpg 300w, http:\/\/kouskeol.fr\/wp-content\/uploads\/2018\/02\/KouskEol1-768x576.jpg 768w, http:\/\/kouskeol.fr\/wp-content\/uploads\/2018\/02\/KouskEol1-1024x768.jpg 1024w, http:\/\/kouskeol.fr\/wp-content\/uploads\/2018\/02\/KouskEol1.jpg 2016w\" sizes=\"auto, (max-width: 300px) 100vw, 300px\" \/><\/a><figcaption id=\"caption-attachment-5354\" class=\"wp-caption-text\">Kousk Eol de nouveau \u00e0 sec.<\/figcaption><\/figure>\n<p>Les travaux vont pouvoir commencer:<\/p>\n<ul>\n<li>quelques r\u00e9parations de gel coat;<\/li>\n<li>nouvel anti-fouling;<\/li>\n<li>changement des anodes;<\/li>\n<li>vidange moteur et embase;<\/li>\n<li>changement du gr\u00e9ement;<\/li>\n<li>vernis et anti-d\u00e9rapant int\u00e9rieur;<\/li>\n<li>\u00e9lectronique vari\u00e9e&#8230;<\/li>\n<\/ul>\n<p>On vous racontera!<\/p>\n","protected":false},"excerpt":{"rendered":"<p>La sagesse voulait que l&rsquo;on proc\u00e8de \u00e0 une s\u00e9rieuse maintenance sur Kousk Eol: plus de 45 000 milles, \u00e7a laisse un peu de traces, m\u00eame si le bateau a tr\u00e8s bien support\u00e9 le p\u00e9riple. Et donc, il a \u00e9t\u00e9 d\u00e9cid\u00e9 de mettre notre voilier \u00e0 sec, \u00e0 Port Saint Louis du Rh\u00f4ne. Et c&rsquo;est par &hellip; <a href=\"http:\/\/kouskeol.fr\/?p=5351\" class=\"more-link\">Continuer la lecture de <span class=\"screen-reader-text\">Hiver 2017-2018: mais o\u00f9 est donc Kousk Eol?<\/span>  <span class=\"meta-nav\">&rarr;<\/span><\/a><\/p>\n","protected":false},"author":1,"featured_media":0,"comment_status":"open","ping_status":"open","sticky":false,"template":"","format":"standard","meta":{"ngg_post_thumbnail":0,"footnotes":""},"categories":[1],"tags":[],"class_list":["post-5351","post","type-post","status-publish","format-standard","hentry","category-uncategorized"],"_links":{"self":[{"href":"http:\/\/kouskeol.fr\/index.php?rest_route=\/wp\/v2\/posts\/5351","targetHints":{"allow":["GET"]}}],"collection":[{"href":"http:\/\/kouskeol.fr\/index.php?rest_route=\/wp\/v2\/posts"}],"about":[{"href":"http:\/\/kouskeol.fr\/index.php?rest_route=\/wp\/v2\/types\/post"}],"author":[{"embeddable":true,"href":"http:\/\/kouskeol.fr\/index.php?rest_route=\/wp\/v2\/users\/1"}],"replies":[{"embeddable":true,"href":"http:\/\/kouskeol.fr\/index.php?rest_route=%2Fwp%2Fv2%2Fcomments&post=5351"}],"version-history":[{"count":3,"href":"http:\/\/kouskeol.fr\/index.php?rest_route=\/wp\/v2\/posts\/5351\/revisions"}],"predecessor-version":[{"id":5360,"href":"http:\/\/kouskeol.fr\/index.php?rest_route=\/wp\/v2\/posts\/5351\/revisions\/5360"}],"wp:attachment":[{"href":"http:\/\/kouskeol.fr\/index.php?rest_route=%2Fwp%2Fv2%2Fmedia&parent=5351"}],"wp:term":[{"taxonomy":"category","embeddable":true,"href":"http:\/\/kouskeol.fr\/index.php?rest_route=%2Fwp%2Fv2%2Fcategories&post=5351"},{"taxonomy":"post_tag","embeddable":true,"href":"http:\/\/kouskeol.fr\/index.php?rest_route=%2Fwp%2Fv2%2Ftags&post=5351"}],"curies":[{"name":"wp","href":"https:\/\/api.w.org\/{rel}","templated":true}]}}