{"id":5484,"date":"2019-11-09T18:42:30","date_gmt":"2019-11-09T17:42:30","guid":{"rendered":"http:\/\/kouskeol.fr\/?p=5484"},"modified":"2019-11-09T18:43:24","modified_gmt":"2019-11-09T17:43:24","slug":"quam-minimum-credula-postero","status":"publish","type":"post","link":"http:\/\/kouskeol.fr\/?p=5484","title":{"rendered":"\u2026 quam minimum credula postero."},"content":{"rendered":"\n<p>Ainsi\nparlait Horace, qui ne devait tout de m\u00eame pas \u00eatre un marin\n\u00e9m\u00e9rite&nbsp;: \u00ab&nbsp;Carpe diem\u2026&nbsp;\u00bb.<\/p>\n\n\n\n<p>Une bande de soi-disant voileux d\u00e9cida un jour de mettre cette\nmaxime en pratique, suite \u00e0 une r\u00e9flexion du DD&nbsp;: \u00ab&nbsp;Pourquoi\nne ferais-tu<a href=\"#sdfootnote1sym\"><sup>1<\/sup><\/a>\npas traverser Kousk Eol vers les Antilles&nbsp;? Hein&nbsp;? Dis\nvoir\u2026&nbsp;\u00bb.<\/p>\n\n\n\n<p>Tr\u00e8s vite, Jacques, \u00e9quipier r\u00e9current de Kousk Eol, et\nmulti-r\u00e9cidiviste en termes de trans-oc\u00e9aniques, r\u00e9serve sa place\n\u00e0 bord&nbsp;: \u00ab&nbsp;Ce sera ma huiti\u00e8me travers\u00e9e de\nl\u2019Atlantique, alors tu comprends\u2026&nbsp;\u00bb.<\/p>\n\n\n\n<p>Herv\u00e9, Fran\u00e7ois et Yan, tous les trois pratiquants\ninconditionnels de la voile depuis longtemps, ont eux saut\u00e9 sur\nl\u2019occasion de faire leur premi\u00e8re grande travers\u00e9e&nbsp;:\n\u00ab&nbsp;R\u00e9alise bien, Claude, tu vas avoir besoin de bras, avec ton\n\u00e2ge\u2026&nbsp;\u00bb. De vrais amis, quoi.<\/p>\n\n\n\n<p>Le Glaude, on n\u2019en parle m\u00eame pas&nbsp;: normalement acolyte du\nDD susnomm\u00e9 d\u00e8s qu\u2019un mauvais coup aquatique autant que vent\u00e9 se\nprofile<a href=\"#sdfootnote2sym\"><sup>2<\/sup><\/a>,\nn\u2019a pas eu \u00e0 \u00eatre vraiment pouss\u00e9 pour se d\u00e9cider.<\/p>\n\n\n\n<p>Et donc, le toujours vaillant Kousk Eol est bichonn\u00e9 pour cette\ncroisi\u00e8re hivernale vers les cocotiers et les espoirs de ti-punch\nsous le soleil couchant d\u2019\u00eeles paradisiaques (voir les articles\npr\u00e9c\u00e9dents)\u2026<\/p>\n\n\n\n<div class=\"wp-block-image\"><figure class=\"aligncenter\"><img loading=\"lazy\" decoding=\"async\" width=\"1024\" height=\"768\" src=\"http:\/\/kouskeol.fr\/wp-content\/uploads\/2019\/11\/20191104_130858-1024x768.jpg\" alt=\"\" class=\"wp-image-5485\" srcset=\"http:\/\/kouskeol.fr\/wp-content\/uploads\/2019\/11\/20191104_130858-1024x768.jpg 1024w, http:\/\/kouskeol.fr\/wp-content\/uploads\/2019\/11\/20191104_130858-300x225.jpg 300w, http:\/\/kouskeol.fr\/wp-content\/uploads\/2019\/11\/20191104_130858-768x576.jpg 768w\" sizes=\"auto, (max-width: 1024px) 100vw, 1024px\" \/><figcaption>La fine \u00e9quipe presque au complet.<\/figcaption><\/figure><\/div>\n\n\n\n<p>Le d\u00e9part est pr\u00e9vu pour le 5 novembre en milieu de journ\u00e9e.\nBien s\u00fbr, la m\u00e9t\u00e9o a son mot \u00e0 dire quant au bien fond\u00e9 de cette\nd\u00e9cision&nbsp;: le d\u00e9part se fera en fait le 4 pour \u00e9viter un coup\nde tabac dans le parfois terrible golfe du Lion. La veille, le ponton\nsur lequel Kousk Eol \u00e9tait amarr\u00e9 dans le port de Toulon s\u2019est\nm\u00eame arrach\u00e9 du quai contre lequel il \u00e9tait fix\u00e9, sous les coups\nde boutoir d\u2019un violent vent de sud-ouest. R\u00e9sultat&nbsp;:\ninterdiction de rester \u00e0 bord sur d\u00e9cision de la capitainerie, il\nfaut d\u00e9gager du ponton pour \u00e9viter les accidents\u2026 Pas grave,\nl\u2019hospitalit\u00e9 de Marie Jo et Andr\u00e9 compensera&nbsp;: c\u2019est bien\nau sec et le ventre plein que nous passons notre derni\u00e8re nuit \u00e0\nterre.<\/p>\n\n\n\n<p>Tr\u00e8s vite, le vent et la mer donnent le rythme de cette \u00e9tape\ninitiale&nbsp;: le golfe du Lion ne faillit pas trop \u00e0 sa r\u00e9putation\net la premi\u00e8re partie de la nuit sera mouvement\u00e9e. Mais nous\navan\u00e7ons bien et arrivons en fin de journ\u00e9e le lendemain dans un\nmouillage tr\u00e8s tranquille, la Cala Fosca, juste au nord de Los\nPalamos sur la c\u00f4te espagnole. Tr\u00e8s bien pour r\u00e9cup\u00e9rer de la\npremi\u00e8re nuit en mer. Le lendemain, c\u2019est une belle journ\u00e9e qui\nnous accompagnera jusqu\u2019\u00e0 Barcelone, mi-voile, mi-moteur.<\/p>\n\n\n\n<div class=\"wp-block-image\"><figure class=\"aligncenter\"><img loading=\"lazy\" decoding=\"async\" width=\"1024\" height=\"768\" src=\"http:\/\/kouskeol.fr\/wp-content\/uploads\/2019\/11\/20191108_093936-1024x768.jpg\" alt=\"\" class=\"wp-image-5486\" srcset=\"http:\/\/kouskeol.fr\/wp-content\/uploads\/2019\/11\/20191108_093936-1024x768.jpg 1024w, http:\/\/kouskeol.fr\/wp-content\/uploads\/2019\/11\/20191108_093936-300x225.jpg 300w, http:\/\/kouskeol.fr\/wp-content\/uploads\/2019\/11\/20191108_093936-768x576.jpg 768w\" sizes=\"auto, (max-width: 1024px) 100vw, 1024px\" \/><figcaption>Apr\u00e8s la nuit, le petit caf\u00e9&#8230;<\/figcaption><\/figure><\/div>\n\n\n\n<p>C\u2019est \u00e0 Barcelone que nous r\u00e9cup\u00e9rons Yan, qui n\u2019avait pu\nprendre le d\u00e9part de Toulon pour raison professionnelle&nbsp;: en\ntant que charpentier montrant un minimum de consid\u00e9ration pour ses\nclients, il ne pouvait d\u00e9cemment pas laisser une maison sans toit\nsous le pr\u00e9texte qu\u2019il avait envie de faire un tour sur l\u2019eau\u2026\nLa sophistication des menus devrait \u00e0 bord s\u2019en ressentir&nbsp;:\nYan a pr\u00e9par\u00e9 pour la travers\u00e9e une douzaine de bocaux de conserve\nde plats mijot\u00e9s que la plus \u00e9l\u00e9mentaire d\u00e9cence m\u2019interdit de\nd\u00e9crire ici afin de ne pas soumettre vos glandes salivaires \u00e0 un\nsupplice par trop insupportable. Bon allez, juste un coup&nbsp;: ce\nsoir, c\u2019est foie gras arros\u00e9 d\u2019un petit juran\u00e7on. Pas pire.<\/p>\n\n\n\n<div class=\"wp-block-image\"><figure class=\"aligncenter\"><img loading=\"lazy\" decoding=\"async\" width=\"1024\" height=\"768\" src=\"http:\/\/kouskeol.fr\/wp-content\/uploads\/2019\/11\/20191108_065451-1024x768.jpg\" alt=\"\" class=\"wp-image-5487\" srcset=\"http:\/\/kouskeol.fr\/wp-content\/uploads\/2019\/11\/20191108_065451-1024x768.jpg 1024w, http:\/\/kouskeol.fr\/wp-content\/uploads\/2019\/11\/20191108_065451-300x225.jpg 300w, http:\/\/kouskeol.fr\/wp-content\/uploads\/2019\/11\/20191108_065451-768x576.jpg 768w\" sizes=\"auto, (max-width: 1024px) 100vw, 1024px\" \/><figcaption>Petit d\u00e9jeuner sur Kousk Eol.<\/figcaption><\/figure><\/div>\n\n\n\n<p>Mais pour l\u2019instant, il faut mettre cette journ\u00e9e d\u2019attente \u00e0\nprofit&nbsp;: r\u00e9paration des bandes anti-UV du g\u00e9nois et de la\ntrinquette, manchon de protection contre le ragage pour cette\nderni\u00e8re, rafistolage du lazy-bag, mise \u00e0 jour des logiciels de\nnavigation de l\u2019ordinateur de bord, etc. Il restera \u00e0 purger les\nv\u00e9rins du pataras et \u00e0 revoir le filtre \u00e0 air du moteur (Comme\ndisent les m\u00e9canos italiens&nbsp;: \u00ab&nbsp;L\u2019arriv\u00e9e d\u2019air\nchie\u2026&nbsp;\u00bb).<\/p>\n\n\n\n<p>Et \u00e9videmment, d\u00e9marrage un peu plus s\u00e9rieux de ce blog.<\/p>\n\n\n\n<p>_______________________________<\/p>\n\n\n\n<p><a href=\"#sdfootnote1anc\">1<\/a> Le \u00ab\u00a0tu\u00a0\u00bb s\u2019adressant ici \u00e0 Claude.<\/p>\n\n\n\n<p><a href=\"#sdfootnote2anc\">2<\/a> Pour les lecteurs b\u00e9otiens, les deux frangins qui se la p\u00e8tent grave d\u00e8s que l\u2019occasion se pr\u00e9sente ont racont\u00e9 une partie de leurs exploits iod\u00e9s dans un incontournable de la litt\u00e9rature humide, \u00e0 savoir \u00ab\u00a0Carr\u00e9ment \u00e0 l\u2019ouest\u00a0\u00bb.<\/p>\n","protected":false},"excerpt":{"rendered":"<p>Ainsi parlait Horace, qui ne devait tout de m\u00eame pas \u00eatre un marin \u00e9m\u00e9rite&nbsp;: \u00ab&nbsp;Carpe diem\u2026&nbsp;\u00bb. Une bande de soi-disant voileux d\u00e9cida un jour de mettre cette maxime en pratique, suite \u00e0 une r\u00e9flexion du DD&nbsp;: \u00ab&nbsp;Pourquoi ne ferais-tu1 pas traverser Kousk Eol vers les Antilles&nbsp;? Hein&nbsp;? Dis voir\u2026&nbsp;\u00bb. Tr\u00e8s vite, Jacques, \u00e9quipier r\u00e9current de &hellip; <a href=\"http:\/\/kouskeol.fr\/?p=5484\" class=\"more-link\">Continuer la lecture de <span class=\"screen-reader-text\">\u2026 quam minimum credula postero.<\/span>  <span class=\"meta-nav\">&rarr;<\/span><\/a><\/p>\n","protected":false},"author":1,"featured_media":0,"comment_status":"open","ping_status":"open","sticky":false,"template":"","format":"standard","meta":{"ngg_post_thumbnail":0,"footnotes":""},"categories":[8],"tags":[],"class_list":["post-5484","post","type-post","status-publish","format-standard","hentry","category-voyage"],"_links":{"self":[{"href":"http:\/\/kouskeol.fr\/index.php?rest_route=\/wp\/v2\/posts\/5484","targetHints":{"allow":["GET"]}}],"collection":[{"href":"http:\/\/kouskeol.fr\/index.php?rest_route=\/wp\/v2\/posts"}],"about":[{"href":"http:\/\/kouskeol.fr\/index.php?rest_route=\/wp\/v2\/types\/post"}],"author":[{"embeddable":true,"href":"http:\/\/kouskeol.fr\/index.php?rest_route=\/wp\/v2\/users\/1"}],"replies":[{"embeddable":true,"href":"http:\/\/kouskeol.fr\/index.php?rest_route=%2Fwp%2Fv2%2Fcomments&post=5484"}],"version-history":[{"count":1,"href":"http:\/\/kouskeol.fr\/index.php?rest_route=\/wp\/v2\/posts\/5484\/revisions"}],"predecessor-version":[{"id":5488,"href":"http:\/\/kouskeol.fr\/index.php?rest_route=\/wp\/v2\/posts\/5484\/revisions\/5488"}],"wp:attachment":[{"href":"http:\/\/kouskeol.fr\/index.php?rest_route=%2Fwp%2Fv2%2Fmedia&parent=5484"}],"wp:term":[{"taxonomy":"category","embeddable":true,"href":"http:\/\/kouskeol.fr\/index.php?rest_route=%2Fwp%2Fv2%2Fcategories&post=5484"},{"taxonomy":"post_tag","embeddable":true,"href":"http:\/\/kouskeol.fr\/index.php?rest_route=%2Fwp%2Fv2%2Ftags&post=5484"}],"curies":[{"name":"wp","href":"https:\/\/api.w.org\/{rel}","templated":true}]}}