{"id":5489,"date":"2019-11-10T10:07:05","date_gmt":"2019-11-10T09:07:05","guid":{"rendered":"http:\/\/kouskeol.fr\/?p=5489"},"modified":"2019-11-10T10:07:07","modified_gmt":"2019-11-10T09:07:07","slug":"un-peu-plus-au-sud-de-barcelone","status":"publish","type":"post","link":"http:\/\/kouskeol.fr\/?p=5489","title":{"rendered":"Un peu plus au sud de Barcelone"},"content":{"rendered":"\n<p><em><strong>Vendredi\n8 novembre 2019<\/strong><\/em> \u2013 La m\u00e9t\u00e9o est d\u00e9cid\u00e9ment hostile en\ncette p\u00e9riode en M\u00e9diterran\u00e9e&nbsp;: jusqu\u2019\u00e0 quarante n\u0153uds de\nvent en fin d\u2019apr\u00e8s-midi autour du Cabo Tortosa, au sud de\nTarragone. La d\u00e9cision est prise d\u2019avancer par \u00e9tapes\nrelativement courtes jusqu\u2019\u00e0 une fen\u00eatre m\u00e9t\u00e9o plus cl\u00e9mente.\nNous nous arr\u00eaterons donc \u00e0 Vila Nova\/La Geltru, une grosse\nvingtaine de milles au nord de Tarragone.<\/p>\n\n\n\n<p>La journ\u00e9e sera une suite de man\u0153uvres diverses&nbsp;: prises de\nris, qu\u2019on rel\u00e2che peu de temps apr\u00e8s, jusqu\u2019\u00e0 mettre le\nmoteur. Puis on recommence&nbsp;: prise de ris, etc.<\/p>\n\n\n\n<figure class=\"wp-block-image\"><img loading=\"lazy\" decoding=\"async\" width=\"1024\" height=\"768\" src=\"http:\/\/kouskeol.fr\/wp-content\/uploads\/2019\/11\/image2-1024x768.jpeg\" alt=\"\" class=\"wp-image-5495\" srcset=\"http:\/\/kouskeol.fr\/wp-content\/uploads\/2019\/11\/image2-1024x768.jpeg 1024w, http:\/\/kouskeol.fr\/wp-content\/uploads\/2019\/11\/image2-300x225.jpeg 300w, http:\/\/kouskeol.fr\/wp-content\/uploads\/2019\/11\/image2-768x576.jpeg 768w\" sizes=\"auto, (max-width: 1024px) 100vw, 1024px\" \/><figcaption>Kousk Eol trace sa route.<\/figcaption><\/figure>\n\n\n\n<p>Pour nous faire rire, la m\u00e9t\u00e9o espagnole lance plusieurs\nbulletins un peu alarmistes dans l\u2019apr\u00e8s-midi&nbsp;: force 7 \u00e0 8,\navec bien s\u00fbr des rafales et la mer qui va avec\u2026 Et toujours ce\nvent froid qui transperce.<\/p>\n\n\n\n<figure class=\"wp-block-image\"><img loading=\"lazy\" decoding=\"async\" width=\"1024\" height=\"768\" src=\"http:\/\/kouskeol.fr\/wp-content\/uploads\/2019\/11\/IMG_1147-1-1024x768.jpg\" alt=\"\" class=\"wp-image-5496\" srcset=\"http:\/\/kouskeol.fr\/wp-content\/uploads\/2019\/11\/IMG_1147-1-1024x768.jpg 1024w, http:\/\/kouskeol.fr\/wp-content\/uploads\/2019\/11\/IMG_1147-1-300x225.jpg 300w, http:\/\/kouskeol.fr\/wp-content\/uploads\/2019\/11\/IMG_1147-1-768x576.jpg 768w\" sizes=\"auto, (max-width: 1024px) 100vw, 1024px\" \/><figcaption>Entends-tu le vent qui souffle?<\/figcaption><\/figure>\n\n\n\n<p>La marina de Vila Nova est un havre. Bon d\u2019accord, on se\nretrouve au milieu de supers yachts, mais Kousk Eol en a vu d\u2019autres.\nLa premi\u00e8re place que nous prenons est un peu juste c\u00f4t\u00e9\nprofondeur, malgr\u00e9 l\u2019assurance de la capitainerie&nbsp;: il faudra\nbouger avant d\u2019aller se coucher.<\/p>\n\n\n\n<p>Le lendemain, la m\u00e9t\u00e9o n\u2019est gu\u00e8re plus engageante vers le\nsud, surtout avec le passage du petit cap Tortosa\u2026 Les GRIBs\nmontrent 40 n\u0153uds&nbsp;: on va peut-\u00eatre attendre une accalmie,\nnon&nbsp;? Ce sera donc Tarragone, jug\u00e9e un peu plus vivante que le\npetit port de l\u2019Ampolla si nous devons y passer le dimanche.<\/p>\n\n\n\n<figure class=\"wp-block-image\"><img loading=\"lazy\" decoding=\"async\" width=\"1024\" height=\"768\" src=\"http:\/\/kouskeol.fr\/wp-content\/uploads\/2019\/11\/image1-1-1024x768.jpeg\" alt=\"\" class=\"wp-image-5497\" srcset=\"http:\/\/kouskeol.fr\/wp-content\/uploads\/2019\/11\/image1-1-1024x768.jpeg 1024w, http:\/\/kouskeol.fr\/wp-content\/uploads\/2019\/11\/image1-1-300x225.jpeg 300w, http:\/\/kouskeol.fr\/wp-content\/uploads\/2019\/11\/image1-1-768x576.jpeg 768w\" sizes=\"auto, (max-width: 1024px) 100vw, 1024px\" \/><figcaption>D\u00e9part tranquille: tout le monde a encore le sourire!<\/figcaption><\/figure>\n\n\n\n<p>Et pour ne pas changer, re-man\u0153uvres&nbsp;: l\u2019\u00e9quipage est\nmaintenant rod\u00e9 aux encha\u00eenements de prises de ris&nbsp;: la\nvingtaine de milles depuis Vila Nova sera sportive&nbsp;! Et nous\narrivons \u00e0 Tarragone vers midi.<\/p>\n\n\n\n<figure class=\"wp-block-image\"><img loading=\"lazy\" decoding=\"async\" width=\"1000\" height=\"750\" src=\"http:\/\/kouskeol.fr\/wp-content\/uploads\/2019\/11\/PB091108-1.jpg\" alt=\"\" class=\"wp-image-5498\" srcset=\"http:\/\/kouskeol.fr\/wp-content\/uploads\/2019\/11\/PB091108-1.jpg 1000w, http:\/\/kouskeol.fr\/wp-content\/uploads\/2019\/11\/PB091108-1-300x225.jpg 300w, http:\/\/kouskeol.fr\/wp-content\/uploads\/2019\/11\/PB091108-1-768x576.jpg 768w\" sizes=\"auto, (max-width: 1000px) 100vw, 1000px\" \/><\/figure>\n\n\n\n<figure class=\"wp-block-image\"><img loading=\"lazy\" decoding=\"async\" width=\"1000\" height=\"750\" src=\"http:\/\/kouskeol.fr\/wp-content\/uploads\/2019\/11\/PB091107-1.jpg\" alt=\"\" class=\"wp-image-5499\" srcset=\"http:\/\/kouskeol.fr\/wp-content\/uploads\/2019\/11\/PB091107-1.jpg 1000w, http:\/\/kouskeol.fr\/wp-content\/uploads\/2019\/11\/PB091107-1-300x225.jpg 300w, http:\/\/kouskeol.fr\/wp-content\/uploads\/2019\/11\/PB091107-1-768x576.jpg 768w\" sizes=\"auto, (max-width: 1000px) 100vw, 1000px\" \/><figcaption>Heureusement, moins de mer aujourd&rsquo;hui qu&rsquo;hier.<\/figcaption><\/figure>\n\n\n\n<p>L\u2019apr\u00e8s-midi sera consacr\u00e9e \u00e0 une visite rapide de la vieille\nville, avec quelques courses pour compl\u00e9ter la cambuse.<\/p>\n\n\n\n<figure class=\"wp-block-image\"><img loading=\"lazy\" decoding=\"async\" width=\"722\" height=\"1024\" src=\"http:\/\/kouskeol.fr\/wp-content\/uploads\/2019\/11\/20191109_162628b-722x1024.jpg\" alt=\"\" class=\"wp-image-5505\" srcset=\"http:\/\/kouskeol.fr\/wp-content\/uploads\/2019\/11\/20191109_162628b-722x1024.jpg 722w, http:\/\/kouskeol.fr\/wp-content\/uploads\/2019\/11\/20191109_162628b-211x300.jpg 211w, http:\/\/kouskeol.fr\/wp-content\/uploads\/2019\/11\/20191109_162628b-768x1090.jpg 768w\" sizes=\"auto, (max-width: 722px) 100vw, 722px\" \/><figcaption>Tarragone<\/figcaption><\/figure>\n\n\n\n<figure class=\"wp-block-image\"><img loading=\"lazy\" decoding=\"async\" width=\"1024\" height=\"508\" src=\"http:\/\/kouskeol.fr\/wp-content\/uploads\/2019\/11\/20191109_163228b-1024x508.jpg\" alt=\"\" class=\"wp-image-5506\" srcset=\"http:\/\/kouskeol.fr\/wp-content\/uploads\/2019\/11\/20191109_163228b-1024x508.jpg 1024w, http:\/\/kouskeol.fr\/wp-content\/uploads\/2019\/11\/20191109_163228b-300x149.jpg 300w, http:\/\/kouskeol.fr\/wp-content\/uploads\/2019\/11\/20191109_163228b-768x381.jpg 768w\" sizes=\"auto, (max-width: 1024px) 100vw, 1024px\" \/><figcaption>On est bien en Catalogne&#8230;<\/figcaption><\/figure>\n\n\n\n<figure class=\"wp-block-image\"><img loading=\"lazy\" decoding=\"async\" width=\"781\" height=\"1024\" src=\"http:\/\/kouskeol.fr\/wp-content\/uploads\/2019\/11\/20191109_163118b-781x1024.jpg\" alt=\"\" class=\"wp-image-5507\" srcset=\"http:\/\/kouskeol.fr\/wp-content\/uploads\/2019\/11\/20191109_163118b-781x1024.jpg 781w, http:\/\/kouskeol.fr\/wp-content\/uploads\/2019\/11\/20191109_163118b-229x300.jpg 229w, http:\/\/kouskeol.fr\/wp-content\/uploads\/2019\/11\/20191109_163118b-768x1007.jpg 768w\" sizes=\"auto, (max-width: 781px) 100vw, 781px\" \/><figcaption>La cath\u00e9drale.<\/figcaption><\/figure>\n\n\n\n<p>La nuit sera tranquille, ou presque. Au petit d\u00e9jeuner, dimanche\nmatin, la discussion s\u2019\u00e9chauffe autour des ronflements dont la\ndouce musique accompagna les r\u00eaves de l\u2019\u00e9quipage&nbsp;:<\/p>\n\n\n\n<p>\u2014&nbsp;Ben dis donc, qu\u2019est-ce que tu as ronfl\u00e9 cette nuit&nbsp;!<\/p>\n\n\n\n<p>\u2014&nbsp;Mais, et toi&nbsp;? Tu ne t\u2019es pas entendu&nbsp;!<\/p>\n\n\n\n<p>\u2014&nbsp;Meu non, moi je ronfle pas&nbsp;!<\/p>\n\n\n\n<p>Et c\u2019est ici que la lectrice prendra conscience de l\u2019immense\n\u00e9tendue de la mauvaise foi qui caract\u00e9rise tout bon marin\u2026<\/p>\n\n\n\n<p>Premier exercice de la journ\u00e9e&nbsp;: prendre la m\u00e9t\u00e9o pour se\nfaire peur\u2026 Passer le dimanche \u00e0 Tarragone est finalement la bonne\noption pour \u00e9viter le coup de vent un peu plus au sud. Partir lundi \nsemble la moins mauvaise option&nbsp;: on reprendra les GRIBs ce\nsoir.<\/p>\n","protected":false},"excerpt":{"rendered":"<p>Vendredi 8 novembre 2019 \u2013 La m\u00e9t\u00e9o est d\u00e9cid\u00e9ment hostile en cette p\u00e9riode en M\u00e9diterran\u00e9e&nbsp;: jusqu\u2019\u00e0 quarante n\u0153uds de vent en fin d\u2019apr\u00e8s-midi autour du Cabo Tortosa, au sud de Tarragone. La d\u00e9cision est prise d\u2019avancer par \u00e9tapes relativement courtes jusqu\u2019\u00e0 une fen\u00eatre m\u00e9t\u00e9o plus cl\u00e9mente. Nous nous arr\u00eaterons donc \u00e0 Vila Nova\/La Geltru, une &hellip; <a href=\"http:\/\/kouskeol.fr\/?p=5489\" class=\"more-link\">Continuer la lecture de <span class=\"screen-reader-text\">Un peu plus au sud de Barcelone<\/span>  <span class=\"meta-nav\">&rarr;<\/span><\/a><\/p>\n","protected":false},"author":1,"featured_media":0,"comment_status":"open","ping_status":"open","sticky":false,"template":"","format":"standard","meta":{"ngg_post_thumbnail":0,"footnotes":""},"categories":[8],"tags":[],"class_list":["post-5489","post","type-post","status-publish","format-standard","hentry","category-voyage"],"_links":{"self":[{"href":"http:\/\/kouskeol.fr\/index.php?rest_route=\/wp\/v2\/posts\/5489","targetHints":{"allow":["GET"]}}],"collection":[{"href":"http:\/\/kouskeol.fr\/index.php?rest_route=\/wp\/v2\/posts"}],"about":[{"href":"http:\/\/kouskeol.fr\/index.php?rest_route=\/wp\/v2\/types\/post"}],"author":[{"embeddable":true,"href":"http:\/\/kouskeol.fr\/index.php?rest_route=\/wp\/v2\/users\/1"}],"replies":[{"embeddable":true,"href":"http:\/\/kouskeol.fr\/index.php?rest_route=%2Fwp%2Fv2%2Fcomments&post=5489"}],"version-history":[{"count":1,"href":"http:\/\/kouskeol.fr\/index.php?rest_route=\/wp\/v2\/posts\/5489\/revisions"}],"predecessor-version":[{"id":5508,"href":"http:\/\/kouskeol.fr\/index.php?rest_route=\/wp\/v2\/posts\/5489\/revisions\/5508"}],"wp:attachment":[{"href":"http:\/\/kouskeol.fr\/index.php?rest_route=%2Fwp%2Fv2%2Fmedia&parent=5489"}],"wp:term":[{"taxonomy":"category","embeddable":true,"href":"http:\/\/kouskeol.fr\/index.php?rest_route=%2Fwp%2Fv2%2Fcategories&post=5489"},{"taxonomy":"post_tag","embeddable":true,"href":"http:\/\/kouskeol.fr\/index.php?rest_route=%2Fwp%2Fv2%2Ftags&post=5489"}],"curies":[{"name":"wp","href":"https:\/\/api.w.org\/{rel}","templated":true}]}}