{"id":5527,"date":"2019-11-15T13:06:29","date_gmt":"2019-11-15T12:06:29","guid":{"rendered":"http:\/\/kouskeol.fr\/?p=5527"},"modified":"2019-11-15T13:06:31","modified_gmt":"2019-11-15T12:06:31","slug":"mais-qui-sont-donc-tous-ces-beaux-marins-a-bord-de-kousk-eol","status":"publish","type":"post","link":"http:\/\/kouskeol.fr\/?p=5527","title":{"rendered":"Mais qui sont donc tous ces beaux marins \u00e0 bord de Kousk Eol?"},"content":{"rendered":"\n<p> Je suis s\u00fbr que vous br\u00fblez de savoir, que vous vous posez en boucle la question\u00a0: \u00ab\u00a0Mais qui sont donc tous ces beaux et intr\u00e9pides marins \u00e0 bord de Kousk Eol\u00a0? Hein\u00a0? Dites-nous\u00a0!\u00a0 Allez!\u00bb<\/p>\n\n\n\n<p>Comme le souci\nprincipal du scribouillard de service est de m\u00e9contenter le moins\npossible, voire pas du tout, le lectorat<a href=\"#sdfootnote1sym\"><sup>1<\/sup><\/a>\n\u00e9clair\u00e9 de ce ramassis de fadaises insipides pompeusement qualifi\u00e9\nde \u00ab&nbsp;blog&nbsp;\u00bb, le sus-mentionn\u00e9 scribouillard condescend \u00e0\n\u00e9claire la lanterne du non moins sus-mentionn\u00e9 lectorat (que les\nlectrices \u00e9ventuelles se reportent \u00e0 la note 1 de bas de page).<\/p>\n\n\n\n<p><em>Remarque liminaire\u00a0<\/em>: tous les membres de l\u2019\u00e9quipage sont des voileux aguerris, capable de tenir un cap dans des conditions o\u00f9 m\u00eame les p\u00e9trels y regardent \u00e0 deux fois avant de quitter leur terrier\u2026<\/p>\n\n\n\n<p><strong>Jacques D<\/strong><\/p>\n\n\n\n<p>\n\u00c0 tout seigneur tout honneur\u2026 Surnomm\u00e9 l\u2019Amiral, Jacques en est\n\u00e0 sa huiti\u00e8me travers\u00e9e de l\u2019Atlantique, Nord autant que Sud. Le\nnombre de milles qu\u2019il a parcouru sur diff\u00e9rentes mers et\ndiff\u00e9rents canots ne sera pas d\u00e9voil\u00e9 ici pour ne pas faire peur\nau contribuable moyen&nbsp;: il a aussi travaill\u00e9 comme tout citoyen\nqui se respecte dans une vie ant\u00e9rieure pour m\u00e9riter ces nombreux\nbords. C\u2019est un marin exp\u00e9riment\u00e9 et prudent. Notre guide\nspirituel lorsqu\u2019il s\u2019agit de prendre et interpr\u00e9ter la m\u00e9t\u00e9o,\net ses GRIBs<a href=\"#sdfootnote2sym\"><sup>2<\/sup><\/a>\nmyst\u00e9rieux. Le sage qui maintient la liste des \u00ab&nbsp;choses&nbsp;\u00bb\n\u00e0 faire \u00e0 bord&nbsp;.<\/p>\n\n\n\n<div class=\"wp-block-image\"><figure class=\"aligncenter\"><img loading=\"lazy\" decoding=\"async\" width=\"1024\" height=\"768\" src=\"http:\/\/kouskeol.fr\/wp-content\/uploads\/2019\/11\/IMG_1265c-1024x768.jpg\" alt=\"\" class=\"wp-image-5528\" srcset=\"http:\/\/kouskeol.fr\/wp-content\/uploads\/2019\/11\/IMG_1265c-1024x768.jpg 1024w, http:\/\/kouskeol.fr\/wp-content\/uploads\/2019\/11\/IMG_1265c-300x225.jpg 300w, http:\/\/kouskeol.fr\/wp-content\/uploads\/2019\/11\/IMG_1265c-768x576.jpg 768w\" sizes=\"auto, (max-width: 1024px) 100vw, 1024px\" \/><\/figure><\/div>\n\n\n\n<p><strong>Herv\u00e9 D<\/strong><\/p>\n\n\n\n<p>\nUn Breton, un vrai, de Tr\u00e9gastel de surcro\u00eet. Lui aussi navigue\ndepuis qu\u2019il sait marcher, ou presque. Son terrain de pr\u00e9dilection\na \u00e9t\u00e9 longtemps la Manche et ses r\u00e9gates, son humidit\u00e9 venteuse\net vivifiante. Un de ses r\u00eaves est de traverser la grande mare, et\nil a donc saut\u00e9 sur l\u2019occasion, et a bassement soudoy\u00e9 le\ncapitaine, que tout le monde sait v\u00e9nal, pour avoir son\nembarquement. Il conna\u00eet bien Kousk Eol pour avoir navigu\u00e9 \u00e0 son\nbord plusieurs fois.<\/p>\n\n\n\n<div class=\"wp-block-image\"><figure class=\"aligncenter\"><img loading=\"lazy\" decoding=\"async\" width=\"768\" height=\"1024\" src=\"http:\/\/kouskeol.fr\/wp-content\/uploads\/2019\/11\/IMG-20191112-WA0003c-768x1024.jpg\" alt=\"\" class=\"wp-image-5529\" srcset=\"http:\/\/kouskeol.fr\/wp-content\/uploads\/2019\/11\/IMG-20191112-WA0003c-768x1024.jpg 768w, http:\/\/kouskeol.fr\/wp-content\/uploads\/2019\/11\/IMG-20191112-WA0003c-225x300.jpg 225w, http:\/\/kouskeol.fr\/wp-content\/uploads\/2019\/11\/IMG-20191112-WA0003c.jpg 1115w\" sizes=\"auto, (max-width: 768px) 100vw, 768px\" \/><\/figure><\/div>\n\n\n\n<p><strong>Fran\u00e7ois C<\/strong><\/p>\n\n\n\n<p>Un\nautre Breton, de Saint Malo cette fois&nbsp;: on\nlui pardonnera m\u00eame de s\u2019\u00eatre install\u00e9 \u00e0 Nantes.\nEt que font les Malouins&nbsp;? Ben ils naviguent, pardi&nbsp;! Et\nFran\u00e7ois ne d\u00e9roge pas \u00e0 la r\u00e8gle&nbsp;: il navigue, en\nparticulier sur Kousk Eol,\nm\u00eame si son terrain de jeu\nest plut\u00f4t en Atlantique et en Bretagne. Lui\naussi r\u00eavait de\ncette travers\u00e9e et a saut\u00e9 sur l\u2019occasion sans trop se faire\nprier. M\u00e9fiez-vous de\nFran\u00e7ois&nbsp;: sous des airs de flegme que d\u2019autres\nqualifieraient de britannique, il manie couramment le second degr\u00e9.<\/p>\n\n\n\n<div class=\"wp-block-image\"><figure class=\"aligncenter\"><img loading=\"lazy\" decoding=\"async\" width=\"768\" height=\"1024\" src=\"http:\/\/kouskeol.fr\/wp-content\/uploads\/2019\/11\/IMG-20191112-WA0005c-768x1024.jpg\" alt=\"\" class=\"wp-image-5530\" srcset=\"http:\/\/kouskeol.fr\/wp-content\/uploads\/2019\/11\/IMG-20191112-WA0005c-768x1024.jpg 768w, http:\/\/kouskeol.fr\/wp-content\/uploads\/2019\/11\/IMG-20191112-WA0005c-225x300.jpg 225w, http:\/\/kouskeol.fr\/wp-content\/uploads\/2019\/11\/IMG-20191112-WA0005c.jpg 1151w\" sizes=\"auto, (max-width: 768px) 100vw, 768px\" \/><\/figure><\/div>\n\n\n\n<p><strong>Yan L<\/strong><\/p>\n\n\n\n<p>C\u2019est\nle petit jeune de l\u2019\u00e9quipe. Son\nenvie irr\u00e9pressible d\u2019aller voir de l\u2019autre c\u00f4t\u00e9 en bateau \u00e0\nvoile l\u2019a amen\u00e9 \u00e0 se\nvendre pour faire partie de cet \u00e9quipage de r\u00eave, \u00e0 coup de\nconserves de plats tous plus \u00e9labor\u00e9s les uns que les autres\u2026 Ses\nimmenses comp\u00e9tences culinaires ont contribu\u00e9 elles aussi \u00e0 la\nprise de d\u00e9cision. Ses talents\nen bricolage et son \u00e9nergie aussi, accessoirement. Il conna\u00eet bien\nKousk Eol pour avoir aid\u00e9 \u00e0 le pr\u00e9parer, ainsi que pour l\u2019avoir\npris pour naviguer. C\u2019est\nl\u2019\u00e9quipier qu\u2019il faut surveiller de pr\u00e8s&nbsp;: \u00ab&nbsp;On\nmettrait pas le g\u00e9nois \u00e0 la place de la trinquette&nbsp;?&nbsp;\u00bb\n\u00ab&nbsp;Ce ne serait pas le bon moment pour le Code D&nbsp;?&nbsp;\u00bb.<\/p>\n\n\n\n<div class=\"wp-block-image\"><figure class=\"aligncenter\"><img loading=\"lazy\" decoding=\"async\" width=\"1024\" height=\"767\" src=\"http:\/\/kouskeol.fr\/wp-content\/uploads\/2019\/11\/IMG-20191113-WA0000c-1024x767.jpg\" alt=\"\" class=\"wp-image-5532\" srcset=\"http:\/\/kouskeol.fr\/wp-content\/uploads\/2019\/11\/IMG-20191113-WA0000c-1024x767.jpg 1024w, http:\/\/kouskeol.fr\/wp-content\/uploads\/2019\/11\/IMG-20191113-WA0000c-300x225.jpg 300w, http:\/\/kouskeol.fr\/wp-content\/uploads\/2019\/11\/IMG-20191113-WA0000c-768x576.jpg 768w, http:\/\/kouskeol.fr\/wp-content\/uploads\/2019\/11\/IMG-20191113-WA0000c.jpg 1477w\" sizes=\"auto, (max-width: 1024px) 100vw, 1024px\" \/><\/figure><\/div>\n\n\n\n<p><strong>Claude C<\/strong><\/p>\n\n\n\n<p>\nEst-il vraiment n\u00e9cessaire d\u2019en parler&nbsp;? De lui donner une\noccasion de se faire valoir, lui qui ne rate pas une occasion de se\nla p\u00e9ter grave&nbsp;? La seule raison de sa pr\u00e9sence \u00e0 bord est\nson investissement financier autant qu\u2019affectif dans Kousk Eol\u2026\nSinon, vous pensez bien\u2026<\/p>\n\n\n\n<div class=\"wp-block-image\"><figure class=\"aligncenter\"><img loading=\"lazy\" decoding=\"async\" width=\"1024\" height=\"768\" src=\"http:\/\/kouskeol.fr\/wp-content\/uploads\/2019\/11\/IMG_1239c-1024x768.jpg\" alt=\"\" class=\"wp-image-5531\" srcset=\"http:\/\/kouskeol.fr\/wp-content\/uploads\/2019\/11\/IMG_1239c-1024x768.jpg 1024w, http:\/\/kouskeol.fr\/wp-content\/uploads\/2019\/11\/IMG_1239c-300x225.jpg 300w, http:\/\/kouskeol.fr\/wp-content\/uploads\/2019\/11\/IMG_1239c-768x576.jpg 768w\" sizes=\"auto, (max-width: 1024px) 100vw, 1024px\" \/><\/figure><\/div>\n\n\n\n<p>_______________________________<\/p>\n\n\n\n<p><a href=\"#sdfootnote1anc\">1<\/a> M\u00eame si ce mot est au masculin, il s\u2019adresse aussi \u00e0 la population f\u00e9minine qui se fourvoierait \u00e0 lire ces lignes.<\/p>\n\n\n\n<p><a href=\"#sdfootnote2anc\">2<\/a> Pour celles et ceux qui d\u00e9couvriraient ce mot, GRIB veut dire Gridded Binary\u00a0: ce sont des fichiers incluant toutes les informations m\u00e9t\u00e9orologiques d\u2019une zone, pour une dur\u00e9e donn\u00e9e, sous forme num\u00e9rique, interpr\u00e9table par le logiciel de navigation.<\/p>\n","protected":false},"excerpt":{"rendered":"<p>Je suis s\u00fbr que vous br\u00fblez de savoir, que vous vous posez en boucle la question\u00a0: \u00ab\u00a0Mais qui sont donc tous ces beaux et intr\u00e9pides marins \u00e0 bord de Kousk Eol\u00a0? Hein\u00a0? Dites-nous\u00a0!\u00a0 Allez!\u00bb Comme le souci principal du scribouillard de service est de m\u00e9contenter le moins possible, voire pas du tout, le lectorat1 \u00e9clair\u00e9 &hellip; <a href=\"http:\/\/kouskeol.fr\/?p=5527\" class=\"more-link\">Continuer la lecture de <span class=\"screen-reader-text\">Mais qui sont donc tous ces beaux marins \u00e0 bord de Kousk Eol?<\/span>  <span class=\"meta-nav\">&rarr;<\/span><\/a><\/p>\n","protected":false},"author":1,"featured_media":0,"comment_status":"open","ping_status":"open","sticky":false,"template":"","format":"standard","meta":{"ngg_post_thumbnail":0,"footnotes":""},"categories":[8],"tags":[],"class_list":["post-5527","post","type-post","status-publish","format-standard","hentry","category-voyage"],"_links":{"self":[{"href":"http:\/\/kouskeol.fr\/index.php?rest_route=\/wp\/v2\/posts\/5527","targetHints":{"allow":["GET"]}}],"collection":[{"href":"http:\/\/kouskeol.fr\/index.php?rest_route=\/wp\/v2\/posts"}],"about":[{"href":"http:\/\/kouskeol.fr\/index.php?rest_route=\/wp\/v2\/types\/post"}],"author":[{"embeddable":true,"href":"http:\/\/kouskeol.fr\/index.php?rest_route=\/wp\/v2\/users\/1"}],"replies":[{"embeddable":true,"href":"http:\/\/kouskeol.fr\/index.php?rest_route=%2Fwp%2Fv2%2Fcomments&post=5527"}],"version-history":[{"count":1,"href":"http:\/\/kouskeol.fr\/index.php?rest_route=\/wp\/v2\/posts\/5527\/revisions"}],"predecessor-version":[{"id":5533,"href":"http:\/\/kouskeol.fr\/index.php?rest_route=\/wp\/v2\/posts\/5527\/revisions\/5533"}],"wp:attachment":[{"href":"http:\/\/kouskeol.fr\/index.php?rest_route=%2Fwp%2Fv2%2Fmedia&parent=5527"}],"wp:term":[{"taxonomy":"category","embeddable":true,"href":"http:\/\/kouskeol.fr\/index.php?rest_route=%2Fwp%2Fv2%2Fcategories&post=5527"},{"taxonomy":"post_tag","embeddable":true,"href":"http:\/\/kouskeol.fr\/index.php?rest_route=%2Fwp%2Fv2%2Ftags&post=5527"}],"curies":[{"name":"wp","href":"https:\/\/api.w.org\/{rel}","templated":true}]}}