{"id":5534,"date":"2019-11-17T11:40:24","date_gmt":"2019-11-17T10:40:24","guid":{"rendered":"http:\/\/kouskeol.fr\/?p=5534"},"modified":"2019-11-17T11:40:31","modified_gmt":"2019-11-17T10:40:31","slug":"elle-avanca-et-prononca-ce-mot-almeria","status":"publish","type":"post","link":"http:\/\/kouskeol.fr\/?p=5534","title":{"rendered":"Elle avan\u00e7a et pronon\u00e7a ce mot : Almeria."},"content":{"rendered":"\n<p><strong>Vendredi <\/strong><strong>15\nnovembre 2019<\/strong>. Si vous avez bien suivi, vous savez que nous\nsommes venus nous mettre \u00e0 l\u2019abri dans le port du Club de Mar\nd\u2019Almeria il y a deux jours. Bonne d\u00e9cision&nbsp;: le vent est\nmont\u00e9 \u00e0 plus de 50 n\u0153uds, nous obligeant \u00e0 doubler nos amarres.\nMais c\u2019\u00e9tait mieux au ponton qu\u2019en mer\u2026<\/p>\n\n\n\n<div class=\"wp-block-image\"><figure class=\"aligncenter\"><img loading=\"lazy\" decoding=\"async\" width=\"769\" height=\"1024\" src=\"http:\/\/kouskeol.fr\/wp-content\/uploads\/2019\/11\/20191114_134952c-1-769x1024.jpg\" alt=\"\" class=\"wp-image-5536\" srcset=\"http:\/\/kouskeol.fr\/wp-content\/uploads\/2019\/11\/20191114_134952c-1-769x1024.jpg 769w, http:\/\/kouskeol.fr\/wp-content\/uploads\/2019\/11\/20191114_134952c-1-225x300.jpg 225w, http:\/\/kouskeol.fr\/wp-content\/uploads\/2019\/11\/20191114_134952c-1-768x1022.jpg 768w, http:\/\/kouskeol.fr\/wp-content\/uploads\/2019\/11\/20191114_134952c-1.jpg 1593w\" sizes=\"auto, (max-width: 769px) 100vw, 769px\" \/><figcaption>Le vent monte.<\/figcaption><\/figure><\/div>\n\n\n\n<p>La derni\u00e8re m\u00e9t\u00e9o\nindique une bonne fen\u00eatre pour tenter d\u2019aller au moins jusqu\u2019\u00e0\nMalaga, voire Marbella, \u00e0 moins de 40 milles de Gibraltar. Le d\u00e9part\nest pr\u00e9vu vers 17 heures 30.<\/p>\n\n\n\n<p>Les deux jours ont\n\u00e9t\u00e9 bien occup\u00e9s avec les r\u00e9parations qu\u2019il y a toujours \u00e0\nfaire sur un voilier qui navigue&nbsp;:<\/p>\n\n\n\n<ul class=\"wp-block-list\"><li>Colmatage des\n\tfuites du capot de pont avant&nbsp;: Fran\u00e7ois supportait de moins\n\ten moins d\u2019\u00eatre r\u00e9veill\u00e9 arros\u00e9 chaque fois qu\u2019une vague\n\tpassait par-dessus le pont. Et il y en a eu quelques-unes.\n\t<\/li><li>Changement de\n\tla drisse de grand voile.\n\t<\/li><li>Remplacement de\n\tla bosse d\u2019\u00e9coute de ris no 2.\n\t<\/li><li>Reprise des\n\trenvois de bosses d\u2019\u00e9coute des ris de grand voile.\n\t<\/li><li>\u00c9laboration\n\td\u2019une tarte tatin et des cuisses de canard confites dans le but de\n\tfaire avaler au captain qu\u2019une ann\u00e9e de plus, ce n\u2019\u00e9tait\n\tfinalement pas la mer \u00e0 boire.\n<\/li><\/ul>\n\n\n\n<div class=\"wp-block-image\"><figure class=\"aligncenter\"><img loading=\"lazy\" decoding=\"async\" width=\"1024\" height=\"768\" src=\"http:\/\/kouskeol.fr\/wp-content\/uploads\/2019\/11\/20191114_212736c-1024x768.jpg\" alt=\"\" class=\"wp-image-5537\" srcset=\"http:\/\/kouskeol.fr\/wp-content\/uploads\/2019\/11\/20191114_212736c-1024x768.jpg 1024w, http:\/\/kouskeol.fr\/wp-content\/uploads\/2019\/11\/20191114_212736c-300x225.jpg 300w, http:\/\/kouskeol.fr\/wp-content\/uploads\/2019\/11\/20191114_212736c-768x576.jpg 768w\" sizes=\"auto, (max-width: 1024px) 100vw, 1024px\" \/><\/figure><\/div>\n\n\n\n<div class=\"wp-block-image\"><figure class=\"aligncenter\"><img loading=\"lazy\" decoding=\"async\" width=\"1024\" height=\"768\" src=\"http:\/\/kouskeol.fr\/wp-content\/uploads\/2019\/11\/20191114_212805c-1024x768.jpg\" alt=\"\" class=\"wp-image-5538\" srcset=\"http:\/\/kouskeol.fr\/wp-content\/uploads\/2019\/11\/20191114_212805c-1024x768.jpg 1024w, http:\/\/kouskeol.fr\/wp-content\/uploads\/2019\/11\/20191114_212805c-300x225.jpg 300w, http:\/\/kouskeol.fr\/wp-content\/uploads\/2019\/11\/20191114_212805c-768x576.jpg 768w\" sizes=\"auto, (max-width: 1024px) 100vw, 1024px\" \/><figcaption>La tarte tatin tant qu&rsquo;il en reste&#8230;<\/figcaption><\/figure><\/div>\n\n\n\n<p><strong>La fin d\u2019une\nidylle<\/strong>. Mais l\u2019\u00e9v\u00e8nement le plus marquant de cette courte\nescale a \u00e9t\u00e9 la fin d\u2019une idylle qui paraissait prometteuse.\nFran\u00e7ois et Yan, qui partageaient la m\u00eame cabine, et surtout la\nm\u00eame couchette, depuis Barcelone, d\u00e9cident d\u2019un commun accord que\ncoucher l\u2019un sur l\u2019autre \u00e0 chaque virement de bord, quand le\nbateau g\u00eete, n\u2019\u00e9tait vraiment pas propice au repos r\u00e9parateur\nn\u00e9cessaire entre deux quarts. Et qu\u2019il \u00e9tait temps de faire\ncouchette \u00e0 part\u2026<\/p>\n\n\n\n<p>Le temps que le vent\ntombe, et une toile anti-roulis \u00e9tait install\u00e9e pour garantir\nl\u2019espace de repos individuel souhait\u00e9.<\/p>\n\n\n\n<div class=\"wp-block-image\"><figure class=\"aligncenter\"><img loading=\"lazy\" decoding=\"async\" width=\"1024\" height=\"768\" src=\"http:\/\/kouskeol.fr\/wp-content\/uploads\/2019\/11\/20191115_170008c-1024x768.jpg\" alt=\"\" class=\"wp-image-5539\" srcset=\"http:\/\/kouskeol.fr\/wp-content\/uploads\/2019\/11\/20191115_170008c-1024x768.jpg 1024w, http:\/\/kouskeol.fr\/wp-content\/uploads\/2019\/11\/20191115_170008c-300x225.jpg 300w, http:\/\/kouskeol.fr\/wp-content\/uploads\/2019\/11\/20191115_170008c-768x576.jpg 768w\" sizes=\"auto, (max-width: 1024px) 100vw, 1024px\" \/><\/figure><\/div>\n\n\n\n<p>Et on arrive aux\nfatidiques 17 heures 30 sans avoir eu le temps de visiter Almeria\u2026\nOn t\u00e2chera de se venger sur Gibraltar. En attendant, il est temps\nd\u2019y aller.<\/p>\n\n\n\n<p>Et on y va. Au\nmoteur bien s\u00fbr&nbsp;! Et \u00e7a durera jusqu\u2019\u00e0 4 heures 30. La\nsuite de la journ\u00e9e se r\u00e9sumera \u00e0 un encha\u00eenement de\nrouler-d\u00e9rouler du g\u00e9nois, puis passage \u00e0 la trinquette, pour\nremettre peu de temps apr\u00e8s le g\u00e9nois, le rouler puis le d\u00e9rouler\npour le rouler une fois encore avant de repasser \u00e0 la trinquette\u2026<\/p>\n\n\n\n<p><strong>Samedi 16, 14 h\n30.<\/strong> La proximit\u00e9 de la c\u00f4te permet de prendre la derni\u00e8re\nmouture des GRIBs. On pourrait continuer sur Gibraltar et arriver le\nlendemain matin apr\u00e8s s\u2019\u00eatre probablement fait copieusement\nbrass\u00e9s. Ou on pourrait aussi faire une pause \u00e0 Benalmadena jusqu\u2019\u00e0\nla prochaine fen\u00eatre. C\u2019est l\u2019option vot\u00e9e&nbsp;: encore une\nquinzaine de milles avant d\u2019esp\u00e9rer \u00eatre un peu au calme.<\/p>\n\n\n\n<p>Au fait&nbsp;: la\ntoile anti-roulis, vous vous rappelez&nbsp;? Elle a tenu un virement\nde bord, puis a l\u00e2ch\u00e9\u2026 On reverra \u00e7a \u00e0 la prochaine escale.<\/p>\n\n\n\n<p>En attendant, les\nquinze derniers milles se m\u00e9ritent&nbsp;: pas de vent, trop de vent,\npas la bonne direction, et on reboucle. Commentaire le lendemain\nmatin d\u2019un autre voilier faisant la m\u00eame route que nous&nbsp;:\n\u00ab&nbsp;M\u00e9diterran\u00e9e, mer de merde&nbsp;! Ou il y a trop de vent et\non casse le bateau, ou il n\u2019y en a pas et on fait des heures de\nmoteur&nbsp;! C\u2019est la derni\u00e8re fois que je viens ici&nbsp;!&nbsp;\u00bb.<\/p>\n\n\n\n<p>Vers 17 heures 30,\nnous arrivons devant la capitainerie de la marina de Benlmadena, o\u00f9\nnous en profitons pour refaire le plein de gasoil. Nos nouveaux\ncopains suisses d\u2019Almeria, sur Kawaine, nous ont suivi. Eux aussi\nfont la route vers les Antilles via les Canaries. Nous devrions nous\nrevoir demain. Nous passerons une excellente nuit, au calme, et repus\nd\u2019un b\u0153uf bourguignon dont je vous passe les d\u00e9tails&nbsp;;\nsachez seulement qu\u2019il a \u00e9t\u00e9, encore une fois, concoct\u00e9 par\nnotre cuistot en chef Yan.<\/p>\n\n\n\n<p><strong>Dimanche 17.<\/strong>\nPetit d\u00e9jeuner en terrasse avec le pain frais qu\u2019a r\u00e9ussi \u00e0\nd\u00e9nicher Herv\u00e9&nbsp;: beau temps, temp\u00e9rature agr\u00e9able. Les\nfameux GRIBs du jour montrent une belle fen\u00eatre pour lundi&nbsp;:\nnous partirons donc demain matin \u00e0 l\u2019aurore pour arriver \u00e0\nGuibraltar, \u00e0 soixante milles, de jour.,.<\/p>\n\n\n\n<p>Aujourd\u2019hui sera\nune autre journ\u00e9e de r\u00e9paration, en commen\u00e7ant par renforcer la\ntoile anti-roulis.<\/p>\n","protected":false},"excerpt":{"rendered":"<p>Vendredi 15 novembre 2019. Si vous avez bien suivi, vous savez que nous sommes venus nous mettre \u00e0 l\u2019abri dans le port du Club de Mar d\u2019Almeria il y a deux jours. Bonne d\u00e9cision&nbsp;: le vent est mont\u00e9 \u00e0 plus de 50 n\u0153uds, nous obligeant \u00e0 doubler nos amarres. Mais c\u2019\u00e9tait mieux au ponton qu\u2019en &hellip; <a href=\"http:\/\/kouskeol.fr\/?p=5534\" class=\"more-link\">Continuer la lecture de <span class=\"screen-reader-text\">Elle avan\u00e7a et pronon\u00e7a ce mot : Almeria.<\/span>  <span class=\"meta-nav\">&rarr;<\/span><\/a><\/p>\n","protected":false},"author":1,"featured_media":0,"comment_status":"open","ping_status":"open","sticky":false,"template":"","format":"standard","meta":{"ngg_post_thumbnail":0,"footnotes":""},"categories":[8],"tags":[],"class_list":["post-5534","post","type-post","status-publish","format-standard","hentry","category-voyage"],"_links":{"self":[{"href":"http:\/\/kouskeol.fr\/index.php?rest_route=\/wp\/v2\/posts\/5534","targetHints":{"allow":["GET"]}}],"collection":[{"href":"http:\/\/kouskeol.fr\/index.php?rest_route=\/wp\/v2\/posts"}],"about":[{"href":"http:\/\/kouskeol.fr\/index.php?rest_route=\/wp\/v2\/types\/post"}],"author":[{"embeddable":true,"href":"http:\/\/kouskeol.fr\/index.php?rest_route=\/wp\/v2\/users\/1"}],"replies":[{"embeddable":true,"href":"http:\/\/kouskeol.fr\/index.php?rest_route=%2Fwp%2Fv2%2Fcomments&post=5534"}],"version-history":[{"count":1,"href":"http:\/\/kouskeol.fr\/index.php?rest_route=\/wp\/v2\/posts\/5534\/revisions"}],"predecessor-version":[{"id":5540,"href":"http:\/\/kouskeol.fr\/index.php?rest_route=\/wp\/v2\/posts\/5534\/revisions\/5540"}],"wp:attachment":[{"href":"http:\/\/kouskeol.fr\/index.php?rest_route=%2Fwp%2Fv2%2Fmedia&parent=5534"}],"wp:term":[{"taxonomy":"category","embeddable":true,"href":"http:\/\/kouskeol.fr\/index.php?rest_route=%2Fwp%2Fv2%2Fcategories&post=5534"},{"taxonomy":"post_tag","embeddable":true,"href":"http:\/\/kouskeol.fr\/index.php?rest_route=%2Fwp%2Fv2%2Ftags&post=5534"}],"curies":[{"name":"wp","href":"https:\/\/api.w.org\/{rel}","templated":true}]}}