{"id":5541,"date":"2019-11-17T12:21:20","date_gmt":"2019-11-17T11:21:20","guid":{"rendered":"http:\/\/kouskeol.fr\/?p=5541"},"modified":"2019-11-17T12:21:22","modified_gmt":"2019-11-17T11:21:22","slug":"portrait-de-captain","status":"publish","type":"post","link":"http:\/\/kouskeol.fr\/?p=5541","title":{"rendered":"Portrait de Cap\u2019tain"},"content":{"rendered":"\n<p>Suite \u00e0 la publication de l\u2019article sur les marins de Kousk Eol, parmi les disciples, un \u00e9lan de protestation s\u2019est fait sentir&#8230; Qui osera d\u00e9fier l\u2019autorit\u00e9 supr\u00eame et \u00e9crire un tissu de b\u00eatises sur notre cher cap\u2019tain\u00a0??? Sans aller jusqu\u2019\u00e0 la mutinerie du Bounty, c\u2019est une action syndicale men\u00e9e  par un collectif de marins en col\u00e8re<a href=\"http:\/\/kouskeol.fr\/wp-admin\/post.php?post=5541&amp;action=edit#sdfootnote1sym\"><sup>1<\/sup><\/a>  qui tentera de dresser un portrait le plus objectif possible de celui qu\u2019on appelle Le Glaude.<\/p>\n\n\n\n<p><strong>Le parler \u00ab&nbsp;le\nGlaude&nbsp;\u00bb\u2026<\/strong><\/p>\n\n\n\n<p>Afin que tout le\nmonde se comprenne bien sur Kousk Eol, il est important de parler le\nm\u00eame langage\u2026 Comprenez bien, le m\u00eame langage que le Glaude.\nCertes, les bases grammaticales se rapprochent du langage marin\nclassique\u2026 En voici quelques exemples&nbsp;:<\/p>\n\n\n\n<ul class=\"wp-block-list\"><li>Prendre un\n\tris&nbsp;: consiste \u00e0 r\u00e9duire la grand-voile parce que le\n\tliston est dans l\u2019eau\u2026\n\t<\/li><li>Liston&nbsp;:\n\tIndicateur visuel de g\u00eete qui, une fois immerg\u00e9, fait penser qu\u2019il\n\tserait bon de prendre un ris\u2026\n\t<\/li><li>Code\n\tD&nbsp;: voile virtuelle dont les couleurs fait r\u00eaver les\n\tfilles. La l\u00e9gende dit que le Code D ne se d\u00e9roule que lorsque le\n\tvent est quasi nul\u2026\n<\/li><\/ul>\n\n\n\n<p>Il ne s\u2019agit pas\nl\u00e0 de r\u00e9\u00e9crire le dictionnaire des Gl\u00e9nans, mais plut\u00f4t de le\ncompl\u00e9ter avec les expressions courantes du bord.<\/p>\n\n\n\n<ul class=\"wp-block-list\"><li>Moi j\u2019dis\n\t\u00e7a j\u2019dis rien&nbsp;: Forme d\u2019ouverture au dialogue dont\n\tl\u2019issue est connue, c\u2019est-\u00e0-dire que quelle que soit la\n\tproposition oppos\u00e9e \u00e0 celle du Glaude, elle ne sera pas retenue,\n\tmais il ne vous en sera pas tenu rigueur. Ex&nbsp;: \u00ab&nbsp;Vous\n\tvoulez rester sous g\u00e9nois&nbsp;? Moi j\u2019mettrais la trinquette\u2026\n\tMais\u2026 Moi j\u2019dis \u00e7a j\u2019dis rien\u2026&nbsp;\u00bb\n\t<\/li><li>Sans vouloir\n\tte commander&nbsp;: Dans l\u2019action, cette petite expression\n\tsans pr\u00e9tention pour le commun des mortels sera traduite \u00e0 bord de\n\tKE par \u00ab&nbsp;Fais ce que je te dis, et fissa&nbsp;!&nbsp;\u00bb. Il va\n\tde soi qu\u2019il vaut mieux courir alors\u2026\n\t<\/li><li>Vate\n\tFairfoutre&nbsp;: Cette expression, difficile \u00e0 prononcer, est\n\t\u00e0 l\u2019oppos\u00e9 de \u00ab&nbsp;Moi j\u2019dis \u00e7a, j\u2019dis rien&nbsp;\u00bb.\n\tLorsque le Glaude l\u2019utilise, nous autres disciples pouvons alors\n\tnous congratuler d\u2019avoir enfin eu une bonne id\u00e9e&nbsp;! \u00ab&nbsp;Vate\n\tFairfoutre&nbsp;!!!&nbsp;\u00bb Le Glaude est d\u2019accord&nbsp;! Par\n\texemple, on peut renvoyer un ris ou d\u00e9rouler du g\u00e9nois&nbsp;!\n\t<\/li><li>Va Fanc\u00f9lo&nbsp;:\n\tForme d\u2019acceptation identique \u00e0 \u00ab&nbsp;Vate fairfoutre&nbsp;\u00bb&nbsp;!\n\tLe Glaude jette l\u2019\u00e9ponge, on peut faire ce qu\u2019on veut. Par\n\texemple, p\u00eacher \u00e0 la tra\u00eene \u00e0 8 n\u0153uds\u2026\n\t<\/li><li>Connard&nbsp;:\n\tC\u2019est qu\u2019il a un c\u0153ur gros comme \u00e7a le Glaude. Il exprime\n\tainsi sa sympathie \u00e0 l\u2019\u00e9gard de son entourage de marins. Il m\u2019a\n\tdit \u00ab&nbsp;Connard&nbsp;!&nbsp;\u00bb, \u00e7a veut dire qu\u2019il m\u2019aime\n\tbien&nbsp;!\n<\/li><\/ul>\n\n\n\n<p><strong>L<\/strong><strong>a\nnavigation<\/strong><\/p>\n\n\n\n<p>Une fois en mer,\nnotre cap\u2019tain nous autorise \u00e0 peu pr\u00e8s tout. Il veillera\ncependant \u00e0 la pr\u00e9servation de quelques nobles principes&nbsp;: le\nconfort des passagers, et la performance sans faire souffrir son\nvaleureux Kousk Eol.<\/p>\n\n\n\n<p>Point de\ncomp\u00e9tition&nbsp;! On n\u2019est pas l\u00e0 pour \u00eatre les premiers&nbsp;!\nC\u2019est d\u2019ailleurs en ces termes que le Glaude nous explique sa\nphilosophie de la voile paisible&nbsp;: \u00ab&nbsp;On n\u2019est pas l\u00e0\npour r\u00e9gater&nbsp;! La seule chose que je ne supporte pas sur l\u2019eau,\nc\u2019est d\u2019avoir un autre bateau devant moi&nbsp;!&nbsp;\u00bb. Il pense\nd\u2019ailleurs accrocher sur le tableau arri\u00e8re un petit mot \u00e0\nl\u2019\u00e9gard des bateaux d\u00e9pass\u00e9s&nbsp;: \u00ab&nbsp;Va Fanc\u00f9lo&nbsp;!&nbsp;\u00bb&nbsp;!<\/p>\n\n\n\n<p>Pour le c\u00f4t\u00e9\nmarin, tous diront que c\u2019est une encyclop\u00e9die \u00e0 lui tout seul.\nSon exp\u00e9rience semble infinie, et la richesse de ses r\u00e9cits de\nnavigation (dont nous sommes tr\u00e8s friands) nous fait nous poser une\nquestion&nbsp;: a-t-il un jour travaill\u00e9 dans sa vie&nbsp;???<\/p>\n\n\n\n<div class=\"wp-block-image\"><figure class=\"aligncenter\"><img loading=\"lazy\" decoding=\"async\" width=\"1024\" height=\"768\" src=\"http:\/\/kouskeol.fr\/wp-content\/uploads\/2019\/11\/IMG_1294-1024x768.jpg\" alt=\"\" class=\"wp-image-5544\" srcset=\"http:\/\/kouskeol.fr\/wp-content\/uploads\/2019\/11\/IMG_1294-1024x768.jpg 1024w, http:\/\/kouskeol.fr\/wp-content\/uploads\/2019\/11\/IMG_1294-300x225.jpg 300w, http:\/\/kouskeol.fr\/wp-content\/uploads\/2019\/11\/IMG_1294-768x576.jpg 768w\" sizes=\"auto, (max-width: 1024px) 100vw, 1024px\" \/><figcaption> <em>Qui conna\u00eet l\u2019\u00e2ge du capitaine\u00a0?<\/em> <\/figcaption><\/figure><\/div>\n\n\n\n<p>Malgr\u00e9 son \u00e2ge\navanc\u00e9, il voit tout, il entend tout, et il sent tout&nbsp;! Et\ncomme il conna\u00eet chaque boulon et chaque bout de ficelle de son\nbateau, il peut analyser la moindre vibration, sortir la t\u00eate du\ncarr\u00e9 telle une marmotte \u00e0 l\u2019aff\u00fbt, et dire \u00ab&nbsp;Il faudrait\npeut-\u00eatre prendre un ris, sans vouloir te commander&nbsp;!&nbsp;\u00bb<\/p>\n\n\n\n<p>Le n\u00e9ophyte du bord\nprendra alors sans tarder les dispositions qui s\u2019imposent\u2026<\/p>\n\n\n\n<div class=\"wp-block-image\"><figure class=\"aligncenter\"><img loading=\"lazy\" decoding=\"async\" width=\"1024\" height=\"768\" src=\"http:\/\/kouskeol.fr\/wp-content\/uploads\/2019\/11\/IMG_1213-1024x768.jpg\" alt=\"\" class=\"wp-image-5543\" srcset=\"http:\/\/kouskeol.fr\/wp-content\/uploads\/2019\/11\/IMG_1213-1024x768.jpg 1024w, http:\/\/kouskeol.fr\/wp-content\/uploads\/2019\/11\/IMG_1213-300x225.jpg 300w, http:\/\/kouskeol.fr\/wp-content\/uploads\/2019\/11\/IMG_1213-768x576.jpg 768w\" sizes=\"auto, (max-width: 1024px) 100vw, 1024px\" \/><\/figure><\/div>\n\n\n\n<div class=\"wp-block-image\"><figure class=\"aligncenter\"><img loading=\"lazy\" decoding=\"async\" width=\"640\" height=\"653\" src=\"http:\/\/kouskeol.fr\/wp-content\/uploads\/2019\/11\/IMG_1302.jpg\" alt=\"\" class=\"wp-image-5542\" srcset=\"http:\/\/kouskeol.fr\/wp-content\/uploads\/2019\/11\/IMG_1302.jpg 640w, http:\/\/kouskeol.fr\/wp-content\/uploads\/2019\/11\/IMG_1302-294x300.jpg 294w\" sizes=\"auto, (max-width: 640px) 100vw, 640px\" \/><figcaption> <em>Un air de ressemblance\u00a0?<\/em>  Chercher les 7 erreurs.<\/figcaption><\/figure><\/div>\n\n\n\n<p>Il arrive parfois\nque le Glaude aie une petite absence\u2026 voire un oubli. Ce n\u2019est\npas une erreur \u00e0 bord de Kousk Eol\u2026 c\u2019est une Glauderie, dont la\ngravit\u00e9 est si infime qu\u2019il ne s\u2019en tiendra pas rigueur\nlui-m\u00eame\u2026 il \u00e9vite ainsi les bl\u00e2mes qu\u2019il infligerait \u00e0 ses\ndisciples\u2026<\/p>\n\n\n\n<p><strong>Ses r\u00e9cits<\/strong><\/p>\n\n\n\n<p>Le soir venu, en\ng\u00e9n\u00e9ral au moment de la Tisane, des sujets aussi divers que vari\u00e9s\nfont l\u2019objet de partage d\u2019exp\u00e9rience\u2026 et comme on vous l\u2019a\ndit (faut suivre un peu&nbsp;!), le Glaude, il n\u2019en manque pas&nbsp;!\nNous nous d\u00e9lectons ainsi d\u2019anecdotes venues des quatre coins du\nmonde, qu\u2019il semble avoir visit\u00e9 en entier (la l\u00e9gende\npr\u00e9tendrait qu\u2019il en aurait fait le tour\u2026). Le tout racont\u00e9\navec po\u00e9sie et un humour type Breton (apr\u00e8s tout, ce sont eux les\ninventeurs du menhir&nbsp;!&nbsp;!&nbsp;!).<\/p>\n\n\n\n<figure class=\"wp-block-image\"><img loading=\"lazy\" decoding=\"async\" width=\"1024\" height=\"768\" src=\"http:\/\/kouskeol.fr\/wp-content\/uploads\/2019\/11\/IMG_1226c-1024x768.jpg\" alt=\"\" class=\"wp-image-5545\" srcset=\"http:\/\/kouskeol.fr\/wp-content\/uploads\/2019\/11\/IMG_1226c-1024x768.jpg 1024w, http:\/\/kouskeol.fr\/wp-content\/uploads\/2019\/11\/IMG_1226c-300x225.jpg 300w, http:\/\/kouskeol.fr\/wp-content\/uploads\/2019\/11\/IMG_1226c-768x576.jpg 768w\" sizes=\"auto, (max-width: 1024px) 100vw, 1024px\" \/><figcaption> <em>Le Glaude nous autorise \u00e0 faire tout ce qu\u2019on veut&#8230;<\/em> <\/figcaption><\/figure>\n\n\n\n<p>Nous voici dons\nrepus de notre nourriture spirituelle qui suffirait PRESQUE \u00e0 nous\nsustenter\u2026 alors que le Glaude, lui, ne se sustente que de petites\nchoses types cuisses de canard confites, jambon <em>pata negra<\/em>, ou\nencore pommes de terres rissol\u00e9 dans la graisse du malheureux\npalmip\u00e8de cit\u00e9 pr\u00e9c\u00e9demment\u2026 Il s\u2019abreuve aussi de\nspiritualit\u00e9 \u00e0 l\u2019aide de saint joseph, m\u00e9doc ou encore rioja\u2026<\/p>\n\n\n\n<div class=\"wp-block-image\"><figure class=\"aligncenter\"><img loading=\"lazy\" decoding=\"async\" width=\"768\" height=\"1024\" src=\"http:\/\/kouskeol.fr\/wp-content\/uploads\/2019\/11\/IMG_1303c-768x1024.jpg\" alt=\"\" class=\"wp-image-5546\" srcset=\"http:\/\/kouskeol.fr\/wp-content\/uploads\/2019\/11\/IMG_1303c-768x1024.jpg 768w, http:\/\/kouskeol.fr\/wp-content\/uploads\/2019\/11\/IMG_1303c-225x300.jpg 225w, http:\/\/kouskeol.fr\/wp-content\/uploads\/2019\/11\/IMG_1303c.jpg 1732w\" sizes=\"auto, (max-width: 768px) 100vw, 768px\" \/><figcaption> <em>Nourriture spirituelle\u2026<\/em> <\/figcaption><\/figure><\/div>\n\n\n\n<p>On pourrait alors\ncroire que sa position de demi-dieu (half-god pour les anglophones)\nle pr\u00e9serve des t\u00e2ches les plus ingrates, mais c\u2019est avec panache\nqu\u2019il souhaite se soustraire \u00e0 la caste que lui conf\u00e8re son\ngrade. Aussi lance-t-il parfois \u00ab&nbsp;Je vais acheter des\ntomates&nbsp;!&nbsp;\u00bb. Nous le voyons alors revenir avec des choses\nrouges\u2026 en g\u00e9n\u00e9ral du vin et de la viande\u2026 Et les tomates&nbsp;?\nOn verra la prochaine fois\u2026<\/p>\n\n\n\n<p>Je me dois de cesser\nl\u00e0 mes agissements mutins, je pourrais \u00eatre d\u00e9masqu\u00e9 et d\u00e9barqu\u00e9\n\u00e0 la prochaine escale. Pas plus tard qu\u2019il y a 10 minutes, un des\nrameurs du bord a sugg\u00e9r\u00e9 au Glaude de se d\u00e9barrasser des\nemmerdements du bord\u2026 Il parlait l\u00e0 de petits bricolages \u00e0\neffectuer\u2026 La r\u00e9ponse du Glaude ne s\u2019est pas fait attendre&nbsp;:\n\u00ab&nbsp;Vas-y, saute \u00e0 l\u2019eau alors&nbsp;!!!&nbsp;\u00bb&nbsp;!<\/p>\n\n\n\n<p>Voil\u00e0 chers\nlecteurs un portrait quelque peu satirique de notre cap\u2019tain\u2026\nmais qu\u2019il convient de ponctuer d\u2019un proverbe qui prend ici tout\nson sens&nbsp;: qui aime bien ch\u00e2tie bien&nbsp;!<\/p>\n\n\n\n<p><strong>Droit de r\u00e9ponse<\/strong><\/p>\n\n\n\n<p><em>La r\u00e9daction\n\u00e9tant tr\u00e8s sensible au respect des r\u00e8gles les plus \u00e9l\u00e9mentaires\nde la d\u00e9mocratie, u<\/em><em>n droit de r\u00e9ponse<\/em><em> est ici a<\/em><em>ccord\u00e9<\/em><em>\n\u00e0 L \u2013 G&#8212; (nous ne citerons pas de nom pour respecter l\u2019anonymat\ndu contestataire).<\/em><\/p>\n\n\n\n<p>Tout ce fatras\nd\u2019inepties n\u2019a absolument rien \u00e0 voir avec la r\u00e9alit\u00e9, en\ntoute bonne foi objective, et les gens qui me connaissent vraiment\nseront forc\u00e9ment d\u2019accord. Mais moi je dis \u00e7a, je dis rien\u2026<\/p>\n\n\n\n<p>Non&nbsp;? Vous \u00eates\ns\u00fbrs&nbsp;? Ah bon\u2026 Disons que c\u2019est juste un peu exag\u00e9r\u00e9\nalors.<\/p>\n\n\n\n<p>Non plus&nbsp;? Tr\u00e8s\nen dessous de la r\u00e9alit\u00e9&nbsp;? Vraiment&nbsp;? Connards&nbsp;!<\/p>\n\n\n\n<p>Je connais au moins\nune personne \u00e0 la r\u00e9putation inattaquable qui dit du bien de le\nGlaude. Qui&nbsp;? Ah zut&nbsp;: j\u2019ai b\u00eatement oubli\u00e9 son nom\u2026<\/p>\n\n\n\n<p>Sans\nvouloir vous commander, si vous pouviez \u00e9viter de publier ce\nramassis d\u2019approximations douteuses\u2026 Vous comprenez, malgr\u00e9 les\napparences, ici extr\u00eamement trompeuses, j\u2019ai tout de m\u00eame une\nr\u00e9putation \u00e0 soigner. Quoi&nbsp;? Il\nne faut pas que j\u2019utilise\ndes mots qui v\u00e9hiculeraient un concept qui m\u2019\u00e9chappe&nbsp;? Va\nFanc\u00f9lo&nbsp;!<\/p>\n\n\n\n<p>________________________<\/p>\n\n\n\n<p><a href=\"#sdfootnote1anc\">1<\/a> Ou du bord, ce qui revient au m\u00eame.<\/p>\n","protected":false},"excerpt":{"rendered":"<p>Suite \u00e0 la publication de l\u2019article sur les marins de Kousk Eol, parmi les disciples, un \u00e9lan de protestation s\u2019est fait sentir&#8230; Qui osera d\u00e9fier l\u2019autorit\u00e9 supr\u00eame et \u00e9crire un tissu de b\u00eatises sur notre cher cap\u2019tain\u00a0??? Sans aller jusqu\u2019\u00e0 la mutinerie du Bounty, c\u2019est une action syndicale men\u00e9e par un collectif de marins en &hellip; <a href=\"http:\/\/kouskeol.fr\/?p=5541\" class=\"more-link\">Continuer la lecture de <span class=\"screen-reader-text\">Portrait de Cap\u2019tain<\/span>  <span class=\"meta-nav\">&rarr;<\/span><\/a><\/p>\n","protected":false},"author":1,"featured_media":0,"comment_status":"open","ping_status":"open","sticky":false,"template":"","format":"standard","meta":{"ngg_post_thumbnail":0,"footnotes":""},"categories":[8],"tags":[],"class_list":["post-5541","post","type-post","status-publish","format-standard","hentry","category-voyage"],"_links":{"self":[{"href":"http:\/\/kouskeol.fr\/index.php?rest_route=\/wp\/v2\/posts\/5541","targetHints":{"allow":["GET"]}}],"collection":[{"href":"http:\/\/kouskeol.fr\/index.php?rest_route=\/wp\/v2\/posts"}],"about":[{"href":"http:\/\/kouskeol.fr\/index.php?rest_route=\/wp\/v2\/types\/post"}],"author":[{"embeddable":true,"href":"http:\/\/kouskeol.fr\/index.php?rest_route=\/wp\/v2\/users\/1"}],"replies":[{"embeddable":true,"href":"http:\/\/kouskeol.fr\/index.php?rest_route=%2Fwp%2Fv2%2Fcomments&post=5541"}],"version-history":[{"count":1,"href":"http:\/\/kouskeol.fr\/index.php?rest_route=\/wp\/v2\/posts\/5541\/revisions"}],"predecessor-version":[{"id":5547,"href":"http:\/\/kouskeol.fr\/index.php?rest_route=\/wp\/v2\/posts\/5541\/revisions\/5547"}],"wp:attachment":[{"href":"http:\/\/kouskeol.fr\/index.php?rest_route=%2Fwp%2Fv2%2Fmedia&parent=5541"}],"wp:term":[{"taxonomy":"category","embeddable":true,"href":"http:\/\/kouskeol.fr\/index.php?rest_route=%2Fwp%2Fv2%2Fcategories&post=5541"},{"taxonomy":"post_tag","embeddable":true,"href":"http:\/\/kouskeol.fr\/index.php?rest_route=%2Fwp%2Fv2%2Ftags&post=5541"}],"curies":[{"name":"wp","href":"https:\/\/api.w.org\/{rel}","templated":true}]}}