{"id":5549,"date":"2019-11-18T18:50:16","date_gmt":"2019-11-18T17:50:16","guid":{"rendered":"http:\/\/kouskeol.fr\/?p=5549"},"modified":"2019-11-19T22:01:05","modified_gmt":"2019-11-19T21:01:05","slug":"vers-gibraltar-enfin","status":"publish","type":"post","link":"http:\/\/kouskeol.fr\/?p=5549","title":{"rendered":"Vers Gibraltar, enfin\u2026"},"content":{"rendered":"\n<p><strong>Lundi 18 novembre\n2019, 7 heures<\/strong>. D\u00e9part vers Gibraltar, que nous esp\u00e9rons\natteindre avant la tomb\u00e9e du jour\u2026<\/p>\n\n\n\n<p><strong>Les contes de GRIBB<a href=\"#sdfootnote1sym\"><sup>1<\/sup><\/a><\/strong> <br>Aujourd\u2019hui est un autre jour, et les m\u00e9t\u00e9orologues, ces po\u00e8tes si mal  connus qui savent mieux que quiconque narrer le cumulus, l\u2019aquilon  autant que l\u2019affusion orageuse, nous ont pr\u00e9par\u00e9 une belle fable de leur  cru, qui commence ainsi\u00a0: \u00ab\u00a0Vent synoptique 2 \u00e0 4 n\u0153uds, rafales de 15 \u00e0  20 n\u0153uds.\u00a0\u00bb. Bref, nous sommes en M\u00e9diterran\u00e9e\u2026 D\u2019ailleurs, les  bulletins m\u00e9t\u00e9o pr\u00e9viennent\u00a0: \u00ab\u00a0Les rafales peuvent \u00eatre sup\u00e9rieures \u00e0  40\u00a0% au vent.\u00a0\u00bb. 40\u00a0%? <\/p>\n\n\n\n<p>Et Benalmadena dans tout \u00e7a\u00a0? Une marina bien \u00e9quip\u00e9e, dont les architectes ont d\u00fb s\u2019inspirer de Port Grimaud, en nettement plus kitch. Un assemblage de meringues tarabiscot\u00e9es envahi l\u2019\u00e9t\u00e9 par les touristes (un peu plus calme en cette saison).<\/p>\n\n\n\n<figure class=\"wp-block-image\"><img loading=\"lazy\" decoding=\"async\" width=\"1024\" height=\"682\" src=\"http:\/\/kouskeol.fr\/wp-content\/uploads\/2019\/11\/IMG_0687c-1024x682.jpg\" alt=\"\" class=\"wp-image-5550\" srcset=\"http:\/\/kouskeol.fr\/wp-content\/uploads\/2019\/11\/IMG_0687c-1024x682.jpg 1024w, http:\/\/kouskeol.fr\/wp-content\/uploads\/2019\/11\/IMG_0687c-300x200.jpg 300w, http:\/\/kouskeol.fr\/wp-content\/uploads\/2019\/11\/IMG_0687c-768x512.jpg 768w\" sizes=\"auto, (max-width: 1024px) 100vw, 1024px\" \/><figcaption>Les superbes appartements de Benalmadena.<\/figcaption><\/figure>\n\n\n\n<p>La toile anti-roulis\na \u00e9t\u00e9 r\u00e9par\u00e9e et renforc\u00e9e&nbsp;: les prochains coups de g\u00eete\nsont attendus de pied ferme&nbsp;!<\/p>\n\n\n\n<p>Nos copains de\nKawaine, Dominique, Ghislaine et Julie, sont venus pour l\u2019ap\u00e9ro\nhier soir, d\u00e9guster la quiche pr\u00e9par\u00e9e par Yan&nbsp;: eux aussi\nvisent Gibraltar en fin de journ\u00e9e.<\/p>\n\n\n\n<p>Le ciel est comme\nles autres jours tr\u00e8s d\u00e9gag\u00e9, et permet d\u2019admirer le b\u00e9tonnage\nmassif de la c\u00f4te, qui a d\u00fb \u00eatre belle, il y a longtemps. Malaga,\nMarbella\u2026 Des noms qui font r\u00eaver&nbsp;? Oubliez&nbsp;! Passez\nvotre chemin&nbsp;!<\/p>\n\n\n\n<p>Apr\u00e8s un d\u00e9marrage prometteur sous voile, avec des pointes \u00e0 9 n\u0153uds, c\u2019est de nouveau Volvo qui prend le relais, trois heures apr\u00e8s le d\u00e9part. Et vers dix heures, le rocher de Gibraltar se profile au loin. M\u00eame les c\u00f4tes d\u2019Afrique, vers Ceuta.<\/p>\n\n\n\n<p>Quelques fous de\nBassan nous font des d\u00e9monstrations de plongeon.<\/p>\n\n\n\n<p>Entre temps, le vent\nest revenu, et les exercices de prise\/l\u00e2ch\u00e9 de ris s\u2019encha\u00eenent\nainsi que les bords plus ou moins carr\u00e9s. Et le rocher est\nmaintenant \u00e0 moins de vingt milles. Moment magique&nbsp;: nous\ntirons un bord sur le bon cap, dix milles \u00e0 neuf n\u0153uds sur une mer\nl\u00e9g\u00e8rement assagie.<\/p>\n\n\n\n<figure class=\"wp-block-image\"><img loading=\"lazy\" decoding=\"async\" width=\"1024\" height=\"768\" src=\"http:\/\/kouskeol.fr\/wp-content\/uploads\/2019\/11\/20191118_154101c-1024x768.jpg\" alt=\"\" class=\"wp-image-5551\" srcset=\"http:\/\/kouskeol.fr\/wp-content\/uploads\/2019\/11\/20191118_154101c-1024x768.jpg 1024w, http:\/\/kouskeol.fr\/wp-content\/uploads\/2019\/11\/20191118_154101c-300x225.jpg 300w, http:\/\/kouskeol.fr\/wp-content\/uploads\/2019\/11\/20191118_154101c-768x576.jpg 768w\" sizes=\"auto, (max-width: 1024px) 100vw, 1024px\" \/><figcaption>Gibraltar, droit devant!<\/figcaption><\/figure>\n\n\n\n<p>Et puis c\u2019est la\nTour Victoria, le phare du sud de Gibraltar&nbsp;: on roule le g\u00e9nois\net la fin se fera au moteur. Le niveau d\u2019excitation du bord atteint\ndes sommets.<\/p>\n\n\n\n<figure class=\"wp-block-image\"><img loading=\"lazy\" decoding=\"async\" width=\"1024\" height=\"768\" src=\"http:\/\/kouskeol.fr\/wp-content\/uploads\/2019\/11\/20191118_163212c-1024x768.jpg\" alt=\"\" class=\"wp-image-5552\" srcset=\"http:\/\/kouskeol.fr\/wp-content\/uploads\/2019\/11\/20191118_163212c-1024x768.jpg 1024w, http:\/\/kouskeol.fr\/wp-content\/uploads\/2019\/11\/20191118_163212c-300x225.jpg 300w, http:\/\/kouskeol.fr\/wp-content\/uploads\/2019\/11\/20191118_163212c-768x576.jpg 768w\" sizes=\"auto, (max-width: 1024px) 100vw, 1024px\" \/><figcaption>Victoria Tower.<\/figcaption><\/figure>\n\n\n\n<p>Appel \u00e0 la Marina\nAlcaidesa, juste au nord de Gibraltar&nbsp;: ils ont de la place pour\nnous, et nous attendent. 17 heures 15&nbsp;: amarr\u00e9s devant la\ncapitainerie pour la paperasserie, puis 18 heures, \u00e0 poste sur\ncatway. L\u2019Atlantique est en vue\u2026<\/p>\n\n\n\n<figure class=\"wp-block-image\"><img loading=\"lazy\" decoding=\"async\" width=\"1024\" height=\"672\" src=\"http:\/\/kouskeol.fr\/wp-content\/uploads\/2019\/11\/20191118_154015c-1024x672.jpg\" alt=\"\" class=\"wp-image-5553\" srcset=\"http:\/\/kouskeol.fr\/wp-content\/uploads\/2019\/11\/20191118_154015c-1024x672.jpg 1024w, http:\/\/kouskeol.fr\/wp-content\/uploads\/2019\/11\/20191118_154015c-300x197.jpg 300w, http:\/\/kouskeol.fr\/wp-content\/uploads\/2019\/11\/20191118_154015c-768x504.jpg 768w\" sizes=\"auto, (max-width: 1024px) 100vw, 1024px\" \/><figcaption> Le trafic dans le d\u00e9troit&#8230;<\/figcaption><\/figure>\n\n\n\n<p>Deux semaines jour\npour depuis notre d\u00e9part de Toulon&nbsp;: ce n\u2019est certainement\npas un record de vitesse, mais c\u00f4t\u00e9 coups de vent, nous avons \u00e9t\u00e9\ng\u00e2t\u00e9s&nbsp;!<\/p>\n\n\n\n<p>Demain, journ\u00e9e\nrepos, et visite du rocher.<\/p>\n\n\n\n<p>___________________________<\/p>\n\n\n\n<p><a href=\"#sdfootnote1anc\">1<\/a> De Fran\u00e7ois, lui aussi po\u00e8te au nez bouch\u00e9 d\u00e8s potron-minet.<\/p>\n","protected":false},"excerpt":{"rendered":"<p>Lundi 18 novembre 2019, 7 heures. D\u00e9part vers Gibraltar, que nous esp\u00e9rons atteindre avant la tomb\u00e9e du jour\u2026 Les contes de GRIBB1 Aujourd\u2019hui est un autre jour, et les m\u00e9t\u00e9orologues, ces po\u00e8tes si mal connus qui savent mieux que quiconque narrer le cumulus, l\u2019aquilon autant que l\u2019affusion orageuse, nous ont pr\u00e9par\u00e9 une belle fable de &hellip; <a href=\"http:\/\/kouskeol.fr\/?p=5549\" class=\"more-link\">Continuer la lecture de <span class=\"screen-reader-text\">Vers Gibraltar, enfin\u2026<\/span>  <span class=\"meta-nav\">&rarr;<\/span><\/a><\/p>\n","protected":false},"author":1,"featured_media":0,"comment_status":"open","ping_status":"open","sticky":false,"template":"","format":"standard","meta":{"ngg_post_thumbnail":0,"footnotes":""},"categories":[1],"tags":[],"class_list":["post-5549","post","type-post","status-publish","format-standard","hentry","category-uncategorized"],"_links":{"self":[{"href":"http:\/\/kouskeol.fr\/index.php?rest_route=\/wp\/v2\/posts\/5549","targetHints":{"allow":["GET"]}}],"collection":[{"href":"http:\/\/kouskeol.fr\/index.php?rest_route=\/wp\/v2\/posts"}],"about":[{"href":"http:\/\/kouskeol.fr\/index.php?rest_route=\/wp\/v2\/types\/post"}],"author":[{"embeddable":true,"href":"http:\/\/kouskeol.fr\/index.php?rest_route=\/wp\/v2\/users\/1"}],"replies":[{"embeddable":true,"href":"http:\/\/kouskeol.fr\/index.php?rest_route=%2Fwp%2Fv2%2Fcomments&post=5549"}],"version-history":[{"count":3,"href":"http:\/\/kouskeol.fr\/index.php?rest_route=\/wp\/v2\/posts\/5549\/revisions"}],"predecessor-version":[{"id":5556,"href":"http:\/\/kouskeol.fr\/index.php?rest_route=\/wp\/v2\/posts\/5549\/revisions\/5556"}],"wp:attachment":[{"href":"http:\/\/kouskeol.fr\/index.php?rest_route=%2Fwp%2Fv2%2Fmedia&parent=5549"}],"wp:term":[{"taxonomy":"category","embeddable":true,"href":"http:\/\/kouskeol.fr\/index.php?rest_route=%2Fwp%2Fv2%2Fcategories&post=5549"},{"taxonomy":"post_tag","embeddable":true,"href":"http:\/\/kouskeol.fr\/index.php?rest_route=%2Fwp%2Fv2%2Ftags&post=5549"}],"curies":[{"name":"wp","href":"https:\/\/api.w.org\/{rel}","templated":true}]}}