{"id":5599,"date":"2019-11-30T17:53:57","date_gmt":"2019-11-30T16:53:57","guid":{"rendered":"http:\/\/kouskeol.fr\/?p=5599"},"modified":"2019-11-30T17:53:59","modified_gmt":"2019-11-30T16:53:59","slug":"de-gibraltar-aux-canaries","status":"publish","type":"post","link":"http:\/\/kouskeol.fr\/?p=5599","title":{"rendered":"De Gibraltar aux Canaries"},"content":{"rendered":"\n<p>\u00c0 peu de choses pr\u00e8s, nous mettons notre plan en pratique&nbsp;:\nle vent, peu respectueux du travail de pr\u00e9diction des m\u00e9t\u00e9orologues,\ncontinue \u00e0 s\u2019\u00e9poumoner au-del\u00e0 de seize heures. C\u2019est donc \u00e0\nun peu plus de dix-sept heures que nous quittons la Marina Alcaidesa\net Gibraltar.<\/p>\n\n\n\n<figure class=\"wp-block-image\"><img loading=\"lazy\" decoding=\"async\" width=\"1024\" height=\"768\" src=\"http:\/\/kouskeol.fr\/wp-content\/uploads\/2019\/11\/20191123_143724c-1024x768.jpg\" alt=\"\" class=\"wp-image-5600\" srcset=\"http:\/\/kouskeol.fr\/wp-content\/uploads\/2019\/11\/20191123_143724c-1024x768.jpg 1024w, http:\/\/kouskeol.fr\/wp-content\/uploads\/2019\/11\/20191123_143724c-300x225.jpg 300w, http:\/\/kouskeol.fr\/wp-content\/uploads\/2019\/11\/20191123_143724c-768x576.jpg 768w\" sizes=\"auto, (max-width: 1024px) 100vw, 1024px\" \/><figcaption>Pour nous  accompagner vers les mers du Sud&#8230;<\/figcaption><\/figure>\n\n\n\n<figure class=\"wp-block-image\"><img loading=\"lazy\" decoding=\"async\" width=\"1000\" height=\"750\" src=\"http:\/\/kouskeol.fr\/wp-content\/uploads\/2019\/11\/PB231417.jpg\" alt=\"\" class=\"wp-image-5601\" srcset=\"http:\/\/kouskeol.fr\/wp-content\/uploads\/2019\/11\/PB231417.jpg 1000w, http:\/\/kouskeol.fr\/wp-content\/uploads\/2019\/11\/PB231417-300x225.jpg 300w, http:\/\/kouskeol.fr\/wp-content\/uploads\/2019\/11\/PB231417-768x576.jpg 768w\" sizes=\"auto, (max-width: 1000px) 100vw, 1000px\" \/><figcaption>Bye bye le Rocher!<\/figcaption><\/figure>\n\n\n\n<p>Nous longeons la c\u00f4te jusqu\u2019\u00e0 Tarifa pour ne pas avoir trop de\ncourant de face, puis mettons le clignotant \u00e0 gauche pour traverser\nle rail du d\u00e9troit en direction du cap Espartel, \u00e0 l\u2019ouest de\nTanger. Le vent nous pousse bien, et la travers\u00e9e est aval\u00e9e en\ndouceur. La mer annonc\u00e9e n\u2019est pas au rendez-vous. La nuit est\nclaire et le ciel \u00e9toil\u00e9 \u00e0 souhait.<\/p>\n\n\n\n<p>Pas au rendez-vous la mer&nbsp;? Juste qu\u2019en Lady qui se doit de\nrappeler au bas peuple qui tient le manche, elle a d\u00e9cid\u00e9 de nous\nprendre par surprise&nbsp;: apr\u00e8s trois ou quatre heures de\ntranquillit\u00e9, nous tombons sur des vagues crois\u00e9es qui transforment\nce pauvre Kousk Eol en piteuse casserole. Surtout que les flots,\ntaquins, se sont alli\u00e9s \u00e0 leur pote \u00c9ole qui nous laisse un peu\ntomber&nbsp;: rien pour appuyer un peu sur les voiles\u2026 Les deux\nmalheureux de la couchette avant ne dormiront que par intermittence\ncette nuit. Une bonne nouvelle tout de m\u00eame&nbsp;: la toile\nanti-roulis fonctionne&nbsp;!<\/p>\n\n\n\n<p><strong>Dimanche 24 novembre 2019<\/strong>. Y en aurait pas un qui a dit en\nse levant&nbsp;: \u00ab&nbsp;L\u2019an prochain j\u2019ach\u00e8te une t\u00e9l\u00e9 et je\nregarde le Vend\u00e9e Globe dans mon salon&nbsp;!&nbsp;\u00bb&nbsp;? C\u2019est\nla premi\u00e8re \u00ab&nbsp;vraie&nbsp;\u00bb nuit en mer pour certains, o\u00f9\nl\u2019on ne voit plus les c\u00f4tes&nbsp;: petit moment d\u2019\u00e9motion\u2026 Du\ncoup, petit d\u00e9jeuner en terrasse, ce qui n\u2019\u00e9tait pas arriv\u00e9\ndepuis longtemps, avec baguette chaude en guise de croissants. Cool.<\/p>\n\n\n\n<figure class=\"wp-block-image\"><img loading=\"lazy\" decoding=\"async\" width=\"1000\" height=\"750\" src=\"http:\/\/kouskeol.fr\/wp-content\/uploads\/2019\/11\/PB251446.jpg\" alt=\"\" class=\"wp-image-5602\" srcset=\"http:\/\/kouskeol.fr\/wp-content\/uploads\/2019\/11\/PB251446.jpg 1000w, http:\/\/kouskeol.fr\/wp-content\/uploads\/2019\/11\/PB251446-300x225.jpg 300w, http:\/\/kouskeol.fr\/wp-content\/uploads\/2019\/11\/PB251446-768x576.jpg 768w\" sizes=\"auto, (max-width: 1000px) 100vw, 1000px\" \/><figcaption>Visiteurs du jour.<\/figcaption><\/figure>\n\n\n\n<p>La demi-douzaine de voiliers qui avait choisi la m\u00eame option que\nnous pour quitter Gibraltar est toujours group\u00e9e \u00e0 quelques milles\nautour de Kousk Eol.<\/p>\n\n\n\n<p>On vous passe la bonite qui a eu le malheur de croiser notre route\net qui agr\u00e9mentera notre d\u00e9jeuner avec un peu de wasabi. Le vrai\n\u00e9v\u00e8nement de la journ\u00e9e est que, pour faire plaisir au petit qui\ntr\u00e9pignait depuis un moment, le Code D<a href=\"#sdfootnote1sym\"><sup>1<\/sup><\/a>\nest install\u00e9&nbsp;: nous reprenons presque deux n\u0153uds de vitesse.\nMais \u00e7a ne dure pas&nbsp;: le vent tombe vraiment et il faut se\nr\u00e9soudre \u00e0 br\u00fbler un peu de r\u00e9sidu organique fossile\u2026<\/p>\n\n\n\n<figure class=\"wp-block-image\"><img loading=\"lazy\" decoding=\"async\" width=\"1000\" height=\"750\" src=\"http:\/\/kouskeol.fr\/wp-content\/uploads\/2019\/11\/PB261482.jpg\" alt=\"\" class=\"wp-image-5603\" srcset=\"http:\/\/kouskeol.fr\/wp-content\/uploads\/2019\/11\/PB261482.jpg 1000w, http:\/\/kouskeol.fr\/wp-content\/uploads\/2019\/11\/PB261482-300x225.jpg 300w, http:\/\/kouskeol.fr\/wp-content\/uploads\/2019\/11\/PB261482-768x576.jpg 768w\" sizes=\"auto, (max-width: 1000px) 100vw, 1000px\" \/><figcaption>Lever de soleil.<\/figcaption><\/figure>\n\n\n\n<p>Aujourd\u2019hui, les voiliers de l\u2019ARC<a href=\"#sdfootnote2sym\"><sup>2<\/sup><\/a>\ns\u2019\u00e9lancent de Las Palmas vers les Antilles&nbsp;: deux cents\nvoiliers qui voyagent de concert. L\u2019ARC permet ainsi \u00e0 des\n\u00e9quipages qui autrement resteraient de ce c\u00f4t\u00e9 de l\u2019Atlantique\nde faire \u00ab&nbsp;LEUR&nbsp;\u00bb travers\u00e9e, en prenant en charge les\naspects de logistique, m\u00e9t\u00e9o et s\u00e9curit\u00e9. \u00c7a devrait faire de la\nplace dans la marina&nbsp;!<\/p>\n\n\n\n<p>La houle, majestueuse, s\u2019est maintenant install\u00e9e&nbsp;: cette\nfois-ci c\u2019est s\u00fbr, nous ne sommes plus en M\u00e9diterran\u00e9e.<\/p>\n\n\n\n<p><strong>20 heures 45<\/strong>\u00a0: tout d\u2019un coup, le bateau se met \u00e0 virer \u00e0 cent quatre-vingts degr\u00e9s, sans pr\u00e9venir\u2026 Rapide investigation\u00a0: c\u2019est la goupille de l\u2019axe du v\u00e9rin du pilote qui a cass\u00e9. Pas trop de mal, sauf qu\u2019il faut \u00eatre un peu contorsionniste pour aller d\u00e9monter l\u2019axe du secteur de barre. Un quart d\u2019heure plus tard, tout est rentr\u00e9 dans l\u2019ordre. On jettera un coup d\u2019\u0153il demain pour v\u00e9rifier qu\u2019il n\u2019y a pas de jeu.<\/p>\n\n\n\n<figure class=\"wp-block-image\"><img loading=\"lazy\" decoding=\"async\" width=\"1000\" height=\"750\" src=\"http:\/\/kouskeol.fr\/wp-content\/uploads\/2019\/11\/PB261487.jpg\" alt=\"\" class=\"wp-image-5604\" srcset=\"http:\/\/kouskeol.fr\/wp-content\/uploads\/2019\/11\/PB261487.jpg 1000w, http:\/\/kouskeol.fr\/wp-content\/uploads\/2019\/11\/PB261487-300x225.jpg 300w, http:\/\/kouskeol.fr\/wp-content\/uploads\/2019\/11\/PB261487-768x576.jpg 768w\" sizes=\"auto, (max-width: 1000px) 100vw, 1000px\" \/><figcaption>Vent arri\u00e8re de nuit.<\/figcaption><\/figure>\n\n\n\n<p><strong>Lundi 25<\/strong>. La nuit fut particuli\u00e8rement tranquille, au\nmoteur sur une douce et r\u00e9guli\u00e8re houle. Il fallait rester sur ses\ngardes&nbsp;: nous sommes sur une route commerciale, et plusieurs\ncargos ou p\u00e9troliers nous croiseront. Sur les coups de neuf heures,\nle vent fait mine de se r\u00e9veiller lui aussi, doucement. Le Code D\nest mis \u00e0 poste et d\u00e9hale Kousk Eol \u00e0 plus de cinq n\u0153uds&nbsp;:\non a d\u00e9j\u00e0 vu mieux, mais c\u2019est toujours \u00e7a d\u2019\u00e9conomis\u00e9 en\ncarburant, surtout que la m\u00e9t\u00e9o pr\u00e9voit d\u2019autres p\u00e9riodes de\ncalme.<\/p>\n\n\n\n<figure class=\"wp-block-image\"><img loading=\"lazy\" decoding=\"async\" width=\"1024\" height=\"768\" src=\"http:\/\/kouskeol.fr\/wp-content\/uploads\/2019\/11\/20191125_092142c-1024x768.jpg\" alt=\"\" class=\"wp-image-5605\" srcset=\"http:\/\/kouskeol.fr\/wp-content\/uploads\/2019\/11\/20191125_092142c-1024x768.jpg 1024w, http:\/\/kouskeol.fr\/wp-content\/uploads\/2019\/11\/20191125_092142c-300x225.jpg 300w, http:\/\/kouskeol.fr\/wp-content\/uploads\/2019\/11\/20191125_092142c-768x576.jpg 768w\" sizes=\"auto, (max-width: 1024px) 100vw, 1024px\" \/><figcaption>Sous Code D.<\/figcaption><\/figure>\n\n\n\n<figure class=\"wp-block-image\"><img loading=\"lazy\" decoding=\"async\" width=\"1024\" height=\"768\" src=\"http:\/\/kouskeol.fr\/wp-content\/uploads\/2019\/11\/20191125_092352c-1024x768.jpg\" alt=\"\" class=\"wp-image-5606\" srcset=\"http:\/\/kouskeol.fr\/wp-content\/uploads\/2019\/11\/20191125_092352c-1024x768.jpg 1024w, http:\/\/kouskeol.fr\/wp-content\/uploads\/2019\/11\/20191125_092352c-300x225.jpg 300w, http:\/\/kouskeol.fr\/wp-content\/uploads\/2019\/11\/20191125_092352c-768x576.jpg 768w\" sizes=\"auto, (max-width: 1024px) 100vw, 1024px\" \/><figcaption>Comme d&rsquo;hab, c&rsquo;est le pilote qui fait tout&#8230;<\/figcaption><\/figure>\n\n\n\n<p>Le groupe de voiliers parti en m\u00eame temps que Kousk Eol de\nGibraltar commence \u00e0 se disperser. Kawaine II est repass\u00e9 devant,\nallant plus vite au moteur que nous. Casablanca est \u00e0 environ\nquarante-cinq milles \u00e0 l\u2019est&nbsp;: cette fois, nous nous\n\u00e9loignons des c\u00f4tes africaines.<\/p>\n\n\n\n<p>Une barque avec deux p\u00eacheurs \u00e0 bord passe nous voir en faisant\nle signe de fumer. Comment leur expliquer que nous ne sommes tout au\nplus qu\u2019une bande d\u2019ivrognes, pas de fumeurs&nbsp;? \u00c0 la place,\nnous leur offrons des biscuits qui sont accept\u00e9s avec de grands\nsourires et force remerciements. Leur barque n\u2019est pas bien grande,\navec un petit moteur hors-bord (et un deuxi\u00e8me au cas o\u00f9), \u00e0\nenviron vingt-cinq milles de la c\u00f4te.<\/p>\n\n\n\n<p>Puis devinez quoi&nbsp;? Le vent continue \u00e0 faiblir les copains,\ntout en passant sournoisement \u00e0 l\u2019arri\u00e8re, allure que n\u2019aime\npas le Code D. Cette fois-ci, Yan n\u2019a m\u00eame pas le temps de dire&nbsp;:\n\u00ab&nbsp;On met le spi&nbsp;!&nbsp;\u00bb. Lequel nous permet de reprendre\npresque deux n\u0153uds sur la bonne route.<\/p>\n\n\n\n<figure class=\"wp-block-image\"><img loading=\"lazy\" decoding=\"async\" width=\"768\" height=\"1024\" src=\"http:\/\/kouskeol.fr\/wp-content\/uploads\/2019\/11\/20191127_084015c-768x1024.jpg\" alt=\"\" class=\"wp-image-5607\" srcset=\"http:\/\/kouskeol.fr\/wp-content\/uploads\/2019\/11\/20191127_084015c-768x1024.jpg 768w, http:\/\/kouskeol.fr\/wp-content\/uploads\/2019\/11\/20191127_084015c-225x300.jpg 225w, http:\/\/kouskeol.fr\/wp-content\/uploads\/2019\/11\/20191127_084015c.jpg 1732w\" sizes=\"auto, (max-width: 768px) 100vw, 768px\" \/><figcaption>Pr\u00e9paration du spi.<\/figcaption><\/figure>\n\n\n\n<figure class=\"wp-block-image\"><img loading=\"lazy\" decoding=\"async\" width=\"768\" height=\"1024\" src=\"http:\/\/kouskeol.fr\/wp-content\/uploads\/2019\/11\/20191128_082406c-768x1024.jpg\" alt=\"\" class=\"wp-image-5608\" srcset=\"http:\/\/kouskeol.fr\/wp-content\/uploads\/2019\/11\/20191128_082406c-768x1024.jpg 768w, http:\/\/kouskeol.fr\/wp-content\/uploads\/2019\/11\/20191128_082406c-225x300.jpg 225w, http:\/\/kouskeol.fr\/wp-content\/uploads\/2019\/11\/20191128_082406c.jpg 1732w\" sizes=\"auto, (max-width: 768px) 100vw, 768px\" \/><figcaption>Quelques minutes plus tard&#8230;<\/figcaption><\/figure>\n\n\n\n<figure class=\"wp-block-image\"><img loading=\"lazy\" decoding=\"async\" width=\"768\" height=\"1024\" src=\"http:\/\/kouskeol.fr\/wp-content\/uploads\/2019\/11\/20191127_084827c-768x1024.jpg\" alt=\"\" class=\"wp-image-5609\" srcset=\"http:\/\/kouskeol.fr\/wp-content\/uploads\/2019\/11\/20191127_084827c-768x1024.jpg 768w, http:\/\/kouskeol.fr\/wp-content\/uploads\/2019\/11\/20191127_084827c-225x300.jpg 225w\" sizes=\"auto, (max-width: 768px) 100vw, 768px\" \/><figcaption>Sous spi&#8230;<\/figcaption><\/figure>\n\n\n\n<p>Et le spi tiendra jusqu\u2019au soir, o\u00f9 nous le rempla\u00e7ons par le\ng\u00e9nois tangon\u00e9 pour la nuit&nbsp;: nous avan\u00e7ons autour de quatre\nn\u0153uds et demi. On a connu des jours meilleurs, mais on avance, et\ndans la bonne direction. La nuit, elle, est magnifique&nbsp;: la Voie\nLact\u00e9e est immanquable au-dessus de nos t\u00eates. Quelques \u00e9toiles\nfilantes z\u00e8brent la vo\u00fbte c\u00e9leste, mais les v\u0153ux de vent meilleur\nn\u2019ont pas l\u2019air de fonctionner\u2026<\/p>\n\n\n\n<p>Puis vers cinq heures, il faut remettre le moteur. Que nous\nrempla\u00e7ons ver huit heures trente par la voile magique, le Code D&nbsp;:\nsix n\u0153uds et demi&nbsp;! Les affaires reprennent&nbsp;! Mais bien\ns\u00fbr, le vent repasse sur l\u2019arri\u00e8re, et le Code D laisse la place\nau spi. Pourvu que \u00e7a dure\u2026<\/p>\n\n\n\n<p>Les deux lignes de p\u00eache sont mises \u00e0 l\u2019eau, rituel maintenant\nquotidien. Avec la question non moins rituelle&nbsp;: \u00ab&nbsp;Qu\u2019est-ce\nqu\u2019on mange \u00e0 midi<a href=\"#sdfootnote3sym\"><sup>3<\/sup><\/a>&nbsp;?&nbsp;\u00bb.\nParce que manger est un moment d\u2019une importance extr\u00eame \u00e0 bord.\nJuste pour vous donner une id\u00e9e de menu type, d\u2019une banalit\u00e9\nconfondante&nbsp;:<\/p>\n\n\n\n<ul class=\"wp-block-list\"><li>Aimable mise en bouche pour ouvrir les papilles&nbsp;: toasts\n\trecouverts d\u2019un soup\u00e7on de p\u00e2t\u00e9 \u00e0 l\u2019andouille de Gu\u00e9m\u00e9n\u00e9.\n\t<\/li><li>Entr\u00e9e&nbsp;: sashimis de thon de ligne, p\u00each\u00e9 de l\u2019heure,\n\tsubtilement agr\u00e9ment\u00e9 de sauce soja et wasabi.\n\t<\/li><li>Plat de r\u00e9sistance&nbsp;: filet de thon mi-cuit accompagn\u00e9\n\tde son riz rehauss\u00e9 d\u2019une pr\u00e9paration gourmande\n\ttomates-oignons-\u00e9pices du monde.\n\t<\/li><li>Fromage de brebis vieilli dans les grottes du pays basque\n\tespagnol.\n\t<\/li><li>Fruits du verger catalan&nbsp;; pomme, banane, orange.\n\t<\/li><li>Expresso et son carr\u00e9 de <em>turr\u00f2n duro<\/em>.\n<\/li><\/ul>\n\n\n\n<p>R\u00e9flexion de Jacques&nbsp;: \u00ab&nbsp;Vivement que Yan d\u00e9barque\npour qu\u2019on puisse remanger sainement&nbsp;: sandwiches\nbiscotte-fromage, p\u00e2tes \u00e0 l\u2019eau, boite de p\u00e2t\u00e9 H\u00e9naff, Bounty\u2026\nDes trucs naturels, quoi.&nbsp;\u00bb. Puis les vieux du bord s\u2019octroient\nen g\u00e9n\u00e9ral une petite sieste pendant que la jeunesse s\u2019\u00e9clate \u00e0\npousser Kousk Eol dans ses retranchements, mode r\u00e9gate.<\/p>\n\n\n\n<p>C\u2019est quoi ce spi rouge \u00e0 notre tribord avant&nbsp;? L\u2019AIS<a href=\"#sdfootnote4sym\"><sup>4<\/sup><\/a>\nd\u00e9nonce Yolo, un voilier fran\u00e7ais visiblement sur la m\u00eame route\nque nous. L\u2019impudent ne sait pas (encore) que le protocole veut\nqu\u2019il admire notre tableau de bord, pas l\u2019\u00e9trave. Surtout depuis\nqu\u2019on y a appos\u00e9 l\u2019autocollant de la vahin\u00e9 Hinano\u2026 Il va\nvite apprendre, le bougre&nbsp;!<\/p>\n\n\n\n<figure class=\"wp-block-image\"><img loading=\"lazy\" decoding=\"async\" width=\"1024\" height=\"577\" src=\"http:\/\/kouskeol.fr\/wp-content\/uploads\/2019\/11\/PB261505c-1024x577.jpg\" alt=\"\" class=\"wp-image-5610\" srcset=\"http:\/\/kouskeol.fr\/wp-content\/uploads\/2019\/11\/PB261505c-1024x577.jpg 1024w, http:\/\/kouskeol.fr\/wp-content\/uploads\/2019\/11\/PB261505c-300x169.jpg 300w, http:\/\/kouskeol.fr\/wp-content\/uploads\/2019\/11\/PB261505c-768x433.jpg 768w, http:\/\/kouskeol.fr\/wp-content\/uploads\/2019\/11\/PB261505c.jpg 1237w\" sizes=\"auto, (max-width: 1024px) 100vw, 1024px\" \/><figcaption>Yolo sous spi.<\/figcaption><\/figure>\n\n\n\n<p>Aujourd\u2019hui, midi trente, Kousk Eol a fait \u00e0 peu pr\u00e8s la\nmoiti\u00e9 du chemin vers Las Palmas, soit trois cent cinquante milles.\nVous avez d\u00e9j\u00e0 compris que ce n\u2019est pas cette fois que nous\nbattrons des records. Mais on s\u2019en bout les cailles&nbsp;: m\u00eame si\nl\u2019\u00e9quipage \u2013 Herv\u00e9, Fran\u00e7ois et Yan, des bouffeurs d\u2019\u00e9coutes\nsempiternellement sur la br\u00e8che \u2013 n\u2019a pas \u00e9t\u00e9 recrut\u00e9 \u00e0\nSybaris, l\u2019ambiance est bon enfant \u00e0 bord, le second degr\u00e9\nredoutable et l\u2019\u00e9nergie d\u00e9bordante d\u00e8s qu\u2019il y a une man\u0153uvre\n\u00e0 effectuer. Et il y en a&nbsp;!<\/p>\n\n\n\n<figure class=\"wp-block-image\"><img loading=\"lazy\" decoding=\"async\" width=\"625\" height=\"469\" src=\"http:\/\/kouskeol.fr\/wp-content\/uploads\/2019\/11\/IMG_4268c.jpg\" alt=\"\" class=\"wp-image-5611\" srcset=\"http:\/\/kouskeol.fr\/wp-content\/uploads\/2019\/11\/IMG_4268c.jpg 625w, http:\/\/kouskeol.fr\/wp-content\/uploads\/2019\/11\/IMG_4268c-300x225.jpg 300w\" sizes=\"auto, (max-width: 625px) 100vw, 625px\" \/><figcaption>Coucher de soleil.<\/figcaption><\/figure>\n\n\n\n<p><strong>Mercredi 27 novembre<\/strong>. Quarts bonhommes, spi tangon\u00e9 sur\nune houle longue. Comme les batteries ne se sont pas compl\u00e8tement\ncharg\u00e9es hier, le moteur est sollicit\u00e9 en fin de nuit pour soutenir\nle pilote. En effet, sous spi, cap au sud-ouest, les panneaux\nsolaires sont masqu\u00e9s une grande partie de la journ\u00e9e et le peu de\nphotons qui leur tombent dessus peine \u00e0 extraire les \u00e9lectrons\nrequis. Quant \u00e0 l\u2019\u00e9olienne, son pr\u00e9avis de gr\u00e8ve illimit\u00e9 au\nportant reste d\u2019actualit\u00e9\u2026 Effet de bord comique&nbsp;: Yan se\nl\u00e8ve en sursaut au bruit du moteur, et bondit vers la cabine d\u2019Herv\u00e9\npour l\u2019emp\u00eacher de ronfler\u2026<\/p>\n\n\n\n<p>Ces bougres de Yan, Herv\u00e9 et Fran\u00e7ois, encore eux, irrespectueux\ndes coutumes du bord, sont d\u00e9j\u00e0 \u00e0 hisser le spi au milieu du petit\nd\u00e9jeuner&nbsp;: \u00ab&nbsp;Il faut que \u00e7a pulse&nbsp;!&nbsp;\u00bb. Les\nanc\u00eatres sages continuent\nimperturbables sous les quolibets \u00e0 savourer leurs muffins grill\u00e9s\nau beurre sal\u00e9 et confiture d\u2019ananas&nbsp;: \u00ab&nbsp;La grimace de\nla hideuse baudroie n\u2019atteint pas le majestueux lag\u00e9norhynque&nbsp;!&nbsp;\u00bb.\nLas Palmas est \u00e0 deux cent soixante-cinq milles&nbsp;: si tout va\nbien on y est en deux jours. Et la veille du retour de Yan en\nm\u00e9tropole&nbsp;: c\u2019est la premi\u00e8re fois qu\u2019il est totalement\nd\u00e9connect\u00e9 de ses chantiers\u2026<\/p>\n\n\n\n<figure class=\"wp-block-image\"><img loading=\"lazy\" decoding=\"async\" width=\"1024\" height=\"768\" src=\"http:\/\/kouskeol.fr\/wp-content\/uploads\/2019\/11\/20191125_152941c-1024x768.jpg\" alt=\"\" class=\"wp-image-5612\" srcset=\"http:\/\/kouskeol.fr\/wp-content\/uploads\/2019\/11\/20191125_152941c-1024x768.jpg 1024w, http:\/\/kouskeol.fr\/wp-content\/uploads\/2019\/11\/20191125_152941c-300x225.jpg 300w, http:\/\/kouskeol.fr\/wp-content\/uploads\/2019\/11\/20191125_152941c-768x576.jpg 768w\" sizes=\"auto, (max-width: 1024px) 100vw, 1024px\" \/><figcaption>Toujours sous spi&#8230;<\/figcaption><\/figure>\n\n\n\n<p><strong>Jeudi 28<\/strong>. Un peu avant huit heures, un petit caf\u00e9 pour se\nr\u00e9veiller\u2026 Et \u00e7a recommence&nbsp;! \u00ab&nbsp;On empanne et on met\nle spi&nbsp;!&nbsp;\u00bb \u00ab&nbsp;On finirait pas le caf\u00e9 d\u2019abord&nbsp;?&nbsp;\u00bb\n\u00ab&nbsp;Ouais, mais on met le spi&nbsp;!&nbsp;\u00bb \u00ab&nbsp;Mais le\ncaf\u00e9&nbsp;? Et il ne fait m\u00eame pas jour\u2026&nbsp;\u00bb \u00ab&nbsp;Allez,\nquoi, on met le spi&nbsp;!&nbsp;\u00bb. Une croisi\u00e8re, \u00e7a&nbsp;?<\/p>\n\n\n\n<p>Neuf heures trente&nbsp;: Lanzarote \u00e9merge sous les nuages, \u00e0\nune trentaine de milles au sud. Le vent s\u2019est un peu lev\u00e9 et Kousk\nEol file \u00e0 huit n\u0153uds, ce qui n\u2019emp\u00eache pas un groupe de\ndauphins de nous narguer\u2026<\/p>\n\n\n\n<p>Et la politique dans tout \u00e7a&nbsp;? Il faut dire que nous avons\ndeux bretteurs aff\u00fbt\u00e9s \u00e0 bord, et que les discussions sont souvent\nanim\u00e9es, voire passionn\u00e9es. Et il y a du temps pour d\u00e9battre, sur\nun bateau. Mais les avis restent tranch\u00e9s. Nos \u00e9lus, et beaucoup y\npassent, doivent avoir les acouph\u00e8nes qui les chatouillent. Mais ils\nl\u2019ont bien cherch\u00e9. Et si les convictions sont fortes, les d\u00e9bats\nse font entre gentlemen, m\u00eame s\u2019ils campent g\u00e9n\u00e9ralement sur\nleurs positions.<\/p>\n\n\n\n<figure class=\"wp-block-image\"><img loading=\"lazy\" decoding=\"async\" width=\"1024\" height=\"768\" src=\"http:\/\/kouskeol.fr\/wp-content\/uploads\/2019\/11\/20191128_151332c-1024x768.jpg\" alt=\"\" class=\"wp-image-5615\" srcset=\"http:\/\/kouskeol.fr\/wp-content\/uploads\/2019\/11\/20191128_151332c-1024x768.jpg 1024w, http:\/\/kouskeol.fr\/wp-content\/uploads\/2019\/11\/20191128_151332c-300x225.jpg 300w, http:\/\/kouskeol.fr\/wp-content\/uploads\/2019\/11\/20191128_151332c-768x576.jpg 768w\" sizes=\"auto, (max-width: 1024px) 100vw, 1024px\" \/><figcaption>Atmosph\u00e8re studieuse \u00e0 bord.<\/figcaption><\/figure>\n\n\n\n<p>Quinze heures&nbsp;: Las Palmas n\u2019est plus qu\u2019\u00e0 cent dix\nmilles. On devrait y arriver pour le petit d\u00e9jeuner demain matin.\nQuant au spi du petit d\u00e9jeuner de ce matin, il continue \u00e0 nous\ntirer \u00e0 un bon train. Puis les degr\u00e9s Beaufort s\u2019excitent un\npeu&nbsp;: il faut affaler et passer \u00e0 nouveau au couple\ng\u00e9nois\/tangon en fin d\u2019apr\u00e8s-midi. Ce sera plus tranquille pour\nla nuit.<\/p>\n\n\n\n<p>Heu\u2026 Pas vraiment&nbsp;: le vent grimpe entre vingt-cinq et\ntrente n\u0153uds, et la mer se forme. Il sera impossible de dormir cette\nnuit tant le bateau roule. Mais nous filons bon train, avec des\npointes \u00e0 plus de dix n\u0153uds, et arrivons \u00e0 Las Palmas au point du\njour. Pour nous faire dire qu\u2019il faut attendre \u00e0 l\u2019ancre pour\nune place dans la marina&nbsp;! La douche sera pour plus tard.<\/p>\n\n\n\n<figure class=\"wp-block-image\"><img loading=\"lazy\" decoding=\"async\" width=\"794\" height=\"1024\" src=\"http:\/\/kouskeol.fr\/wp-content\/uploads\/2019\/11\/20191128_082948c-1-794x1024.jpg\" alt=\"\" class=\"wp-image-5614\" srcset=\"http:\/\/kouskeol.fr\/wp-content\/uploads\/2019\/11\/20191128_082948c-1-794x1024.jpg 794w, http:\/\/kouskeol.fr\/wp-content\/uploads\/2019\/11\/20191128_082948c-1-233x300.jpg 233w, http:\/\/kouskeol.fr\/wp-content\/uploads\/2019\/11\/20191128_082948c-1-768x990.jpg 768w, http:\/\/kouskeol.fr\/wp-content\/uploads\/2019\/11\/20191128_082948c-1.jpg 1695w\" sizes=\"auto, (max-width: 794px) 100vw, 794px\" \/><figcaption>\u00c9quipier essayant de r\u00e9cup\u00e9rer.<\/figcaption><\/figure>\n\n\n\n<p>Trois heures plus tard, fatigu\u00e9s d\u2019attendre au mouillage, nous\ngonflons l\u2019annexe et nous pointons \u00e0 la capitainerie, pour y\nd\u00e9couvrir une (tr\u00e8s&nbsp;!) longue queue de pr\u00e9tendants \u00e0 une\nplace au port\u2026 Nous avons l\u2019explication&nbsp;: l\u2019ARC et ses\ndeux cents participants a fait virer cent cinquante clients r\u00e9guliers\ndu port, qui retournent tous en m\u00eame temps \u00e0 leur place, avec en\nplus tous ceux qui attendaient un emplacement avant la travers\u00e9e,\ncomme nous\u2026 Bref&nbsp;: nous sommes finalement \u00e0 quai trois heures\nplus tard. Et \u00e0 nous les douches et les tapas dans le vieux Las\nPalmas&nbsp;!<\/p>\n\n\n\n<p><strong>Samedi 30.<\/strong> C\u2019est aujourd\u2019hui que Yan nous quitte pour\nretrouver les frimas de Grenoble, des tr\u00e9molos dans la voix et des\nimages plein les yeux et la t\u00eate. Nous devrions retrouver nos poids\n\u00ab&nbsp;normaux&nbsp;\u00bb sous peu\u2026 Le d\u00e9part est pr\u00e9vu lundi 2\nd\u00e9cembre&nbsp;: le compl\u00e9ment de courses, surtout du frais, est\nfait. Les derniers bricolages occuperont le dimanche.<\/p>\n\n\n\n<figure class=\"wp-block-image\"><img loading=\"lazy\" decoding=\"async\" width=\"1024\" height=\"768\" src=\"http:\/\/kouskeol.fr\/wp-content\/uploads\/2019\/11\/20191130_112208c-1024x768.jpg\" alt=\"\" class=\"wp-image-5616\" srcset=\"http:\/\/kouskeol.fr\/wp-content\/uploads\/2019\/11\/20191130_112208c-1024x768.jpg 1024w, http:\/\/kouskeol.fr\/wp-content\/uploads\/2019\/11\/20191130_112208c-300x225.jpg 300w, http:\/\/kouskeol.fr\/wp-content\/uploads\/2019\/11\/20191130_112208c-768x576.jpg 768w\" sizes=\"auto, (max-width: 1024px) 100vw, 1024px\" \/><figcaption>\u00a8Pr\u00e9paration du grand pavois&#8230;<\/figcaption><\/figure>\n\n\n\n<p>Et comme d\u2019hab, on vous racontera la suite apr\u00e8s l\u2019arriv\u00e9e \u00e0\nPointe \u00e0 Pitre, autour du 20 d\u00e9cembre.<\/p>\n\n\n\n<p>Peut-\u00eatre.<\/p>\n\n\n\n<p>Si vous \u00eates sages.<\/p>\n\n\n\n<p>_____________________________<\/p>\n\n\n\n<p><a href=\"#sdfootnote1anc\">1<\/a> Le Code D est une sorte de spinnaker asym\u00e9trique, grande voile d\u2019avant dont la surface est deux fois et demi celle du g\u00e9nois.<\/p>\n\n\n\n<p><a href=\"#sdfootnote2anc\">2<\/a> Atlantic Rally for Cruisers.<\/p>\n\n\n\n<p><a href=\"#sdfootnote3anc\">3<\/a> Et son pendant en d\u00e9but d\u2019apr\u00e8s-midi\u00a0: \u00ab\u00a0Qu\u2019est-ce qu\u2019on mange ce soir\u00a0?\u00a0\u00bb.<\/p>\n\n\n\n<p><a href=\"#sdfootnote4anc\">4<\/a> AIS\u00a0: Automatic Identification System. Informations sur les navires, transmises par radio et affichable sur l\u2019ordinateur de navigation.<\/p>\n","protected":false},"excerpt":{"rendered":"<p>\u00c0 peu de choses pr\u00e8s, nous mettons notre plan en pratique&nbsp;: le vent, peu respectueux du travail de pr\u00e9diction des m\u00e9t\u00e9orologues, continue \u00e0 s\u2019\u00e9poumoner au-del\u00e0 de seize heures. C\u2019est donc \u00e0 un peu plus de dix-sept heures que nous quittons la Marina Alcaidesa et Gibraltar. Nous longeons la c\u00f4te jusqu\u2019\u00e0 Tarifa pour ne pas avoir &hellip; <a href=\"http:\/\/kouskeol.fr\/?p=5599\" class=\"more-link\">Continuer la lecture de <span class=\"screen-reader-text\">De Gibraltar aux Canaries<\/span>  <span class=\"meta-nav\">&rarr;<\/span><\/a><\/p>\n","protected":false},"author":1,"featured_media":0,"comment_status":"open","ping_status":"open","sticky":false,"template":"","format":"standard","meta":{"ngg_post_thumbnail":0,"footnotes":""},"categories":[8],"tags":[],"class_list":["post-5599","post","type-post","status-publish","format-standard","hentry","category-voyage"],"_links":{"self":[{"href":"http:\/\/kouskeol.fr\/index.php?rest_route=\/wp\/v2\/posts\/5599","targetHints":{"allow":["GET"]}}],"collection":[{"href":"http:\/\/kouskeol.fr\/index.php?rest_route=\/wp\/v2\/posts"}],"about":[{"href":"http:\/\/kouskeol.fr\/index.php?rest_route=\/wp\/v2\/types\/post"}],"author":[{"embeddable":true,"href":"http:\/\/kouskeol.fr\/index.php?rest_route=\/wp\/v2\/users\/1"}],"replies":[{"embeddable":true,"href":"http:\/\/kouskeol.fr\/index.php?rest_route=%2Fwp%2Fv2%2Fcomments&post=5599"}],"version-history":[{"count":1,"href":"http:\/\/kouskeol.fr\/index.php?rest_route=\/wp\/v2\/posts\/5599\/revisions"}],"predecessor-version":[{"id":5617,"href":"http:\/\/kouskeol.fr\/index.php?rest_route=\/wp\/v2\/posts\/5599\/revisions\/5617"}],"wp:attachment":[{"href":"http:\/\/kouskeol.fr\/index.php?rest_route=%2Fwp%2Fv2%2Fmedia&parent=5599"}],"wp:term":[{"taxonomy":"category","embeddable":true,"href":"http:\/\/kouskeol.fr\/index.php?rest_route=%2Fwp%2Fv2%2Fcategories&post=5599"},{"taxonomy":"post_tag","embeddable":true,"href":"http:\/\/kouskeol.fr\/index.php?rest_route=%2Fwp%2Fv2%2Ftags&post=5599"}],"curies":[{"name":"wp","href":"https:\/\/api.w.org\/{rel}","templated":true}]}}