{"id":5653,"date":"2019-12-21T15:09:55","date_gmt":"2019-12-21T14:09:55","guid":{"rendered":"http:\/\/kouskeol.fr\/?p=5653"},"modified":"2019-12-21T15:09:57","modified_gmt":"2019-12-21T14:09:57","slug":"sept-semaines-de-mer-et-apres","status":"publish","type":"post","link":"http:\/\/kouskeol.fr\/?p=5653","title":{"rendered":"Sept semaines de mer, et apr\u00e8s\u00a0?"},"content":{"rendered":"\n<p>\nSept semaines sur l\u2019eau sal\u00e9e, pratiquement quatre mille cinq\ncents milles dans les embruns, \u00e7a doit laisser des traces, non&nbsp;?<\/p>\n\n\n\n<p>Le d\u00e9marrage,\nd\u00e9j\u00e0&nbsp;: la M\u00e9diterran\u00e9e en novembre, tout marin ayant un\nminimum de bon sens vous soutiendra qu\u2019il faut \u00e9viter, que les\nconditions sont trop dures. Effectivement. Les coups de vent se sont\nsucc\u00e9d\u00e9s, obligeant \u00e0 des sauts de puce le long des c\u00f4tes\nespagnoles. Les cir\u00e9s ont largement justifi\u00e9 leur pr\u00e9sence \u00e0\nbord. Question de Fran\u00e7ois&nbsp;: \u00ab&nbsp;Vous \u00eates s\u00fbrs qu\u2019on\nva mettre les shorts et les t-shirts un jour&nbsp;?&nbsp;\u00bb.<\/p>\n\n\n\n<p>Et les vieux sages\ndu bord de r\u00e9pondre, unanimes&nbsp;: \u00ab&nbsp;Mais \u00e9videmment&nbsp;!\nNous allons t\u00e2ter de la maxi coolitude z\u00e9nifiante et extatique d\u00e8s\nque nous aurons attrap\u00e9 les aliz\u00e9s, au sud des Canaries&nbsp;! Vous\nverrez&nbsp;: vous serez scotch\u00e9s&nbsp;!&nbsp;\u00bb. \u00ab&nbsp;Ah\nouais&nbsp;?&nbsp;\u00bb. \u00ab&nbsp;C\u2019est comme on vous dit&nbsp;!\nCroyez-en notre exp\u00e9rience.&nbsp;\u00bb.<\/p>\n\n\n\n<p>Sauf qu\u2019en\ndix-sept jours de travers\u00e9e Las Palmas-Pointe \u00e0 Pitre, le vent\nn\u2019est descendu que tr\u00e8s rarement en dessous de vingt n\u0153uds,\nmontant r\u00e9guli\u00e8rement jusqu\u2019\u00e0 trente, voire quarante n\u0153uds sous\nles grains\u2026<\/p>\n\n\n\n<p>\u00ab&nbsp;Heureusement\nqu\u2019il y a la longue et majestueuse houle de l\u2019Atlantique&nbsp;\u00bb,\nme direz-vous. Que nenni&nbsp;: aux abonn\u00e9s absents, la houle\ntranquille. \u00c0 la place, une mer d\u00e9sordonn\u00e9e, parfois forte, avec\ndes vagues dures et courtes, \u00e0 tel point qu\u2019on aurait pu se croire\nen M\u00e9diterran\u00e9e. Et des creux jusqu\u2019\u00e0 largement plus de trois\nm\u00e8tres assurant un manque de confort maximal. La derni\u00e8re\noccupation \u00e0 la mode \u00e9tait d\u2019ailleurs le vol plan\u00e9 dans le\ncarr\u00e9, du coin cuisine directement sur la banquette, voire\nbrutalement dans les toilettes\u2026<\/p>\n\n\n\n<p>Commentaires\nfielleux d\u2019Herv\u00e9 et Fran\u00e7ois&nbsp;: \u00ab&nbsp;Vous \u00eates s\u00fbrs que\nvous l\u2019avez d\u00e9j\u00e0 faite, cette travers\u00e9e&nbsp;? Vous ne vous\ntrompez pas d\u2019oc\u00e9an&nbsp;? Non parce que l\u00e0, on commence \u00e0 avoir\nquelques doutes\u2026&nbsp;\u00bb.<\/p>\n\n\n\n<p>Le seul point pour\nlequel nous nous en sortirons honorablement sera sur les promesses de\np\u00eache au thon, \u00e0 la dorade coryph\u00e8ne, et m\u00eame au thazard. Mais de\njustesse\u2026<\/p>\n\n\n\n<p>En conclusion, une\nsuperbe travers\u00e9e, du r\u00eave plein la t\u00eate et de quoi alimenter de\nnombreuses soir\u00e9es d\u2019hiver de souvenirs \u00e0 partager\u2026<\/p>\n\n\n\n<p><strong>Cahier de\ndol\u00e9ances<\/strong><\/p>\n\n\n\n<p>En sept semaines,\nvoir toujours les m\u00eames t\u00eates vingt-quatre heures sur vingt-quatre\ndans un volume relativement restreint finit par exacerber les\ntensions qui \u00e0 terre ne seraient m\u00eame pas remarqu\u00e9es\u2026 Les propos\nfielleux n\u2019ont pas manqu\u00e9&nbsp;:<\/p>\n\n\n\n<ul class=\"wp-block-list\"><li>On pourrait pas\n\tdire \u00e0 Claude qu\u2019il arr\u00eate de venir me r\u00e9veiller en plein\n\tsommeil toutes les nuits, soi-disant que c\u2019est mon tour&nbsp;?\n\t<\/li><li>Ouais, quand il\n\ty avait Yan, on mangeait quand m\u00eame mieux\u2026\n\t<\/li><li>\u00c7a vous\n\tennuierait pas de p\u00eacher du thon pour changer de la dorade et du\n\tthazard&nbsp;?\n\t<\/li><li>Houle tr\u00e8s\n\tlongue et vent r\u00e9gulier&nbsp;? Quelle blague&nbsp;! On n\u2019aura\n\tjamais eu l\u2019occasion de mettre le spi ou le Code D\u2026\n\t<\/li><li>C\u2019est quoi ce\n\ttruc de recevoir des poissons volants dans le cou&nbsp;? Qu\u2019il\n\tfaut en plus nettoyer du pont quand le jour se l\u00e8ve&nbsp;?\n\t<\/li><li>Quoi&nbsp;?\n\tEncore du chou rouge&nbsp;?\n\t<\/li><li>On fait presque\n\tun quart du tour de la Terre \u00e0 la vitesse d\u2019une bicyclette&nbsp;:\n\til est o\u00f9 l\u2019exploit, l\u00e0&nbsp;?\n<\/li><\/ul>\n\n\n\n<p>Vous appelez \u00e7a une\ncroisi\u00e8re, vous&nbsp;?<\/p>\n\n\n\n<p>Vous l\u2019aurez\ncompris&nbsp;: cette belle et longue vir\u00e9e en canot<a href=\"#sdfootnote1sym\"><sup>1<\/sup><\/a>\n\u00e0 voile sur une solution aqueuse de chlorure de sodium piment\u00e9e\nd\u2019iode s\u2019est d\u00e9roul\u00e9e comme un charme c\u00f4t\u00e9 ambiance \u00e0 bord.<\/p>\n\n\n\n<p>__________________<\/p>\n\n\n\n<p><a href=\"#sdfootnote1anc\">1<\/a> Pour faire moi-je-connais, il est sugg\u00e9r\u00e9 de prononcer\u00a0: canote.<\/p>\n","protected":false},"excerpt":{"rendered":"<p>Sept semaines sur l\u2019eau sal\u00e9e, pratiquement quatre mille cinq cents milles dans les embruns, \u00e7a doit laisser des traces, non&nbsp;? Le d\u00e9marrage, d\u00e9j\u00e0&nbsp;: la M\u00e9diterran\u00e9e en novembre, tout marin ayant un minimum de bon sens vous soutiendra qu\u2019il faut \u00e9viter, que les conditions sont trop dures. Effectivement. Les coups de vent se sont succ\u00e9d\u00e9s, obligeant &hellip; <a href=\"http:\/\/kouskeol.fr\/?p=5653\" class=\"more-link\">Continuer la lecture de <span class=\"screen-reader-text\">Sept semaines de mer, et apr\u00e8s\u00a0?<\/span>  <span class=\"meta-nav\">&rarr;<\/span><\/a><\/p>\n","protected":false},"author":1,"featured_media":0,"comment_status":"open","ping_status":"open","sticky":false,"template":"","format":"standard","meta":{"ngg_post_thumbnail":0,"footnotes":""},"categories":[8],"tags":[],"class_list":["post-5653","post","type-post","status-publish","format-standard","hentry","category-voyage"],"_links":{"self":[{"href":"http:\/\/kouskeol.fr\/index.php?rest_route=\/wp\/v2\/posts\/5653","targetHints":{"allow":["GET"]}}],"collection":[{"href":"http:\/\/kouskeol.fr\/index.php?rest_route=\/wp\/v2\/posts"}],"about":[{"href":"http:\/\/kouskeol.fr\/index.php?rest_route=\/wp\/v2\/types\/post"}],"author":[{"embeddable":true,"href":"http:\/\/kouskeol.fr\/index.php?rest_route=\/wp\/v2\/users\/1"}],"replies":[{"embeddable":true,"href":"http:\/\/kouskeol.fr\/index.php?rest_route=%2Fwp%2Fv2%2Fcomments&post=5653"}],"version-history":[{"count":1,"href":"http:\/\/kouskeol.fr\/index.php?rest_route=\/wp\/v2\/posts\/5653\/revisions"}],"predecessor-version":[{"id":5654,"href":"http:\/\/kouskeol.fr\/index.php?rest_route=\/wp\/v2\/posts\/5653\/revisions\/5654"}],"wp:attachment":[{"href":"http:\/\/kouskeol.fr\/index.php?rest_route=%2Fwp%2Fv2%2Fmedia&parent=5653"}],"wp:term":[{"taxonomy":"category","embeddable":true,"href":"http:\/\/kouskeol.fr\/index.php?rest_route=%2Fwp%2Fv2%2Fcategories&post=5653"},{"taxonomy":"post_tag","embeddable":true,"href":"http:\/\/kouskeol.fr\/index.php?rest_route=%2Fwp%2Fv2%2Ftags&post=5653"}],"curies":[{"name":"wp","href":"https:\/\/api.w.org\/{rel}","templated":true}]}}