{"id":579,"date":"2014-01-29T13:11:46","date_gmt":"2014-01-29T12:11:46","guid":{"rendered":"http:\/\/kouskeol.fr\/?p=579"},"modified":"2014-12-03T16:30:44","modified_gmt":"2014-12-03T15:30:44","slug":"piriapolis-vous-dites","status":"publish","type":"post","link":"http:\/\/kouskeol.fr\/?p=579","title":{"rendered":"Piriapolis, vous dites?"},"content":{"rendered":"<div class=\"ob-section ob-section-html\">\n<p>Bonjour tout le monde\u00a0! Quand nous nous sommes quitt\u00e9s Dimanche 26 Janvier (je parle pour ceux &#8211;ou celles: vous n&rsquo;allez pas recommencer!&#8211; qui suivent avec assiduit\u00e9. Les autres n&rsquo;ont qu&rsquo;\u00e0 rester devant la t\u00e9l\u00e9.), le suspens \u00e9tait \u00e0 son paroxysme, absolument insoutenable\u00a0: Kousk Eol partirait-il Mardi 28 comme pr\u00e9vu\u00a0?<\/p>\n<p>Eh bien nous vous proposons de faire durer ce suspens quelque temps encore en d\u00e9roulant avec vous le fil de nos folles aventures depuis cette journ\u00e9e&#8230;<\/p>\n<p><strong>Lundi 27 Janvier 2014<\/strong><\/p>\n<p>Nous nous r\u00e9veillons, moral au beau fixe. Andr\u00e9 et Nico vont \u00e0 Punta del Este voir le consul d&rsquo;Argentine pour une sombre histoire de visas. On ne vous avait pas dit, mais quand nous avons d\u00e9couvert le probl\u00e8me avec notre quille, nous nous sommes dirig\u00e9s vers le port le plus proche \u00e0 la sortie du Rio de la Plata\u00a0: Piriapolis. Petit d\u00e9tail\u00a0: Piriapolis est en Uruguay, et selon nos passeports nous ne sommes pas sortis d&rsquo;Argentine&#8230; Ceci n&rsquo;a pas pos\u00e9 de probl\u00e8mes aux autorit\u00e9s uruguayennes, mais le consul nous a conseill\u00e9 de contacter les autorit\u00e9s maritimes argentines au plus vite&#8230;<\/p>\n<p>Jacques et Claude eux restent sur le bateau pour les ultimes r\u00e9parations\u00a0: re-branchement de l&rsquo;antenne du GPS dont la prise a mal support\u00e9 l&rsquo;humidit\u00e9, installation d&rsquo;une charni\u00e8re au panneau d&rsquo;instruments pour pouvoir le basculer facilement en cas d&rsquo;intervention en mer, \u2026<\/p>\n<figure id=\"attachment_580\" aria-describedby=\"caption-attachment-580\" style=\"width: 300px\" class=\"wp-caption aligncenter\"><a href=\"http:\/\/kouskeol.fr\/wp-content\/uploads\/2014\/09\/Piria-GPS.jpg\" target=\"_blank\"><img loading=\"lazy\" decoding=\"async\" class=\"wp-image-580 size-medium\" src=\"http:\/\/kouskeol.fr\/wp-content\/uploads\/2014\/09\/Piria-GPS-300x225.jpg\" alt=\"Piria-GPS\" width=\"300\" height=\"225\" srcset=\"http:\/\/kouskeol.fr\/wp-content\/uploads\/2014\/09\/Piria-GPS-300x225.jpg 300w, http:\/\/kouskeol.fr\/wp-content\/uploads\/2014\/09\/Piria-GPS-600x450.jpg 600w, http:\/\/kouskeol.fr\/wp-content\/uploads\/2014\/09\/Piria-GPS.jpg 1024w\" sizes=\"auto, (max-width: 300px) 100vw, 300px\" \/><\/a><figcaption id=\"caption-attachment-580\" class=\"wp-caption-text\">Intervention sur l&rsquo;antenne GPS.<\/figcaption><\/figure>\n<div class=\"ob-section ob-section-html\">\n<p><span class=\"yui3-widget yui3-inputwidget yui3-htmleditorwidget\"><span class=\"yui3-htmleditorwidget-content\">13h30\u00a0: le travel-lift se pr\u00e9sente pour lever Kousk Eol\u00a0! \u00c7a y est, cette fois c&rsquo;est la bonne\u00a0!<\/span><\/span><\/p>\n<p><span class=\"yui3-widget yui3-inputwidget yui3-htmleditorwidget\"><span class=\"yui3-htmleditorwidget-content\">17h\u00a0: comme promis Fikky (le responsable de la r\u00e9paration) est l\u00e0, et le d\u00e9boulonnage de la quille peut commencer.<\/span><\/span><\/p>\n<p><a href=\"http:\/\/kouskeol.fr\/wp-content\/uploads\/2014\/09\/Piria-Verins.jpg\" target=\"_blank\"><img loading=\"lazy\" decoding=\"async\" class=\"alignnone wp-image-582 size-thumbnail\" src=\"http:\/\/kouskeol.fr\/wp-content\/uploads\/2014\/09\/Piria-Verins-150x150.jpg\" alt=\"Piria-Verins\" width=\"150\" height=\"150\" \/><\/a><a href=\"http:\/\/kouskeol.fr\/wp-content\/uploads\/2014\/09\/Piria-QuilleDeboulonnee.jpg\" target=\"_blank\"><img loading=\"lazy\" decoding=\"async\" class=\"alignnone wp-image-581 size-thumbnail\" src=\"http:\/\/kouskeol.fr\/wp-content\/uploads\/2014\/09\/Piria-QuilleDeboulonnee-150x150.jpg\" alt=\"Piria-QuilleDeboulonnee\" width=\"150\" height=\"150\" \/><\/a><\/p>\n<div class=\"ob-section ob-section-images ob-layout2-1\">\n<p class=\"ob-desc\"><em>La quille est descendue gr\u00e2ce \u00e0 des v\u00e9rins sur-dimensionn\u00e9s!<\/em><\/p>\n<\/div>\n<div class=\"ob-section ob-section-html\">\n<p>Puis vient la phase de nettoyage de l&rsquo;ancien joint entre quille et coque.<\/p>\n<p>Puis&#8230; Mais c&rsquo;est quoi ce truc qui s&rsquo;en va\u00a0? On dirait de la fibre&#8230; Constat de Fiky\u00a0: ces enfoir\u00e9s de Salvador (d&rsquo;apr\u00e8s Nico, \u00ab\u00a0enfoir\u00e9s\u00a0\u00bb est une traduction \u00ab\u00a0soft\u00a0\u00bb de l&rsquo;Espagnol de Fiky) ont encore merd\u00e9\u00a0! La stratification entre la quille et la coque n&rsquo;a pas tenu, sous-dimensionn\u00e9e \u00e0 nouveau&#8230; Et donc, pas de remontage de la quille aujourd&rsquo;hui. Ni demain.<\/p>\n<p><a href=\"http:\/\/kouskeol.fr\/wp-content\/uploads\/2014\/09\/Piria-travailleurs.jpg\" target=\"_blank\"><img loading=\"lazy\" decoding=\"async\" class=\"alignnone wp-image-586 size-thumbnail\" src=\"http:\/\/kouskeol.fr\/wp-content\/uploads\/2014\/09\/Piria-travailleurs-150x150.jpg\" alt=\"Piria-travailleurs\" width=\"150\" height=\"150\" \/><\/a><a href=\"http:\/\/kouskeol.fr\/wp-content\/uploads\/2014\/09\/Piria-AndreNico.jpg\" target=\"_blank\"><img loading=\"lazy\" decoding=\"async\" class=\"alignnone wp-image-584 size-thumbnail\" src=\"http:\/\/kouskeol.fr\/wp-content\/uploads\/2014\/09\/Piria-AndreNico-150x150.jpg\" alt=\"Piria-AndreNico\" width=\"150\" height=\"150\" \/><\/a> <a href=\"http:\/\/kouskeol.fr\/wp-content\/uploads\/2014\/09\/Piria-destrat.jpg\" target=\"_blank\"><img loading=\"lazy\" decoding=\"async\" class=\"alignnone wp-image-585 size-thumbnail\" src=\"http:\/\/kouskeol.fr\/wp-content\/uploads\/2014\/09\/Piria-destrat-150x150.jpg\" alt=\"Piria-destrat\" width=\"150\" height=\"150\" \/><\/a><\/p>\n<div class=\"ob-section ob-section-images ob-default\">\n<p class=\"ob-desc\"><em>Et la fameuse d\u00e9stratification.<\/em><\/p>\n<\/div>\n<div class=\"ob-section ob-section-html\">\n<p>Coup de skype avec l&rsquo;expert de l&rsquo;assurance et avec le chantier Wauquiez (Merci Wim!)\u00a0: pas tr\u00e8s grave dans la mesure o\u00f9 cette stratification n&rsquo;est pas structurelle\u00a0, mais il faut descendre compl\u00e8tement la quille pour re-poncer le fond de coque, re-stratifier et re-coller. Donc immobiliser le travel-lift pratiquement une journ\u00e9e&#8230; Pas demain Mardi parce que Fikky r\u00e9gate. Mercredi\u00a0?<\/p>\n<p>Du coup\u00a0, ap\u00e9ro de marins pour se remonter le moral&#8230;<\/p>\n<p><a href=\"http:\/\/kouskeol.fr\/wp-content\/uploads\/2014\/09\/Piria-apero1.jpg\" target=\"_blank\"><img loading=\"lazy\" decoding=\"async\" class=\"alignnone wp-image-588 size-thumbnail\" src=\"http:\/\/kouskeol.fr\/wp-content\/uploads\/2014\/09\/Piria-apero1-150x150.jpg\" alt=\"Piria-apero1\" width=\"150\" height=\"150\" \/><\/a><a href=\"http:\/\/kouskeol.fr\/wp-content\/uploads\/2014\/09\/Piria-apero2.jpg\" target=\"_blank\"><img loading=\"lazy\" decoding=\"async\" class=\"alignnone wp-image-587 size-thumbnail\" src=\"http:\/\/kouskeol.fr\/wp-content\/uploads\/2014\/09\/Piria-apero2-150x150.jpg\" alt=\"Piria-apero2\" width=\"150\" height=\"150\" \/><\/a><\/p>\n<div class=\"ob-section ob-section-images ob-layout2-1\">\n<p class=\"ob-desc\"><em>MarieJo, Cathy: on peut tout expliquer!<\/em><\/p>\n<\/div>\n<div class=\"ob-section ob-section-html\">\n<p><strong>Mardi 28 Janvier<\/strong><\/p>\n<p>Pour changer, pluie incessante sur Piriapolis\u00a0: m\u00eame le temps met un point d&rsquo;honneur \u00e0 montrer quelque solidarit\u00e9 avec le moral de l&rsquo;\u00e9quipage&#8230;<\/p>\n<p>Le lapsus de notre ni\u00e8ce Manon nous souhaitant un <i>non<\/i> voyage (pourquoi le <i><b>N<\/b><\/i> est \u00e0 c\u00f4t\u00e9 du <i><b>B<\/b><\/i> sur les claviers, aussi?) prend tout son sens\u00a0: n&rsquo;aurait-on pas d\u00fb appeler ce blog \u00ab\u00a0Voyage autour de ma quille\u00a0\u00bb\u00a0?<\/p>\n<\/div>\n<\/div>\n<figure id=\"attachment_589\" aria-describedby=\"caption-attachment-589\" style=\"width: 225px\" class=\"wp-caption aligncenter\"><a href=\"http:\/\/kouskeol.fr\/wp-content\/uploads\/2014\/09\/Piria-vigie.jpg\" target=\"_blank\"><img loading=\"lazy\" decoding=\"async\" class=\"wp-image-589 size-medium\" src=\"http:\/\/kouskeol.fr\/wp-content\/uploads\/2014\/09\/Piria-vigie-225x300.jpg\" alt=\"Piria-vigie\" width=\"225\" height=\"300\" srcset=\"http:\/\/kouskeol.fr\/wp-content\/uploads\/2014\/09\/Piria-vigie-225x300.jpg 225w, http:\/\/kouskeol.fr\/wp-content\/uploads\/2014\/09\/Piria-vigie-600x800.jpg 600w, http:\/\/kouskeol.fr\/wp-content\/uploads\/2014\/09\/Piria-vigie.jpg 768w\" sizes=\"auto, (max-width: 225px) 100vw, 225px\" \/><\/a><figcaption id=\"caption-attachment-589\" class=\"wp-caption-text\">\u00ab\u00a0Je pense qu&rsquo;il faudrait monter un tout petit peu plus haut pour voir le Cap Horn!\u00a0\u00bb<\/figcaption><\/figure>\n<p>On essaie tout de m\u00eame de r\u00e9int\u00e9grer un peu le bateau\u00a0: Nico aux fourneaux, les deux frangins la fourchette et le couteau \u00e0 la main, et Jacques \u00e0 la vaisselle&#8230;<\/p>\n<figure id=\"attachment_590\" aria-describedby=\"caption-attachment-590\" style=\"width: 300px\" class=\"wp-caption aligncenter\"><a href=\"http:\/\/kouskeol.fr\/wp-content\/uploads\/2014\/09\/Piria-Cuisine.jpg\" target=\"_blank\"><img loading=\"lazy\" decoding=\"async\" class=\"wp-image-590 size-medium\" src=\"http:\/\/kouskeol.fr\/wp-content\/uploads\/2014\/09\/Piria-Cuisine-300x218.jpg\" alt=\"Piria-Cuisine\" width=\"300\" height=\"218\" srcset=\"http:\/\/kouskeol.fr\/wp-content\/uploads\/2014\/09\/Piria-Cuisine-300x218.jpg 300w, http:\/\/kouskeol.fr\/wp-content\/uploads\/2014\/09\/Piria-Cuisine-600x437.jpg 600w, http:\/\/kouskeol.fr\/wp-content\/uploads\/2014\/09\/Piria-Cuisine.jpg 990w\" sizes=\"auto, (max-width: 300px) 100vw, 300px\" \/><\/a><figcaption id=\"caption-attachment-590\" class=\"wp-caption-text\">Duo infernal en cuisine&#8230;<\/figcaption><\/figure>\n<div class=\"ob-section ob-section-html\">\n<p><strong>Mercredi 29 Janvier<\/strong><\/p>\n<p>En principe, on doit discuter de la r\u00e9paration avec Fiky aujourd&rsquo;hui\u00a0\u2026 9h au bateau\u00a0: personne&#8230; Du coup, on va voir nos nouveaux copains du <em>Ca\u00efman<\/em>, Igor et sa femme. Igor est Italien de p\u00e8re Hongrois vivant en Argentine\u00a0: du coup\u00a0, il parle un excellent Fran\u00e7ais. Patron de p\u00eache, il a retap\u00e9 une \u00e9pave de 1925 achet\u00e9e au poids de la ferraille. Le r\u00e9sultat est bluffant\u00a0!<\/p>\n<figure id=\"attachment_591\" aria-describedby=\"caption-attachment-591\" style=\"width: 300px\" class=\"wp-caption aligncenter\"><a href=\"http:\/\/kouskeol.fr\/wp-content\/uploads\/2014\/09\/Piria-Caiman.jpg\" target=\"_blank\"><img loading=\"lazy\" decoding=\"async\" class=\"wp-image-591 size-medium\" src=\"http:\/\/kouskeol.fr\/wp-content\/uploads\/2014\/09\/Piria-Caiman-300x225.jpg\" alt=\"Piria-Caiman\" width=\"300\" height=\"225\" srcset=\"http:\/\/kouskeol.fr\/wp-content\/uploads\/2014\/09\/Piria-Caiman-300x225.jpg 300w, http:\/\/kouskeol.fr\/wp-content\/uploads\/2014\/09\/Piria-Caiman-600x450.jpg 600w, http:\/\/kouskeol.fr\/wp-content\/uploads\/2014\/09\/Piria-Caiman.jpg 1024w\" sizes=\"auto, (max-width: 300px) 100vw, 300px\" \/><\/a><figcaption id=\"caption-attachment-591\" class=\"wp-caption-text\">Le \u00ab\u00a0Ca\u00efman\u00a0\u00bb.<\/figcaption><\/figure>\n<div class=\"ob-section ob-section-html\">\n<p>Igor est plein de ressources\u00a0: il vient de n\u00e9gocier 8 bidons de 25 litres de gas-oil inutilis\u00e9s sur un voilier en r\u00e9paration. Sans attendre, il transvase dans son r\u00e9servoir. Soudain un \u00ab\u00a0Hijo de puta\u00a0!\u00a0\u00bb muscl\u00e9 fuse dans le port\u00a0: les bidons sont en fait pleins d&rsquo;eau&#8230; Igor est costaud\u00a0: le <em>hijo de puta <\/em>en question s&rsquo;en sort en troquant les bidons contre un lot d&rsquo;accastillage cons\u00e9quent\u00a0! La solidarit\u00e9 dans le milieu marin, c&rsquo;est quand m\u00eame quelque chose de fort.<\/p>\n<p>A c\u00f4t\u00e9 se trouve un petit voilier immatricul\u00e9 au Qu\u00e9bec\u00a0: effectivement, l&rsquo;\u00e9quipage a l&rsquo;accent qui va bien\u00a0. A la question \u00ab\u00a0Que faites vous dans le coin\u00a0?\u00a0\u00bb, la r\u00e9ponse est sans ambigu\u00eft\u00e9\u00a0: \u00ab\u00a0\u00c7a fait 6 ans qu&rsquo;on \u00e9vite les hivers de m\u00e2\u00e2rrde au Canada\u00a0!\u00a0\u00bb.<\/p>\n<p>Notre ma\u00eetrise de l&rsquo;Espagnol uruguayen fait des progr\u00e8s consid\u00e9rables\u00a0: au \u00ab\u00a0Una otra cerveza\u00a0!\u00a0\u00bb de base, nous avons ajout\u00e9 \u00ab\u00a0Insistir\u00a0\u00bb. Tr\u00e8s important le \u00ab\u00a0Insistir\u00a0\u00bb\u00a0: ne pas rester bloqu\u00e9 sur les \u00ab\u00a0No es posible\u00a0\u00bb ou \u00ab\u00a0Despues\u00a0\u00bb r\u00e9currents\u00a0!<\/p>\n<p>15h\u00a0: toujours pas de Fikky&#8230;<\/p>\n<p>18h\u00a0: on ne verra pas Fikky aujourd&rsquo;hui. Une journ\u00e9e perdue \u00e0 nouveau.<\/p>\n<p id=\"yui_3_5_0_1_1391028108152_39616\">\u00a0Petit r\u00e9sum\u00e9 pour les feignants et ceux qui auraient des difficult\u00e9s pour suivre\u00a0:<\/p>\n<ul>\n<li>nouveau probl\u00e8me, mais pas trop grave, mais il faut r\u00e9parer quand m\u00eame, mais on n&rsquo;a toujours pas de date\u00a0;<\/li>\n<li>le d\u00e9part de Piriapolis \u00e9tant li\u00e9 au succ\u00e8s des r\u00e9parations, sa date n&rsquo;est toujours pas connue.<\/li>\n<\/ul>\n<p>Au fait, question \u00e0 caract\u00e8re scientifique\u00a0: auriez-vous remarqu\u00e9 vous aussi une quelconque d\u00e9rive logorrh\u00e9ique impactant ce blog, potentiellement engendr\u00e9e par un \u00e9tat latent de non-navigation\u00a0?<\/p>\n<\/div>\n<\/div>\n<\/div>\n<\/div>\n<\/div>\n","protected":false},"excerpt":{"rendered":"<p>Bonjour tout le monde\u00a0! Quand nous nous sommes quitt\u00e9s Dimanche 26 Janvier (je parle pour ceux &#8211;ou celles: vous n&rsquo;allez pas recommencer!&#8211; qui suivent avec assiduit\u00e9. Les autres n&rsquo;ont qu&rsquo;\u00e0 rester devant la t\u00e9l\u00e9.), le suspens \u00e9tait \u00e0 son paroxysme, absolument insoutenable\u00a0: Kousk Eol partirait-il Mardi 28 comme pr\u00e9vu\u00a0? Eh bien nous vous proposons de &hellip; <a href=\"http:\/\/kouskeol.fr\/?p=579\" class=\"more-link\">Continuer la lecture de <span class=\"screen-reader-text\">Piriapolis, vous dites?<\/span>  <span class=\"meta-nav\">&rarr;<\/span><\/a><\/p>\n","protected":false},"author":1,"featured_media":0,"comment_status":"open","ping_status":"open","sticky":false,"template":"","format":"standard","meta":{"ngg_post_thumbnail":0,"footnotes":""},"categories":[8,15],"tags":[50],"class_list":["post-579","post","type-post","status-publish","format-standard","hentry","category-voyage","category-uruguay","tag-piriapolis"],"_links":{"self":[{"href":"http:\/\/kouskeol.fr\/index.php?rest_route=\/wp\/v2\/posts\/579","targetHints":{"allow":["GET"]}}],"collection":[{"href":"http:\/\/kouskeol.fr\/index.php?rest_route=\/wp\/v2\/posts"}],"about":[{"href":"http:\/\/kouskeol.fr\/index.php?rest_route=\/wp\/v2\/types\/post"}],"author":[{"embeddable":true,"href":"http:\/\/kouskeol.fr\/index.php?rest_route=\/wp\/v2\/users\/1"}],"replies":[{"embeddable":true,"href":"http:\/\/kouskeol.fr\/index.php?rest_route=%2Fwp%2Fv2%2Fcomments&post=579"}],"version-history":[{"count":3,"href":"http:\/\/kouskeol.fr\/index.php?rest_route=\/wp\/v2\/posts\/579\/revisions"}],"predecessor-version":[{"id":2036,"href":"http:\/\/kouskeol.fr\/index.php?rest_route=\/wp\/v2\/posts\/579\/revisions\/2036"}],"wp:attachment":[{"href":"http:\/\/kouskeol.fr\/index.php?rest_route=%2Fwp%2Fv2%2Fmedia&parent=579"}],"wp:term":[{"taxonomy":"category","embeddable":true,"href":"http:\/\/kouskeol.fr\/index.php?rest_route=%2Fwp%2Fv2%2Fcategories&post=579"},{"taxonomy":"post_tag","embeddable":true,"href":"http:\/\/kouskeol.fr\/index.php?rest_route=%2Fwp%2Fv2%2Ftags&post=579"}],"curies":[{"name":"wp","href":"https:\/\/api.w.org\/{rel}","templated":true}]}}