{"id":5895,"date":"2021-06-26T22:31:59","date_gmt":"2021-06-26T21:31:59","guid":{"rendered":"http:\/\/kouskeol.fr\/?p=5895"},"modified":"2021-06-26T22:31:59","modified_gmt":"2021-06-26T21:31:59","slug":"traversee-pointe-a-pitre-toulon-mai-juin-2021-barcelone-toulon","status":"publish","type":"post","link":"http:\/\/kouskeol.fr\/?p=5895","title":{"rendered":"Travers\u00e9e Pointe \u00e0 Pitre-Toulon Mai-Juin 2021\u00a0: Barcelone-Toulon"},"content":{"rendered":"\n<h2 class=\"wp-block-heading\"><strong>Vendredi 25<\/strong> juin 2021<\/h2>\n\n\n\n<p>\u00c7a me navre un peu qu\u2019il y ait encore des lecteurs trouvant un quelconque int\u00e9r\u00eat aux inepties accumul\u00e9es sur ce blog. Mais bon\u2026 Apr\u00e8s tout, il y a bien des t\u00e9l\u00e9spectateurs pour CNews\u2026<\/p>\n\n\n\n<p>Bref. Il est temps pour nous de repartir vers la destination finale de cette travers\u00e9e d\u00e9marr\u00e9e le 12 mai \u00e0 Pointe-\u00e0-Pitre\u2026<\/p>\n\n\n\n<p>Nous venons de passer deux jours \u00e0 Barcelone, \u00e0 la fois pour y d\u00e9poser Richard qui reprenait le train pour Grenoble, et pour nous reposer un peu.<\/p>\n\n\n\n<p>Barcelone est une ville extraordinaire sur bien des plans. C\u2019est une cit\u00e9 tr\u00e8s vivante, bien s\u00fbr avec les <em>ramblas<\/em>, mais aussi autour du quartier du port, enti\u00e8rement r\u00e9nov\u00e9. L\u2019architecture y est d\u00e9brid\u00e9e, et pas seulement \u00e0 cause de Gaudi. On ne compte pas les terrasses o\u00f9 s\u2019arr\u00eater pour une bi\u00e8re et des tapas. Bref, c\u2019est une excellente \u00e9tape.<\/p>\n\n\n\n<p>Nous en profitons quand m\u00eame pour bricoler un peu&nbsp;; un voilier qui navigue s\u2019use, et a besoin de soins r\u00e9guliers\u2026 Nous v\u00e9rifions les chariots de grand-voile&nbsp;; rien n\u2019a boug\u00e9 depuis la r\u00e9paration \u00e0 Gibraltar&nbsp;! Entre temps, le cardan de la cuisini\u00e8re a d\u00e9cid\u00e9 que lui aussi avait besoin d\u2019un peu d\u2019attention&nbsp;: un des axes avait rompu, et le deuxi\u00e8me, par pure jalousie, mena\u00e7ait de faire pareil\u2026<\/p>\n\n\n\n<p>A 7h40, nous larguons les amarres du <em>Porto Olimpic<\/em> pour Toulon. La m\u00e9t\u00e9o nous promet p\u00e9tole pour la premi\u00e8re partie du trajet, et ne se trompe pas&nbsp;: nous br\u00fblons donc un peu de nos r\u00e9serves de r\u00e9sidu organique fossile.<\/p>\n\n\n\n<figure class=\"wp-block-image size-large\"><a href=\"http:\/\/kouskeol.fr\/wp-content\/uploads\/2021\/06\/CCWG7772-scaled.jpg\"><img loading=\"lazy\" decoding=\"async\" width=\"1024\" height=\"768\" src=\"http:\/\/kouskeol.fr\/wp-content\/uploads\/2021\/06\/CCWG7772-1024x768.jpg\" alt=\"\" class=\"wp-image-5896\" srcset=\"http:\/\/kouskeol.fr\/wp-content\/uploads\/2021\/06\/CCWG7772-1024x768.jpg 1024w, http:\/\/kouskeol.fr\/wp-content\/uploads\/2021\/06\/CCWG7772-300x225.jpg 300w, http:\/\/kouskeol.fr\/wp-content\/uploads\/2021\/06\/CCWG7772-768x576.jpg 768w, http:\/\/kouskeol.fr\/wp-content\/uploads\/2021\/06\/CCWG7772-1536x1152.jpg 1536w, http:\/\/kouskeol.fr\/wp-content\/uploads\/2021\/06\/CCWG7772-2048x1536.jpg 2048w\" sizes=\"auto, (max-width: 1024px) 100vw, 1024px\" \/><\/a><figcaption>Bye bye Barcelone.<\/figcaption><\/figure>\n\n\n\n<p>Mais sur le coup des onze heures, une petite brise, en partie thermique gr\u00e2ce \u00e0 la proximit\u00e9 des c\u00f4tes et un soleil radieux, permet de d\u00e9rouler le g\u00e9nois. Et entendre l\u2019eau bruire le long de la coque de Kousk Eol, dans vingt centim\u00e8tres de vagues, \u00e0 peine g\u00eet\u00e9 et \u00e0 plus de sept n\u0153uds, est un plaisir dont on ne peut jamais se lasser\u2026<\/p>\n\n\n\n<p>La journ\u00e9e s\u2019\u00e9coule tranquillement. En d\u00e9but de soir\u00e9e, cri de Gianni et Bernard, depuis le cockpit&nbsp;: \u00ab&nbsp;Des baleines&nbsp;! Des baleines&nbsp;!&nbsp;\u00bb. En fait, un couple de globic\u00e9phales vient reprendre son souffle juste \u00e0 l\u2019arri\u00e8re de Kousk Eol&nbsp;: ce sont vraiment de tr\u00e8s gros dauphins\u2026<\/p>\n\n\n\n<h2 class=\"wp-block-heading\">Sp\u00e9cial A-S<\/h2>\n\n\n\n<p>Les d\u00e9rapages verbeux du scribouillard de service qui ne rate jamais l\u2019occasion de se la p\u00e9ter am\u00e8nent parfois des commentaires plus ou moins critiques de la part de certaines lectrices<a href=\"#sdfootnote1sym\"><sup>1<\/sup><\/a> quant \u00e0 l\u2019utilisation de vocables que l\u2019on qualifie trop rapidement de d\u00e9suets, voire p\u00e9dants.<\/p>\n\n\n\n<p>Pour ma d\u00e9fense, sans tomber dans un autocat\u00e9gor\u00e8me suspect, permettez-moi une prosopop\u00e9e pour la libert\u00e9 d\u2019expression du coryph\u00e9e du bord. Mes galimatias souvent abscons, mes lyriques hypotyposes, sont en g\u00e9n\u00e9ral jaculatoires, de pures luthomictions, \u00e9ventuellement un reflet de mon opsimathie.<\/p>\n\n\n\n<p>Je pense humblement vous avoir convaincues par cet expos\u00e9 suffisamment clair et limpide pour \u00e9viter une quelconque \u00e9panorthose. Non&nbsp;?<\/p>\n\n\n\n<h2 class=\"wp-block-heading\">Samedi 26<\/h2>\n\n\n\n<p>La nuit elle aussi est tranquille. Il faut bien faire un empannage, car le vent passe plus \u00e0 l\u2019ouest, ce qui nous ram\u00e8ne un peu mieux sur notre route. Mais bon, \u00e7a, on ma\u00eetrise.<\/p>\n\n\n\n<p>Puis le matin, le vent vient carr\u00e9ment de face, en mollissant&nbsp;: vive Volvo \u00e0 nouveau&nbsp;!<\/p>\n\n\n\n<p>Nous ne sommes pas s\u00fbrs d\u2019avoir une place \u00e0 Toulon&nbsp;: la capitainerie nous a pr\u00e9venus que le port \u00e9tait plein\u2026 On va tenter quand m\u00eame. Comme solution de secours, nous pourrons toujours aller \u00e0 Saint Mandrier, de l\u2019autre c\u00f4t\u00e9 de la rade, o\u00f9 le capitaine de port, une vieille connaissance, a promis de nous d\u00e9panner.<\/p>\n\n\n\n<p>En attendant, Bernard, toujours sur sa promesse de sushis et autres sashimis, compte les leurres aval\u00e9s et emport\u00e9s par des poissons r\u00e9calcitrants \u00e0 l\u2019id\u00e9e de finir accomod\u00e9s de wasabi\u2026<\/p>\n\n\n\n<p>Comme on ne peut compter sur lui pour se remplir la panse, il faut improviser \u00e0 la cuisine. C\u2019est une association italo-fran\u00e7aise qui s\u2019y colle&nbsp;: \u00ab&nbsp;Si on faisait un risotto&nbsp;?&nbsp;\u00bb \u00ab&nbsp;Pourquoi pas, mais avec du riz basmati import\u00e9 du Pakistan<a href=\"#sdfootnote2sym\"><sup>2<\/sup><\/a>&nbsp;? Et des courgettes&nbsp;? Et un \u0153uf mollet sur le dessus&nbsp;?&nbsp;\u00bb \u00ab&nbsp;Alors, par pur respect pour la la culture italienne, on va l\u2019appeler <em>Ersatz de<\/em> <em>Risotto \u00e0 la Kousk Eol<\/em>.&nbsp;\u00bb. Torch\u00e9e qu\u2019ils l\u2019ont, la po\u00eale, les morfales&nbsp;!<\/p>\n\n\n\n<p>Ce samedi est un des premiers week-ends de sortie pour beaucoup de bateaux&nbsp;: le canal 16 de la VHF n\u2019a pas beaucoup de repos. Et les PAN PAN<a href=\"#sdfootnote3sym\"><sup>3<\/sup><\/a> s\u2019encha\u00eenent.<\/p>\n\n\n\n<p>Puis sur le coup des 17&nbsp;heures, le GSM se r\u00e9veille \u00e0 une quinzaine de milles de la c\u00f4te, et un SMS nous apprend que finalement nous avons une place \u00e0 la Vielle Darse\u2026 All\u00e9luia<a href=\"#sdfootnote4sym\"><sup>4<\/sup><\/a>&nbsp;!<\/p>\n\n\n\n<p>Il est environ 20 heures, nous voici amarr\u00e9s \u00e0 la Vieille Darse. Bon d\u2019accord, apr\u00e8s presque 12 heures de moteur. Mais \u00e0 la fois contents d\u2019\u00eatre arriv\u00e9s et tristes que ce soit termin\u00e9.<\/p>\n\n\n\n<figure class=\"wp-block-image size-large\"><a href=\"http:\/\/kouskeol.fr\/wp-content\/uploads\/2021\/06\/CCWG7774-scaled.jpg\"><img loading=\"lazy\" decoding=\"async\" width=\"1024\" height=\"768\" src=\"http:\/\/kouskeol.fr\/wp-content\/uploads\/2021\/06\/CCWG7774-1024x768.jpg\" alt=\"\" class=\"wp-image-5897\" srcset=\"http:\/\/kouskeol.fr\/wp-content\/uploads\/2021\/06\/CCWG7774-1024x768.jpg 1024w, http:\/\/kouskeol.fr\/wp-content\/uploads\/2021\/06\/CCWG7774-300x225.jpg 300w, http:\/\/kouskeol.fr\/wp-content\/uploads\/2021\/06\/CCWG7774-768x576.jpg 768w, http:\/\/kouskeol.fr\/wp-content\/uploads\/2021\/06\/CCWG7774-1536x1152.jpg 1536w, http:\/\/kouskeol.fr\/wp-content\/uploads\/2021\/06\/CCWG7774-2048x1536.jpg 2048w\" sizes=\"auto, (max-width: 1024px) 100vw, 1024px\" \/><\/a><figcaption>La fine \u00e9quipe.<\/figcaption><\/figure>\n\n\n\n<p>_____________________________________<\/p>\n\n\n\n<p><a href=\"#sdfootnote1anc\">1<\/a> De certains lecteurs aussi, mais ayant une r\u00e9pulsion certaine pour l\u2019\u00e9criture inclusive, il me fallait faire un choix.<\/p>\n\n\n\n<p><a href=\"#sdfootnote2anc\">2<\/a> Je rappelle incidemment pour les nombreux incultur\u00e9s qui se seraient perdus devant ces inepties que le riz <em>basmati<\/em> (parfum\u00e9) vient de la r\u00e9gion du Penjab en Inde, pas du Pakistan, ex tr\u00e8s gros producteur jusqu\u2019\u00e0 une directive r\u00e9cente lui interdisant l\u2019appellation\u2026 Et que le risotto se pr\u00e9pare avec du <em>riso arborio per riosotto<\/em>, en toute simplicit\u00e9.<\/p>\n\n\n\n<p><a href=\"#sdfootnote3anc\">3<\/a> Appel au secours pour des probl\u00e8mes ne mettant pas en danger des personnes\u00a0: en g\u00e9n\u00e9ral des pannes de carburant\u2026<\/p>\n\n\n\n<p><a href=\"#sdfootnote4anc\">4<\/a> Ben alors, qu\u2019est ce qu\u2019il me prend, \u00e0 moi\u00a0?<\/p>\n","protected":false},"excerpt":{"rendered":"<p>Vendredi 25 juin 2021 \u00c7a me navre un peu qu\u2019il y ait encore des lecteurs trouvant un quelconque int\u00e9r\u00eat aux inepties accumul\u00e9es sur ce blog. Mais bon\u2026 Apr\u00e8s tout, il y a bien des t\u00e9l\u00e9spectateurs pour CNews\u2026 Bref. Il est temps pour nous de repartir vers la destination finale de cette travers\u00e9e d\u00e9marr\u00e9e le 12 &hellip; <a href=\"http:\/\/kouskeol.fr\/?p=5895\" class=\"more-link\">Continuer la lecture de <span class=\"screen-reader-text\">Travers\u00e9e Pointe \u00e0 Pitre-Toulon Mai-Juin 2021\u00a0: Barcelone-Toulon<\/span>  <span class=\"meta-nav\">&rarr;<\/span><\/a><\/p>\n","protected":false},"author":1,"featured_media":0,"comment_status":"open","ping_status":"open","sticky":false,"template":"","format":"standard","meta":{"ngg_post_thumbnail":0,"footnotes":""},"categories":[7,8,12],"tags":[],"class_list":["post-5895","post","type-post","status-publish","format-standard","hentry","category-culture-generale","category-voyage","category-mediterrannee"],"_links":{"self":[{"href":"http:\/\/kouskeol.fr\/index.php?rest_route=\/wp\/v2\/posts\/5895","targetHints":{"allow":["GET"]}}],"collection":[{"href":"http:\/\/kouskeol.fr\/index.php?rest_route=\/wp\/v2\/posts"}],"about":[{"href":"http:\/\/kouskeol.fr\/index.php?rest_route=\/wp\/v2\/types\/post"}],"author":[{"embeddable":true,"href":"http:\/\/kouskeol.fr\/index.php?rest_route=\/wp\/v2\/users\/1"}],"replies":[{"embeddable":true,"href":"http:\/\/kouskeol.fr\/index.php?rest_route=%2Fwp%2Fv2%2Fcomments&post=5895"}],"version-history":[{"count":1,"href":"http:\/\/kouskeol.fr\/index.php?rest_route=\/wp\/v2\/posts\/5895\/revisions"}],"predecessor-version":[{"id":5898,"href":"http:\/\/kouskeol.fr\/index.php?rest_route=\/wp\/v2\/posts\/5895\/revisions\/5898"}],"wp:attachment":[{"href":"http:\/\/kouskeol.fr\/index.php?rest_route=%2Fwp%2Fv2%2Fmedia&parent=5895"}],"wp:term":[{"taxonomy":"category","embeddable":true,"href":"http:\/\/kouskeol.fr\/index.php?rest_route=%2Fwp%2Fv2%2Fcategories&post=5895"},{"taxonomy":"post_tag","embeddable":true,"href":"http:\/\/kouskeol.fr\/index.php?rest_route=%2Fwp%2Fv2%2Ftags&post=5895"}],"curies":[{"name":"wp","href":"https:\/\/api.w.org\/{rel}","templated":true}]}}