{"id":593,"date":"2014-01-24T13:26:38","date_gmt":"2014-01-24T12:26:38","guid":{"rendered":"http:\/\/kouskeol.fr\/?p=593"},"modified":"2014-11-22T12:33:14","modified_gmt":"2014-11-22T11:33:14","slug":"piriapolis-derniere-longueur-avant-le-depart","status":"publish","type":"post","link":"http:\/\/kouskeol.fr\/?p=593","title":{"rendered":"Piriapolis : derni\u00e8re longueur avant le d\u00e9part ?"},"content":{"rendered":"<div class=\"ob-section ob-section-html\">\n<p>L&rsquo;arriv\u00e9e de Nico rajeunit un peu l&rsquo;\u00e9quipage et re-dynamise un peu l&rsquo;ambiance&#8230; Les liens paternel autant qu&rsquo;avunculaire (*) n&rsquo;impliquent pas de lourdeur hi\u00e9rarchique familiale et il trouve facilement sa place au milieu des vieux schnocks. Sa ma\u00eetrise de l&rsquo;Espagnol nous sera pr\u00e9cieuse pour la suite du voyage, ainsi que ses dons pour la p\u00eache et la cuisine !<\/p>\n<p style=\"padding-left: 30px;\">\u00a0<em>(*) : cherchez pas ! Un b\u00eate pari entre le DD et le Glaude de mettre le mot \u00abavunculaire\u00bb dans le blog, suite \u00e0 une d\u00e9finition subtilement capillotract\u00e9e de mots crois\u00e9s. Ne r\u00e2lez-pas : vous avez quand m\u00eame \u00e9chapp\u00e9 au \u00abAvunculaire, on triomphe sans gloire !\u00bb&#8230; Et on ne veut m\u00eame pas entendre: \u00ab\u00a0Avenculo!\u00a0\u00bb. Ah on sait, sur Kousk Eol, mettre \u00e0 profit l&rsquo;adversit\u00e9 pour parfaire notre culture, pourtant immense. Comme toujours, en toute modestie.<\/em><\/p>\n<\/div>\n<div class=\"ob-section ob-section-text\">\n<div class=\"ob-text\">\n<p><strong>21 Janvier <\/strong>: la stratification est termin\u00e9e ! Le travail semble s\u00e9rieux, et l&rsquo;\u00e9paisseur y est ! Le moral remonte&#8230; Du coup, nous nous permettons d&rsquo;aller honorer notre copine Patricia !<\/p>\n<figure id=\"attachment_594\" aria-describedby=\"caption-attachment-594\" style=\"width: 300px\" class=\"wp-caption aligncenter\"><a href=\"http:\/\/kouskeol.fr\/wp-content\/uploads\/2014\/09\/Piria-Patricia.jpg\" target=\"_blank\"><img loading=\"lazy\" decoding=\"async\" class=\"wp-image-594 size-medium\" src=\"http:\/\/kouskeol.fr\/wp-content\/uploads\/2014\/09\/Piria-Patricia-300x225.jpg\" alt=\"Piria-Patricia\" width=\"300\" height=\"225\" srcset=\"http:\/\/kouskeol.fr\/wp-content\/uploads\/2014\/09\/Piria-Patricia-300x225.jpg 300w, http:\/\/kouskeol.fr\/wp-content\/uploads\/2014\/09\/Piria-Patricia-600x450.jpg 600w, http:\/\/kouskeol.fr\/wp-content\/uploads\/2014\/09\/Piria-Patricia.jpg 1024w\" sizes=\"auto, (max-width: 300px) 100vw, 300px\" \/><\/a><figcaption id=\"caption-attachment-594\" class=\"wp-caption-text\">Patricia! Te quiero mucho! (Coucou Pat!)<\/figcaption><\/figure>\n<div class=\"ob-section ob-section-html\">\n<p><strong>22 Janvier <\/strong>: journ\u00e9e \u00ab repos \u00bb. Encore une petite couche de finition de gel coat sur les fonds pour faire beau. Derni\u00e8re \u00e9tape avant la remise \u00e0 l&rsquo;eau : soulever le bateau avec le travel-lift pour ins\u00e9rer du joint entre la quille et la coque, puis reposer la coque sur la quille et boulonner le tout. C&rsquo;est pr\u00e9vu pour demain !<\/p>\n<p><strong>23 Janvier <\/strong>: nous sommes \u00e0 8h au port. Un <em>pampero<\/em> est annonc\u00e9e : les gribs ne sont pas optimistes&#8230; Le plus fort semble \u00eatre pour vendredi 24. Mini-r\u00e9union de crise avec le chantier et le conducteur du travel-lift : trop risqu\u00e9. On reporte, et le moral redescend, sans doute par solidarit\u00e9 avec la pression atmosph\u00e9rique. A peine la d\u00e9cision prise, le <em>pampero<\/em> avec un putain de grain nous tombe dessus: c&rsquo;\u00e9tait effectivement la bonne d\u00e9cision !<\/p>\n<p>Pour ceux dont les notion de m\u00e9t\u00e9o seraient rudimentaires, voire nulles au point que m\u00eame z\u00e9ro ne pourrait en donner qu&rsquo;une lointaine mesure, un putain de grain se situe exactement entre un grain d&rsquo;enfer et un grain de fin du monde. C&rsquo;est dire&#8230;<\/p>\n<p><a href=\"http:\/\/kouskeol.fr\/wp-content\/uploads\/2014\/09\/Piria-Grain1.jpg\" target=\"_blank\"><img loading=\"lazy\" decoding=\"async\" class=\"alignnone wp-image-599 size-thumbnail\" src=\"http:\/\/kouskeol.fr\/wp-content\/uploads\/2014\/09\/Piria-Grain1-150x150.jpg\" alt=\"Piria-Grain1\" width=\"150\" height=\"150\" \/><\/a><a href=\"http:\/\/kouskeol.fr\/wp-content\/uploads\/2014\/09\/Piria-Grain3.jpg\" target=\"_blank\"><img loading=\"lazy\" decoding=\"async\" class=\"alignnone wp-image-598 size-thumbnail\" src=\"http:\/\/kouskeol.fr\/wp-content\/uploads\/2014\/09\/Piria-Grain3-150x150.jpg\" alt=\"Piria-Grain3\" width=\"150\" height=\"150\" \/><\/a><a href=\"http:\/\/kouskeol.fr\/wp-content\/uploads\/2014\/09\/Piria-Grain2.jpg\" target=\"_blank\"><img loading=\"lazy\" decoding=\"async\" class=\"alignnone wp-image-595 size-thumbnail\" src=\"http:\/\/kouskeol.fr\/wp-content\/uploads\/2014\/09\/Piria-Grain2-150x150.jpg\" alt=\"Piria-Grain2\" width=\"150\" height=\"150\" \/><\/a><\/p>\n<div class=\"ob-section ob-section-images ob-layout3-3\">\n<p class=\"ob-desc\"><em>Y a pas \u00e0 dire: les grains dans le Rio de la Plata ont de la gueule!<\/em><\/p>\n<\/div>\n<div class=\"ob-section ob-section-text\">\n<div class=\"ob-text\">\n<p>Un v\u00e9ritable coin d&rsquo;air froid, humide et noir nous fonce dessus. Le vent passe brutalement du Nord au Sud avec de belles rafales et la temp\u00e9rature chute: un magnifique <em>pampero<\/em>&#8230; Puis tout d&rsquo;un coup, les seaux d&rsquo;eau qui vont avec tout grain qui se respecte&#8230;<\/p>\n<figure id=\"attachment_596\" aria-describedby=\"caption-attachment-596\" style=\"width: 300px\" class=\"wp-caption aligncenter\"><a href=\"http:\/\/kouskeol.fr\/wp-content\/uploads\/2014\/09\/Piria-ConsoBer.jpg\" target=\"_blank\"><img loading=\"lazy\" decoding=\"async\" class=\"wp-image-596 size-medium\" src=\"http:\/\/kouskeol.fr\/wp-content\/uploads\/2014\/09\/Piria-ConsoBer-300x225.jpg\" alt=\"Piria-ConsoBer\" width=\"300\" height=\"225\" srcset=\"http:\/\/kouskeol.fr\/wp-content\/uploads\/2014\/09\/Piria-ConsoBer-300x225.jpg 300w, http:\/\/kouskeol.fr\/wp-content\/uploads\/2014\/09\/Piria-ConsoBer-600x450.jpg 600w, http:\/\/kouskeol.fr\/wp-content\/uploads\/2014\/09\/Piria-ConsoBer.jpg 1024w\" sizes=\"auto, (max-width: 300px) 100vw, 300px\" \/><\/a><figcaption id=\"caption-attachment-596\" class=\"wp-caption-text\">Le chantier d\u00e9cide de consolider les madriers qui soutiennent Kousk Eol.<\/figcaption><\/figure>\n<div class=\"ob-section ob-section-html\">\n<p><strong>24 Janvier<\/strong>: il a plut toute la nuit, avec de belles rafales. Et \u00e7a continue: les gribs ne sont toujours pas tr\u00e8s optimistes pour le reste de la journ\u00e9e. C&rsquo;est s\u00fbr maintenant: pas de travaux sur la quille avant Lundi. Un autre week-end de folie se profile pour nous \u00e0 Piriapolis&#8230;<\/p>\n<p id=\"yui_3_5_0_1_1390657807692_15255\">Mais nous sommes bien d&rsquo;accord: nous n&rsquo;avons jamais \u00e9t\u00e9 aussi pr\u00e8s du re-d\u00e9part!<\/p>\n<\/div>\n<\/div>\n<\/div>\n<\/div>\n<\/div>\n<\/div>\n","protected":false},"excerpt":{"rendered":"<p>L&rsquo;arriv\u00e9e de Nico rajeunit un peu l&rsquo;\u00e9quipage et re-dynamise un peu l&rsquo;ambiance&#8230; Les liens paternel autant qu&rsquo;avunculaire (*) n&rsquo;impliquent pas de lourdeur hi\u00e9rarchique familiale et il trouve facilement sa place au milieu des vieux schnocks. Sa ma\u00eetrise de l&rsquo;Espagnol nous sera pr\u00e9cieuse pour la suite du voyage, ainsi que ses dons pour la p\u00eache et &hellip; <a href=\"http:\/\/kouskeol.fr\/?p=593\" class=\"more-link\">Continuer la lecture de <span class=\"screen-reader-text\">Piriapolis : derni\u00e8re longueur avant le d\u00e9part ?<\/span>  <span class=\"meta-nav\">&rarr;<\/span><\/a><\/p>\n","protected":false},"author":1,"featured_media":0,"comment_status":"open","ping_status":"open","sticky":false,"template":"","format":"standard","meta":{"ngg_post_thumbnail":0,"footnotes":""},"categories":[8,15],"tags":[51,50],"class_list":["post-593","post","type-post","status-publish","format-standard","hentry","category-voyage","category-uruguay","tag-pampero","tag-piriapolis"],"_links":{"self":[{"href":"http:\/\/kouskeol.fr\/index.php?rest_route=\/wp\/v2\/posts\/593","targetHints":{"allow":["GET"]}}],"collection":[{"href":"http:\/\/kouskeol.fr\/index.php?rest_route=\/wp\/v2\/posts"}],"about":[{"href":"http:\/\/kouskeol.fr\/index.php?rest_route=\/wp\/v2\/types\/post"}],"author":[{"embeddable":true,"href":"http:\/\/kouskeol.fr\/index.php?rest_route=\/wp\/v2\/users\/1"}],"replies":[{"embeddable":true,"href":"http:\/\/kouskeol.fr\/index.php?rest_route=%2Fwp%2Fv2%2Fcomments&post=593"}],"version-history":[{"count":3,"href":"http:\/\/kouskeol.fr\/index.php?rest_route=\/wp\/v2\/posts\/593\/revisions"}],"predecessor-version":[{"id":1965,"href":"http:\/\/kouskeol.fr\/index.php?rest_route=\/wp\/v2\/posts\/593\/revisions\/1965"}],"wp:attachment":[{"href":"http:\/\/kouskeol.fr\/index.php?rest_route=%2Fwp%2Fv2%2Fmedia&parent=593"}],"wp:term":[{"taxonomy":"category","embeddable":true,"href":"http:\/\/kouskeol.fr\/index.php?rest_route=%2Fwp%2Fv2%2Fcategories&post=593"},{"taxonomy":"post_tag","embeddable":true,"href":"http:\/\/kouskeol.fr\/index.php?rest_route=%2Fwp%2Fv2%2Ftags&post=593"}],"curies":[{"name":"wp","href":"https:\/\/api.w.org\/{rel}","templated":true}]}}