{"id":5935,"date":"2022-11-14T21:36:18","date_gmt":"2022-11-14T20:36:18","guid":{"rendered":"http:\/\/kouskeol.fr\/?p=5935"},"modified":"2022-11-15T16:54:24","modified_gmt":"2022-11-15T15:54:24","slug":"et-hop-on-y-retourne","status":"publish","type":"post","link":"http:\/\/kouskeol.fr\/?p=5935","title":{"rendered":"Et hop! on y retourne&#8230;"},"content":{"rendered":"\n<p>\u00c7a faisait bien trop longtemps que Kousk Eol se morfondait autour de Toulon. La derni\u00e8re travers\u00e9e remonte \u00e0 mai-juin 2021 tout de m\u00eame, pour rentrer de Guadeloupe.<\/p>\n\n\n\n<p>Le projet de retraverser prend corps petit \u00e0 petit&nbsp;: il faut dire que cette derni\u00e8re tentative de navigation aux Antilles s\u2019\u00e9tait collet\u00e9e avec la covid 19. Et avait \u00e9videmment perdu&nbsp;: gendarmes au bout du quai pour emp\u00eacher toute vell\u00e9it\u00e9 de vadrouille\u2026 D\u2019o\u00f9 frustration profonde, m\u00eame si le blocage \u00e9tait \u00e9videmment pour la bonne cause. Et \u00e0 l\u2019\u00e9t\u00e9 2022, une date provisoire est arr\u00eat\u00e9e pour une nouvelle tentative, un \u00e9quipage form\u00e9, et une date de d\u00e9part fix\u00e9e&nbsp;: ce sera le 8 novembre.<\/p>\n\n\n\n<h1 class=\"wp-block-heading\">8 novembre 2022<\/h1>\n\n\n\n<p>Les jours pr\u00e9c\u00e9dents ont \u00e9t\u00e9 consacr\u00e9s au toilettage et au rangement de Kousk Eol (Merci Cathy&nbsp;!), \u00e0 quelques r\u00e9parations (coutures de la capote, pompe de cale, pompe de refroidissement du moteur, changement de la ligne de vie, etc.) et bien s\u00fbr \u00e0 l\u2019avitaillement.<\/p>\n\n\n\n<p>Le 8 au matin, le dernier caf\u00e9-croissants aval\u00e9 avec les proches, et les derni\u00e8res courses de frais faites, les amarres sont largu\u00e9es \u00e0 11 heures 20 pr\u00e9cis\u00e9ment. Le vent de sud-est nous pousse au largue, \u00e0 plus de 8 n\u0153uds, vers les Bal\u00e9ares \u00e0 un peu plus de 200 milles.<\/p>\n\n\n\n<p>Nous&nbsp;? Mais d\u2019abord, c\u2019est qui, nous&nbsp;?<\/p>\n\n\n\n<p>Ben il y a tout d\u2019abord Anne-Sophie, notre copine de Tr\u00e9gastel que Cathy a embringu\u00e9 dans cette aventure. Ce sera sa premi\u00e8re travers\u00e9e oc\u00e9anique.<\/p>\n\n\n\n<p>Puis Eric, vieux copain des bancs de pr\u00e9pa \u00e0 Nice, grand voileux devant l\u2019\u00e9ternel&nbsp;: Fastnet, Tour de France \u00e0 la voile (1<sup>er<\/sup>), et 5 transatlantiques \u00e0 son actif.<\/p>\n\n\n\n<p>Le grand absent sera Aur\u00e9lien, jeune impertinent depuis plus de douze ans, bloqu\u00e9 au dernier moment par des imp\u00e9ratifs professionnels (c\u2019est le seul non-retrait\u00e9 de la bande).<\/p>\n\n\n\n<p>Pour compl\u00e9ter l\u2019\u00e9quipage, \u00ab&nbsp;ils&nbsp;\u00bb ont donc d\u00e9gott\u00e9 un troisi\u00e8me, Claude, toujours pr\u00e9sent pour les mauvais coups, surtout \u00e0 bord de Kousk Eol.<\/p>\n\n\n\n<figure class=\"wp-block-image size-large\"><a href=\"http:\/\/kouskeol.fr\/wp-content\/uploads\/2022\/11\/IMG20221108102647-scaled.jpg\"><img loading=\"lazy\" decoding=\"async\" width=\"1024\" height=\"768\" src=\"http:\/\/kouskeol.fr\/wp-content\/uploads\/2022\/11\/IMG20221108102647-1024x768.jpg\" alt=\"\" class=\"wp-image-5936\" srcset=\"http:\/\/kouskeol.fr\/wp-content\/uploads\/2022\/11\/IMG20221108102647-1024x768.jpg 1024w, http:\/\/kouskeol.fr\/wp-content\/uploads\/2022\/11\/IMG20221108102647-300x225.jpg 300w, http:\/\/kouskeol.fr\/wp-content\/uploads\/2022\/11\/IMG20221108102647-768x576.jpg 768w, http:\/\/kouskeol.fr\/wp-content\/uploads\/2022\/11\/IMG20221108102647-1536x1152.jpg 1536w, http:\/\/kouskeol.fr\/wp-content\/uploads\/2022\/11\/IMG20221108102647-2048x1536.jpg 2048w\" sizes=\"auto, (max-width: 1024px) 100vw, 1024px\" \/><\/a><\/figure>\n\n\n\n<p>Je disais que le vent nous poussait au largue&nbsp;: c\u2019\u00e9tait trop beau pour durer. Le bougre refuse, nous obligeant \u00e0 faire du pr\u00e8s. Et en plus il est froid et humide&nbsp;: la premi\u00e8re nuit sera un vrai amarizutage<a href=\"#sdfootnote1sym\" id=\"sdfootnote1anc\"><sup>1<\/sup><\/a>. La m\u00e9t\u00e9o nous laisse esp\u00e9rer un vent de nord un peu plus fort en fin de journ\u00e9e. Journ\u00e9e que se d\u00e9roule plut\u00f4t tranquillement, Eric et Claude cassant les oreilles d\u2019Anne-Sophie avec leurs souvenirs d\u2019anciens combattants. Les surnoms sont d\u2019ailleurs vite trouv\u00e9s&nbsp;: le petit oiseau du bord (qui mange ses graines) et les tontons g\u00e2teux et radoteurs\u2026<\/p>\n\n\n\n<figure class=\"wp-block-image size-large\"><a href=\"http:\/\/kouskeol.fr\/wp-content\/uploads\/2022\/11\/IMG20221108115346-scaled.jpg\"><img loading=\"lazy\" decoding=\"async\" width=\"1024\" height=\"768\" src=\"http:\/\/kouskeol.fr\/wp-content\/uploads\/2022\/11\/IMG20221108115346-1024x768.jpg\" alt=\"\" class=\"wp-image-5937\" srcset=\"http:\/\/kouskeol.fr\/wp-content\/uploads\/2022\/11\/IMG20221108115346-1024x768.jpg 1024w, http:\/\/kouskeol.fr\/wp-content\/uploads\/2022\/11\/IMG20221108115346-300x225.jpg 300w, http:\/\/kouskeol.fr\/wp-content\/uploads\/2022\/11\/IMG20221108115346-768x576.jpg 768w, http:\/\/kouskeol.fr\/wp-content\/uploads\/2022\/11\/IMG20221108115346-1536x1152.jpg 1536w, http:\/\/kouskeol.fr\/wp-content\/uploads\/2022\/11\/IMG20221108115346-2048x1536.jpg 2048w\" sizes=\"auto, (max-width: 1024px) 100vw, 1024px\" \/><\/a><\/figure>\n\n\n\n<p>La deuxi\u00e8me nuit tombe sans que le vent ne se soit lev\u00e9, et c\u2019est au moteur que se fera le premier quart. Vers 23 heures, appel d\u2019Anne-Sophie&nbsp;: \u00ab&nbsp;Claude, tu devrais venir, je crois que le vent se l\u00e8ve&nbsp;!&nbsp;\u00bb. Effectivement, avec un peu de retard, un z\u00e9phyr un peu costaud commence \u00e0 souffler de l\u2019arri\u00e8re. Et pas qu\u2019un peu\u2026 Il monte progressivement jusqu\u2019\u00e0 quarante n\u0153uds, un peu au-dessus de ce qu\u2019avait pr\u00e9vu la m\u00e9t\u00e9o, et sous trois ris avec un tiers de g\u00e9nois, Kousk Eol d\u00e9passera r\u00e9guli\u00e8rement les onze n\u0153uds en mode casserole avec essoreuse dans une mer devenant dure et humide. Les vagues ne se privent pas de se m\u00ealer vicieusement \u00e0 la pluie, en passant sur les c\u00f4t\u00e9s de la capote, arrosant copieusement l\u2019\u00e9quipier de quart. Qui \u00e9videmment, tr\u00e8s pr\u00e9venant, n\u2019avait pas mis son pantalon de cir\u00e9\u2026 Bref, une nuit dantesque<a href=\"#sdfootnote2sym\" id=\"sdfootnote2anc\"><sup>2<\/sup><\/a>.<\/p>\n\n\n\n<figure class=\"wp-block-image size-large\"><a href=\"http:\/\/kouskeol.fr\/wp-content\/uploads\/2022\/11\/IMG20221109071530-scaled.jpg\"><img loading=\"lazy\" decoding=\"async\" width=\"1024\" height=\"768\" src=\"http:\/\/kouskeol.fr\/wp-content\/uploads\/2022\/11\/IMG20221109071530-1024x768.jpg\" alt=\"\" class=\"wp-image-5938\" srcset=\"http:\/\/kouskeol.fr\/wp-content\/uploads\/2022\/11\/IMG20221109071530-1024x768.jpg 1024w, http:\/\/kouskeol.fr\/wp-content\/uploads\/2022\/11\/IMG20221109071530-300x225.jpg 300w, http:\/\/kouskeol.fr\/wp-content\/uploads\/2022\/11\/IMG20221109071530-768x576.jpg 768w, http:\/\/kouskeol.fr\/wp-content\/uploads\/2022\/11\/IMG20221109071530-1536x1152.jpg 1536w, http:\/\/kouskeol.fr\/wp-content\/uploads\/2022\/11\/IMG20221109071530-2048x1536.jpg 2048w\" sizes=\"auto, (max-width: 1024px) 100vw, 1024px\" \/><\/a><\/figure>\n\n\n\n<p>Mais le moral est bon, et ce n\u2019est pas cette nouvelle journ\u00e9e grise qui va l\u2019entamer.<\/p>\n\n\n\n<ol class=\"wp-block-list\"><li>Amarizutage&nbsp;: n\u00e9ologisme typiquement kousk\u00e9olien, combinaison d\u2019amarinage et de bizutage. Il faut bien que l\u2019exp\u00e9rience entre.<\/li><\/ol>\n\n\n\n<p><a id=\"sdfootnote2sym\" href=\"#sdfootnote2anc\">2<\/a>. On attribue nombre de situations scabreuses au sieur Dante, pauvre homme. Mais avait-il au moins d\u00e9j\u00e0 fait de la voile&nbsp;? Je pose la question.<\/p>\n\n\n\n<h1 class=\"wp-block-heading\">Jeudi 10 novembre<\/h1>\n\n\n\n<p>La journ\u00e9e sera beaucoup plus tranquille. L\u2019objectif est de se poser \u00e0 Carthag\u00e8ne demain soir, histoire de faire une pose r\u00e9paratrice, avant Gibraltar.<\/p>\n\n\n\n<p>Le vent passant plein nord, les voiles sont mises en ciseau et Kousk Eol avance bon train entre les Bal\u00e9ares et la c\u00f4te espagnole. En d\u00e9but d\u2019apr\u00e8s-midi, le vent forcit, sous un ciel couvert&nbsp;: deux ris dans la grand-voile et un demi g\u00e9nois nous poussent vers le Cabo San Martin, \u00e0 l\u2019ouest d\u2019Ibiza.<\/p>\n\n\n\n<figure class=\"wp-block-image size-large\"><a href=\"http:\/\/kouskeol.fr\/wp-content\/uploads\/2022\/11\/IMG20221110105553-scaled.jpg\"><img loading=\"lazy\" decoding=\"async\" width=\"1024\" height=\"768\" src=\"http:\/\/kouskeol.fr\/wp-content\/uploads\/2022\/11\/IMG20221110105553-1024x768.jpg\" alt=\"\" class=\"wp-image-5939\" srcset=\"http:\/\/kouskeol.fr\/wp-content\/uploads\/2022\/11\/IMG20221110105553-1024x768.jpg 1024w, http:\/\/kouskeol.fr\/wp-content\/uploads\/2022\/11\/IMG20221110105553-300x225.jpg 300w, http:\/\/kouskeol.fr\/wp-content\/uploads\/2022\/11\/IMG20221110105553-768x576.jpg 768w, http:\/\/kouskeol.fr\/wp-content\/uploads\/2022\/11\/IMG20221110105553-1536x1152.jpg 1536w, http:\/\/kouskeol.fr\/wp-content\/uploads\/2022\/11\/IMG20221110105553-2048x1536.jpg 2048w\" sizes=\"auto, (max-width: 1024px) 100vw, 1024px\" \/><\/a><\/figure>\n\n\n\n<p>Dans la nuit, le moteur est mis vers 2&nbsp;heures le vendredi, \u00e0 la fois par manque de vent, et parce que les panneaux solaires n\u2019ont pas pu faire leur boulot, les rayons du soleil ayant eu du mal \u00e0 se frayer un passage \u00e0 travers les nuages. Et sans batteries, plus de pilote automatique\u2026<\/p>\n\n\n\n<p>Vers 5 heures, un bruit de moteurs puissants se fait entendre&nbsp;: un bateau tr\u00e8s rapide, \u00e0 coque sombre et sans lumi\u00e8re double Kousk Eol \u00e0 une cinquantaine de m\u00e8tres, dans la nuit noire\u2026 Curieux\u2026<\/p>\n\n\n\n<p>Puis le vent revient vers 9&nbsp;heures. Et avec lui de gros nuages gris fonc\u00e9, sous lesquels d\u2019impressionnants \u00e9clairs jouent \u00e0 nous faire peur. La d\u00e9cision est prise de passer la nuit \u00e0 Alicante, \u00e0 environ 45 milles, plut\u00f4t qu\u2019\u00e0 Carthag\u00e8ne comme pr\u00e9vu, o\u00f9 nous ne pourrions pas arriver avant le coucher su soleil. Un \u00e9norme nuage noir barre l\u2019horizon vers la c\u00f4te&nbsp;: il va falloir le traverser. Le vent devient tr\u00e8s erratique, avec des pointes \u00e0 plus de 35 n\u0153uds, et nous jonglons entre les voiles et le moteur, sous la pluie. Si forte qu\u2019un petit oiseau vient m\u00eame se mettre \u00e0 l\u2019abri. Avec toujours de beaux \u00e9clairs devant nous.<\/p>\n\n\n\n<figure class=\"wp-block-image size-large\"><a href=\"http:\/\/kouskeol.fr\/wp-content\/uploads\/2022\/11\/IMG20221111092121-scaled.jpg\"><img loading=\"lazy\" decoding=\"async\" width=\"1024\" height=\"768\" src=\"http:\/\/kouskeol.fr\/wp-content\/uploads\/2022\/11\/IMG20221111092121-1024x768.jpg\" alt=\"\" class=\"wp-image-5941\" srcset=\"http:\/\/kouskeol.fr\/wp-content\/uploads\/2022\/11\/IMG20221111092121-1024x768.jpg 1024w, http:\/\/kouskeol.fr\/wp-content\/uploads\/2022\/11\/IMG20221111092121-300x225.jpg 300w, http:\/\/kouskeol.fr\/wp-content\/uploads\/2022\/11\/IMG20221111092121-768x576.jpg 768w, http:\/\/kouskeol.fr\/wp-content\/uploads\/2022\/11\/IMG20221111092121-1536x1152.jpg 1536w, http:\/\/kouskeol.fr\/wp-content\/uploads\/2022\/11\/IMG20221111092121-2048x1536.jpg 2048w\" sizes=\"auto, (max-width: 1024px) 100vw, 1024px\" \/><\/a><\/figure>\n\n\n\n<p>Apr\u00e8s avoir aval\u00e9 quelques morceaux de saucisson et d\u2019un excellent fromage de ch\u00e8vre (celui de Nicole et Baptiste&nbsp;: ils se reconna\u00eetront&nbsp;!), avant l\u2019arriv\u00e9e, c\u2019est de la gr\u00eale qui nous tombe dessus. Mais comme on n\u2019a pas le droit de boire \u00e0 bord (d\u00e9cision prise en haut lieu et non discutable<a href=\"#sdfootnote1sym\" id=\"sdfootnote1anc\"><sup>1<\/sup><\/a>), les gla\u00e7ons seront perdus pour l\u2019ap\u00e9ro\u2026<\/p>\n\n\n\n<figure class=\"wp-block-image size-large\"><a href=\"http:\/\/kouskeol.fr\/wp-content\/uploads\/2022\/11\/IMG20221111132853-scaled.jpg\"><img loading=\"lazy\" decoding=\"async\" width=\"1024\" height=\"768\" src=\"http:\/\/kouskeol.fr\/wp-content\/uploads\/2022\/11\/IMG20221111132853-1024x768.jpg\" alt=\"\" class=\"wp-image-5949\" srcset=\"http:\/\/kouskeol.fr\/wp-content\/uploads\/2022\/11\/IMG20221111132853-1024x768.jpg 1024w, http:\/\/kouskeol.fr\/wp-content\/uploads\/2022\/11\/IMG20221111132853-300x225.jpg 300w, http:\/\/kouskeol.fr\/wp-content\/uploads\/2022\/11\/IMG20221111132853-768x576.jpg 768w, http:\/\/kouskeol.fr\/wp-content\/uploads\/2022\/11\/IMG20221111132853-1536x1152.jpg 1536w, http:\/\/kouskeol.fr\/wp-content\/uploads\/2022\/11\/IMG20221111132853-2048x1536.jpg 2048w\" sizes=\"auto, (max-width: 1024px) 100vw, 1024px\" \/><\/a><\/figure>\n\n\n\n<p>Appel \u00e0 la marina d\u2019Alicante&nbsp;: \u00ab&nbsp;Ah ben non, monsieur, on n\u2019a pas de place pour vous ce soir. Allez voir dans une autre marina\u2026&nbsp;\u00bb. Eric a la bonne id\u00e9e d\u2019appeler le club royal de r\u00e9gates d\u2019Alicante (carr\u00e9ment), juste \u00e0 c\u00f4t\u00e9 de la marina&nbsp;: \u00f4 surprise, eux ont une place pour nous\u2026 Nous nous amarrons au ponton, dans le club. \u00c7a fait toujours dr\u00f4le de mettre pied \u00e0 terre apr\u00e8s quelques jours \u00e0 se faire secouer&nbsp;: m\u00eame le sol semble bouger&nbsp;! Petite douche avant l\u2019ap\u00e9ro dans le club royal (il faut ce qu\u2019il faut). Puis resto en ville.<\/p>\n\n\n\n<p>Mais ceci est une autre histoire. On vous la racontera peut-\u00eatre. Un jour\u2026<\/p>\n\n\n\n<ol class=\"wp-block-list\"><li>Bon d\u2019accord, il y a quelques d\u00e9rogations possibles. Mais sous contr\u00f4le&nbsp;!<\/li><\/ol>\n","protected":false},"excerpt":{"rendered":"<p>\u00c7a faisait bien trop longtemps que Kousk Eol se morfondait autour de Toulon. La derni\u00e8re travers\u00e9e remonte \u00e0 mai-juin 2021 tout de m\u00eame, pour rentrer de Guadeloupe. Le projet de retraverser prend corps petit \u00e0 petit&nbsp;: il faut dire que cette derni\u00e8re tentative de navigation aux Antilles s\u2019\u00e9tait collet\u00e9e avec la covid 19. Et avait &hellip; <a href=\"http:\/\/kouskeol.fr\/?p=5935\" class=\"more-link\">Continuer la lecture de <span class=\"screen-reader-text\">Et hop! on y retourne&#8230;<\/span>  <span class=\"meta-nav\">&rarr;<\/span><\/a><\/p>\n","protected":false},"author":1,"featured_media":0,"comment_status":"open","ping_status":"open","sticky":false,"template":"","format":"standard","meta":{"ngg_post_thumbnail":0,"footnotes":""},"categories":[12],"tags":[],"class_list":["post-5935","post","type-post","status-publish","format-standard","hentry","category-mediterrannee"],"_links":{"self":[{"href":"http:\/\/kouskeol.fr\/index.php?rest_route=\/wp\/v2\/posts\/5935","targetHints":{"allow":["GET"]}}],"collection":[{"href":"http:\/\/kouskeol.fr\/index.php?rest_route=\/wp\/v2\/posts"}],"about":[{"href":"http:\/\/kouskeol.fr\/index.php?rest_route=\/wp\/v2\/types\/post"}],"author":[{"embeddable":true,"href":"http:\/\/kouskeol.fr\/index.php?rest_route=\/wp\/v2\/users\/1"}],"replies":[{"embeddable":true,"href":"http:\/\/kouskeol.fr\/index.php?rest_route=%2Fwp%2Fv2%2Fcomments&post=5935"}],"version-history":[{"count":2,"href":"http:\/\/kouskeol.fr\/index.php?rest_route=\/wp\/v2\/posts\/5935\/revisions"}],"predecessor-version":[{"id":5950,"href":"http:\/\/kouskeol.fr\/index.php?rest_route=\/wp\/v2\/posts\/5935\/revisions\/5950"}],"wp:attachment":[{"href":"http:\/\/kouskeol.fr\/index.php?rest_route=%2Fwp%2Fv2%2Fmedia&parent=5935"}],"wp:term":[{"taxonomy":"category","embeddable":true,"href":"http:\/\/kouskeol.fr\/index.php?rest_route=%2Fwp%2Fv2%2Fcategories&post=5935"},{"taxonomy":"post_tag","embeddable":true,"href":"http:\/\/kouskeol.fr\/index.php?rest_route=%2Fwp%2Fv2%2Ftags&post=5935"}],"curies":[{"name":"wp","href":"https:\/\/api.w.org\/{rel}","templated":true}]}}