{"id":610,"date":"2014-01-17T14:17:58","date_gmt":"2014-01-17T13:17:58","guid":{"rendered":"http:\/\/kouskeol.fr\/?p=610"},"modified":"2014-11-22T12:34:08","modified_gmt":"2014-11-22T11:34:08","slug":"piriapolis-saison-2","status":"publish","type":"post","link":"http:\/\/kouskeol.fr\/?p=610","title":{"rendered":"Piriapolis &#8211; Saison 2"},"content":{"rendered":"<div class=\"ob-section ob-section-text\">\n<div class=\"ob-text\">\n<p>Bient\u00f4t deux semaines que nous sommes coinc\u00e9s \u00e0 Piriapolis&#8230; Les travaux ont enfin d\u00e9marr\u00e9 et confirment le travail mal fait \u00e0 Salvador. La premi\u00e8re \u00e9tape est le pon\u00e7age des fonds: boulot ingrat mais essentiel. La poussi\u00e8re tr\u00e8s fine s&rsquo;immisce partout o\u00f9 elle peut: nous verrons si le travail de pr\u00e9paration et la pose de ruban adh\u00e9sif sur tous les interstices aura \u00e9t\u00e9 efficace!<\/p>\n<p>En principe, on en a encore pour une bonne semaine&#8230;<\/p>\n<p><a href=\"http:\/\/kouskeol.fr\/wp-content\/uploads\/2014\/09\/Piria-JointQuille.jpg\" target=\"_blank\"><img loading=\"lazy\" decoding=\"async\" class=\"alignnone wp-image-611 size-thumbnail\" src=\"http:\/\/kouskeol.fr\/wp-content\/uploads\/2014\/09\/Piria-JointQuille-150x150.jpg\" alt=\"Piria-JointQuille\" width=\"150\" height=\"150\" \/><\/a> <a href=\"http:\/\/kouskeol.fr\/wp-content\/uploads\/2014\/09\/Piria-Preparation2.jpg\" target=\"_blank\"><img loading=\"lazy\" decoding=\"async\" class=\"alignnone wp-image-613 size-thumbnail\" src=\"http:\/\/kouskeol.fr\/wp-content\/uploads\/2014\/09\/Piria-Preparation2-150x150.jpg\" alt=\"Piria-Preparation2\" width=\"150\" height=\"150\" \/><\/a><a href=\"http:\/\/kouskeol.fr\/wp-content\/uploads\/2014\/01\/Piria-Preparation1.jpg\" target=\"_blank\"><img loading=\"lazy\" decoding=\"async\" class=\"alignnone wp-image-616 size-thumbnail\" src=\"http:\/\/kouskeol.fr\/wp-content\/uploads\/2014\/01\/Piria-Preparation1-150x150.jpg\" alt=\"Piria-Preparation1\" width=\"150\" height=\"150\" \/><\/a> <a href=\"http:\/\/kouskeol.fr\/wp-content\/uploads\/2014\/09\/Piria-Poncage1.jpg\" target=\"_blank\"><img loading=\"lazy\" decoding=\"async\" class=\"alignnone wp-image-612 size-thumbnail\" src=\"http:\/\/kouskeol.fr\/wp-content\/uploads\/2014\/09\/Piria-Poncage1-150x150.jpg\" alt=\"Piria-Poncage1\" width=\"150\" height=\"150\" \/><\/a><\/p>\n<div class=\"ob-section ob-section-images ob-layout4-3\">\n<p class=\"ob-desc\"><em>Le joint de quille, la pr\u00e9paration et le d\u00e9but du pon\u00e7age&#8230;<\/em><\/p>\n<\/div>\n<div class=\"ob-section ob-section-text\">\n<div class=\"ob-text\">\n<p>Comme il faut bien passer le temps, nous d\u00e9cidons de tester les pistes de ski bien connues de Piriapolis. Peu de poudreuse malheureusement en cette saison: tout ne s&rsquo;inverse pas syst\u00e9matiquement quand on passe dans l&rsquo;h\u00e9misph\u00e8re Sud, et 35\u00b0 restent largement au-dessus du point de fusion de la glace&#8230;<\/p>\n<p>Mais un magnifique point de vue sur la station baln\u00e9aire et la marina nous attend en haut de ce t\u00e9l\u00e9si\u00e8ge antique.<\/p>\n<figure id=\"attachment_617\" aria-describedby=\"caption-attachment-617\" style=\"width: 300px\" class=\"wp-caption aligncenter\"><a href=\"http:\/\/kouskeol.fr\/wp-content\/uploads\/2014\/01\/Piria-Skieurs1.jpg\" target=\"_blank\"><img loading=\"lazy\" decoding=\"async\" class=\"wp-image-617 size-medium\" src=\"http:\/\/kouskeol.fr\/wp-content\/uploads\/2014\/01\/Piria-Skieurs1-300x225.jpg\" alt=\"Piria-Skieurs1\" width=\"300\" height=\"225\" srcset=\"http:\/\/kouskeol.fr\/wp-content\/uploads\/2014\/01\/Piria-Skieurs1-300x225.jpg 300w, http:\/\/kouskeol.fr\/wp-content\/uploads\/2014\/01\/Piria-Skieurs1-600x450.jpg 600w, http:\/\/kouskeol.fr\/wp-content\/uploads\/2014\/01\/Piria-Skieurs1.jpg 1024w\" sizes=\"auto, (max-width: 300px) 100vw, 300px\" \/><\/a><figcaption id=\"caption-attachment-617\" class=\"wp-caption-text\">Deux t\u00e9m\u00e9raires marins-skieurs se pr\u00e9parant pour la \u00ab\u00a0Noire de Piria\u00a0\u00bb&#8230;<\/figcaption><\/figure>\n<p><a href=\"http:\/\/kouskeol.fr\/wp-content\/uploads\/2014\/01\/Piria-Marina1.jpg\" target=\"_blank\"><img loading=\"lazy\" decoding=\"async\" class=\"alignnone wp-image-618 size-thumbnail\" src=\"http:\/\/kouskeol.fr\/wp-content\/uploads\/2014\/01\/Piria-Marina1-150x150.jpg\" alt=\"Piria-Marina1\" width=\"150\" height=\"150\" \/><\/a> <a href=\"http:\/\/kouskeol.fr\/wp-content\/uploads\/2014\/01\/Piria-Plage1.jpg\" target=\"_blank\"><img loading=\"lazy\" decoding=\"async\" class=\"alignnone wp-image-619 size-thumbnail\" src=\"http:\/\/kouskeol.fr\/wp-content\/uploads\/2014\/01\/Piria-Plage1-150x150.jpg\" alt=\"Piria-Plage1\" width=\"150\" height=\"150\" \/><\/a><\/p>\n<div class=\"ob-section ob-section-images ob-layout2-1\">\n<p class=\"ob-desc\"><em>Piriapolis: la plage et la marina.<\/em><\/p>\n<\/div>\n<div class=\"ob-section ob-section-text\">\n<div class=\"ob-text\">\n<p>Seul port offrant vraiment des services de mise \u00e0 sec et r\u00e9paration entre Rio et le Cap Horn pour des voiliers comme le notre, la marina de Piriapolis r\u00e9serve aussi quelques surprises&#8230;<\/p>\n<p>Nous d\u00e9couvrons par exemple que nous sommes \u00e0 c\u00f4t\u00e9 du bateau des Italiens qui ont \u00e9crit la bible des navigateurs en Patagonie, <em>Saudade III<\/em>.<\/p>\n<p><a href=\"http:\/\/kouskeol.fr\/wp-content\/uploads\/2014\/01\/Piria-Saudade1.jpg\" target=\"_blank\"><img loading=\"lazy\" decoding=\"async\" class=\"alignnone wp-image-620 \" src=\"http:\/\/kouskeol.fr\/wp-content\/uploads\/2014\/01\/Piria-Saudade1-150x150.jpg\" alt=\"Piria-Saudade1\" width=\"150\" height=\"150\" \/><\/a> <a href=\"http:\/\/kouskeol.fr\/wp-content\/uploads\/2014\/01\/Piria-Saudade2.jpg\" target=\"_blank\"><img loading=\"lazy\" decoding=\"async\" class=\"alignnone wp-image-621 size-thumbnail\" src=\"http:\/\/kouskeol.fr\/wp-content\/uploads\/2014\/01\/Piria-Saudade2-150x150.jpg\" alt=\"Piria-Saudade2\" width=\"150\" height=\"150\" \/><\/a><\/p>\n<div class=\"ob-section ob-section-images ob-layout2-1\">\n<p class=\"ob-desc\"><em>Saudade III et LE guide!<\/em><\/p>\n<\/div>\n<div class=\"ob-section ob-section-text\">\n<div class=\"ob-text\">\n<p>Plus loin, un bateau saisi par la douane pour trafic de drogue est remis en \u00e9tat par son nouveau propri\u00e9taire&#8230;<\/p>\n<p>Le long du ponton \u00e0 flot, nous tombons sur Fernande, voilier mythique des ann\u00e9es 1980&#8230; Vision un peu triste: le bateau semble \u00e0 l&rsquo;abandon&#8230;<\/p>\n<figure id=\"attachment_622\" aria-describedby=\"caption-attachment-622\" style=\"width: 300px\" class=\"wp-caption aligncenter\"><a href=\"http:\/\/kouskeol.fr\/wp-content\/uploads\/2014\/01\/Piria-Fernande.jpg\" target=\"_blank\"><img loading=\"lazy\" decoding=\"async\" class=\"wp-image-622 size-medium\" src=\"http:\/\/kouskeol.fr\/wp-content\/uploads\/2014\/01\/Piria-Fernande-300x225.jpg\" alt=\"Piria-Fernande\" width=\"300\" height=\"225\" srcset=\"http:\/\/kouskeol.fr\/wp-content\/uploads\/2014\/01\/Piria-Fernande-300x225.jpg 300w, http:\/\/kouskeol.fr\/wp-content\/uploads\/2014\/01\/Piria-Fernande-600x450.jpg 600w, http:\/\/kouskeol.fr\/wp-content\/uploads\/2014\/01\/Piria-Fernande.jpg 1024w\" sizes=\"auto, (max-width: 300px) 100vw, 300px\" \/><\/a><figcaption id=\"caption-attachment-622\" class=\"wp-caption-text\">Fernande: que penserait Brassens de toi, maintenant?<\/figcaption><\/figure>\n<div class=\"ob-section ob-section-text\">\n<div class=\"ob-text\">\n<p>Pour changer un peu d&rsquo;air, nous prenons le bus pour Montevideo: une 100e de km et un peu moins de 2 heures pour rejoindre la capitale de l&rsquo;Uruguay. Grands parcs et peu d&rsquo;immeubles imposants: ville aux dimensions plus humaine que Rio ou m\u00eame Buenos Aires. Le centre historique est vite parcouru: sympathique, mais quelques constructions g\u00e2chent les perspectives. Les travaux de r\u00e9habilitation devraient apporter un peu plus de charme.<\/p>\n<p>En g\u00e9n\u00e9ral, l&rsquo;Uruguay est un pays tr\u00e8s accueillant, propret et marquant sa diff\u00e9rence avec le c\u00f4t\u00e9 tr\u00e9pidant que nous avons v\u00e9cu au Br\u00e9sil par exemple.<\/p>\n<p><a href=\"http:\/\/kouskeol.fr\/wp-content\/uploads\/2014\/01\/Montevideo-PlaceIndependence.jpg\" target=\"_blank\"><img loading=\"lazy\" decoding=\"async\" class=\"aligncenter wp-image-624 size-medium\" src=\"http:\/\/kouskeol.fr\/wp-content\/uploads\/2014\/01\/Montevideo-PlaceIndependence-300x225.jpg\" alt=\"Montevideo-PlaceIndependence\" width=\"300\" height=\"225\" srcset=\"http:\/\/kouskeol.fr\/wp-content\/uploads\/2014\/01\/Montevideo-PlaceIndependence-300x225.jpg 300w, http:\/\/kouskeol.fr\/wp-content\/uploads\/2014\/01\/Montevideo-PlaceIndependence-600x450.jpg 600w, http:\/\/kouskeol.fr\/wp-content\/uploads\/2014\/01\/Montevideo-PlaceIndependence.jpg 1024w\" sizes=\"auto, (max-width: 300px) 100vw, 300px\" \/><\/a><\/p>\n<p><a href=\"http:\/\/kouskeol.fr\/wp-content\/uploads\/2014\/01\/Montevideo-Rue1.jpg\" target=\"_blank\"><img loading=\"lazy\" decoding=\"async\" class=\"alignnone wp-image-625 size-thumbnail\" src=\"http:\/\/kouskeol.fr\/wp-content\/uploads\/2014\/01\/Montevideo-Rue1-150x150.jpg\" alt=\"Montevideo-Rue1\" width=\"150\" height=\"150\" \/><\/a><a href=\"http:\/\/kouskeol.fr\/wp-content\/uploads\/2014\/01\/Montevideo-Presidence.jpg\" target=\"_blank\"><img loading=\"lazy\" decoding=\"async\" class=\"alignnone wp-image-623 size-thumbnail\" src=\"http:\/\/kouskeol.fr\/wp-content\/uploads\/2014\/01\/Montevideo-Presidence-150x150.jpg\" alt=\"Montevideo-Presidence\" width=\"150\" height=\"150\" \/><\/a> <a href=\"http:\/\/kouskeol.fr\/wp-content\/uploads\/2014\/01\/Montevideo-Rue2.jpg\" target=\"_blank\"><img loading=\"lazy\" decoding=\"async\" class=\"alignnone wp-image-626 size-thumbnail\" src=\"http:\/\/kouskeol.fr\/wp-content\/uploads\/2014\/01\/Montevideo-Rue2-150x150.jpg\" alt=\"Montevideo-Rue2\" width=\"150\" height=\"150\" \/><\/a><\/p>\n<div class=\"ob-section ob-section-images ob-layout4-2\">\n<p class=\"ob-desc\"><em>Montevideo<\/em><\/p>\n<\/div>\n<div class=\"ob-section ob-section-text\">\n<div class=\"ob-text\">\n<p>Le tango, comme \u00e0 Buenos Aires, fait partie de la culture locale&#8230;<\/p>\n<p>Un autre aspect culturel est la consommation de <em>mate<\/em>: on voit partout des Uruguayens avec leur tasse \u00e0 mate, la pipette \u00e0 la bouche et un thermos d&rsquo;eau chaude pour refaire les niveaux sous le bras. Que ce soit en maillot \u00e0 la plage ou habill\u00e9 en ville&#8230;<\/p>\n<p><a href=\"http:\/\/kouskeol.fr\/wp-content\/uploads\/2014\/01\/Montevideo-Tango1.jpg\" target=\"_blank\"><img loading=\"lazy\" decoding=\"async\" class=\"alignnone wp-image-627 size-thumbnail\" src=\"http:\/\/kouskeol.fr\/wp-content\/uploads\/2014\/01\/Montevideo-Tango1-150x150.jpg\" alt=\"Montevideo-Tango1\" width=\"150\" height=\"150\" \/><\/a> <a href=\"http:\/\/kouskeol.fr\/wp-content\/uploads\/2014\/01\/Montevideo-Tango2.jpg\" target=\"_blank\"><img loading=\"lazy\" decoding=\"async\" class=\"alignnone wp-image-628 size-thumbnail\" src=\"http:\/\/kouskeol.fr\/wp-content\/uploads\/2014\/01\/Montevideo-Tango2-150x150.jpg\" alt=\"Montevideo-Tango2\" width=\"150\" height=\"150\" \/><\/a><\/p>\n<p><em>Tangos et bandon\u00e9ons<\/em><\/p>\n<figure id=\"attachment_629\" aria-describedby=\"caption-attachment-629\" style=\"width: 224px\" class=\"wp-caption aligncenter\"><a href=\"http:\/\/kouskeol.fr\/wp-content\/uploads\/2014\/01\/Montevideo-Figaro.jpg\" target=\"_blank\"><img loading=\"lazy\" decoding=\"async\" class=\"wp-image-629 size-medium\" src=\"http:\/\/kouskeol.fr\/wp-content\/uploads\/2014\/01\/Montevideo-Figaro-224x300.jpg\" alt=\"Montevideo-Figaro\" width=\"224\" height=\"300\" srcset=\"http:\/\/kouskeol.fr\/wp-content\/uploads\/2014\/01\/Montevideo-Figaro-224x300.jpg 224w, http:\/\/kouskeol.fr\/wp-content\/uploads\/2014\/01\/Montevideo-Figaro-600x801.jpg 600w, http:\/\/kouskeol.fr\/wp-content\/uploads\/2014\/01\/Montevideo-Figaro.jpg 764w\" sizes=\"auto, (max-width: 224px) 100vw, 224px\" \/><\/a><figcaption id=\"caption-attachment-629\" class=\"wp-caption-text\">MarieJo! Il p\u00e8te les plombs et a d\u00e9cid\u00e9 de te faire de la concurrence!<\/figcaption><\/figure>\n<div class=\"ob-section ob-section-text\">\n<div class=\"ob-text\">\n<p>Les copains d&rsquo;Andr\u00e9, que nous devions prendre \u00e0 Ushua\u00efa, nous rejoignent finalement ici Dimanche, ainsi que Nicolas. Nous devrions (re)prendre la mer la semaine prochaine: encore trop t\u00f4t pour donner une date plus pr\u00e9cise!<\/p>\n<p>Trois ans pouvaient para\u00eetre tr\u00e8s long (surtout pour ceux qui restent!) pour ce projet, mais la r\u00e9alit\u00e9 est que le moindre probl\u00e8me prend du temps: la navigation dite \u00ab\u00a0de plaisance\u00a0\u00bb n&rsquo;est pas la pr\u00e9occupation premi\u00e8re dans ces r\u00e9gions, bien s\u00fbr, et l&rsquo;infrastructure s&rsquo;en ressent. Bonne le\u00e7on pour la suite: faire preuve de prudence et ne pas fatiguer inutilement le bateau!<\/p>\n<\/div>\n<\/div>\n<\/div>\n<\/div>\n<\/div>\n<\/div>\n<\/div>\n<\/div>\n<\/div>\n<\/div>\n<\/div>\n<\/div>\n<\/div>\n<\/div>\n","protected":false},"excerpt":{"rendered":"<p>Bient\u00f4t deux semaines que nous sommes coinc\u00e9s \u00e0 Piriapolis&#8230; Les travaux ont enfin d\u00e9marr\u00e9 et confirment le travail mal fait \u00e0 Salvador. La premi\u00e8re \u00e9tape est le pon\u00e7age des fonds: boulot ingrat mais essentiel. La poussi\u00e8re tr\u00e8s fine s&rsquo;immisce partout o\u00f9 elle peut: nous verrons si le travail de pr\u00e9paration et la pose de ruban &hellip; <a href=\"http:\/\/kouskeol.fr\/?p=610\" class=\"more-link\">Continuer la lecture de <span class=\"screen-reader-text\">Piriapolis &#8211; Saison 2<\/span>  <span class=\"meta-nav\">&rarr;<\/span><\/a><\/p>\n","protected":false},"author":1,"featured_media":0,"comment_status":"open","ping_status":"open","sticky":false,"template":"","format":"standard","meta":{"ngg_post_thumbnail":0,"footnotes":""},"categories":[8,15],"tags":[50],"class_list":["post-610","post","type-post","status-publish","format-standard","hentry","category-voyage","category-uruguay","tag-piriapolis"],"_links":{"self":[{"href":"http:\/\/kouskeol.fr\/index.php?rest_route=\/wp\/v2\/posts\/610","targetHints":{"allow":["GET"]}}],"collection":[{"href":"http:\/\/kouskeol.fr\/index.php?rest_route=\/wp\/v2\/posts"}],"about":[{"href":"http:\/\/kouskeol.fr\/index.php?rest_route=\/wp\/v2\/types\/post"}],"author":[{"embeddable":true,"href":"http:\/\/kouskeol.fr\/index.php?rest_route=\/wp\/v2\/users\/1"}],"replies":[{"embeddable":true,"href":"http:\/\/kouskeol.fr\/index.php?rest_route=%2Fwp%2Fv2%2Fcomments&post=610"}],"version-history":[{"count":2,"href":"http:\/\/kouskeol.fr\/index.php?rest_route=\/wp\/v2\/posts\/610\/revisions"}],"predecessor-version":[{"id":630,"href":"http:\/\/kouskeol.fr\/index.php?rest_route=\/wp\/v2\/posts\/610\/revisions\/630"}],"wp:attachment":[{"href":"http:\/\/kouskeol.fr\/index.php?rest_route=%2Fwp%2Fv2%2Fmedia&parent=610"}],"wp:term":[{"taxonomy":"category","embeddable":true,"href":"http:\/\/kouskeol.fr\/index.php?rest_route=%2Fwp%2Fv2%2Fcategories&post=610"},{"taxonomy":"post_tag","embeddable":true,"href":"http:\/\/kouskeol.fr\/index.php?rest_route=%2Fwp%2Fv2%2Ftags&post=610"}],"curies":[{"name":"wp","href":"https:\/\/api.w.org\/{rel}","templated":true}]}}