{"id":6167,"date":"2024-06-02T10:37:50","date_gmt":"2024-06-02T09:37:50","guid":{"rendered":"http:\/\/kouskeol.fr\/?p=6167"},"modified":"2024-06-03T09:35:54","modified_gmt":"2024-06-03T08:35:54","slug":"pointe-a-pitre-acores","status":"publish","type":"post","link":"http:\/\/kouskeol.fr\/?p=6167","title":{"rendered":"Pointe \u00e0 Pitre &#8211; A\u00e7ores"},"content":{"rendered":"\n<p class=\"has-medium-font-size\"><strong>Mardi 7 mai 2024<\/strong><\/p>\n\n\n\n<p>Apr\u00e8s quelques retards dus principalement au manque de rigueur d\u2019un des membres de l\u2019\u00e9quipage qui avait oubli\u00e9 chez lui la carte SIM du t\u00e9l\u00e9phone Iridium du bord (le soi-disant capitaine qu\u2019on ne nommera pas ici pour ne pas trop en rajouter \u00e0 la honte extr\u00eame qui s\u2019est abattue sur lui), nous pouvons finalement larguer nos amarres le mardi 7 mai 2024\u2026<\/p>\n\n\n\n<p>Et \u00e0 midi et quart, plein de gasoil fait, nous filons vers la Pointe des Ch\u00e2teaux, avant de piquer vers le nord et Horta \u00e0 environ 2300 milles.<\/p>\n\n\n\n<p>Et \u00ab&nbsp;nous&nbsp;\u00bb, me demanderez-vous, c\u2019est qui&nbsp;?<\/p>\n\n\n\n<ul class=\"wp-block-list\">\n<li>Il y a tout d\u2019abord, exp\u00e9rience oblige, l\u2019Amiral Jacques, Cap Hornier de son \u00e9tat et \u00e9quipier de longue date sur Kousk Eol, qui entreprend ici sa dixi\u00e8me travers\u00e9e de l\u2019Atlantique. Excusez du peu.<\/li>\n\n\n\n<li>Autre \u00e9quipier de poids, Bernard, qui a d\u00e9j\u00e0 deux travers\u00e9es de l\u2019Atlantique \u00e0 son actif&nbsp;: la route des aliz\u00e9es par les Canaries, et la remont\u00e9e depuis Cape Town vers les Antilles. Accessoirement, il a aussi \u00e9t\u00e9 champion du monde en quarter tonner au si\u00e8cle pr\u00e9c\u00e9dent. Et il fait bien la cuisine&nbsp;!<\/li>\n\n\n\n<li>Il fallait bien un petit nouveau \u00e0 cet \u00e9quipage&nbsp;: c\u2019est George qui s\u2019y colle. C\u2019est sa premi\u00e8re \u00ab&nbsp;grande&nbsp;\u00bb travers\u00e9e, mais il a d\u00e9j\u00e0 navigu\u00e9 sur Kousk Eol. Et il apporte avec lui tout son talent de cuisinier&nbsp;: \u00e7a sent d\u00e9j\u00e0 la comp\u00e9tition entre lui et Bernard\u2026 George a \u00e9t\u00e9 accept\u00e9 de justesse \u00e0 bord&nbsp;: il vient tout juste d\u2019avoir la nationalit\u00e9 fran\u00e7aise (apr\u00e8s l\u2019\u00e9cossaise \u2013 Mac Gregor oblige-, et l\u2019am\u00e9ricaine \u2013 il vit en Californie-).<\/li>\n\n\n\n<li>Puis le dernier, Le Glaude, qu\u2019on aimerait bien \u00e9viter de pr\u00e9senter. L\u2019environnement kousk\u00e9olien n\u2019ayant jamais pr\u00e9tendu \u00e0 la d\u00e9mocratie, il a r\u00e9ussi \u00e0 usurper le titre de Captain. R\u00f4le qui sera difficile \u00e0 tenir devant l\u2019accumulation de connaissances et de pratiques r\u00e9unies \u00e0 bord\u2026<\/li>\n<\/ul>\n\n\n\n<figure class=\"wp-block-image size-large\"><a href=\"http:\/\/kouskeol.fr\/wp-content\/uploads\/2024\/06\/IMG20240502162309-scaled.jpg\"><img loading=\"lazy\" decoding=\"async\" width=\"1024\" height=\"768\" src=\"http:\/\/kouskeol.fr\/wp-content\/uploads\/2024\/06\/IMG20240502162309-1024x768.jpg\" alt=\"\" class=\"wp-image-6168\" srcset=\"http:\/\/kouskeol.fr\/wp-content\/uploads\/2024\/06\/IMG20240502162309-1024x768.jpg 1024w, http:\/\/kouskeol.fr\/wp-content\/uploads\/2024\/06\/IMG20240502162309-300x225.jpg 300w, http:\/\/kouskeol.fr\/wp-content\/uploads\/2024\/06\/IMG20240502162309-768x576.jpg 768w, http:\/\/kouskeol.fr\/wp-content\/uploads\/2024\/06\/IMG20240502162309-1536x1152.jpg 1536w, http:\/\/kouskeol.fr\/wp-content\/uploads\/2024\/06\/IMG20240502162309-2048x1536.jpg 2048w\" sizes=\"auto, (max-width: 1024px) 100vw, 1024px\" \/><\/a><figcaption class=\"wp-element-caption\">La fine \u00e9quipe&#8230;<\/figcaption><\/figure>\n\n\n\n<p>Et \u00e9videmment, on \u00e9vitera ici de parler de moyenne d\u2019age&nbsp;: on \u00e9voquera plut\u00f4t l\u2019exp\u00e9rience accumul\u00e9e. De m\u00eame, toute photo d\u2019un membre de l\u2019\u00e9quipage appuy\u00e9 sur sa canne, une main dans le dos, sera bannie du blog.<\/p>\n\n\n\n<figure class=\"wp-block-image size-large\"><a href=\"http:\/\/kouskeol.fr\/wp-content\/uploads\/2024\/06\/IMG-20240507-WA0004b.jpg\"><img loading=\"lazy\" decoding=\"async\" width=\"1024\" height=\"768\" src=\"http:\/\/kouskeol.fr\/wp-content\/uploads\/2024\/06\/IMG-20240507-WA0004b-1024x768.jpg\" alt=\"\" class=\"wp-image-6169\" srcset=\"http:\/\/kouskeol.fr\/wp-content\/uploads\/2024\/06\/IMG-20240507-WA0004b-1024x768.jpg 1024w, http:\/\/kouskeol.fr\/wp-content\/uploads\/2024\/06\/IMG-20240507-WA0004b-300x225.jpg 300w, http:\/\/kouskeol.fr\/wp-content\/uploads\/2024\/06\/IMG-20240507-WA0004b-768x576.jpg 768w, http:\/\/kouskeol.fr\/wp-content\/uploads\/2024\/06\/IMG-20240507-WA0004b-1536x1152.jpg 1536w, http:\/\/kouskeol.fr\/wp-content\/uploads\/2024\/06\/IMG-20240507-WA0004b.jpg 1600w\" sizes=\"auto, (max-width: 1024px) 100vw, 1024px\" \/><\/a><figcaption class=\"wp-element-caption\">Il a pas fi\u00e8re allure, le George?<\/figcaption><\/figure>\n\n\n\n<h3 class=\"wp-block-heading\">Vendredi 10 mai<\/h3>\n\n\n\n<p>Troisi\u00e8me jour de navigation. Le d\u00e9part de la marina du Bas du Fort se fait au moteur jusqu\u2019\u00e0 la Pointe des Ch\u00e2teaux, extr\u00e9mit\u00e9 est de la Grande Terre, pour cause de vent faible et dans le nez.<\/p>\n\n\n\n<figure class=\"wp-block-image size-large is-resized\"><a href=\"http:\/\/kouskeol.fr\/wp-content\/uploads\/2024\/06\/IMG20240507172825b-1-scaled.jpg\"><img loading=\"lazy\" decoding=\"async\" width=\"1024\" height=\"768\" src=\"http:\/\/kouskeol.fr\/wp-content\/uploads\/2024\/06\/IMG20240507172825b-1-1024x768.jpg\" alt=\"\" class=\"wp-image-6172\" style=\"width:800px;height:auto\" srcset=\"http:\/\/kouskeol.fr\/wp-content\/uploads\/2024\/06\/IMG20240507172825b-1-1024x768.jpg 1024w, http:\/\/kouskeol.fr\/wp-content\/uploads\/2024\/06\/IMG20240507172825b-1-300x225.jpg 300w, http:\/\/kouskeol.fr\/wp-content\/uploads\/2024\/06\/IMG20240507172825b-1-768x576.jpg 768w, http:\/\/kouskeol.fr\/wp-content\/uploads\/2024\/06\/IMG20240507172825b-1-1536x1152.jpg 1536w, http:\/\/kouskeol.fr\/wp-content\/uploads\/2024\/06\/IMG20240507172825b-1-2048x1536.jpg 2048w\" sizes=\"auto, (max-width: 1024px) 100vw, 1024px\" \/><\/a><figcaption class=\"wp-element-caption\">La Pointe des Ch\u00e2teaux. <\/figcaption><\/figure>\n\n\n\n<p>Premi\u00e8re p\u00e9rip\u00e9tie devant l\u2019ilot du Gosier&nbsp;: nous passons pr\u00e8s d\u2019un voilier qui appelle \u00e0 l\u2019aide. Il semble qu\u2019il ait une voie d\u2019eau, mais r\u00e9agit bizarrement, avec un fort accent, \u00e0 notre proposition d\u2019aide\u2026 Finalement il se contente de prendre le num\u00e9ro de t\u00e9l\u00e9phone GSM des secours, le 176.<\/p>\n\n\n\n<p>La Pointe des Ch\u00e2teaux est doubl\u00e9e \u00e0 la tomb\u00e9e du jour&nbsp;: nous pouvons enfin mettre les voiles et nous d\u00e9haler entre 5 et 6 n\u0153uds vers le nord-est pour contourner le centre de l\u2019anticyclone dit des A\u00e7ores.<\/p>\n\n\n\n<p>Apr\u00e8s une p\u00e9riode de vent faible, nous entrons dans une zone nuageuse tr\u00e8s \u00e9tendue, o\u00f9 les rafales d\u00e9passent les 30 n\u0153uds&nbsp;: occasion de se rappeler comment on prend des ris dans la grand-voile, et de tester la nouvelle trinquette sur son nouvel \u00e9tai. Nous faisons des pointes \u00e0 plus de 8 n\u0153uds, avec deux ris dans la grand-voile et la trinquette.<\/p>\n\n\n\n<figure class=\"wp-block-image size-large\"><a href=\"http:\/\/kouskeol.fr\/wp-content\/uploads\/2024\/06\/IMG20240507124811-scaled.jpg\"><img loading=\"lazy\" decoding=\"async\" width=\"1024\" height=\"768\" src=\"http:\/\/kouskeol.fr\/wp-content\/uploads\/2024\/06\/IMG20240507124811-1024x768.jpg\" alt=\"\" class=\"wp-image-6170\" srcset=\"http:\/\/kouskeol.fr\/wp-content\/uploads\/2024\/06\/IMG20240507124811-1024x768.jpg 1024w, http:\/\/kouskeol.fr\/wp-content\/uploads\/2024\/06\/IMG20240507124811-300x225.jpg 300w, http:\/\/kouskeol.fr\/wp-content\/uploads\/2024\/06\/IMG20240507124811-768x576.jpg 768w, http:\/\/kouskeol.fr\/wp-content\/uploads\/2024\/06\/IMG20240507124811-1536x1152.jpg 1536w, http:\/\/kouskeol.fr\/wp-content\/uploads\/2024\/06\/IMG20240507124811-2048x1536.jpg 2048w\" sizes=\"auto, (max-width: 1024px) 100vw, 1024px\" \/><\/a><figcaption class=\"wp-element-caption\">Bon d&rsquo;accord, y a pa toujours du soleil&#8230;<\/figcaption><\/figure>\n\n\n\n<p>Mais tout ceci est \u00e9videmment \u00e9ph\u00e9m\u00e8re, et depuis hier nous naviguons au moteur pour rejoindre la zone vent\u00e9e au nord de l\u2019\u0153il de l\u2019anticyclone.<\/p>\n\n\n\n<p>Dans la soir\u00e9e, une barre nuageuse bien noire et parfois z\u00e9br\u00e9e d\u2019\u00e9clairs nous fait face&nbsp;: hors de question de l\u2019\u00e9viter, elle est bien trop large. Nous nous pr\u00e9parons donc \u00e0 du vent fort&nbsp;: \u00e7a fait bient\u00f4t deux jours de moteur, ce qui a un c\u00f4t\u00e9 un peu d\u00e9primant sur un voilier. Un ris est pris dans la grand-voile, les capots et hublots sont ferm\u00e9s, les cir\u00e9s pr\u00eats \u00e0 \u00eatre enfil\u00e9s\u2026 On d\u00e9cidera le moment venu pour la voile d\u2019avant&nbsp;: g\u00e9nois enroul\u00e9 ou trinquette.<\/p>\n\n\n\n<p>Le vent monte progressivement, mais le grain s\u2019\u00e9vapore petit \u00e0 petit. C\u2019est avec le g\u00e9nois que nous filons \u00e0 plus de sept n\u0153uds sur une mer relativement plate. Et cette situation durera toute la nuit&nbsp;: p\u00f4 pire. \u00c7a \u00e9conomisera du gasoil qui risque d\u2019\u00eatre utile un peu plus loin.<\/p>\n\n\n\n<h3 class=\"wp-block-heading\">Dimanche 12<\/h3>\n\n\n\n<p>La journ\u00e9e d\u2019hier fut plut\u00f4t plaisante. Grand-voile et g\u00e9nois le matin, \u00e0 plus de six n\u0153uds. Nous apercevons une voile dans le lointain, \u00e0 l\u2019ouest. Mais pas de signature AIS&nbsp;\u2026 Deux ou trois heures plus tard, le voilier n\u2019est plus qu\u2019\u00e0 environ un demi mille, mais pas de volont\u00e9 d\u2019\u00e9changer\u2026<\/p>\n\n\n\n<figure class=\"wp-block-image size-large\"><a href=\"http:\/\/kouskeol.fr\/wp-content\/uploads\/2024\/06\/IMG_1025-scaled.jpg\"><img loading=\"lazy\" decoding=\"async\" width=\"1024\" height=\"683\" src=\"http:\/\/kouskeol.fr\/wp-content\/uploads\/2024\/06\/IMG_1025-1024x683.jpg\" alt=\"\" class=\"wp-image-6173\" srcset=\"http:\/\/kouskeol.fr\/wp-content\/uploads\/2024\/06\/IMG_1025-1024x683.jpg 1024w, http:\/\/kouskeol.fr\/wp-content\/uploads\/2024\/06\/IMG_1025-300x200.jpg 300w, http:\/\/kouskeol.fr\/wp-content\/uploads\/2024\/06\/IMG_1025-768x512.jpg 768w, http:\/\/kouskeol.fr\/wp-content\/uploads\/2024\/06\/IMG_1025-1536x1024.jpg 1536w, http:\/\/kouskeol.fr\/wp-content\/uploads\/2024\/06\/IMG_1025-2048x1365.jpg 2048w\" sizes=\"auto, (max-width: 1024px) 100vw, 1024px\" \/><\/a><figcaption class=\"wp-element-caption\">La vie \u00e0 bord&#8230;<\/figcaption><\/figure>\n\n\n\n<p>Le vent perdant un peu de sa puissance, nous mettons le Code D qui nous d\u00e9hale \u00e0 plus de sept n\u0153uds, et nous \u00e9loigne du coup de l\u2019autre voilier.<\/p>\n\n\n\n<figure class=\"wp-block-image size-large\"><a href=\"http:\/\/kouskeol.fr\/wp-content\/uploads\/2024\/06\/IMG20240511155046-scaled.jpg\"><img loading=\"lazy\" decoding=\"async\" width=\"1024\" height=\"768\" src=\"http:\/\/kouskeol.fr\/wp-content\/uploads\/2024\/06\/IMG20240511155046-1024x768.jpg\" alt=\"\" class=\"wp-image-6174\" srcset=\"http:\/\/kouskeol.fr\/wp-content\/uploads\/2024\/06\/IMG20240511155046-1024x768.jpg 1024w, http:\/\/kouskeol.fr\/wp-content\/uploads\/2024\/06\/IMG20240511155046-300x225.jpg 300w, http:\/\/kouskeol.fr\/wp-content\/uploads\/2024\/06\/IMG20240511155046-768x576.jpg 768w, http:\/\/kouskeol.fr\/wp-content\/uploads\/2024\/06\/IMG20240511155046-1536x1152.jpg 1536w, http:\/\/kouskeol.fr\/wp-content\/uploads\/2024\/06\/IMG20240511155046-2048x1536.jpg 2048w\" sizes=\"auto, (max-width: 1024px) 100vw, 1024px\" \/><\/a><figcaption class=\"wp-element-caption\">Le Code \u00e0 DD <\/figcaption><\/figure>\n\n\n\n<p>La nuit a mis du piquant dans les premiers quarts. Nous ne pouvons \u00e9viter une impressionnante barri\u00e8re nuageuse noire\u2026 Tout d\u2019un coup, le vent part dans toutes les directions, affolant le pilote automatique, que du coup nous relayons \u00e0 la mimine. Le Code D est rentr\u00e9 depuis belle lurette, remplac\u00e9 par un ris dans la grand voile et les deux tiers du g\u00e9nois. Des \u00e9clairs diffus illuminent Kousk Eol. La pluie, ne voulant pas \u00eatre de reste, arrose copieusement le pont ainsi que Bernard, qui est de quart \u00e0 ce moment.<\/p>\n\n\n\n<p>Puis tout se calme, et la deuxi\u00e8me partie de nuit est plus civilis\u00e9e.<\/p>\n\n\n\n<figure class=\"wp-block-image size-large\"><a href=\"http:\/\/kouskeol.fr\/wp-content\/uploads\/2024\/06\/IMG20240514064852-scaled.jpg\"><img loading=\"lazy\" decoding=\"async\" width=\"768\" height=\"1024\" src=\"http:\/\/kouskeol.fr\/wp-content\/uploads\/2024\/06\/IMG20240514064852-768x1024.jpg\" alt=\"\" class=\"wp-image-6175\" srcset=\"http:\/\/kouskeol.fr\/wp-content\/uploads\/2024\/06\/IMG20240514064852-768x1024.jpg 768w, http:\/\/kouskeol.fr\/wp-content\/uploads\/2024\/06\/IMG20240514064852-225x300.jpg 225w, http:\/\/kouskeol.fr\/wp-content\/uploads\/2024\/06\/IMG20240514064852-1152x1536.jpg 1152w, http:\/\/kouskeol.fr\/wp-content\/uploads\/2024\/06\/IMG20240514064852-1536x2048.jpg 1536w, http:\/\/kouskeol.fr\/wp-content\/uploads\/2024\/06\/IMG20240514064852-scaled.jpg 1920w\" sizes=\"auto, (max-width: 768px) 100vw, 768px\" \/><\/a><figcaption class=\"wp-element-caption\">Cool, les quarts!<\/figcaption><\/figure>\n\n\n\n<p>Et aujourd\u2019hui, c\u2019est une belle journ\u00e9e quasiment sans nuages, avec un bon vent, qui nous accueille au r\u00e9veil.<\/p>\n\n\n\n<h3 class=\"wp-block-heading\">Mardi 14 mai<\/h3>\n\n\n\n<p>Hier matin, nous ressortons le Code \u00e0 DD, qui nous tire bien dans un vent un peu faible et une mer belle.<\/p>\n\n\n\n<p>En fin de journ\u00e9e, une barri\u00e8re de nuages noirs nous incite \u00e0 anticiper&nbsp;: le Code D est rang\u00e9, remplac\u00e9 par le g\u00e9nois, mais la main sur les man\u0153uvres de ris\u2026<\/p>\n\n\n\n<p>Et dans la nuit, nous nous retrouvons sous un gros grain tr\u00e8s actif. Dire que la pluie tombe \u00e0 verses flirterait avec l\u2019euph\u00e9misme le plus convenu\u2026 C\u2019est avec trois ris dans la grand voile et la trinquette \u00e0 moiti\u00e9 roul\u00e9e, une mer qui se l\u00e8ve, que Kousk Eol cavale avec des pointes \u00e0 plus de neuf n\u0153uds&nbsp;! Le liston est dans l\u2019eau plus souvent qu\u2019\u00e0 son tour. Pas de tout repos\u2026 Mais bon nous avan\u00e7ons bon train dans la bonne direction.<\/p>\n\n\n\n<figure class=\"wp-block-image size-large\"><a href=\"http:\/\/kouskeol.fr\/wp-content\/uploads\/2024\/06\/IMG_0778.png\"><img loading=\"lazy\" decoding=\"async\" width=\"472\" height=\"1024\" src=\"http:\/\/kouskeol.fr\/wp-content\/uploads\/2024\/06\/IMG_0778-472x1024.png\" alt=\"\" class=\"wp-image-6195\" srcset=\"http:\/\/kouskeol.fr\/wp-content\/uploads\/2024\/06\/IMG_0778-472x1024.png 472w, http:\/\/kouskeol.fr\/wp-content\/uploads\/2024\/06\/IMG_0778-138x300.png 138w, http:\/\/kouskeol.fr\/wp-content\/uploads\/2024\/06\/IMG_0778-768x1665.png 768w, http:\/\/kouskeol.fr\/wp-content\/uploads\/2024\/06\/IMG_0778-709x1536.png 709w, http:\/\/kouskeol.fr\/wp-content\/uploads\/2024\/06\/IMG_0778-945x2048.png 945w, http:\/\/kouskeol.fr\/wp-content\/uploads\/2024\/06\/IMG_0778.png 1179w\" sizes=\"auto, (max-width: 472px) 100vw, 472px\" \/><\/a><figcaption class=\"wp-element-caption\">C&rsquo;est mont&amp; jusqu&rsquo;\u00e0 10,8 n\u0153uds&#8230;<\/figcaption><\/figure>\n\n\n\n<p>Au matin, changement radical&nbsp;: le ciel se d\u00e9gage, et le vent tombe en passant au sud. Nous sommes oblig\u00e9s de lofer vers l\u2019est pour remplir les voiles (le g\u00e9nois a remplac\u00e9 la trinquette) et avancer autour de quatre n\u0153uds dans une mer qui met du temps \u00e0 se calmer.<\/p>\n\n\n\n<p>Le d\u00e9bat rituel quotidien peut \u00eatre tenu&nbsp;: mais que va-t-on manger \u00e0 midi<a href=\"#sdfootnote1sym\" id=\"sdfootnote1anc\"><sup>1<\/sup><\/a>&nbsp;? Depuis le d\u00e9part, George et Bernard se challengent pour concocter les plats les plus originaux utilisant les produits et ingr\u00e9dients trouv\u00e9s \u00e0 bord. Depuis que le frais a disparu (tomates, courgettes, carottes,\u2026), les recettes tournent autour des conserves, des p\u00e2tes, du riz. Heureusement, il y a le fromage, le jambon, les saucissons laiss\u00e9s par Cathy&nbsp;!<\/p>\n\n\n\n<figure class=\"wp-block-image size-large\"><a href=\"http:\/\/kouskeol.fr\/wp-content\/uploads\/2024\/06\/IMG_1032b-scaled.jpg\"><img loading=\"lazy\" decoding=\"async\" width=\"1024\" height=\"683\" src=\"http:\/\/kouskeol.fr\/wp-content\/uploads\/2024\/06\/IMG_1032b-1024x683.jpg\" alt=\"\" class=\"wp-image-6176\" srcset=\"http:\/\/kouskeol.fr\/wp-content\/uploads\/2024\/06\/IMG_1032b-1024x683.jpg 1024w, http:\/\/kouskeol.fr\/wp-content\/uploads\/2024\/06\/IMG_1032b-300x200.jpg 300w, http:\/\/kouskeol.fr\/wp-content\/uploads\/2024\/06\/IMG_1032b-768x512.jpg 768w, http:\/\/kouskeol.fr\/wp-content\/uploads\/2024\/06\/IMG_1032b-1536x1024.jpg 1536w, http:\/\/kouskeol.fr\/wp-content\/uploads\/2024\/06\/IMG_1032b-2048x1365.jpg 2048w\" sizes=\"auto, (max-width: 1024px) 100vw, 1024px\" \/><\/a><\/figure>\n\n\n\n<figure class=\"wp-block-image size-large\"><a href=\"http:\/\/kouskeol.fr\/wp-content\/uploads\/2024\/06\/IMG20240514123120-scaled.jpg\"><img loading=\"lazy\" decoding=\"async\" width=\"1024\" height=\"768\" src=\"http:\/\/kouskeol.fr\/wp-content\/uploads\/2024\/06\/IMG20240514123120-1024x768.jpg\" alt=\"\" class=\"wp-image-6177\" srcset=\"http:\/\/kouskeol.fr\/wp-content\/uploads\/2024\/06\/IMG20240514123120-1024x768.jpg 1024w, http:\/\/kouskeol.fr\/wp-content\/uploads\/2024\/06\/IMG20240514123120-300x225.jpg 300w, http:\/\/kouskeol.fr\/wp-content\/uploads\/2024\/06\/IMG20240514123120-768x576.jpg 768w, http:\/\/kouskeol.fr\/wp-content\/uploads\/2024\/06\/IMG20240514123120-1536x1152.jpg 1536w, http:\/\/kouskeol.fr\/wp-content\/uploads\/2024\/06\/IMG20240514123120-2048x1536.jpg 2048w\" sizes=\"auto, (max-width: 1024px) 100vw, 1024px\" \/><\/a><figcaption class=\"wp-element-caption\">oplus_1048578<\/figcaption><\/figure>\n\n\n\n<figure class=\"wp-block-image size-large\"><a href=\"http:\/\/kouskeol.fr\/wp-content\/uploads\/2024\/06\/IMG20240514123127-scaled.jpg\"><img loading=\"lazy\" decoding=\"async\" width=\"768\" height=\"1024\" src=\"http:\/\/kouskeol.fr\/wp-content\/uploads\/2024\/06\/IMG20240514123127-768x1024.jpg\" alt=\"\" class=\"wp-image-6178\" srcset=\"http:\/\/kouskeol.fr\/wp-content\/uploads\/2024\/06\/IMG20240514123127-768x1024.jpg 768w, http:\/\/kouskeol.fr\/wp-content\/uploads\/2024\/06\/IMG20240514123127-225x300.jpg 225w, http:\/\/kouskeol.fr\/wp-content\/uploads\/2024\/06\/IMG20240514123127-1152x1536.jpg 1152w, http:\/\/kouskeol.fr\/wp-content\/uploads\/2024\/06\/IMG20240514123127-1536x2048.jpg 1536w, http:\/\/kouskeol.fr\/wp-content\/uploads\/2024\/06\/IMG20240514123127-scaled.jpg 1920w\" sizes=\"auto, (max-width: 768px) 100vw, 768px\" \/><\/a><figcaption class=\"wp-element-caption\">La vie \u00e0 bord&#8230;<\/figcaption><\/figure>\n\n\n\n<p>Il y a bien les tentatives de p\u00eache, infructueuses pour l\u2019instant. George nous avait bien expliqu\u00e9 que pour les marins anglo-saxons, la pr\u00e9sence de bananes \u00e0 bord (l\u2019\u00e9quivalent de notre rongeur \u00e0 grandes oreilles, mais semble-t-il en moins inqui\u00e9tant) \u00e9tait tr\u00e8s n\u00e9faste pour attraper des poissons. Nous avons donc fini les bananes. Et maintenant nous remontons des sargasses\u2026 Dommage qu\u2019on ne puisse en faire de la salade. En attendant, les promesses de sushis \u00e0 la dorade ou au thon s\u2019\u00e9loignent inexorablement\u2026<\/p>\n\n\n\n<p>Dans l\u2019apr\u00e8s-midi, le vent passe brutalement au nord-ouest&nbsp;: empannage et nous nous retrouvons sur la route b\u00e2bord amure, au petit largue, dans une mer qui se calme rapidement. Kousk Eol glisse sur l\u2019eau, pour le plus grand plaisir de l\u2019\u00e9quipage&nbsp;: enfin du repos sur des couchettes qui cessent leurs allers-retours incessants d\u2019un bord sur l\u2019autre&nbsp;!<\/p>\n\n\n\n<p>La situation durera toute la nuit, avec les quarts les plus tranquilles depuis le d\u00e9part.<\/p>\n\n\n\n<figure class=\"wp-block-image size-large\"><a href=\"http:\/\/kouskeol.fr\/wp-content\/uploads\/2024\/06\/IMG_1041b-scaled.jpg\"><img loading=\"lazy\" decoding=\"async\" width=\"683\" height=\"1024\" src=\"http:\/\/kouskeol.fr\/wp-content\/uploads\/2024\/06\/IMG_1041b-683x1024.jpg\" alt=\"\" class=\"wp-image-6182\" srcset=\"http:\/\/kouskeol.fr\/wp-content\/uploads\/2024\/06\/IMG_1041b-683x1024.jpg 683w, http:\/\/kouskeol.fr\/wp-content\/uploads\/2024\/06\/IMG_1041b-200x300.jpg 200w, http:\/\/kouskeol.fr\/wp-content\/uploads\/2024\/06\/IMG_1041b-768x1152.jpg 768w, http:\/\/kouskeol.fr\/wp-content\/uploads\/2024\/06\/IMG_1041b-1024x1536.jpg 1024w, http:\/\/kouskeol.fr\/wp-content\/uploads\/2024\/06\/IMG_1041b-1365x2048.jpg 1365w, http:\/\/kouskeol.fr\/wp-content\/uploads\/2024\/06\/IMG_1041b-scaled.jpg 1707w\" sizes=\"auto, (max-width: 683px) 100vw, 683px\" \/><\/a><\/figure>\n\n\n\n<h3 class=\"wp-block-heading\">Mercredi 15 mai<\/h3>\n\n\n\n<p>C\u2019est aujourd\u2019hui que nous franchissons la moiti\u00e9 de notre travers\u00e9e&nbsp;: 1150 milles sur un total de presque 2300. Pour f\u00eater l\u2019\u00e9v\u00e8nement, George nous pr\u00e9pare un brownie\u2026 Qui ne durera pas longtemps&nbsp;!<\/p>\n\n\n\n<p>Malheureusement, le vent re-bascule au sud-est, en faiblissant, obligeant \u00e0 remettre le moteur. Heureusement, la mer est toujours aussi calme, et nous avan\u00e7ons entre 5 et 6 n\u0153uds.<\/p>\n\n\n\n<p>La m\u00e9t\u00e9o que nous envoie Andr\u00e9 n\u2019est pas tr\u00e8s r\u00e9jouissante\u2026 L\u2019anticyclone semble se balader, et remonter tr\u00e8s au nord, installant de vastes zones de calme sur notre route. Contourner ces zones semble irr\u00e9aliste&nbsp;: nous continuerons \u00e0 utiliser le moteur, tout en essayant d\u2019\u00e9conomiser le gasoil. En principe, nous devrions affleurer les d\u00e9pressions dimanche, promesse de vent portant vers Horta. Mais dimanche, c\u2019est dans plusieurs jours, et la situation peut encore bien changer d\u2019ici l\u00e0.<\/p>\n\n\n\n<figure class=\"wp-block-image size-large\"><a href=\"http:\/\/kouskeol.fr\/wp-content\/uploads\/2024\/06\/IMG20240510105349b-scaled.jpg\"><img loading=\"lazy\" decoding=\"async\" width=\"1024\" height=\"768\" src=\"http:\/\/kouskeol.fr\/wp-content\/uploads\/2024\/06\/IMG20240510105349b-1024x768.jpg\" alt=\"\" class=\"wp-image-6185\" srcset=\"http:\/\/kouskeol.fr\/wp-content\/uploads\/2024\/06\/IMG20240510105349b-1024x768.jpg 1024w, http:\/\/kouskeol.fr\/wp-content\/uploads\/2024\/06\/IMG20240510105349b-300x225.jpg 300w, http:\/\/kouskeol.fr\/wp-content\/uploads\/2024\/06\/IMG20240510105349b-768x576.jpg 768w, http:\/\/kouskeol.fr\/wp-content\/uploads\/2024\/06\/IMG20240510105349b-1536x1152.jpg 1536w, http:\/\/kouskeol.fr\/wp-content\/uploads\/2024\/06\/IMG20240510105349b-2048x1536.jpg 2048w\" sizes=\"auto, (max-width: 1024px) 100vw, 1024px\" \/><\/a><figcaption class=\"wp-element-caption\">Supplique pour avoir du vent<\/figcaption><\/figure>\n\n\n\n<p>Entre temps, l\u2019aileron d\u2019un requin nonchalant passe \u00e0 l\u2019arri\u00e8re de Kousk Eol, avant de replonger.<\/p>\n\n\n\n<p>La nuit, nous organisons bien entendu des quarts&nbsp;: deux heures chacun, \u00e0 partir de 22 heures, jusqu\u2019\u00e0 6 heures, heure \u00ab&nbsp;normale&nbsp;\u00bb de d\u00e9but de journ\u00e9e. Et nous tournons en nous d\u00e9calant d\u2019un cran chaque nuit. Le quart le plus long est le premier, parce que personne n\u2019attend 22 heures pour aller se coucher. Les plus p\u00e9nibles sont ceux de minuit et 2 heures du matin, o\u00f9 il faut se lever souvent en plein sommeil. Le plus cool est le dernier, qui voit le lever du jour, et est l\u2019occasion d\u2019un caf\u00e9 tranquille en terrasse\u2026<\/p>\n\n\n\n<h3 class=\"wp-block-heading\">Vendredi 17 mai<\/h3>\n\n\n\n<p>De nouveau une nuit tranquille, au moteur. \u00c7a fait dix jours que nous sommes partis de Pointe \u00e0 Pitre, et nous sommes enfin en dessous de la barre des mille milles de Horta.<\/p>\n\n\n\n<p>Belle surprise&nbsp;: \u00e0 7h40, un groupe de gros dauphins nous suit pendant quelques instants. Mais contrairement \u00e0 ce que nous avions pu remarquer pr\u00e9c\u00e9demment, ils ne viendront pas nous narguer \u00e0 l\u2019\u00e9trave. Ce sont les premiers dauphins depuis plus d\u2019un an&nbsp;!<\/p>\n\n\n\n<p>Puis, caprice anticyclonique, l\u2019aliz\u00e9 fr\u00e9mit \u00e0 nouveau, donc re-voile\u2026 Devant nous au loin \u00e0 l\u2019est, de gros nuages semblent annoncer un changement de temps.<\/p>\n\n\n\n<p>Pour marquer le coup, pour ces dix jours, un repas gastronomique est pr\u00e9vu\u00a0: cassoulet antillais, rien de moins. En v\u00e9rit\u00e9, le frais ayant \u00e9t\u00e9 mang\u00e9, nous tapons dans les conserves pour changer un peu du riz-p\u00e2tes. Mais si on ne peut plus se raconter des histoires\u2026 Et n&rsquo;oublions pas la noix de jambon et le fromage apport\u00e9s de Haute Savoie par Catherine et Christian, petites g\u00e2teries tr\u00e8s gustatives fort appr\u00e9ci\u00e9es par l&rsquo;\u00e9quipage !<\/p>\n\n\n\n<p>La digestion aidant, les d\u00e9lires reprennent&nbsp;: \u00ab&nbsp;Finalement, les grandes travers\u00e9es comme celle-ci, ce ne serait pas comme les s\u00e9jours dans la station orbitale&nbsp;? L\u2019apesanteur en moins&nbsp;?&nbsp;\u00bb. Espace confin\u00e9 sans possibilit\u00e9s de s\u2019\u00e9chapper un peu, grandes discussions pour r\u00e9parer le monde, lectures ou autres activit\u00e9s individuelles, sempiternel d\u00e9bat sur la nature du prochain repas (ou comment faire de l\u2019original avec du riz, des p\u00e2tes et des boites de conserve), etc&nbsp;: la comparaison n\u2019est pas totalement loufoque.<\/p>\n\n\n\n<p>En attendant, nous jonglons finement avec les traces de z\u00e9phyr pour \u00e9conomiser le distillat carbon\u00e9 de fossiles pr\u00e9historiques&nbsp;: pas de moteur depuis plus de vingt-quatre heures. Bon d\u2019accord, pas \u00e0 une vitesse d\u00e9lirante&nbsp;: moins de cinq n\u0153uds de moyenne. Mais nous sommes pass\u00e9s sous la barre psychologique des 900 milles vers Horta.\u00a0\u00bb.<\/p>\n\n\n\n<figure class=\"wp-block-image size-large\"><a href=\"http:\/\/kouskeol.fr\/wp-content\/uploads\/2024\/06\/IMG20240516175537b-scaled.jpg\"><img loading=\"lazy\" decoding=\"async\" width=\"1024\" height=\"768\" src=\"http:\/\/kouskeol.fr\/wp-content\/uploads\/2024\/06\/IMG20240516175537b-1024x768.jpg\" alt=\"\" class=\"wp-image-6183\" srcset=\"http:\/\/kouskeol.fr\/wp-content\/uploads\/2024\/06\/IMG20240516175537b-1024x768.jpg 1024w, http:\/\/kouskeol.fr\/wp-content\/uploads\/2024\/06\/IMG20240516175537b-300x225.jpg 300w, http:\/\/kouskeol.fr\/wp-content\/uploads\/2024\/06\/IMG20240516175537b-768x576.jpg 768w, http:\/\/kouskeol.fr\/wp-content\/uploads\/2024\/06\/IMG20240516175537b-1536x1152.jpg 1536w, http:\/\/kouskeol.fr\/wp-content\/uploads\/2024\/06\/IMG20240516175537b-2048x1536.jpg 2048w\" sizes=\"auto, (max-width: 1024px) 100vw, 1024px\" \/><\/a><figcaption class=\"wp-element-caption\">Encore un coucher de soleil&#8230;<\/figcaption><\/figure>\n\n\n\n<p>Soudain, une exclamation&nbsp;: \u00ab&nbsp;Y a un machin qui flotte avec un pavillon droit devant&nbsp;!&nbsp;\u00bb. En fait, un objet flottant qui pourrait \u00eatre une balise, avec un dispositif d\u2019\u00e9cho radar au sommet d\u2019un m\u00e2t. Nous d\u00e9cidons de ne pas y toucher\u2026<\/p>\n\n\n\n<p>A propos, pourquoi on a choisi cette route et pas une autre&nbsp;? Dans des travers\u00e9es aussi longues, le choix de la route est primordial. Heureusement, sur un voilier, l\u2019algorithme est simple&nbsp;: on prend la route garantissant un maximum de vents favorables. Sauf que la m\u00e9t\u00e9o n\u2019est jamais r\u00e9put\u00e9e fig\u00e9e&nbsp;: elle change tous les jours, la tra\u00eetresse, et les pr\u00e9visionnistes ont fort \u00e0 faire pour tenter de pr\u00e9dire ses caprices. En gros, dans notre cas, il faut faire le tour du c\u0153ur de l\u2019anticyclone dit des Acores, zone sans vent, par l\u2019ouest pour suivre les vents dominants, qui tournent dans le sens des aiguilles d\u2019une montre<a href=\"#sdfootnote2sym\" id=\"sdfootnote2anc\"><sup>2<\/sup><\/a> dans l\u2019h\u00e9misph\u00e8re nord. Sauf que cette ann\u00e9e, ledit c\u0153ur s\u2019\u00e9tale tr\u00e8s \u00e0 l\u2019ouest, rallongeant de fa\u00e7on significative la route. Nous d\u00e9cidons donc de prendre une route presque directe, l\u00e9g\u00e8rement plus au nord, avec des bidons de gasoil en r\u00e9serve pour les zones sans vent. Une fois le c\u0153ur travers\u00e9, il ne faut pas monter trop au nord, au risque d\u2019avoir \u00e0 affronter les d\u00e9pressions, souvent muscl\u00e9es, qui descendent du Canada. On verra \u00e0 l\u2019arriv\u00e9e si ce choix \u00e9tait le bon\u2026<\/p>\n\n\n\n<h3 class=\"wp-block-heading\">Dimanche 19 mai<\/h3>\n\n\n\n<p>Encore une nuit trop tranquille, avec m\u00e9lange de voile et de moteur. On ne battra pas de record cette fois encore. Mais Horta approche&nbsp;: encore 750 milles dans la matin\u00e9e.<\/p>\n\n\n\n<figure class=\"wp-block-image size-large\"><a href=\"http:\/\/kouskeol.fr\/wp-content\/uploads\/2024\/06\/image0b-scaled.jpeg\"><img loading=\"lazy\" decoding=\"async\" width=\"1024\" height=\"768\" src=\"http:\/\/kouskeol.fr\/wp-content\/uploads\/2024\/06\/image0b-1024x768.jpeg\" alt=\"\" class=\"wp-image-6180\" srcset=\"http:\/\/kouskeol.fr\/wp-content\/uploads\/2024\/06\/image0b-1024x768.jpeg 1024w, http:\/\/kouskeol.fr\/wp-content\/uploads\/2024\/06\/image0b-300x225.jpeg 300w, http:\/\/kouskeol.fr\/wp-content\/uploads\/2024\/06\/image0b-768x576.jpeg 768w, http:\/\/kouskeol.fr\/wp-content\/uploads\/2024\/06\/image0b-1536x1152.jpeg 1536w, http:\/\/kouskeol.fr\/wp-content\/uploads\/2024\/06\/image0b-2048x1536.jpeg 2048w\" sizes=\"auto, (max-width: 1024px) 100vw, 1024px\" \/><\/a><\/figure>\n\n\n\n<p>Un groupe de gros dauphins (le quatri\u00e8me depuis notre d\u00e9part) passe \u00e0 l\u2019arri\u00e8re, sans vell\u00e9it\u00e9 de s\u2019approcher, voire jouer \u00e0 notre \u00e9trave. Et toujours rien au bout de nos lignes.<\/p>\n\n\n\n<p>D\u2019apr\u00e8s la m\u00e9t\u00e9o, cette fois relay\u00e9e par Andr\u00e9 et Jean-Christophe via Iridium, le vent devrait passer au sud-sud-ouest d\u2019ici demain soir, entre dix et quinze n\u0153uds&nbsp;: plut\u00f4t pas mal pour nous pousser en ligne directe vers les A\u00e7ores. Devrait&nbsp;: comme St Thomas, on demande \u00e0 voir\u2026<\/p>\n\n\n\n<p>Pour ceux qui se demanderaient&nbsp;: \u00ab&nbsp;Mais qu\u2019est ce donc que c\u2019est que ce truc au nom bizarre, Iridium&nbsp;?&nbsp;\u00bb, c\u2019est une technologie maintenant un peu d\u00e9pass\u00e9e de communication utilisant une constellation de satellites en orbite basse. Qui permet, avec le terminal t\u00e9l\u00e9phonique ad\u00e9quat, de communiquer n\u2019importe o\u00f9 dans le monde. Quand \u00e7a marche\u2026 Il semblerait que le d\u00e9ploiement de Starlink du sieur Musk soit en train de rel\u00e9guer Iridium au rang des curiosit\u00e9s \u00e0 l\u2019avenir un peu sombre. Mais bon, sur Kousk Eol, nous avons un terminal Iridium depuis pas mal de temps, et n\u2019avons donc pas investi dans Starlink. La prochaine fois&nbsp;?<\/p>\n\n\n\n<p>En attendant, le retard de la d\u00e9pression salvatrice et vent\u00e9e promise par la m\u00e9t\u00e9o est en passe de g\u00e9n\u00e9rer une d\u00e9pression chez l\u2019\u00e9quipage\u2026<\/p>\n\n\n\n<p><strong>Lundi 20, 16h30&nbsp;<\/strong>: \u00ab&nbsp;\u00c7a mord&nbsp;!&nbsp;\u00bb\u2026 Enfin une touche&nbsp;: un beau thon d\u2019environ 7 kilos s\u2019est fait prendre&nbsp;, vite vid\u00e9 et transform\u00e9 en filets. C\u2019est la premi\u00e8re prise depuis bien longtemps. Sashimis ce soir&nbsp;!<\/p>\n\n\n\n<figure class=\"wp-block-image size-large\"><a href=\"http:\/\/kouskeol.fr\/wp-content\/uploads\/2024\/06\/IMG-20240525-WA0005.jpg\"><img loading=\"lazy\" decoding=\"async\" width=\"768\" height=\"1024\" src=\"http:\/\/kouskeol.fr\/wp-content\/uploads\/2024\/06\/IMG-20240525-WA0005-768x1024.jpg\" alt=\"\" class=\"wp-image-6179\" srcset=\"http:\/\/kouskeol.fr\/wp-content\/uploads\/2024\/06\/IMG-20240525-WA0005-768x1024.jpg 768w, http:\/\/kouskeol.fr\/wp-content\/uploads\/2024\/06\/IMG-20240525-WA0005-225x300.jpg 225w, http:\/\/kouskeol.fr\/wp-content\/uploads\/2024\/06\/IMG-20240525-WA0005-1152x1536.jpg 1152w, http:\/\/kouskeol.fr\/wp-content\/uploads\/2024\/06\/IMG-20240525-WA0005.jpg 1200w\" sizes=\"auto, (max-width: 768px) 100vw, 768px\" \/><\/a><\/figure>\n\n\n\n<figure class=\"wp-block-image size-large\"><a href=\"http:\/\/kouskeol.fr\/wp-content\/uploads\/2024\/06\/IMG20240520143946-scaled.jpg\"><img loading=\"lazy\" decoding=\"async\" width=\"768\" height=\"1024\" src=\"http:\/\/kouskeol.fr\/wp-content\/uploads\/2024\/06\/IMG20240520143946-768x1024.jpg\" alt=\"\" class=\"wp-image-6181\" srcset=\"http:\/\/kouskeol.fr\/wp-content\/uploads\/2024\/06\/IMG20240520143946-768x1024.jpg 768w, http:\/\/kouskeol.fr\/wp-content\/uploads\/2024\/06\/IMG20240520143946-225x300.jpg 225w, http:\/\/kouskeol.fr\/wp-content\/uploads\/2024\/06\/IMG20240520143946-1152x1536.jpg 1152w, http:\/\/kouskeol.fr\/wp-content\/uploads\/2024\/06\/IMG20240520143946-1536x2048.jpg 1536w, http:\/\/kouskeol.fr\/wp-content\/uploads\/2024\/06\/IMG20240520143946-scaled.jpg 1920w\" sizes=\"auto, (max-width: 768px) 100vw, 768px\" \/><\/a><figcaption class=\"wp-element-caption\">P\u00eache au sashimi&#8230;<\/figcaption><\/figure>\n\n\n\n<p>Mais toujours pas de vent\u2026 La d\u00e9pression promise se fait attendre\u2026 Pourtant, il ne faudrait pas qu\u2019on br\u00fble trop de gasoil&nbsp;: il faut en garder un peu pour l\u2019arriv\u00e9e&nbsp;!<\/p>\n\n\n\n<p>En attendant, les sashimis sont excellents&nbsp;! Et il reste assez de thon pour deux autres repas&nbsp;: steaks mi-cuits (avec sa sauce chien) et ceviche.<\/p>\n\n\n\n<h3 class=\"wp-block-heading\">Mardi 21 mai<\/h3>\n\n\n\n<p>Les nuits se suivent et se ressemblent&nbsp;: moiti\u00e9 voile, moiti\u00e9 moteur\u2026 Il faut commencer \u00e0 \u00e9conomiser s\u00e9rieusement le gasoil&nbsp;: nos estimations pr\u00e9voient encore une quinzaine d\u2019heures, et il faut en garder pour les man\u0153uvres \u00e0 l\u2019arriv\u00e9e.<\/p>\n\n\n\n<p>Dans la matin\u00e9e, le vent passe finalement au sud-sud-ouest&nbsp;: le g\u00e9nois est vite tangonn\u00e9, et les voiles mise en ciseaux. Nous arrivons \u00e0 nous d\u00e9haler entre 4 et 5 n\u0153uds, sur une mer heureusement plate. Et \u00e0 midi et demi, nous passons sous la barre des 500 milles de Horta. Derni\u00e8res nouvelles du DD&nbsp;: le vent devrait se renforcer -10\/15 n\u0153uds \u2013 dans l\u2019apr\u00e8s-midi, et 20\/25 n\u0153uds demain, avec un ETA<a href=\"#sdfootnote3sym\" id=\"sdfootnote3anc\"><sup>3<\/sup><\/a> pour Horta le 24. Ben on va y croire, les copains\u2026<\/p>\n\n\n\n<figure class=\"wp-block-image size-large\"><a href=\"http:\/\/kouskeol.fr\/wp-content\/uploads\/2024\/06\/IMG20240523031505-scaled.jpg\"><img loading=\"lazy\" decoding=\"async\" width=\"1024\" height=\"768\" src=\"http:\/\/kouskeol.fr\/wp-content\/uploads\/2024\/06\/IMG20240523031505-1024x768.jpg\" alt=\"\" class=\"wp-image-6186\" srcset=\"http:\/\/kouskeol.fr\/wp-content\/uploads\/2024\/06\/IMG20240523031505-1024x768.jpg 1024w, http:\/\/kouskeol.fr\/wp-content\/uploads\/2024\/06\/IMG20240523031505-300x225.jpg 300w, http:\/\/kouskeol.fr\/wp-content\/uploads\/2024\/06\/IMG20240523031505-768x576.jpg 768w, http:\/\/kouskeol.fr\/wp-content\/uploads\/2024\/06\/IMG20240523031505-1536x1152.jpg 1536w, http:\/\/kouskeol.fr\/wp-content\/uploads\/2024\/06\/IMG20240523031505-2048x1536.jpg 2048w\" sizes=\"auto, (max-width: 1024px) 100vw, 1024px\" \/><\/a><figcaption class=\"wp-element-caption\">Rn fait, c&rsquo;est le pilote qui fait tout le boulot.<\/figcaption><\/figure>\n\n\n\n<h3 class=\"wp-block-heading\">Jeudi 22 mai<\/h3>\n\n\n\n<p>La journ\u00e9e d\u2019hier avait bien d\u00e9marr\u00e9&nbsp;; vent poussant dans le bon sens, \u00e0 une allure assez soutenue. Mais rapidement on a compris qu\u2019on \u00e9tait sur le bord d\u2019une d\u00e9pression venant du nord. La game des trois ris y est pass\u00e9e&nbsp;: de un ris le matin \u00e0 trois ris dans la soir\u00e9e, deux tiers de trinquette rempla\u00e7ant le g\u00e9nois. La mer grossit vite, avec des vagues de plus de trois m\u00e8tres. Le bateau fait des pointes \u00e0 plus de dix n\u0153uds. Nous sommes tellement secou\u00e9s que le repas du soir se r\u00e9sumera \u00e0 quelques biscottes et un verre d\u2019eau. Heureusement le pilote tiendra toute la nuit, malgr\u00e9 les incessantes embard\u00e9es. Nuit durant laquelle personne n\u2019a vraiment dormi\u2026<\/p>\n\n\n\n<p>La m\u00e9t\u00e9o d\u2019Andr\u00e9 promet toujours une bascule du vent au nord-ouest, autour de 15 n\u0153uds, avec lequel nous devrions pouvoir faire une route directe vers Horta, dans de meilleures conditions.<\/p>\n\n\n\n<p>13h15&nbsp;: nous l\u00e2chons le ris trois, apr\u00e8s avoir empann\u00e9. Nous prenons un peu plus de vitesse, mais \u00e0 15 degr\u00e9s au-dessus de la route, et toujours pas de bascule du vent\u2026 Nous sommes maintenant sous les 200 milles avant l\u2019arriv\u00e9e.<\/p>\n\n\n\n<p>Le vent remonte \u00e9videmment, et nous reprenons le ris trois pour la nuit, avec la trinquette, avec vingt n\u0153uds de vent \u00e9tabli, hors rafales, et une mer agit\u00e9e.<\/p>\n\n\n\n<h3 class=\"wp-block-heading\">Vendredi 24 mai<\/h3>\n\n\n\n<p>Le vent d\u2019ouest tant promis, et attendu, arrive enfin&nbsp;: le g\u00e9nois remplace la trinquette, et les ris deux et trois remontent en haut du m\u00e2t. Rien de bien violent toutefois\u2026<\/p>\n\n\n\n<p>A 16h15, Horta n\u2019et plus qu\u2019\u00e0 25 milles&nbsp;!<\/p>\n\n\n\n<p>Et vers 20h30, nous mettons l\u2019ancre devant la capitainerie, c\u2019est la proc\u00e9dure&nbsp;: il faudra faire les formalit\u00e9s demain matin. 17 jours et demi depuis Pointe \u00e0 Pitre&nbsp;: m\u00eame tarif que les fois pr\u00e9c\u00e9dentes, finalement une bonne moyenne.<\/p>\n\n\n\n<p>Et le lendemain, formalit\u00e9s faites, nous nous mettons \u00e0 couple d\u2019un voilier anglais, jusqu\u2019\u00e0 notre d\u00e9part vers Ponta Delgada, le 27 mai.<\/p>\n\n\n\n<figure class=\"wp-block-image size-large\"><a href=\"http:\/\/kouskeol.fr\/wp-content\/uploads\/2024\/06\/IMG20240525093632-scaled.jpg\"><img loading=\"lazy\" decoding=\"async\" width=\"768\" height=\"1024\" src=\"http:\/\/kouskeol.fr\/wp-content\/uploads\/2024\/06\/IMG20240525093632-768x1024.jpg\" alt=\"\" class=\"wp-image-6188\" srcset=\"http:\/\/kouskeol.fr\/wp-content\/uploads\/2024\/06\/IMG20240525093632-768x1024.jpg 768w, http:\/\/kouskeol.fr\/wp-content\/uploads\/2024\/06\/IMG20240525093632-225x300.jpg 225w, http:\/\/kouskeol.fr\/wp-content\/uploads\/2024\/06\/IMG20240525093632-1152x1536.jpg 1152w, http:\/\/kouskeol.fr\/wp-content\/uploads\/2024\/06\/IMG20240525093632-1536x2048.jpg 1536w, http:\/\/kouskeol.fr\/wp-content\/uploads\/2024\/06\/IMG20240525093632-scaled.jpg 1920w\" sizes=\"auto, (max-width: 768px) 100vw, 768px\" \/><\/a><figcaption class=\"wp-element-caption\">Traces du premier passage en 2017.<\/figcaption><\/figure>\n\n\n\n<p>En attendant, Cathy et Marion nous rejoignent apr\u00e8s leur tour \u00e0 Pico, pour visiter l\u2019\u00eele de Faial. Et prendre un verre au Peter&rsquo;s Bar!<\/p>\n\n\n\n<figure class=\"wp-block-image size-large\"><a href=\"http:\/\/kouskeol.fr\/wp-content\/uploads\/2024\/06\/IMG20240525150833-scaled.jpg\"><img loading=\"lazy\" decoding=\"async\" width=\"1024\" height=\"768\" src=\"http:\/\/kouskeol.fr\/wp-content\/uploads\/2024\/06\/IMG20240525150833-1024x768.jpg\" alt=\"\" class=\"wp-image-6187\" srcset=\"http:\/\/kouskeol.fr\/wp-content\/uploads\/2024\/06\/IMG20240525150833-1024x768.jpg 1024w, http:\/\/kouskeol.fr\/wp-content\/uploads\/2024\/06\/IMG20240525150833-300x225.jpg 300w, http:\/\/kouskeol.fr\/wp-content\/uploads\/2024\/06\/IMG20240525150833-768x576.jpg 768w, http:\/\/kouskeol.fr\/wp-content\/uploads\/2024\/06\/IMG20240525150833-1536x1152.jpg 1536w, http:\/\/kouskeol.fr\/wp-content\/uploads\/2024\/06\/IMG20240525150833-2048x1536.jpg 2048w\" sizes=\"auto, (max-width: 1024px) 100vw, 1024px\" \/><\/a><figcaption class=\"wp-element-caption\">Devant Peter&rsquo;s Caf\u00e9.<\/figcaption><\/figure>\n\n\n\n<figure class=\"wp-block-image size-large\"><a href=\"http:\/\/kouskeol.fr\/wp-content\/uploads\/2024\/06\/IMG_1080-scaled.jpg\"><img loading=\"lazy\" decoding=\"async\" width=\"1024\" height=\"683\" src=\"http:\/\/kouskeol.fr\/wp-content\/uploads\/2024\/06\/IMG_1080-1024x683.jpg\" alt=\"\" class=\"wp-image-6189\" srcset=\"http:\/\/kouskeol.fr\/wp-content\/uploads\/2024\/06\/IMG_1080-1024x683.jpg 1024w, http:\/\/kouskeol.fr\/wp-content\/uploads\/2024\/06\/IMG_1080-300x200.jpg 300w, http:\/\/kouskeol.fr\/wp-content\/uploads\/2024\/06\/IMG_1080-768x512.jpg 768w, http:\/\/kouskeol.fr\/wp-content\/uploads\/2024\/06\/IMG_1080-1536x1024.jpg 1536w, http:\/\/kouskeol.fr\/wp-content\/uploads\/2024\/06\/IMG_1080-2048x1365.jpg 2048w\" sizes=\"auto, (max-width: 1024px) 100vw, 1024px\" \/><\/a><figcaption class=\"wp-element-caption\">Le port de Horta. Les voiliers sont au fond \u00e0 droite&#8230;<\/figcaption><\/figure>\n\n\n\n<h3 class=\"wp-block-heading\">Mardi 27<\/h3>\n\n\n\n<p>Les escales, c\u2019est cool, mais il faut songer \u00e0 avancer si nous voulons \u00eatre \u00e0 Toulon autour de la mi-juin. Donc, nous larguons les amarres et mettons les voiles vers le port suivant&nbsp;: Ponta Delgada sur l\u2019\u00eele de Sao Miguel, \u00e0 un peu plus de 150 milles \u00e0 l\u2019est. 150 milles qui seront aval\u00e9s en 22 heures d\u2019une navigation plut\u00f4t tranquille.<\/p>\n\n\n\n<p>&#8212;&#8212;&#8212;&#8212;&#8212;&#8212;&#8212;&#8212;&#8212;&#8212;&#8212;&#8212;&#8212;<\/p>\n\n\n\n<p><a href=\"#sdfootnote1anc\" id=\"sdfootnote1sym\">1<\/a> Apr\u00e8s le repas de midi, c\u2019est dans la foul\u00e9e que celui du soir est discut\u00e9, bien \u00e9videmment&nbsp;!<\/p>\n\n\n\n<p><a href=\"#sdfootnote2anc\" id=\"sdfootnote2sym\">2<\/a> Qui se souvient encore des montres \u00e0 aiguilles&nbsp;? Bien s\u00fbr, pour faire p\u00e9dant, j\u2019aurais pu dire&nbsp;; sens trigonom\u00e9trique inverse\u2026 C\u2019est \u00e0 vous de voir.<\/p>\n\n\n\n<p><a href=\"#sdfootnote3anc\" id=\"sdfootnote3sym\">3<\/a> ETA&nbsp;: Expected Time of Arrival.<\/p>\n","protected":false},"excerpt":{"rendered":"<p>Mardi 7 mai 2024 Apr\u00e8s quelques retards dus principalement au manque de rigueur d\u2019un des membres de l\u2019\u00e9quipage qui avait oubli\u00e9 chez lui la carte SIM du t\u00e9l\u00e9phone Iridium du bord (le soi-disant capitaine qu\u2019on ne nommera pas ici pour ne pas trop en rajouter \u00e0 la honte extr\u00eame qui s\u2019est abattue sur lui), nous &hellip; <a href=\"http:\/\/kouskeol.fr\/?p=6167\" class=\"more-link\">Continuer la lecture de <span class=\"screen-reader-text\">Pointe \u00e0 Pitre &#8211; A\u00e7ores<\/span>  <span class=\"meta-nav\">&rarr;<\/span><\/a><\/p>\n","protected":false},"author":1,"featured_media":0,"comment_status":"open","ping_status":"open","sticky":false,"template":"","format":"standard","meta":{"ngg_post_thumbnail":0,"footnotes":""},"categories":[76,8],"tags":[],"class_list":["post-6167","post","type-post","status-publish","format-standard","hentry","category-acores","category-voyage"],"_links":{"self":[{"href":"http:\/\/kouskeol.fr\/index.php?rest_route=\/wp\/v2\/posts\/6167","targetHints":{"allow":["GET"]}}],"collection":[{"href":"http:\/\/kouskeol.fr\/index.php?rest_route=\/wp\/v2\/posts"}],"about":[{"href":"http:\/\/kouskeol.fr\/index.php?rest_route=\/wp\/v2\/types\/post"}],"author":[{"embeddable":true,"href":"http:\/\/kouskeol.fr\/index.php?rest_route=\/wp\/v2\/users\/1"}],"replies":[{"embeddable":true,"href":"http:\/\/kouskeol.fr\/index.php?rest_route=%2Fwp%2Fv2%2Fcomments&post=6167"}],"version-history":[{"count":5,"href":"http:\/\/kouskeol.fr\/index.php?rest_route=\/wp\/v2\/posts\/6167\/revisions"}],"predecessor-version":[{"id":6198,"href":"http:\/\/kouskeol.fr\/index.php?rest_route=\/wp\/v2\/posts\/6167\/revisions\/6198"}],"wp:attachment":[{"href":"http:\/\/kouskeol.fr\/index.php?rest_route=%2Fwp%2Fv2%2Fmedia&parent=6167"}],"wp:term":[{"taxonomy":"category","embeddable":true,"href":"http:\/\/kouskeol.fr\/index.php?rest_route=%2Fwp%2Fv2%2Fcategories&post=6167"},{"taxonomy":"post_tag","embeddable":true,"href":"http:\/\/kouskeol.fr\/index.php?rest_route=%2Fwp%2Fv2%2Ftags&post=6167"}],"curies":[{"name":"wp","href":"https:\/\/api.w.org\/{rel}","templated":true}]}}