{"id":768,"date":"2013-11-22T12:41:52","date_gmt":"2013-11-22T11:41:52","guid":{"rendered":"http:\/\/kouskeol.fr\/?p=768"},"modified":"2014-09-16T12:48:50","modified_gmt":"2014-09-16T11:48:50","slug":"de-salvador-a-angra-dos-reis","status":"publish","type":"post","link":"http:\/\/kouskeol.fr\/?p=768","title":{"rendered":"De Salvador \u00e0 Angra dos Reis"},"content":{"rendered":"<p>Nous partons le samedi 16 Novembre vers 14h, apr\u00e8s quelques courses, pour une premi\u00e8re \u00e9tape d&rsquo;environ 800 milles avant de laisser le bateau \u00e0 Buenos Aires pour No\u00ebl. Frank est de la partie et a rejoint Kousk Eol depuis la Californie. Une bonne recrue car c&rsquo;est un fin cuisinier !<\/p>\n<figure id=\"attachment_762\" aria-describedby=\"caption-attachment-762\" style=\"width: 300px\" class=\"wp-caption aligncenter\"><a href=\"http:\/\/kouskeol.fr\/wp-content\/uploads\/2013\/11\/ob_e8cdd4422da895985ae687a99d336022_cuisinne.jpg\" target=\"_blank\"><img loading=\"lazy\" decoding=\"async\" class=\"wp-image-762 size-medium\" src=\"http:\/\/kouskeol.fr\/wp-content\/uploads\/2013\/11\/ob_e8cdd4422da895985ae687a99d336022_cuisinne-300x222.jpg\" alt=\"ob_e8cdd4422da895985ae687a99d336022_cuisinne\" width=\"300\" height=\"222\" srcset=\"http:\/\/kouskeol.fr\/wp-content\/uploads\/2013\/11\/ob_e8cdd4422da895985ae687a99d336022_cuisinne-300x222.jpg 300w, http:\/\/kouskeol.fr\/wp-content\/uploads\/2013\/11\/ob_e8cdd4422da895985ae687a99d336022_cuisinne-600x444.jpg 600w, http:\/\/kouskeol.fr\/wp-content\/uploads\/2013\/11\/ob_e8cdd4422da895985ae687a99d336022_cuisinne.jpg 1010w\" sizes=\"auto, (max-width: 300px) 100vw, 300px\" \/><\/a><figcaption id=\"caption-attachment-762\" class=\"wp-caption-text\">Frank dans ses \u0153uvres.<\/figcaption><\/figure>\n<figure id=\"attachment_753\" aria-describedby=\"caption-attachment-753\" style=\"width: 300px\" class=\"wp-caption aligncenter\"><a href=\"http:\/\/kouskeol.fr\/wp-content\/uploads\/2013\/11\/ob_3242a0feac876f8b138125c0f97c5f94_arcenciel.jpg\" target=\"_blank\"><img loading=\"lazy\" decoding=\"async\" class=\"wp-image-753 size-medium\" src=\"http:\/\/kouskeol.fr\/wp-content\/uploads\/2013\/11\/ob_3242a0feac876f8b138125c0f97c5f94_arcenciel-300x218.jpg\" alt=\"ob_3242a0feac876f8b138125c0f97c5f94_arcenciel\" width=\"300\" height=\"218\" srcset=\"http:\/\/kouskeol.fr\/wp-content\/uploads\/2013\/11\/ob_3242a0feac876f8b138125c0f97c5f94_arcenciel-300x218.jpg 300w, http:\/\/kouskeol.fr\/wp-content\/uploads\/2013\/11\/ob_3242a0feac876f8b138125c0f97c5f94_arcenciel-600x436.jpg 600w, http:\/\/kouskeol.fr\/wp-content\/uploads\/2013\/11\/ob_3242a0feac876f8b138125c0f97c5f94_arcenciel.jpg 988w\" sizes=\"auto, (max-width: 300px) 100vw, 300px\" \/><\/a><figcaption id=\"caption-attachment-753\" class=\"wp-caption-text\">Juste apr\u00e8s un grain.<\/figcaption><\/figure>\n<figure id=\"attachment_765\" aria-describedby=\"caption-attachment-765\" style=\"width: 300px\" class=\"wp-caption aligncenter\"><a href=\"http:\/\/kouskeol.fr\/wp-content\/uploads\/2013\/11\/ob_f4dc972d1d5ee36b21c3ab0a453f6b8d_bananahammoc.jpg\" target=\"_blank\"><img loading=\"lazy\" decoding=\"async\" class=\"wp-image-765 size-medium\" src=\"http:\/\/kouskeol.fr\/wp-content\/uploads\/2013\/11\/ob_f4dc972d1d5ee36b21c3ab0a453f6b8d_bananahammoc-300x225.jpg\" alt=\"ob_f4dc972d1d5ee36b21c3ab0a453f6b8d_bananahammoc\" width=\"300\" height=\"225\" srcset=\"http:\/\/kouskeol.fr\/wp-content\/uploads\/2013\/11\/ob_f4dc972d1d5ee36b21c3ab0a453f6b8d_bananahammoc-300x225.jpg 300w, http:\/\/kouskeol.fr\/wp-content\/uploads\/2013\/11\/ob_f4dc972d1d5ee36b21c3ab0a453f6b8d_bananahammoc-600x450.jpg 600w, http:\/\/kouskeol.fr\/wp-content\/uploads\/2013\/11\/ob_f4dc972d1d5ee36b21c3ab0a453f6b8d_bananahammoc.jpg 1024w\" sizes=\"auto, (max-width: 300px) 100vw, 300px\" \/><\/a><figcaption id=\"caption-attachment-765\" class=\"wp-caption-text\">Le hamac \u00e0 bananes, synonyme de maillot Speedo en Californie!<\/figcaption><\/figure>\n<div class=\"ob-section ob-section-text\">\n<div class=\"ob-text\">\n<p>Henry devrait certainement avoir une explication. Et bien s\u00fbr, ne pas confondre avec le fil dentaire carioca !<\/p>\n<p>Un peu de stress au d\u00e9part : comment vont se comporter les r\u00e9parations, m\u00eame si nous avions d\u00e9j\u00e0 un peu test\u00e9 la quille . Mais tout se passe bien, et nous mettrons moins de cinq jours pour rejoindre Rio et l&rsquo;entr\u00e9e dans la baie de Guanabara, r\u00eav\u00e9e par beaucoup&#8230; Petite escale de quelques heures au mouillage d&rsquo;Urca, au pied du Pain de Sucre, sous le regard du Christ du Corcovado, pour attendre le bon moment pour repartir vers Angra dos Reis et arriver avec la mar\u00e9e.<\/p>\n<p><a href=\"http:\/\/kouskeol.fr\/wp-content\/uploads\/2013\/11\/ob_66f1e3e9367d40ba18093ffb98f1773b_entreerio.jpg\" target=\"_blank\"><img loading=\"lazy\" decoding=\"async\" class=\"alignnone wp-image-745 size-thumbnail\" src=\"http:\/\/kouskeol.fr\/wp-content\/uploads\/2013\/11\/ob_66f1e3e9367d40ba18093ffb98f1773b_entreerio-150x150.jpg\" alt=\"ob_66f1e3e9367d40ba18093ffb98f1773b_entreerio\" width=\"150\" height=\"150\" \/><\/a> <a href=\"http:\/\/kouskeol.fr\/wp-content\/uploads\/2013\/11\/ob_a79e375af617f9bf2a011f9219ec06e0_corcovado.jpg\" target=\"_blank\"><img loading=\"lazy\" decoding=\"async\" class=\"alignnone wp-image-755 size-thumbnail\" src=\"http:\/\/kouskeol.fr\/wp-content\/uploads\/2013\/11\/ob_a79e375af617f9bf2a011f9219ec06e0_corcovado-150x150.jpg\" alt=\"ob_a79e375af617f9bf2a011f9219ec06e0_corcovado\" width=\"150\" height=\"150\" \/><\/a><\/p>\n<div class=\"ob-section ob-section-images ob-layout2-1\">\n<p class=\"ob-desc\"><em>Entr\u00e9e dans <span style=\"text-decoration: underline;\">LA<\/span> baie.<\/em><\/p>\n<\/div>\n<div class=\"ob-section ob-section-text\">\n<div class=\"ob-text\">\n<p>La petite \u00e9tape (75 milles) entre Rio et Angra ne se d\u00e9roulera pas comme pr\u00e9vu : fort vent du Sud contrairement aux pr\u00e9visions m\u00e9t\u00e9o, heureusement passager et li\u00e9 \u00e0 un front orageux assez actif. De nuit avec les \u00e9clairs, c&rsquo;est assez impressionnant ! Et par dessus le march\u00e9, il faut slalomer entre les nombreux p\u00eacheurs, ce qui rend les quarts assez actifs \u2026<\/p>\n<figure id=\"attachment_738\" aria-describedby=\"caption-attachment-738\" style=\"width: 300px\" class=\"wp-caption aligncenter\"><a href=\"http:\/\/kouskeol.fr\/wp-content\/uploads\/2013\/11\/ob_0ee6c077012ea9127227a33cbcfe6863_copacabana-copie.jpg\" target=\"_blank\"><img loading=\"lazy\" decoding=\"async\" class=\"wp-image-738 size-medium\" src=\"http:\/\/kouskeol.fr\/wp-content\/uploads\/2013\/11\/ob_0ee6c077012ea9127227a33cbcfe6863_copacabana-copie-300x225.jpg\" alt=\"ob_0ee6c077012ea9127227a33cbcfe6863_copacabana-copie\" width=\"300\" height=\"225\" srcset=\"http:\/\/kouskeol.fr\/wp-content\/uploads\/2013\/11\/ob_0ee6c077012ea9127227a33cbcfe6863_copacabana-copie-300x225.jpg 300w, http:\/\/kouskeol.fr\/wp-content\/uploads\/2013\/11\/ob_0ee6c077012ea9127227a33cbcfe6863_copacabana-copie-600x450.jpg 600w, http:\/\/kouskeol.fr\/wp-content\/uploads\/2013\/11\/ob_0ee6c077012ea9127227a33cbcfe6863_copacabana-copie.jpg 1024w\" sizes=\"auto, (max-width: 300px) 100vw, 300px\" \/><\/a><figcaption id=\"caption-attachment-738\" class=\"wp-caption-text\">Devant Copacabana, en allant vers Angra dos Reis.<\/figcaption><\/figure>\n<div class=\"ob-section ob-section-text\">\n<div class=\"ob-text\">\n<p>Arriv\u00e9e \u00e0 Angra dos Reis vers 9h30 Vendredi 22 Novembre, apr\u00e8s une jolie navigation dans la baie d&rsquo;Ilha Grande : nous aurons tout l&rsquo;apr\u00e8s-midi pour faire les formalit\u00e9s de sortie du Br\u00e9sil, entre la Police F\u00e9d\u00e9rale pour l&rsquo;immigration, la Douane et la Capitainerie de la Marine qui enregistre tous les mouvements de navires.<\/p>\n<p>Et d\u00e9part vers Buenos Aires pr\u00e9vu demain.<\/p>\n<\/div>\n<\/div>\n<div class=\"ob-section ob-section-images ob-default\">\n<div class=\"ob-row-1-col\">\n<figure id=\"attachment_759\" aria-describedby=\"caption-attachment-759\" style=\"width: 300px\" class=\"wp-caption aligncenter\"><a href=\"http:\/\/kouskeol.fr\/wp-content\/uploads\/2013\/11\/ob_bbc2028878fdf094245d2cf9e6780de5_surpiseilhagrande.jpg\" target=\"_blank\"><img loading=\"lazy\" decoding=\"async\" class=\"wp-image-759 size-medium\" src=\"http:\/\/kouskeol.fr\/wp-content\/uploads\/2013\/11\/ob_bbc2028878fdf094245d2cf9e6780de5_surpiseilhagrande-300x223.jpg\" alt=\"ob_bbc2028878fdf094245d2cf9e6780de5_surpiseilhagrande\" width=\"300\" height=\"223\" srcset=\"http:\/\/kouskeol.fr\/wp-content\/uploads\/2013\/11\/ob_bbc2028878fdf094245d2cf9e6780de5_surpiseilhagrande-300x223.jpg 300w, http:\/\/kouskeol.fr\/wp-content\/uploads\/2013\/11\/ob_bbc2028878fdf094245d2cf9e6780de5_surpiseilhagrande-600x447.jpg 600w, http:\/\/kouskeol.fr\/wp-content\/uploads\/2013\/11\/ob_bbc2028878fdf094245d2cf9e6780de5_surpiseilhagrande.jpg 1016w\" sizes=\"auto, (max-width: 300px) 100vw, 300px\" \/><\/a><figcaption id=\"caption-attachment-759\" class=\"wp-caption-text\">Rencontre inattendue \u00e0 Ilha Grande.<\/figcaption><\/figure>\n<\/div>\n<\/div>\n<\/div>\n<\/div>\n<\/div>\n<\/div>\n","protected":false},"excerpt":{"rendered":"<p>Nous partons le samedi 16 Novembre vers 14h, apr\u00e8s quelques courses, pour une premi\u00e8re \u00e9tape d&rsquo;environ 800 milles avant de laisser le bateau \u00e0 Buenos Aires pour No\u00ebl. Frank est de la partie et a rejoint Kousk Eol depuis la Californie. Une bonne recrue car c&rsquo;est un fin cuisinier ! Henry devrait certainement avoir une &hellip; <a href=\"http:\/\/kouskeol.fr\/?p=768\" class=\"more-link\">Continuer la lecture de <span class=\"screen-reader-text\">De Salvador \u00e0 Angra dos Reis<\/span>  <span class=\"meta-nav\">&rarr;<\/span><\/a><\/p>\n","protected":false},"author":1,"featured_media":0,"comment_status":"open","ping_status":"open","sticky":false,"template":"","format":"standard","meta":{"ngg_post_thumbnail":0,"footnotes":""},"categories":[14,8],"tags":[],"class_list":["post-768","post","type-post","status-publish","format-standard","hentry","category-bresil","category-voyage"],"_links":{"self":[{"href":"http:\/\/kouskeol.fr\/index.php?rest_route=\/wp\/v2\/posts\/768","targetHints":{"allow":["GET"]}}],"collection":[{"href":"http:\/\/kouskeol.fr\/index.php?rest_route=\/wp\/v2\/posts"}],"about":[{"href":"http:\/\/kouskeol.fr\/index.php?rest_route=\/wp\/v2\/types\/post"}],"author":[{"embeddable":true,"href":"http:\/\/kouskeol.fr\/index.php?rest_route=\/wp\/v2\/users\/1"}],"replies":[{"embeddable":true,"href":"http:\/\/kouskeol.fr\/index.php?rest_route=%2Fwp%2Fv2%2Fcomments&post=768"}],"version-history":[{"count":1,"href":"http:\/\/kouskeol.fr\/index.php?rest_route=\/wp\/v2\/posts\/768\/revisions"}],"predecessor-version":[{"id":769,"href":"http:\/\/kouskeol.fr\/index.php?rest_route=\/wp\/v2\/posts\/768\/revisions\/769"}],"wp:attachment":[{"href":"http:\/\/kouskeol.fr\/index.php?rest_route=%2Fwp%2Fv2%2Fmedia&parent=768"}],"wp:term":[{"taxonomy":"category","embeddable":true,"href":"http:\/\/kouskeol.fr\/index.php?rest_route=%2Fwp%2Fv2%2Fcategories&post=768"},{"taxonomy":"post_tag","embeddable":true,"href":"http:\/\/kouskeol.fr\/index.php?rest_route=%2Fwp%2Fv2%2Ftags&post=768"}],"curies":[{"name":"wp","href":"https:\/\/api.w.org\/{rel}","templated":true}]}}