{"id":772,"date":"2013-11-15T12:54:56","date_gmt":"2013-11-15T11:54:56","guid":{"rendered":"http:\/\/kouskeol.fr\/?p=772"},"modified":"2014-09-16T12:56:56","modified_gmt":"2014-09-16T11:56:56","slug":"dernieres-nouvelles-de-salvador","status":"publish","type":"post","link":"http:\/\/kouskeol.fr\/?p=772","title":{"rendered":"Derni\u00e8res nouvelles de Salvador&#8230;"},"content":{"rendered":"<p><em><strong>13 novembre<\/strong><\/em> : la b\u00f4me arrive \u00e0 la marina \u00e0 18h ! Le moral remonte en fl\u00e8che !<\/p>\n<figure id=\"attachment_739\" aria-describedby=\"caption-attachment-739\" style=\"width: 300px\" class=\"wp-caption aligncenter\"><a href=\"http:\/\/kouskeol.fr\/wp-content\/uploads\/2013\/11\/ob_1e7c8d_kesansbomesouspelourinho.jpg\" target=\"_blank\"><img loading=\"lazy\" decoding=\"async\" class=\"wp-image-739 size-medium\" src=\"http:\/\/kouskeol.fr\/wp-content\/uploads\/2013\/11\/ob_1e7c8d_kesansbomesouspelourinho-300x225.jpg\" alt=\"ob_1e7c8d_kesansbomesouspelourinho\" width=\"300\" height=\"225\" srcset=\"http:\/\/kouskeol.fr\/wp-content\/uploads\/2013\/11\/ob_1e7c8d_kesansbomesouspelourinho-300x225.jpg 300w, http:\/\/kouskeol.fr\/wp-content\/uploads\/2013\/11\/ob_1e7c8d_kesansbomesouspelourinho-600x450.jpg 600w, http:\/\/kouskeol.fr\/wp-content\/uploads\/2013\/11\/ob_1e7c8d_kesansbomesouspelourinho.jpg 1024w\" sizes=\"auto, (max-width: 300px) 100vw, 300px\" \/><\/a><figcaption id=\"caption-attachment-739\" class=\"wp-caption-text\">Kousk Eol sans sa b\u00f4me, sous le Pelourinho<\/figcaption><\/figure>\n<div class=\"ob-section ob-section-text\">\n<div class=\"ob-text\">\n<p><em><strong>14 novembre <\/strong><\/em>: installation sur Kous Eol. Il faut \u00e9videmment quelques ajustements, qui prendrons jusqu&rsquo;\u00e0 20h30&#8230;<\/p>\n<p><em><strong>15 novembre <\/strong><\/em>: nous repla\u00e7ons la voile, les \u00e9coutes, les bosses de ris, le hale-bas, le lazy-bag,\u2026 Le bateau est pr\u00eat \u00e0 renaviguer en fin de matin\u00e9e. Et Frank arrive comme pr\u00e9vu pour faire un bout de chemin avec Kousk Eol.<\/p>\n<figure id=\"attachment_758\" aria-describedby=\"caption-attachment-758\" style=\"width: 300px\" class=\"wp-caption aligncenter\"><a href=\"http:\/\/kouskeol.fr\/wp-content\/uploads\/2013\/11\/ob_b5cbddfa0de7fe66cb9621a385a06b3b_keavecbome2.jpg\" target=\"_blank\"><img loading=\"lazy\" decoding=\"async\" class=\"wp-image-758 size-medium\" src=\"http:\/\/kouskeol.fr\/wp-content\/uploads\/2013\/11\/ob_b5cbddfa0de7fe66cb9621a385a06b3b_keavecbome2-300x225.jpg\" alt=\"ob_b5cbddfa0de7fe66cb9621a385a06b3b_keavecbome2\" width=\"300\" height=\"225\" srcset=\"http:\/\/kouskeol.fr\/wp-content\/uploads\/2013\/11\/ob_b5cbddfa0de7fe66cb9621a385a06b3b_keavecbome2-300x225.jpg 300w, http:\/\/kouskeol.fr\/wp-content\/uploads\/2013\/11\/ob_b5cbddfa0de7fe66cb9621a385a06b3b_keavecbome2-600x450.jpg 600w, http:\/\/kouskeol.fr\/wp-content\/uploads\/2013\/11\/ob_b5cbddfa0de7fe66cb9621a385a06b3b_keavecbome2.jpg 1024w\" sizes=\"auto, (max-width: 300px) 100vw, 300px\" \/><\/a><figcaption id=\"caption-attachment-758\" class=\"wp-caption-text\">Kousk Eol avec sa nouvelle b\u00f4me, pr\u00eat \u00e0 partir!<\/figcaption><\/figure>\n<\/div>\n<\/div>\n","protected":false},"excerpt":{"rendered":"<p>13 novembre : la b\u00f4me arrive \u00e0 la marina \u00e0 18h ! Le moral remonte en fl\u00e8che ! 14 novembre : installation sur Kous Eol. Il faut \u00e9videmment quelques ajustements, qui prendrons jusqu&rsquo;\u00e0 20h30&#8230; 15 novembre : nous repla\u00e7ons la voile, les \u00e9coutes, les bosses de ris, le hale-bas, le lazy-bag,\u2026 Le bateau est pr\u00eat &hellip; <a href=\"http:\/\/kouskeol.fr\/?p=772\" class=\"more-link\">Continuer la lecture de <span class=\"screen-reader-text\">Derni\u00e8res nouvelles de Salvador&#8230;<\/span>  <span class=\"meta-nav\">&rarr;<\/span><\/a><\/p>\n","protected":false},"author":1,"featured_media":0,"comment_status":"open","ping_status":"open","sticky":false,"template":"","format":"standard","meta":{"ngg_post_thumbnail":0,"footnotes":""},"categories":[14,8],"tags":[],"class_list":["post-772","post","type-post","status-publish","format-standard","hentry","category-bresil","category-voyage"],"_links":{"self":[{"href":"http:\/\/kouskeol.fr\/index.php?rest_route=\/wp\/v2\/posts\/772","targetHints":{"allow":["GET"]}}],"collection":[{"href":"http:\/\/kouskeol.fr\/index.php?rest_route=\/wp\/v2\/posts"}],"about":[{"href":"http:\/\/kouskeol.fr\/index.php?rest_route=\/wp\/v2\/types\/post"}],"author":[{"embeddable":true,"href":"http:\/\/kouskeol.fr\/index.php?rest_route=\/wp\/v2\/users\/1"}],"replies":[{"embeddable":true,"href":"http:\/\/kouskeol.fr\/index.php?rest_route=%2Fwp%2Fv2%2Fcomments&post=772"}],"version-history":[{"count":1,"href":"http:\/\/kouskeol.fr\/index.php?rest_route=\/wp\/v2\/posts\/772\/revisions"}],"predecessor-version":[{"id":773,"href":"http:\/\/kouskeol.fr\/index.php?rest_route=\/wp\/v2\/posts\/772\/revisions\/773"}],"wp:attachment":[{"href":"http:\/\/kouskeol.fr\/index.php?rest_route=%2Fwp%2Fv2%2Fmedia&parent=772"}],"wp:term":[{"taxonomy":"category","embeddable":true,"href":"http:\/\/kouskeol.fr\/index.php?rest_route=%2Fwp%2Fv2%2Fcategories&post=772"},{"taxonomy":"post_tag","embeddable":true,"href":"http:\/\/kouskeol.fr\/index.php?rest_route=%2Fwp%2Fv2%2Ftags&post=772"}],"curies":[{"name":"wp","href":"https:\/\/api.w.org\/{rel}","templated":true}]}}