{"id":774,"date":"2013-11-11T12:57:59","date_gmt":"2013-11-11T11:57:59","guid":{"rendered":"http:\/\/kouskeol.fr\/?p=774"},"modified":"2014-09-16T13:03:31","modified_gmt":"2014-09-16T12:03:31","slug":"7-11-novembre-2013-petite-croisiere-avec-henry","status":"publish","type":"post","link":"http:\/\/kouskeol.fr\/?p=774","title":{"rendered":"7-11 novembre 2013: petite croisi\u00e8re avec Henry."},"content":{"rendered":"<div class=\"ob-section ob-section-text\">\n<div class=\"ob-text\">\n<h4>7 novembre 2013<\/h4>\n<p>Apr\u00e8s mure r\u00e9flexion et moult discussions, nous prenons la d\u00e9cision d&rsquo;attendre la b\u00f4me \u00e0 Salvador : elle nous semble moins risqu\u00e9e qu&rsquo;une hypoth\u00e9tique livraison \u00e0 Rio o\u00f9 nous ne connaissons personne. Et nous n&rsquo;avons plus non plus la certitude que la b\u00f4me soit compl\u00e8te et pr\u00eate \u00e0 installer&#8230;<\/p>\n<p>\u00c9videmment, cette d\u00e9cision ne va pas dans le sens du r\u00eave d&rsquo; Henry d&rsquo;entrer sous voile dans la baie de Rio. Il d\u00e9cide donc de prendre l&rsquo;avion le 11 pour quand m\u00eame aller voir Copacabana et Ipanema, monter au Corcovado et sur le Pain de Sucre, et tenter de trouver un bateau, m\u00eame \u00e0 moteur, pour faire l&rsquo;entr\u00e9e de la baie&#8230;<\/p>\n<p>Et en attendant le 11, nous partons 3 jours faire un tour dans la Baie de Tous les Saints, et retournons mouiller devant Itaparica avant de remonter le <em>Rio Paragua\u00e7u<\/em>, sous g\u00e9nois seul.<\/p>\n<figure id=\"attachment_751\" aria-describedby=\"caption-attachment-751\" style=\"width: 300px\" class=\"wp-caption aligncenter\"><a href=\"http:\/\/kouskeol.fr\/wp-content\/uploads\/2013\/11\/ob_900a0f8f568fe4b5a4b5775cf512b025_rioparaguacuddhenry.jpg\" target=\"_blank\"><img loading=\"lazy\" decoding=\"async\" class=\"wp-image-751 size-medium\" src=\"http:\/\/kouskeol.fr\/wp-content\/uploads\/2013\/11\/ob_900a0f8f568fe4b5a4b5775cf512b025_rioparaguacuddhenry-300x225.jpg\" alt=\"ob_900a0f8f568fe4b5a4b5775cf512b025_rioparaguacuddhenry\" width=\"300\" height=\"225\" srcset=\"http:\/\/kouskeol.fr\/wp-content\/uploads\/2013\/11\/ob_900a0f8f568fe4b5a4b5775cf512b025_rioparaguacuddhenry-300x225.jpg 300w, http:\/\/kouskeol.fr\/wp-content\/uploads\/2013\/11\/ob_900a0f8f568fe4b5a4b5775cf512b025_rioparaguacuddhenry-600x450.jpg 600w, http:\/\/kouskeol.fr\/wp-content\/uploads\/2013\/11\/ob_900a0f8f568fe4b5a4b5775cf512b025_rioparaguacuddhenry.jpg 1024w\" sizes=\"auto, (max-width: 300px) 100vw, 300px\" \/><\/a><figcaption id=\"caption-attachment-751\" class=\"wp-caption-text\">Vers le Rio Paragua\u00e7u<\/figcaption><\/figure>\n<div class=\"ob-section ob-section-text\">\n<div class=\"ob-text\">\n<h4>Nouvelles dimensions en navigation<\/h4>\n<p>Et nous d\u00e9couvrons, DD et le Glaude, que nous avons encore beaucoup \u00e0 apprendre en mati\u00e8re de navigation : nous le savions d\u00e9j\u00e0, mais n&rsquo;avions aucune id\u00e9e d&rsquo;o\u00f9 allait nous mener le fait de faire de la voile avec un psychiatre, le m\u00e9tier d&rsquo; Henry&#8230; La m\u00e9t\u00e9o et l&rsquo;\u00e9tat de la mer ne sont que deux param\u00e8tres parmi d&rsquo;autres, d&rsquo;importance au moins \u00e9gale, dont nous, b\u00e9otiens ignares (le pl\u00e9onasme est de rigueur ici), ignorions jusqu&rsquo;\u00e0 l&rsquo;existence et le lexique revisit\u00e9 par le tenant du verbe psy!<\/p>\n<p>Le vent \u00e9tant favorable, Andr\u00e9 nous annonce : \u00ab Je vais mettre le Code D, le foc qui tue, mieux qu&rsquo;un spi ! \u00bb. Henry : \u00ab Ah oui, c&rsquo;est tr\u00e8s int\u00e9ressant : tu vas mettre le foc ? Tu peux nous en dire un peu plus ? Car il y a foc et phoque ! Tuer, mais qui tuer ? Mieux qu&rsquo;un Spi ?\u00a0\u00bb reprend notre bonhomme habitu\u00e9 \u00e0 touche psy-psy.<\/p>\n<p>Puis vient le moment de remonter l&#8217;embouchure du Rio Pargua\u00e7u. Henry \u00e0 la barre s&rsquo;entend dire par son mentor chef de bord : \u00ab Tu enfiles l&#8217;embouchure !\u00a0\u00bb \u00a0\u00bb Ah Oui, c&rsquo;est tr\u00e8s int\u00e9ressant ! Faut il le faire proprement ou au figur\u00e9 ?\u00a0\u00bb. C&rsquo;est l\u00e0 que notre discours marin prend une autre dimension jusque l\u00e0 tr\u00e8s concr\u00e8te \u00e9vitant de se perdre dans les m\u00e9andres interpr\u00e9tatives . Mais nous n&rsquo;en restions pas l\u00e0.<\/p>\n<p>Le vent nous pousse tranquillement au grand-largue : nous tangonons pour stabiliser le g\u00e9nois. Nous voyons Henry nous faire part de sa pens\u00e9e du moment orient\u00e9e par l&rsquo;objet en question : \u00abAndr\u00e9, je trouve que tu as un lien tr\u00e8s particuliers avec ce tangon mis en place avec une r\u00e9elle attention &#8230; A quoi penses-tu en ce moment brave marin ?\u00a0\u00bb. Nous n&rsquo;en avions pas fini, plaisantement.<\/p>\n<figure id=\"attachment_760\" aria-describedby=\"caption-attachment-760\" style=\"width: 300px\" class=\"wp-caption aligncenter\"><a href=\"http:\/\/kouskeol.fr\/wp-content\/uploads\/2013\/11\/ob_bc1a01b81b0a0ecf7b0e21815a2559e7_rioparguacutangon.jpg\" target=\"_blank\"><img loading=\"lazy\" decoding=\"async\" class=\"wp-image-760 size-medium\" src=\"http:\/\/kouskeol.fr\/wp-content\/uploads\/2013\/11\/ob_bc1a01b81b0a0ecf7b0e21815a2559e7_rioparguacutangon-300x224.jpg\" alt=\"ob_bc1a01b81b0a0ecf7b0e21815a2559e7_rioparguacutangon\" width=\"300\" height=\"224\" srcset=\"http:\/\/kouskeol.fr\/wp-content\/uploads\/2013\/11\/ob_bc1a01b81b0a0ecf7b0e21815a2559e7_rioparguacutangon-300x224.jpg 300w, http:\/\/kouskeol.fr\/wp-content\/uploads\/2013\/11\/ob_bc1a01b81b0a0ecf7b0e21815a2559e7_rioparguacutangon-600x448.jpg 600w, http:\/\/kouskeol.fr\/wp-content\/uploads\/2013\/11\/ob_bc1a01b81b0a0ecf7b0e21815a2559e7_rioparguacutangon.jpg 1020w\" sizes=\"auto, (max-width: 300px) 100vw, 300px\" \/><\/a><figcaption id=\"caption-attachment-760\" class=\"wp-caption-text\">DD fais gaffe: pas normale, cette fa\u00e7on de prendre le tangon!<\/figcaption><\/figure>\n<div class=\"ob-section ob-section-text\">\n<div class=\"ob-text\">\n<p>Henry : \u00ab Claude et Andr\u00e9, vous semblez aimer beaucoup la mer. Pouvez vous en dire autant de vos relations avec votre p\u00e8re ? Mais non je rigole \u00bb, clame le Riton !<\/p>\n<p>Et pourquoi Riton sur ce bord en cette mini croisi\u00e8re, \u00ab pour qu&rsquo;on en rit \u00bb, susurre Andr\u00e9. Henry et Claude s\u2019esclaffent de bon c\u0153ur.<\/p>\n<p>Au bout de quelques heures, nous n&rsquo;osions plus faire une man\u0153uvre candidement: nous nous rendions compte que nous avions encore \u00e9norm\u00e9ment \u00e0 apprendre avant de ma\u00eetriser sereinement et totalement les notions et le sens cach\u00e9 de nos navigations. Et nous nous surprenions m\u00eame \u00e0 nous jeter des coups d\u2019\u0153il bizarre&#8230;<\/p>\n<p>Heureusement, le <em>Rio Paragua\u00e7u<\/em> nous offre de magnifiques paysages, sereins, un mouillage tranquille sous le fortin de la <em>Ponta Salamina<\/em>. Et pour une fois une rivi\u00e8re digne de ce nom : large, profonde (plus de 25m), nous offrant calme, luxe et s\u00e9r\u00e9nit\u00e9 !<\/p>\n<p><a href=\"http:\/\/kouskeol.fr\/wp-content\/uploads\/2013\/11\/ob_b2db537a3233e4bec4563b341cadc313_rioparaguacu02.jpg\" target=\"_blank\"><img loading=\"lazy\" decoding=\"async\" class=\"alignnone wp-image-757 size-thumbnail\" src=\"http:\/\/kouskeol.fr\/wp-content\/uploads\/2013\/11\/ob_b2db537a3233e4bec4563b341cadc313_rioparaguacu02-150x150.jpg\" alt=\"ob_b2db537a3233e4bec4563b341cadc313_rioparaguacu02\" width=\"150\" height=\"150\" \/><\/a>\u00a0 <a href=\"http:\/\/kouskeol.fr\/wp-content\/uploads\/2013\/11\/ob_991e4b2a66c866eb6879c4d328758498_rioiguacuke.jpg\" target=\"_blank\"><img loading=\"lazy\" decoding=\"async\" class=\"alignnone wp-image-752 size-thumbnail\" src=\"http:\/\/kouskeol.fr\/wp-content\/uploads\/2013\/11\/ob_991e4b2a66c866eb6879c4d328758498_rioiguacuke-150x150.jpg\" alt=\"ob_991e4b2a66c866eb6879c4d328758498_rioiguacuke\" width=\"150\" height=\"150\" \/><\/a> <a href=\"http:\/\/kouskeol.fr\/wp-content\/uploads\/2013\/11\/ob_828ce97bc17934fe106375077b5204a8_rioparaguacu01.jpg\" target=\"_blank\"><img loading=\"lazy\" decoding=\"async\" class=\"alignnone wp-image-750 size-thumbnail\" src=\"http:\/\/kouskeol.fr\/wp-content\/uploads\/2013\/11\/ob_828ce97bc17934fe106375077b5204a8_rioparaguacu01-150x150.jpg\" alt=\"ob_828ce97bc17934fe106375077b5204a8_rioparaguacu01\" width=\"150\" height=\"150\" \/><\/a> <a href=\"http:\/\/kouskeol.fr\/wp-content\/uploads\/2013\/11\/ob_7a6462a144c020908f021b4fa8afbe14_rioparaguacufort.jpg\" target=\"_blank\"><img loading=\"lazy\" decoding=\"async\" class=\"alignnone wp-image-740 size-thumbnail\" src=\"http:\/\/kouskeol.fr\/wp-content\/uploads\/2013\/11\/ob_7a6462a144c020908f021b4fa8afbe14_rioparaguacufort-150x150.jpg\" alt=\"ob_7a6462a144c020908f021b4fa8afbe14_rioparaguacufort\" width=\"150\" height=\"150\" \/><\/a><a href=\"http:\/\/kouskeol.fr\/wp-content\/uploads\/2013\/11\/ob_a5feab2e7b4f3445536bec46c416d36f_rioparaguacu03.jpg\" target=\"_blank\"><img loading=\"lazy\" decoding=\"async\" class=\"alignnone wp-image-754 size-thumbnail\" src=\"http:\/\/kouskeol.fr\/wp-content\/uploads\/2013\/11\/ob_a5feab2e7b4f3445536bec46c416d36f_rioparaguacu03-150x150.jpg\" alt=\"ob_a5feab2e7b4f3445536bec46c416d36f_rioparaguacu03\" width=\"150\" height=\"150\" \/><\/a><\/p>\n<div class=\"ob-section ob-section-text\">\n<div class=\"ob-text\">\n<p>Puis c&rsquo;est le retour vers Salvador (encore!), de nouveau dans la petite marina du <em>Terminal Nautico<\/em>&#8230;<\/p>\n<h4>11 novembre<\/h4>\n<p>9h: Henry vient de partir pour Rio, et nous apprenons que la b\u00f4me est bien confirm\u00e9e pour le 13&#8230;<\/p>\n<\/div>\n<\/div>\n<\/div>\n<\/div>\n<\/div>\n<\/div>\n<\/div>\n<\/div>\n","protected":false},"excerpt":{"rendered":"<p>7 novembre 2013 Apr\u00e8s mure r\u00e9flexion et moult discussions, nous prenons la d\u00e9cision d&rsquo;attendre la b\u00f4me \u00e0 Salvador : elle nous semble moins risqu\u00e9e qu&rsquo;une hypoth\u00e9tique livraison \u00e0 Rio o\u00f9 nous ne connaissons personne. Et nous n&rsquo;avons plus non plus la certitude que la b\u00f4me soit compl\u00e8te et pr\u00eate \u00e0 installer&#8230; \u00c9videmment, cette d\u00e9cision ne &hellip; <a href=\"http:\/\/kouskeol.fr\/?p=774\" class=\"more-link\">Continuer la lecture de <span class=\"screen-reader-text\">7-11 novembre 2013: petite croisi\u00e8re avec Henry.<\/span>  <span class=\"meta-nav\">&rarr;<\/span><\/a><\/p>\n","protected":false},"author":1,"featured_media":0,"comment_status":"open","ping_status":"open","sticky":false,"template":"","format":"standard","meta":{"ngg_post_thumbnail":0,"footnotes":""},"categories":[14,8],"tags":[],"class_list":["post-774","post","type-post","status-publish","format-standard","hentry","category-bresil","category-voyage"],"_links":{"self":[{"href":"http:\/\/kouskeol.fr\/index.php?rest_route=\/wp\/v2\/posts\/774","targetHints":{"allow":["GET"]}}],"collection":[{"href":"http:\/\/kouskeol.fr\/index.php?rest_route=\/wp\/v2\/posts"}],"about":[{"href":"http:\/\/kouskeol.fr\/index.php?rest_route=\/wp\/v2\/types\/post"}],"author":[{"embeddable":true,"href":"http:\/\/kouskeol.fr\/index.php?rest_route=\/wp\/v2\/users\/1"}],"replies":[{"embeddable":true,"href":"http:\/\/kouskeol.fr\/index.php?rest_route=%2Fwp%2Fv2%2Fcomments&post=774"}],"version-history":[{"count":1,"href":"http:\/\/kouskeol.fr\/index.php?rest_route=\/wp\/v2\/posts\/774\/revisions"}],"predecessor-version":[{"id":775,"href":"http:\/\/kouskeol.fr\/index.php?rest_route=\/wp\/v2\/posts\/774\/revisions\/775"}],"wp:attachment":[{"href":"http:\/\/kouskeol.fr\/index.php?rest_route=%2Fwp%2Fv2%2Fmedia&parent=774"}],"wp:term":[{"taxonomy":"category","embeddable":true,"href":"http:\/\/kouskeol.fr\/index.php?rest_route=%2Fwp%2Fv2%2Fcategories&post=774"},{"taxonomy":"post_tag","embeddable":true,"href":"http:\/\/kouskeol.fr\/index.php?rest_route=%2Fwp%2Fv2%2Ftags&post=774"}],"curies":[{"name":"wp","href":"https:\/\/api.w.org\/{rel}","templated":true}]}}