{"id":776,"date":"2013-11-07T13:04:05","date_gmt":"2013-11-07T12:04:05","guid":{"rendered":"http:\/\/kouskeol.fr\/?p=776"},"modified":"2014-09-16T13:05:35","modified_gmt":"2014-09-16T12:05:35","slug":"de-retour-a-salvador","status":"publish","type":"post","link":"http:\/\/kouskeol.fr\/?p=776","title":{"rendered":"De retour \u00e0 Salvador&#8230;"},"content":{"rendered":"<div class=\"ob-section ob-section-text\">\n<div class=\"ob-text\">\n<p><strong>3 novembre 2013 :<\/strong> plus d&rsquo;un mois que nous sommes arriv\u00e9s au Br\u00e9sil, mais que Kousk Eol n&rsquo;a pas d\u00e9pass\u00e9 Salvador, du moins de fa\u00e7on durable&#8230;<\/p>\n<p>Entre temps, Henry, dont l&rsquo;exp\u00e9rience marine est pourtant vaste (Cap Horn, Pacifique, navigations sur Pen Duik 6 et Kriter, \u2026), nous rejoint pour un bout de chemin : son r\u00eave est l&rsquo;entr\u00e9e dans la baie de Rio qui manque \u00e0 son palmar\u00e8s ! Un compagnon id\u00e9al pour attendre l&rsquo;arriv\u00e9e de la b\u00f4me, et nous mettre un peu de baume au c\u0153ur en nous racontant la Sainte Beaume : un psychiatre, \u00e7a s&rsquo;y conna\u00eet en belles histoires !<\/p>\n<p>En effet, si les r\u00e9parations sur la quille ont pris du temps, elles sont termin\u00e9es : Kousk Eol est \u00e0 l&rsquo;eau, les fonds de cale secs et le mat de nouveau en place. Seule la b\u00f4me manque \u00e0 l&rsquo;appel pour permettre de repartir vers le Sud. Tous les jours, on nous annonce qu&rsquo;elle va arriver demain, qu&rsquo;elle est sur le camion depuis S\u00e3o Paulo, etc.<\/p>\n<\/div>\n<\/div>\n<div class=\"ob-section ob-section-text\">\n<div class=\"ob-text\">\n<p><strong>6 novembre :<\/strong> nouveau coup de massue&#8230; La b\u00f4me n&rsquo;arrivera pas avant le 13 novembre : il semble que le camion qui la transporte depuis la r\u00e9gion de S\u00e3o Paulo ait eu un accident&#8230; Les diff\u00e9rentes hypoth\u00e8ses pour la suite sont pass\u00e9es en revue : en effet, le calendrier tourne et le mou que nous avions pr\u00e9vu au d\u00e9part commence s\u00e9rieusement \u00e0 \u00eatre entam\u00e9 !<\/p>\n<ul>\n<li>La 1e option est d&rsquo;attendre la b\u00f4me \u00e0 Salvador : c&rsquo;est l&rsquo;option de s\u00e9curit\u00e9.<\/li>\n<li>La 2e option est de descendre sur Rio sous g\u00e9nois : la m\u00e9t\u00e9o est favorable et le vent portant pour les jours qui viennent. Et Kousk Eol marche tr\u00e8s bien sous g\u00e9nois. Mais il faut alors se faire livrer la b\u00f4me \u00e0 Rio, sans avoir une vraie garantie qu&rsquo;elle est compl\u00e8te et pr\u00eate \u00e0 \u00eatre install\u00e9e&#8230;<\/li>\n<\/ul>\n<p>D\u00e9cision demain : l&rsquo;\u00e9quipage est conscient de l&rsquo;intol\u00e9rable suspens cr\u00e9\u00e9 par la situation mais promet de publier une suite d\u00e8s que le moindre lumignon sera aper\u00e7u au bout du tunnel (apparemment, les tunnels ont la particularit\u00e9 d&rsquo;\u00eatre tr\u00e8s sombres au Br\u00e9sil.<\/p>\n<\/div>\n<\/div>\n","protected":false},"excerpt":{"rendered":"<p>3 novembre 2013 : plus d&rsquo;un mois que nous sommes arriv\u00e9s au Br\u00e9sil, mais que Kousk Eol n&rsquo;a pas d\u00e9pass\u00e9 Salvador, du moins de fa\u00e7on durable&#8230; Entre temps, Henry, dont l&rsquo;exp\u00e9rience marine est pourtant vaste (Cap Horn, Pacifique, navigations sur Pen Duik 6 et Kriter, \u2026), nous rejoint pour un bout de chemin : son &hellip; <a href=\"http:\/\/kouskeol.fr\/?p=776\" class=\"more-link\">Continuer la lecture de <span class=\"screen-reader-text\">De retour \u00e0 Salvador&#8230;<\/span>  <span class=\"meta-nav\">&rarr;<\/span><\/a><\/p>\n","protected":false},"author":1,"featured_media":0,"comment_status":"open","ping_status":"open","sticky":false,"template":"","format":"standard","meta":{"ngg_post_thumbnail":0,"footnotes":""},"categories":[14,8],"tags":[],"class_list":["post-776","post","type-post","status-publish","format-standard","hentry","category-bresil","category-voyage"],"_links":{"self":[{"href":"http:\/\/kouskeol.fr\/index.php?rest_route=\/wp\/v2\/posts\/776","targetHints":{"allow":["GET"]}}],"collection":[{"href":"http:\/\/kouskeol.fr\/index.php?rest_route=\/wp\/v2\/posts"}],"about":[{"href":"http:\/\/kouskeol.fr\/index.php?rest_route=\/wp\/v2\/types\/post"}],"author":[{"embeddable":true,"href":"http:\/\/kouskeol.fr\/index.php?rest_route=\/wp\/v2\/users\/1"}],"replies":[{"embeddable":true,"href":"http:\/\/kouskeol.fr\/index.php?rest_route=%2Fwp%2Fv2%2Fcomments&post=776"}],"version-history":[{"count":1,"href":"http:\/\/kouskeol.fr\/index.php?rest_route=\/wp\/v2\/posts\/776\/revisions"}],"predecessor-version":[{"id":777,"href":"http:\/\/kouskeol.fr\/index.php?rest_route=\/wp\/v2\/posts\/776\/revisions\/777"}],"wp:attachment":[{"href":"http:\/\/kouskeol.fr\/index.php?rest_route=%2Fwp%2Fv2%2Fmedia&parent=776"}],"wp:term":[{"taxonomy":"category","embeddable":true,"href":"http:\/\/kouskeol.fr\/index.php?rest_route=%2Fwp%2Fv2%2Fcategories&post=776"},{"taxonomy":"post_tag","embeddable":true,"href":"http:\/\/kouskeol.fr\/index.php?rest_route=%2Fwp%2Fv2%2Ftags&post=776"}],"curies":[{"name":"wp","href":"https:\/\/api.w.org\/{rel}","templated":true}]}}