{"id":816,"date":"2014-09-17T10:37:43","date_gmt":"2014-09-17T09:37:43","guid":{"rendered":"http:\/\/kouskeol.fr\/?p=816"},"modified":"2014-09-22T16:57:25","modified_gmt":"2014-09-22T15:57:25","slug":"video-la-traversee-de-latlantique-septembre-2013","status":"publish","type":"post","link":"http:\/\/kouskeol.fr\/?p=816","title":{"rendered":"Vid\u00e9o: la travers\u00e9e de l&rsquo;Atlantique (Aout-Septembre 2013)"},"content":{"rendered":"<p>Oui je sais, j&rsquo;y ai mis le temps&#8230;<\/p>\n<p>Mais voici une compilation sans mise en forme des bouts de vid\u00e9o pris durant la travers\u00e9e de Praia \u00e0 Salvador.<\/p>\n<figure class=\"wp-block-embed wp-block-embed-youtube is-type-video is-provider-youtube epyt-figure\"><div class=\"wp-block-embed__wrapper\"><iframe loading=\"lazy\"  style=\"display: block; margin: 0px auto;\"  id=\"_ytid_57947\"  width=\"474\" height=\"267\"  data-origwidth=\"474\" data-origheight=\"267\" src=\"https:\/\/www.youtube.com\/embed\/z7kgewBH_hc?enablejsapi=1&autoplay=0&cc_load_policy=0&cc_lang_pref=&iv_load_policy=1&loop=0&rel=0&fs=1&playsinline=0&autohide=2&theme=dark&color=red&controls=1&disablekb=0&\" class=\"__youtube_prefs__  no-lazyload\" title=\"YouTube player\"  allow=\"fullscreen; accelerometer; autoplay; clipboard-write; encrypted-media; gyroscope; picture-in-picture; web-share\" referrerpolicy=\"strict-origin-when-cross-origin\" allowfullscreen data-no-lazy=\"1\" data-skipgform_ajax_framebjll=\"\"><\/iframe><\/div><\/figure>\n","protected":false},"excerpt":{"rendered":"<p>Oui je sais, j&rsquo;y ai mis le temps&#8230; Mais voici une compilation sans mise en forme des bouts de vid\u00e9o pris durant la travers\u00e9e de Praia \u00e0 Salvador.<\/p>\n","protected":false},"author":1,"featured_media":0,"comment_status":"open","ping_status":"open","sticky":false,"template":"","format":"standard","meta":{"ngg_post_thumbnail":0,"footnotes":""},"categories":[13,8,40],"tags":[],"class_list":["post-816","post","type-post","status-publish","format-standard","hentry","category-atlantique-nord","category-voyage","category-videos"],"_links":{"self":[{"href":"http:\/\/kouskeol.fr\/index.php?rest_route=\/wp\/v2\/posts\/816","targetHints":{"allow":["GET"]}}],"collection":[{"href":"http:\/\/kouskeol.fr\/index.php?rest_route=\/wp\/v2\/posts"}],"about":[{"href":"http:\/\/kouskeol.fr\/index.php?rest_route=\/wp\/v2\/types\/post"}],"author":[{"embeddable":true,"href":"http:\/\/kouskeol.fr\/index.php?rest_route=\/wp\/v2\/users\/1"}],"replies":[{"embeddable":true,"href":"http:\/\/kouskeol.fr\/index.php?rest_route=%2Fwp%2Fv2%2Fcomments&post=816"}],"version-history":[{"count":4,"href":"http:\/\/kouskeol.fr\/index.php?rest_route=\/wp\/v2\/posts\/816\/revisions"}],"predecessor-version":[{"id":820,"href":"http:\/\/kouskeol.fr\/index.php?rest_route=\/wp\/v2\/posts\/816\/revisions\/820"}],"wp:attachment":[{"href":"http:\/\/kouskeol.fr\/index.php?rest_route=%2Fwp%2Fv2%2Fmedia&parent=816"}],"wp:term":[{"taxonomy":"category","embeddable":true,"href":"http:\/\/kouskeol.fr\/index.php?rest_route=%2Fwp%2Fv2%2Fcategories&post=816"},{"taxonomy":"post_tag","embeddable":true,"href":"http:\/\/kouskeol.fr\/index.php?rest_route=%2Fwp%2Fv2%2Ftags&post=816"}],"curies":[{"name":"wp","href":"https:\/\/api.w.org\/{rel}","templated":true}]}}