{"id":826,"date":"2013-10-16T12:07:15","date_gmt":"2013-10-16T11:07:15","guid":{"rendered":"http:\/\/kouskeol.fr\/?p=826"},"modified":"2014-09-18T12:10:06","modified_gmt":"2014-09-18T11:10:06","slug":"16-octobre-derniere-soiree-avec-william","status":"publish","type":"post","link":"http:\/\/kouskeol.fr\/?p=826","title":{"rendered":"16 Octobre : derni\u00e8re soir\u00e9e avec William"},"content":{"rendered":"<div class=\"ob-section ob-section-text\">\n<div class=\"ob-text\">\n<p>Ca y est : le bateau est enfin \u00e0 sec, pr\u00eat pour les r\u00e9parations, quille et b\u00f4me ! Il a fallu n\u00e9gocier dur avec la marina pour obtenir un cr\u00e9neau avec le travel-lift &#8230; Les travaux pour la quille vont prendre un peu plus de temps que pr\u00e9vu, car il faut refaire la stratification sur une des varangues.<\/p>\n<p>Les journ\u00e9es sont un peu longues : nous sommes coinc\u00e9s sur Kousk Eol, dans l&rsquo;enceinte de la zone \u00e0 sec, avec forte recommandation de ne pas quitter le bateau entre 23h et 8h (ils l\u00e2chent des chiens pour assurer la s\u00e9curit\u00e9 !). Et pour couronner le tout, il pleut \u00e0 longueur de journ\u00e9e &#8230; Ne cherchez pas le rapport avec la zone \u00e0 sec!<\/p>\n<\/div>\n<\/div>\n<div class=\"ob-section ob-section-images ob-default\">\n<div class=\"ob-row-1-col\">\n<figure id=\"attachment_792\" aria-describedby=\"caption-attachment-792\" style=\"width: 300px\" class=\"wp-caption aligncenter\"><a href=\"http:\/\/kouskeol.fr\/wp-content\/uploads\/2013\/11\/ob_64de02ad8464550e3b0d81c6841a9d8d_clau1099-1024x768.jpg\" target=\"_blank\"><img loading=\"lazy\" decoding=\"async\" class=\"wp-image-792 size-medium\" src=\"http:\/\/kouskeol.fr\/wp-content\/uploads\/2013\/11\/ob_64de02ad8464550e3b0d81c6841a9d8d_clau1099-1024x768-300x225.jpg\" alt=\"ob_64de02ad8464550e3b0d81c6841a9d8d_clau1099-1024x768\" width=\"300\" height=\"225\" srcset=\"http:\/\/kouskeol.fr\/wp-content\/uploads\/2013\/11\/ob_64de02ad8464550e3b0d81c6841a9d8d_clau1099-1024x768-300x225.jpg 300w, http:\/\/kouskeol.fr\/wp-content\/uploads\/2013\/11\/ob_64de02ad8464550e3b0d81c6841a9d8d_clau1099-1024x768-600x450.jpg 600w, http:\/\/kouskeol.fr\/wp-content\/uploads\/2013\/11\/ob_64de02ad8464550e3b0d81c6841a9d8d_clau1099-1024x768.jpg 1024w\" sizes=\"auto, (max-width: 300px) 100vw, 300px\" \/><\/a><figcaption id=\"caption-attachment-792\" class=\"wp-caption-text\">Kousk Eol pr\u00eat \u00e0 \u00eatre r\u00e9par\u00e9<\/figcaption><\/figure>\n<p>Ce soir est notre derni\u00e8re journ\u00e9e avec William : demain nous rejoignons MarieJo et Cathy \u00e0 Rio, en avion, avant de revenir r\u00e9cup\u00e9rer le bateau fin Octobre. William finit son s\u00e9jour au Br\u00e9sil avant de rentrer en France apr\u00e8s pratiquement un mois et demi sur Kousk Eol depuis le Cap Vert.<\/p>\n<figure id=\"attachment_791\" aria-describedby=\"caption-attachment-791\" style=\"width: 300px\" class=\"wp-caption aligncenter\"><a href=\"http:\/\/kouskeol.fr\/wp-content\/uploads\/2013\/11\/ob_7da74160833fa405515917e5e8997874_imgp1962-1024x576.jpg\" target=\"_blank\"><img loading=\"lazy\" decoding=\"async\" class=\"wp-image-791 size-medium\" src=\"http:\/\/kouskeol.fr\/wp-content\/uploads\/2013\/11\/ob_7da74160833fa405515917e5e8997874_imgp1962-1024x576-300x168.jpg\" alt=\"ob_7da74160833fa405515917e5e8997874_imgp1962-1024x576\" width=\"300\" height=\"168\" srcset=\"http:\/\/kouskeol.fr\/wp-content\/uploads\/2013\/11\/ob_7da74160833fa405515917e5e8997874_imgp1962-1024x576-300x168.jpg 300w, http:\/\/kouskeol.fr\/wp-content\/uploads\/2013\/11\/ob_7da74160833fa405515917e5e8997874_imgp1962-1024x576-600x337.jpg 600w, http:\/\/kouskeol.fr\/wp-content\/uploads\/2013\/11\/ob_7da74160833fa405515917e5e8997874_imgp1962-1024x576.jpg 1024w\" sizes=\"auto, (max-width: 300px) 100vw, 300px\" \/><\/a><figcaption id=\"caption-attachment-791\" class=\"wp-caption-text\">Derni\u00e8re soir\u00e9e avec William&#8230;<\/figcaption><\/figure>\n<\/div>\n<\/div>\n","protected":false},"excerpt":{"rendered":"<p>Ca y est : le bateau est enfin \u00e0 sec, pr\u00eat pour les r\u00e9parations, quille et b\u00f4me ! Il a fallu n\u00e9gocier dur avec la marina pour obtenir un cr\u00e9neau avec le travel-lift &#8230; Les travaux pour la quille vont prendre un peu plus de temps que pr\u00e9vu, car il faut refaire la stratification sur &hellip; <a href=\"http:\/\/kouskeol.fr\/?p=826\" class=\"more-link\">Continuer la lecture de <span class=\"screen-reader-text\">16 Octobre : derni\u00e8re soir\u00e9e avec William<\/span>  <span class=\"meta-nav\">&rarr;<\/span><\/a><\/p>\n","protected":false},"author":1,"featured_media":0,"comment_status":"open","ping_status":"open","sticky":false,"template":"","format":"standard","meta":{"ngg_post_thumbnail":0,"footnotes":""},"categories":[14,8],"tags":[],"class_list":["post-826","post","type-post","status-publish","format-standard","hentry","category-bresil","category-voyage"],"_links":{"self":[{"href":"http:\/\/kouskeol.fr\/index.php?rest_route=\/wp\/v2\/posts\/826","targetHints":{"allow":["GET"]}}],"collection":[{"href":"http:\/\/kouskeol.fr\/index.php?rest_route=\/wp\/v2\/posts"}],"about":[{"href":"http:\/\/kouskeol.fr\/index.php?rest_route=\/wp\/v2\/types\/post"}],"author":[{"embeddable":true,"href":"http:\/\/kouskeol.fr\/index.php?rest_route=\/wp\/v2\/users\/1"}],"replies":[{"embeddable":true,"href":"http:\/\/kouskeol.fr\/index.php?rest_route=%2Fwp%2Fv2%2Fcomments&post=826"}],"version-history":[{"count":1,"href":"http:\/\/kouskeol.fr\/index.php?rest_route=\/wp\/v2\/posts\/826\/revisions"}],"predecessor-version":[{"id":827,"href":"http:\/\/kouskeol.fr\/index.php?rest_route=\/wp\/v2\/posts\/826\/revisions\/827"}],"wp:attachment":[{"href":"http:\/\/kouskeol.fr\/index.php?rest_route=%2Fwp%2Fv2%2Fmedia&parent=826"}],"wp:term":[{"taxonomy":"category","embeddable":true,"href":"http:\/\/kouskeol.fr\/index.php?rest_route=%2Fwp%2Fv2%2Fcategories&post=826"},{"taxonomy":"post_tag","embeddable":true,"href":"http:\/\/kouskeol.fr\/index.php?rest_route=%2Fwp%2Fv2%2Ftags&post=826"}],"curies":[{"name":"wp","href":"https:\/\/api.w.org\/{rel}","templated":true}]}}