{"id":830,"date":"2013-10-06T12:14:09","date_gmt":"2013-10-06T11:14:09","guid":{"rendered":"http:\/\/kouskeol.fr\/?p=830"},"modified":"2014-09-18T12:31:00","modified_gmt":"2014-09-18T11:31:00","slug":"salvador-rio-1e-partie","status":"publish","type":"post","link":"http:\/\/kouskeol.fr\/?p=830","title":{"rendered":"Salvador-Rio 1e partie"},"content":{"rendered":"<p><strong>29 septembre-7 octobre 2013<\/strong><\/p>\n<h4><strong>Itaparica \u2013 29 septembre-1 octobre<\/strong><\/h4>\n<p>Nous quittons Salvador en d\u00e9but d&rsquo;apr\u00e8s-midi pour une tr\u00e8s courte \u00e9tape : Itaparica n&rsquo;est qu&rsquo;\u00e0 une douzaine de milles, dans la Baie de Tous Les Saints.<\/p>\n<p>Nous nous amarrerons \u00e0 un ponton de la minuscule marina : joli mouillage, tr\u00e8s tranquille et apparemment pris\u00e9. Une dizaine de voiliers de diverses nationalit\u00e9s sont \u00e0 l&rsquo;ancre devant le village.<\/p>\n<figure id=\"attachment_785\" aria-describedby=\"caption-attachment-785\" style=\"width: 300px\" class=\"wp-caption alignnone\"><a href=\"http:\/\/kouskeol.fr\/wp-content\/uploads\/2013\/11\/ob_ec0bd1aaed70e8c19d14a0072bd0bfa8_itaparica01.jpg\" target=\"_blank\"><img loading=\"lazy\" decoding=\"async\" class=\"wp-image-785 size-medium\" src=\"http:\/\/kouskeol.fr\/wp-content\/uploads\/2013\/11\/ob_ec0bd1aaed70e8c19d14a0072bd0bfa8_itaparica01-300x225.jpg\" alt=\"ob_ec0bd1aaed70e8c19d14a0072bd0bfa8_itaparica01\" width=\"300\" height=\"225\" srcset=\"http:\/\/kouskeol.fr\/wp-content\/uploads\/2013\/11\/ob_ec0bd1aaed70e8c19d14a0072bd0bfa8_itaparica01-300x225.jpg 300w, http:\/\/kouskeol.fr\/wp-content\/uploads\/2013\/11\/ob_ec0bd1aaed70e8c19d14a0072bd0bfa8_itaparica01-600x450.jpg 600w, http:\/\/kouskeol.fr\/wp-content\/uploads\/2013\/11\/ob_ec0bd1aaed70e8c19d14a0072bd0bfa8_itaparica01.jpg 1024w\" sizes=\"auto, (max-width: 300px) 100vw, 300px\" \/><\/a><figcaption id=\"caption-attachment-785\" class=\"wp-caption-text\">Kousk Eol \u00e0 Itaparica<\/figcaption><\/figure>\n<p>30 septembre : 3 mois d\u00e9j\u00e0 que nous sommes partis de Toulon&#8230; Et presque 5000 milles parcourus.<\/p>\n<p>Visite du village, un peu endormi, qui ne semble vivre qu&rsquo;au rythme du tourisme : de nombreuses navettes am\u00e8nent les visiteurs depuis Salvador en une heure.<\/p>\n<p>Une source d&rsquo;eau min\u00e9rale alimente le village : nous en profitons pour remplir nos r\u00e9servoirs, nous doucher et m\u00eame laver le pont ! Essayez un peu de faire \u00e7a \u00e0 l&rsquo;eau d&rsquo;Evian !<\/p>\n<p><a href=\"http:\/\/kouskeol.fr\/wp-content\/uploads\/2013\/11\/ob_3b384af3a595ceffb3900cfb96eb04f1_itaparica03.jpg\" target=\"_blank\"><img loading=\"lazy\" decoding=\"async\" class=\"alignnone wp-image-784 size-thumbnail\" src=\"http:\/\/kouskeol.fr\/wp-content\/uploads\/2013\/11\/ob_3b384af3a595ceffb3900cfb96eb04f1_itaparica03-150x150.jpg\" alt=\"ob_3b384af3a595ceffb3900cfb96eb04f1_itaparica03\" width=\"150\" height=\"150\" \/><\/a> <a href=\"http:\/\/kouskeol.fr\/wp-content\/uploads\/2013\/11\/ob_ef948e0ec2017bb8d5258639169732db_itaparica04.jpg\" target=\"_blank\"><img loading=\"lazy\" decoding=\"async\" class=\"alignnone wp-image-783 size-thumbnail\" src=\"http:\/\/kouskeol.fr\/wp-content\/uploads\/2013\/11\/ob_ef948e0ec2017bb8d5258639169732db_itaparica04-150x150.jpg\" alt=\"ob_ef948e0ec2017bb8d5258639169732db_itaparica04\" width=\"150\" height=\"150\" \/><\/a> <a href=\"http:\/\/kouskeol.fr\/wp-content\/uploads\/2013\/11\/ob_101a6737934e3fb1c307f5f98c588078_itaparica06.jpg\" target=\"_blank\"><img loading=\"lazy\" decoding=\"async\" class=\"alignnone wp-image-782 size-thumbnail\" src=\"http:\/\/kouskeol.fr\/wp-content\/uploads\/2013\/11\/ob_101a6737934e3fb1c307f5f98c588078_itaparica06-150x150.jpg\" alt=\"ob_101a6737934e3fb1c307f5f98c588078_itaparica06\" width=\"150\" height=\"150\" \/><\/a> <a href=\"http:\/\/kouskeol.fr\/wp-content\/uploads\/2013\/11\/ob_41f626cfdcf27110aae580c69c489b88_itaparica-fontedabica.jpg\" target=\"_blank\"><img loading=\"lazy\" decoding=\"async\" class=\"alignnone wp-image-781 size-thumbnail\" src=\"http:\/\/kouskeol.fr\/wp-content\/uploads\/2013\/11\/ob_41f626cfdcf27110aae580c69c489b88_itaparica-fontedabica-150x150.jpg\" alt=\"ob_41f626cfdcf27110aae580c69c489b88_itaparica-fontedabica\" width=\"150\" height=\"150\" \/><\/a><\/p>\n<div id=\"yui_3_5_0_1_1410962582122_464\" class=\"ob-section ob-section-images ob-layout4-3\">\n<p class=\"ob-desc\"><em>Itaparica<\/em><\/p>\n<\/div>\n<div class=\"ob-section ob-section-text\">\n<div class=\"ob-text\">\n<p>Nous rencontrons une famille australienne, partie \u00e0 4 depuis 3 ans et remontant doucement vers les Antilles puis la c\u00f4te Est des USA, apr\u00e8s pr\u00e8s de 6 mois au Br\u00e9sil : \u00e9changes de conseils, avis, histoires, &#8230;<\/p>\n<h4><strong>Morro de S\u00e3o Paolo \u2013 1-3 octobre<\/strong><\/h4>\n<p>Environ 45 milles de navigation par vent de travers 15 n\u0153uds : le bateau file \u00e0 environ 8 n\u0153uds sur une mer des plus calmes. Un r\u00e9gal.<\/p>\n<p>Soudain, une masse \u00e9norme bondit hors de l&rsquo;eau : des baleines ! A 200m du bateau, un groupe de baleines franches s&rsquo;\u00e9bat : sauts, nage sur le c\u00f4t\u00e9 avec la nageoire \u00e0 la verticale, plongeons avec effet de queue. La totale. Malheureusement, il faut arriver de jour au mouillage de Morro de S\u00e3o Paolo : l\u2019entr\u00e9e de la rivi\u00e8re n&rsquo;est pas bien balis\u00e9e et des bancs de sable encadrent l&#8217;embouchure. Donc nous n&rsquo;approcherons pas les baleines cette fois.<\/p>\n<p>Nous arrivons au mouillage juste avant la tomb\u00e9e du jour : Kousk Eol est le seul voilier&#8230; Mouillage tranquille devant de belles villas dans la v\u00e9g\u00e9tation dense. Et devinez quoi : le feu de mouillage ne fonctionne toujours pas, malgr\u00e9 la tentative de r\u00e9paration il y a quelques jours&#8230;<\/p>\n<figure id=\"attachment_860\" aria-describedby=\"caption-attachment-860\" style=\"width: 300px\" class=\"wp-caption aligncenter\"><a href=\"http:\/\/kouskeol.fr\/wp-content\/uploads\/2014\/09\/ob_be88de5ca76a0f44e56a715d5ac4d742_morro02.jpg\" target=\"_blank\"><img loading=\"lazy\" decoding=\"async\" class=\"wp-image-860 size-medium\" src=\"http:\/\/kouskeol.fr\/wp-content\/uploads\/2014\/09\/ob_be88de5ca76a0f44e56a715d5ac4d742_morro02-300x215.jpg\" alt=\"ob_be88de5ca76a0f44e56a715d5ac4d742_morro02\" width=\"300\" height=\"215\" srcset=\"http:\/\/kouskeol.fr\/wp-content\/uploads\/2014\/09\/ob_be88de5ca76a0f44e56a715d5ac4d742_morro02-300x215.jpg 300w, http:\/\/kouskeol.fr\/wp-content\/uploads\/2014\/09\/ob_be88de5ca76a0f44e56a715d5ac4d742_morro02-600x430.jpg 600w, http:\/\/kouskeol.fr\/wp-content\/uploads\/2014\/09\/ob_be88de5ca76a0f44e56a715d5ac4d742_morro02.jpg 978w\" sizes=\"auto, (max-width: 300px) 100vw, 300px\" \/><\/a><figcaption id=\"caption-attachment-860\" class=\"wp-caption-text\">Pseudo-\u00e9lectronicien essayant d\u00e9sesp\u00e9r\u00e9ment de rec\u00e2bler le feu de m\u00e2t de Kousk Eol<\/figcaption><\/figure>\n<p>Morro est un peu le Saint Tropez du coin : belles plages, restes historiques (fortin, phare). Les gens ais\u00e9s de Salvador viennent y passer les week-ends. On retrouve les m\u00eames petites rues avec boutiques de <del>merdes<\/del> souvenirs qu&rsquo;ailleurs dans le monde. Pas notre truc&#8230; Mais il faut reconna\u00eetre que l&rsquo;endroit a beaucoup de charme, avec ses successions de petites plages juste sous la v\u00e9g\u00e9tation qui est plut\u00f4t luxuriante.<\/p>\n<p><a href=\"http:\/\/kouskeol.fr\/wp-content\/uploads\/2014\/09\/ob_219715c23e0ca973607beea70569d17b_morro04.jpg\" target=\"_blank\"><img loading=\"lazy\" decoding=\"async\" class=\"alignnone wp-image-859 size-thumbnail\" src=\"http:\/\/kouskeol.fr\/wp-content\/uploads\/2014\/09\/ob_219715c23e0ca973607beea70569d17b_morro04-150x150.jpg\" alt=\"ob_219715c23e0ca973607beea70569d17b_morro04\" width=\"150\" height=\"150\" \/><\/a><a href=\"http:\/\/kouskeol.fr\/wp-content\/uploads\/2014\/09\/ob_70faa65ce3370f6ae203d67b56efb0ef_morro03.jpg\" target=\"_blank\"><img loading=\"lazy\" decoding=\"async\" class=\"alignnone wp-image-858 size-thumbnail\" src=\"http:\/\/kouskeol.fr\/wp-content\/uploads\/2014\/09\/ob_70faa65ce3370f6ae203d67b56efb0ef_morro03-150x150.jpg\" alt=\"ob_70faa65ce3370f6ae203d67b56efb0ef_morro03\" width=\"150\" height=\"150\" \/><\/a> <a href=\"http:\/\/kouskeol.fr\/wp-content\/uploads\/2014\/09\/ob_072afef9dce0f0d7c9dd7a05a5153a5d_morro05.jpg\" target=\"_blank\"><img loading=\"lazy\" decoding=\"async\" class=\"alignnone wp-image-857 size-thumbnail\" src=\"http:\/\/kouskeol.fr\/wp-content\/uploads\/2014\/09\/ob_072afef9dce0f0d7c9dd7a05a5153a5d_morro05-150x150.jpg\" alt=\"ob_072afef9dce0f0d7c9dd7a05a5153a5d_morro05\" width=\"150\" height=\"150\" \/><\/a><\/p>\n<div class=\"ob-section ob-section-images ob-layout3-1\">\n<p class=\"ob-desc\"><em>Morro de Sao Paolo<\/em><\/p>\n<\/div>\n<div class=\"ob-section ob-section-text\">\n<div class=\"ob-text\">\n<h4><strong>Bahia de Camamu \u2013 Ilha do Campinho \u2013 3-5 Octobre<\/strong><\/h4>\n<p>35 milles cette fois, qui d\u00e9butent sans vent&#8230; Essais infructueux avec le code D, mais m\u00eame lui a du mal \u00e0 nous d\u00e9haler&#8230; Petit coup de ris\u00e9e Volvo, et finalement le vent se l\u00e8ve : 15 n\u0153uds, c&rsquo;est pas pire !<\/p>\n<p>Et je vous le donne en mille, que voit-on \u00e0 l&rsquo;avant de Kousk Eol ? Hein ? Des baleines ! De nouveau ! Cette fois nous avons le temps et nous d\u00e9routons : spectacle impressionnant \u00e0 moins de 20 m\u00e8tres du bateau. \u00c7a fait brutalement grimper le prix de la journ\u00e9e \u00e0 bord de Kousk Eol&#8230; Plusieurs groupes se succ\u00e8dent pour ne pas faire tomber l&rsquo;attention (ni la tension) : sauts, souffles, plongeons queue en l&rsquo;air, etc. Tout le savoir faire de la baleine franche est pass\u00e9 en revue.<\/p>\n<p><a href=\"http:\/\/kouskeol.fr\/wp-content\/uploads\/2014\/09\/ob_0808330d2e57b3d6d49ee089639467ce_camamub3.jpg\" target=\"_blank\"><img loading=\"lazy\" decoding=\"async\" class=\"alignnone wp-image-856 size-thumbnail\" src=\"http:\/\/kouskeol.fr\/wp-content\/uploads\/2014\/09\/ob_0808330d2e57b3d6d49ee089639467ce_camamub3-150x150.jpg\" alt=\"ob_0808330d2e57b3d6d49ee089639467ce_camamub3\" width=\"150\" height=\"150\" \/><\/a> <a href=\"http:\/\/kouskeol.fr\/wp-content\/uploads\/2014\/09\/ob_5208a869d414fae24e436f1e8bf7d537_camamub1.jpg\" target=\"_blank\"><img loading=\"lazy\" decoding=\"async\" class=\"alignnone wp-image-855 size-thumbnail\" src=\"http:\/\/kouskeol.fr\/wp-content\/uploads\/2014\/09\/ob_5208a869d414fae24e436f1e8bf7d537_camamub1-150x150.jpg\" alt=\"ob_5208a869d414fae24e436f1e8bf7d537_camamub1\" width=\"150\" height=\"150\" \/><\/a><\/p>\n<p><em>Des baleines&#8230;<\/em><\/p>\n<figure id=\"attachment_854\" aria-describedby=\"caption-attachment-854\" style=\"width: 300px\" class=\"wp-caption aligncenter\"><a href=\"http:\/\/kouskeol.fr\/wp-content\/uploads\/2014\/09\/ob_befb3794ec084fbc438a4d4df97715bf_camamu00.jpg\" target=\"_blank\"><img loading=\"lazy\" decoding=\"async\" class=\"wp-image-854 size-medium\" src=\"http:\/\/kouskeol.fr\/wp-content\/uploads\/2014\/09\/ob_befb3794ec084fbc438a4d4df97715bf_camamu00-300x198.jpg\" alt=\"ob_befb3794ec084fbc438a4d4df97715bf_camamu00\" width=\"300\" height=\"198\" srcset=\"http:\/\/kouskeol.fr\/wp-content\/uploads\/2014\/09\/ob_befb3794ec084fbc438a4d4df97715bf_camamu00-300x198.jpg 300w, http:\/\/kouskeol.fr\/wp-content\/uploads\/2014\/09\/ob_befb3794ec084fbc438a4d4df97715bf_camamu00-600x397.jpg 600w, http:\/\/kouskeol.fr\/wp-content\/uploads\/2014\/09\/ob_befb3794ec084fbc438a4d4df97715bf_camamu00.jpg 1024w\" sizes=\"auto, (max-width: 300px) 100vw, 300px\" \/><\/a><figcaption id=\"caption-attachment-854\" class=\"wp-caption-text\">Le DD qui cache mal sa joie&#8230;<\/figcaption><\/figure>\n<p><a href=\"http:\/\/kouskeol.fr\/wp-content\/uploads\/2014\/09\/ob_ad865052e7e62ac1de6e1d96fc211d19_camamub2.jpg\" target=\"_blank\"><img loading=\"lazy\" decoding=\"async\" class=\"alignnone wp-image-853 size-thumbnail\" src=\"http:\/\/kouskeol.fr\/wp-content\/uploads\/2014\/09\/ob_ad865052e7e62ac1de6e1d96fc211d19_camamub2-150x150.jpg\" alt=\"ob_ad865052e7e62ac1de6e1d96fc211d19_camamub2\" width=\"150\" height=\"150\" \/><\/a> <a href=\"http:\/\/kouskeol.fr\/wp-content\/uploads\/2014\/09\/ob_2c60698c598fba57714bc0f07912efcd_camamub4.jpg\" target=\"_blank\"><img loading=\"lazy\" decoding=\"async\" class=\"alignnone wp-image-852 size-thumbnail\" src=\"http:\/\/kouskeol.fr\/wp-content\/uploads\/2014\/09\/ob_2c60698c598fba57714bc0f07912efcd_camamub4-150x150.jpg\" alt=\"ob_2c60698c598fba57714bc0f07912efcd_camamub4\" width=\"150\" height=\"150\" \/><\/a><\/p>\n<p><em>Ah ben \u00e7a alors: encore des baleines! (photos \u00e0 IL \u00e9lev\u00e9)<\/em><\/p>\n<div class=\"ob-section ob-section-text\">\n<div class=\"ob-text\">\n<p><em><strong>Note <\/strong>:<\/em><\/p>\n<p><em>L&rsquo; \u00ab<strong> IL <\/strong>\u00bb, ou <strong>I<\/strong>ndice <strong>L<\/strong>acrymom\u00e9trique de Steph-Claude, est une mesure objective de la facult\u00e9 qu&rsquo;a une photo \u00e0 faire pleurer les coll\u00e8gues de travail malheureusement rest\u00e9s \u00e0 leur bureau (c&rsquo;est ballot) lorsque la photo a \u00e9t\u00e9 prise. <strong>IL1<\/strong> correspond \u00e0 un faible indice (photo que l&rsquo;on peut ais\u00e9ment commenter d&rsquo;un \u00ab Bof ! \u00bb, et ne sollicitant pas ou tr\u00e8s peu les canaux lacrymog\u00e8nes.), alors qu&rsquo;avant de regarder une photo d&rsquo;indice <strong>IL5<\/strong> il est souhaitable de ranger ses dossiers et de mettre son clavier de PC \u00e0 l&rsquo;abri.<\/em><\/p>\n<\/div>\n<\/div>\n<div class=\"ob-section ob-section-text\">\n<div class=\"ob-text\">\n<p>Puis, faute de baleines, qui ont d\u00fb se lasser de nous amuser pour des prunes, nous continuons notre route, et entrons bient\u00f4t dans la baie de Camamu : navigation prudente entre les haut-fonds, pour finalement rejoindre un tr\u00e8s joli mouillage sur l&rsquo;Ilha do Campinho, o\u00f9 deux autres voiliers semblent nous attendre. Quelques maisons un peu d\u00e9cr\u00e9pies forment le village, que nous sommes seuls \u00e0 visiter&#8230; Quelques <em>pousadas ,<\/em> qui accueillent les touristes, bordent la plage, toutes avec leur ponton privatif. Mais toutes sont ferm\u00e9es ! Camamu doit \u00eatre le seul endroit au Br\u00e9sil o\u00f9 il est impossible de boire une ca\u00efpirinha&#8230;<\/p>\n<\/div>\n<\/div>\n<p><a href=\"http:\/\/kouskeol.fr\/wp-content\/uploads\/2014\/09\/ob_14b8018b5e4647b1fc84a3d1fb662d07_camamu03.jpg\" target=\"_blank\"><img loading=\"lazy\" decoding=\"async\" class=\"alignnone wp-image-851 size-thumbnail\" src=\"http:\/\/kouskeol.fr\/wp-content\/uploads\/2014\/09\/ob_14b8018b5e4647b1fc84a3d1fb662d07_camamu03-150x150.jpg\" alt=\"ob_14b8018b5e4647b1fc84a3d1fb662d07_camamu03\" width=\"150\" height=\"150\" \/><\/a> <a href=\"http:\/\/kouskeol.fr\/wp-content\/uploads\/2014\/09\/ob_0d1aa6d260d105441b61dde73ef868db_camamu02.jpg\" target=\"_blank\"><img loading=\"lazy\" decoding=\"async\" class=\"alignnone wp-image-850 size-thumbnail\" src=\"http:\/\/kouskeol.fr\/wp-content\/uploads\/2014\/09\/ob_0d1aa6d260d105441b61dde73ef868db_camamu02-150x150.jpg\" alt=\"ob_0d1aa6d260d105441b61dde73ef868db_camamu02\" width=\"150\" height=\"150\" \/><\/a> <a href=\"http:\/\/kouskeol.fr\/wp-content\/uploads\/2014\/09\/ob_109ad8e4c63f25ec53fdb1fa9b0db05a_camamu01.jpg\" target=\"_blank\"><img loading=\"lazy\" decoding=\"async\" class=\"alignnone wp-image-849 size-thumbnail\" src=\"http:\/\/kouskeol.fr\/wp-content\/uploads\/2014\/09\/ob_109ad8e4c63f25ec53fdb1fa9b0db05a_camamu01-150x150.jpg\" alt=\"ob_109ad8e4c63f25ec53fdb1fa9b0db05a_camamu01\" width=\"150\" height=\"150\" \/><\/a><\/p>\n<div class=\"ob-section ob-section-images ob-layout3-2\">\n<p class=\"ob-desc\"><em>Mouillage \u00e0 Camamu<\/em><\/p>\n<\/div>\n<div class=\"ob-section ob-section-text\">\n<div class=\"ob-text\">\n<h4><strong>Itacare -Ilheus\u2013 5-7 Octobre<\/strong><\/h4>\n<p>Nous quittons le mouillage de Camamu avec la mar\u00e9e descendante : plus de 3 n\u0153uds de courant nous emportent vers l&#8217;embouchure du rio, vers la houle que nous prenons de face et qui va nous brasser pendant une bonne heure. La poulie de b\u00f4me du hale-bas n&rsquo;y r\u00e9sistera pas&#8230;<\/p>\n<p>Petite frayeur au passage provoqu\u00e9e une brusque remont\u00e9e des fonds de 7 \u00e0 3 m, non signal\u00e9e sur notre carte pourtant tr\u00e8s d\u00e9taill\u00e9e : sans doute un banc de sable itin\u00e9rant ?<\/p>\n<p>Sinon, navigation tranquille jusqu\u2019\u00e0 Itacare \u00e0 moins de 40 milles, au grand largue, le long de plages interminables bord\u00e9es de cocotiers sur fond de relief peu \u00e9lev\u00e9. Et les poissons volants ont tent\u00e9 de remplacer les baleines aujourd&rsquo;hui : m\u00eame s&rsquo;ils planent un peu mieux, il faut reconna\u00eetre que le spectacle est moins impressionnant!<\/p>\n<p>L&rsquo;entr\u00e9e du rio das Contas, devant Itacare, demande lui aussi de l&rsquo;attention : nous visons la mi-mar\u00e9e montante pour nous engager car il y aura \u00e0 peine plus de 1m de fond sous la quille par endroits&#8230; Et la carte est loin de fournir beaucoup de d\u00e9tails : c&rsquo;est le guide des mouillages du Br\u00e9sil qui prend le relais.<\/p>\n<p><strong>13h :<\/strong> on se pr\u00e9sente dans la passe. 6m, 4m, puis 3,5m&#8230; Petite soustraction : sachant que Kousk Eol a un tirant d&rsquo;eau de 2,5m, combien reste-il sous la quille ? Demi tour fissa&#8230;<\/p>\n<p>Et donc bye bye Itacare et nouvelle direction : Ilheus, \u00e0 une trentaine de milles plus au Sud&#8230; On devrait arriver juste \u00e0 la nuit tombante.<\/p>\n<p>Grand largue de nouveau, pratiquement 8 n\u0153uds, quelques dauphins et une baleine qui viennent nous saluer, et nous arrivons devant le port d&rsquo;Ilheus vers 18h30, juste apr\u00e8s le coucher du soleil. Nous mouillons \u00e0 l&rsquo;entr\u00e9e du petit port de p\u00eache pour la nuit. Et d\u00e9couvrons le matin qu&rsquo;il n&rsquo;y a plus de petit port de p\u00eache !<\/p>\n<p>Premi\u00e8re le\u00e7on : notre guide date de 2009 et les choses semblent bouger vite au Br\u00e9sil !<\/p>\n<p>Et demain nous continuons notre descente vers Rio, encore 630 milles, mais moins d&rsquo;escales.<\/p>\n<p>Suite au prochain num\u00e9ro !<\/p>\n<\/div>\n<\/div>\n<\/div>\n<\/div>\n<\/div>\n<\/div>\n","protected":false},"excerpt":{"rendered":"<p>29 septembre-7 octobre 2013 Itaparica \u2013 29 septembre-1 octobre Nous quittons Salvador en d\u00e9but d&rsquo;apr\u00e8s-midi pour une tr\u00e8s courte \u00e9tape : Itaparica n&rsquo;est qu&rsquo;\u00e0 une douzaine de milles, dans la Baie de Tous Les Saints. Nous nous amarrerons \u00e0 un ponton de la minuscule marina : joli mouillage, tr\u00e8s tranquille et apparemment pris\u00e9. Une dizaine &hellip; <a href=\"http:\/\/kouskeol.fr\/?p=830\" class=\"more-link\">Continuer la lecture de <span class=\"screen-reader-text\">Salvador-Rio 1e partie<\/span>  <span class=\"meta-nav\">&rarr;<\/span><\/a><\/p>\n","protected":false},"author":1,"featured_media":0,"comment_status":"open","ping_status":"open","sticky":false,"template":"","format":"standard","meta":{"ngg_post_thumbnail":0,"footnotes":""},"categories":[14,8],"tags":[],"class_list":["post-830","post","type-post","status-publish","format-standard","hentry","category-bresil","category-voyage"],"_links":{"self":[{"href":"http:\/\/kouskeol.fr\/index.php?rest_route=\/wp\/v2\/posts\/830","targetHints":{"allow":["GET"]}}],"collection":[{"href":"http:\/\/kouskeol.fr\/index.php?rest_route=\/wp\/v2\/posts"}],"about":[{"href":"http:\/\/kouskeol.fr\/index.php?rest_route=\/wp\/v2\/types\/post"}],"author":[{"embeddable":true,"href":"http:\/\/kouskeol.fr\/index.php?rest_route=\/wp\/v2\/users\/1"}],"replies":[{"embeddable":true,"href":"http:\/\/kouskeol.fr\/index.php?rest_route=%2Fwp%2Fv2%2Fcomments&post=830"}],"version-history":[{"count":1,"href":"http:\/\/kouskeol.fr\/index.php?rest_route=\/wp\/v2\/posts\/830\/revisions"}],"predecessor-version":[{"id":861,"href":"http:\/\/kouskeol.fr\/index.php?rest_route=\/wp\/v2\/posts\/830\/revisions\/861"}],"wp:attachment":[{"href":"http:\/\/kouskeol.fr\/index.php?rest_route=%2Fwp%2Fv2%2Fmedia&parent=830"}],"wp:term":[{"taxonomy":"category","embeddable":true,"href":"http:\/\/kouskeol.fr\/index.php?rest_route=%2Fwp%2Fv2%2Fcategories&post=830"},{"taxonomy":"post_tag","embeddable":true,"href":"http:\/\/kouskeol.fr\/index.php?rest_route=%2Fwp%2Fv2%2Ftags&post=830"}],"curies":[{"name":"wp","href":"https:\/\/api.w.org\/{rel}","templated":true}]}}