{"id":862,"date":"2013-09-28T12:31:07","date_gmt":"2013-09-28T11:31:07","guid":{"rendered":"http:\/\/kouskeol.fr\/?p=862"},"modified":"2014-09-18T12:36:12","modified_gmt":"2014-09-18T11:36:12","slug":"salvador-22-29-septembre-2013","status":"publish","type":"post","link":"http:\/\/kouskeol.fr\/?p=862","title":{"rendered":"Salvador &#8211; 22-29 Septembre 2013"},"content":{"rendered":"<p>Kousk Eol est au ponton de la marina du <em>Terminal Nautico<\/em>. Peut-\u00eatre pas la plus belle marina de Salvador, mais tr\u00e8s pratique par sa position \u00e0 c\u00f4t\u00e9 de l&rsquo;ascenseur Lacerdo qui m\u00e8ne au Pelourinho qui nous domine, le vieux quartier de Salvador, class\u00e9 au patrimoine mondial de l&rsquo;UNESCO.<\/p>\n<p><a href=\"http:\/\/kouskeol.fr\/wp-content\/uploads\/2014\/09\/ob_ef8213e0402b63273c1afc85d1295fab_clau0966-1024x768.jpg\" target=\"_blank\"><img loading=\"lazy\" decoding=\"async\" class=\"alignnone wp-image-848 size-thumbnail\" src=\"http:\/\/kouskeol.fr\/wp-content\/uploads\/2014\/09\/ob_ef8213e0402b63273c1afc85d1295fab_clau0966-1024x768-150x150.jpg\" alt=\"ob_ef8213e0402b63273c1afc85d1295fab_clau0966-1024x768\" width=\"150\" height=\"150\" \/><\/a> <a href=\"http:\/\/kouskeol.fr\/wp-content\/uploads\/2014\/09\/ob_654af42007a9f1b3edc522611e253c70_clau0956-1024x768.jpg\" target=\"_blank\"><img loading=\"lazy\" decoding=\"async\" class=\"alignnone wp-image-847 size-thumbnail\" src=\"http:\/\/kouskeol.fr\/wp-content\/uploads\/2014\/09\/ob_654af42007a9f1b3edc522611e253c70_clau0956-1024x768-150x150.jpg\" alt=\"ob_654af42007a9f1b3edc522611e253c70_clau0956-1024x768\" width=\"150\" height=\"150\" \/><\/a><\/p>\n<div class=\"ob-section ob-section-images ob-layout2-1\">\n<p class=\"ob-desc\"><em>La marina du Terminal Nautico et le Lacerdo<\/em><\/p>\n<\/div>\n<div class=\"ob-section ob-section-text\">\n<div class=\"ob-text\">\n<p>L&rsquo;accueil dans la marina est tr\u00e8s chaleureux, avec un \u00ab capitaine \u00bb parlant un peu de fran\u00e7ais et d&rsquo;anglais. Les d\u00e9marches administratives (immigration, douane, affaires maritimes) ressemblent au parcours du combattant, mais se d\u00e9roulent dans une atmosph\u00e8re bon enfant : il faut dire que certains services s&rsquo;informatisent, avec d\u00e9clarations sur le web, mais tous les fonctionnaires n&rsquo;ont pas encore pris la mesure de ces changements \u2026 Ainsi il faudra 3 allers-retours entre le bateau et la douane, sur le port marchand, pour finalement \u00eatre en r\u00e8gle. Chose curieuse pour des touristes comme nous : pas un go\u00e9land sur le port , uniquement des pigeons&#8230;<\/p>\n<p><a href=\"http:\/\/kouskeol.fr\/wp-content\/uploads\/2014\/09\/ob_40da637eaed18b4c277c01fc4b83289c_clau0948-1024x768.jpg\" target=\"_blank\"><img loading=\"lazy\" decoding=\"async\" class=\"alignnone wp-image-846 size-thumbnail\" src=\"http:\/\/kouskeol.fr\/wp-content\/uploads\/2014\/09\/ob_40da637eaed18b4c277c01fc4b83289c_clau0948-1024x768-150x150.jpg\" alt=\"ob_40da637eaed18b4c277c01fc4b83289c_clau0948-1024x768\" width=\"150\" height=\"150\" \/><\/a> <a href=\"http:\/\/kouskeol.fr\/wp-content\/uploads\/2014\/09\/ob_a8ce6bf2eacee4f82a2c6f9ebdba2ca1_clau0962-1024x768.jpg\" target=\"_blank\"><img loading=\"lazy\" decoding=\"async\" class=\"alignnone wp-image-845 size-thumbnail\" src=\"http:\/\/kouskeol.fr\/wp-content\/uploads\/2014\/09\/ob_a8ce6bf2eacee4f82a2c6f9ebdba2ca1_clau0962-1024x768-150x150.jpg\" alt=\"ob_a8ce6bf2eacee4f82a2c6f9ebdba2ca1_clau0962-1024x768\" width=\"150\" height=\"150\" \/><\/a><\/p>\n<div class=\"ob-section ob-section-images ob-layout2-1\">\n<p class=\"ob-desc\"><em>Pigeons marins? Et apr\u00e8s trop de samba il faut bien r\u00e9cup\u00e9rer&#8230;<\/em><\/p>\n<\/div>\n<div class=\"ob-section ob-section-text\">\n<div class=\"ob-text\">\n<p>Les priorit\u00e9s sont les r\u00e9parations vari\u00e9es (voir liste dans l&rsquo;article pr\u00e9c\u00e9dent). Mais on ne pr\u00e9tend pas vous faire pleurer sur notre dur sort !<\/p>\n<p>Le Pelourinho est agr\u00e9able \u00e0 visiter, avec sa multitude d&rsquo;\u00e9glises, de places et de vieilles b\u00e2tisses. L&rsquo;acc\u00e8s se fait par le Lacerdo depuis la marina: sur 4 ascenseurs, en g\u00e9n\u00e9ral un seul est op\u00e9rationnel, cr\u00e9ant parfois de longues queues. Et que dire, alors que vous d\u00e9gustez une ca\u00efpirinha bien m\u00e9rit\u00e9e en terrasse, de voir un groupe de percussions se former dans la rue, et commencer un concert \u00e9poustouflant, o\u00f9 le rythme aussi bien que le spectacle vous enthousiasme ? Art Blakey puissance 10 !<\/p>\n<p>Nous en profitons aussi pour nous changer des casse-cro\u00fbtes des ces 15 derniers jours. Jacques nous emm\u00e8ne manger un filet de b\u0153uf au <em>Juarez Restaurante<\/em>, pr\u00e8s du march\u00e9 Ouro : un r\u00e9gal ! Et pas indiqu\u00e9 dans les guides (appaaremment les Br\u00e9siliens se le gardent pour eux!)&#8230; Nous essayons aussi bien s\u00fbr une <em>moqueca <\/em>: fruits de mer et lait de coco se m\u00e9langent bien Et \u00e9videmment les incontournables <em>feijao<\/em>. Et m\u00eame la <em>comida por kilo <\/em>o\u00f9 l&rsquo;on ne mange pas si mal&#8230;<\/p>\n<p><a href=\"http:\/\/kouskeol.fr\/wp-content\/uploads\/2014\/09\/ob_8d427d6390d2df1015842ac68536eacb_clau0960-1024x768.jpg\" target=\"_blank\"><img loading=\"lazy\" decoding=\"async\" class=\"alignnone wp-image-844 size-thumbnail\" src=\"http:\/\/kouskeol.fr\/wp-content\/uploads\/2014\/09\/ob_8d427d6390d2df1015842ac68536eacb_clau0960-1024x768-150x150.jpg\" alt=\"ob_8d427d6390d2df1015842ac68536eacb_clau0960-1024x768\" width=\"150\" height=\"150\" \/><\/a> <a href=\"http:\/\/kouskeol.fr\/wp-content\/uploads\/2014\/09\/ob_709f2457f602040015baefdab905e470_p9220701-1024x768.jpg\" target=\"_blank\"><img loading=\"lazy\" decoding=\"async\" class=\"alignnone wp-image-843 size-thumbnail\" src=\"http:\/\/kouskeol.fr\/wp-content\/uploads\/2014\/09\/ob_709f2457f602040015baefdab905e470_p9220701-1024x768-150x150.jpg\" alt=\"??????????????????????\" width=\"150\" height=\"150\" \/><\/a> <a href=\"http:\/\/kouskeol.fr\/wp-content\/uploads\/2014\/09\/ob_ea2ff8873f40f13ad739c41f55d72896_clau0972-1024x768.jpg\" target=\"_blank\"><img loading=\"lazy\" decoding=\"async\" class=\"alignnone wp-image-842 size-thumbnail\" src=\"http:\/\/kouskeol.fr\/wp-content\/uploads\/2014\/09\/ob_ea2ff8873f40f13ad739c41f55d72896_clau0972-1024x768-150x150.jpg\" alt=\"ob_ea2ff8873f40f13ad739c41f55d72896_clau0972-1024x768\" width=\"150\" height=\"150\" \/><\/a> <a href=\"http:\/\/kouskeol.fr\/wp-content\/uploads\/2014\/09\/ob_9213bbe150e8ef1999ca1537027f62c7_clau0973-1024x768.jpg\" target=\"_blank\"><img loading=\"lazy\" decoding=\"async\" class=\"alignnone wp-image-841 size-thumbnail\" src=\"http:\/\/kouskeol.fr\/wp-content\/uploads\/2014\/09\/ob_9213bbe150e8ef1999ca1537027f62c7_clau0973-1024x768-150x150.jpg\" alt=\"ob_9213bbe150e8ef1999ca1537027f62c7_clau0973-1024x768\" width=\"150\" height=\"150\" \/><\/a> <a href=\"http:\/\/kouskeol.fr\/wp-content\/uploads\/2014\/09\/ob_1847bc29244fd9deba8e1567e0c0fbc5_clau0969-1024x768.jpg\" target=\"_blank\"><img loading=\"lazy\" decoding=\"async\" class=\"alignnone wp-image-840 size-thumbnail\" src=\"http:\/\/kouskeol.fr\/wp-content\/uploads\/2014\/09\/ob_1847bc29244fd9deba8e1567e0c0fbc5_clau0969-1024x768-150x150.jpg\" alt=\"ob_1847bc29244fd9deba8e1567e0c0fbc5_clau0969-1024x768\" width=\"150\" height=\"150\" \/><\/a> <a href=\"http:\/\/kouskeol.fr\/wp-content\/uploads\/2014\/09\/ob_e27541b51c279073778b3062b301ace2_clau0968-1024x768.jpg\" target=\"_blank\"><img loading=\"lazy\" decoding=\"async\" class=\"alignnone wp-image-839 size-thumbnail\" src=\"http:\/\/kouskeol.fr\/wp-content\/uploads\/2014\/09\/ob_e27541b51c279073778b3062b301ace2_clau0968-1024x768-150x150.jpg\" alt=\"ob_e27541b51c279073778b3062b301ace2_clau0968-1024x768\" width=\"150\" height=\"150\" \/><\/a><\/p>\n<div class=\"ob-section ob-section-images ob-layout6-5\">\n<p class=\"ob-desc\"><em>Le Pelourinho<\/em><\/p>\n<\/div>\n<div class=\"ob-section ob-section-text\">\n<div class=\"ob-text\">\n<p>Nous repartons Dimanche 29 vers le Sud : nous devons \u00eatre \u00e0 Rio le 17 pour accueillir MarieJo et Cathy !<\/p>\n<\/div>\n<\/div>\n<\/div>\n<\/div>\n<\/div>\n<\/div>\n","protected":false},"excerpt":{"rendered":"<p>Kousk Eol est au ponton de la marina du Terminal Nautico. Peut-\u00eatre pas la plus belle marina de Salvador, mais tr\u00e8s pratique par sa position \u00e0 c\u00f4t\u00e9 de l&rsquo;ascenseur Lacerdo qui m\u00e8ne au Pelourinho qui nous domine, le vieux quartier de Salvador, class\u00e9 au patrimoine mondial de l&rsquo;UNESCO. La marina du Terminal Nautico et le &hellip; <a href=\"http:\/\/kouskeol.fr\/?p=862\" class=\"more-link\">Continuer la lecture de <span class=\"screen-reader-text\">Salvador &#8211; 22-29 Septembre 2013<\/span>  <span class=\"meta-nav\">&rarr;<\/span><\/a><\/p>\n","protected":false},"author":1,"featured_media":0,"comment_status":"open","ping_status":"open","sticky":false,"template":"","format":"standard","meta":{"ngg_post_thumbnail":0,"footnotes":""},"categories":[14,8],"tags":[],"class_list":["post-862","post","type-post","status-publish","format-standard","hentry","category-bresil","category-voyage"],"_links":{"self":[{"href":"http:\/\/kouskeol.fr\/index.php?rest_route=\/wp\/v2\/posts\/862","targetHints":{"allow":["GET"]}}],"collection":[{"href":"http:\/\/kouskeol.fr\/index.php?rest_route=\/wp\/v2\/posts"}],"about":[{"href":"http:\/\/kouskeol.fr\/index.php?rest_route=\/wp\/v2\/types\/post"}],"author":[{"embeddable":true,"href":"http:\/\/kouskeol.fr\/index.php?rest_route=\/wp\/v2\/users\/1"}],"replies":[{"embeddable":true,"href":"http:\/\/kouskeol.fr\/index.php?rest_route=%2Fwp%2Fv2%2Fcomments&post=862"}],"version-history":[{"count":1,"href":"http:\/\/kouskeol.fr\/index.php?rest_route=\/wp\/v2\/posts\/862\/revisions"}],"predecessor-version":[{"id":863,"href":"http:\/\/kouskeol.fr\/index.php?rest_route=\/wp\/v2\/posts\/862\/revisions\/863"}],"wp:attachment":[{"href":"http:\/\/kouskeol.fr\/index.php?rest_route=%2Fwp%2Fv2%2Fmedia&parent=862"}],"wp:term":[{"taxonomy":"category","embeddable":true,"href":"http:\/\/kouskeol.fr\/index.php?rest_route=%2Fwp%2Fv2%2Fcategories&post=862"},{"taxonomy":"post_tag","embeddable":true,"href":"http:\/\/kouskeol.fr\/index.php?rest_route=%2Fwp%2Fv2%2Ftags&post=862"}],"curies":[{"name":"wp","href":"https:\/\/api.w.org\/{rel}","templated":true}]}}