{"id":873,"date":"2013-09-07T12:57:13","date_gmt":"2013-09-07T11:57:13","guid":{"rendered":"http:\/\/kouskeol.fr\/?p=873"},"modified":"2014-12-17T16:29:02","modified_gmt":"2014-12-17T15:29:02","slug":"praia-6-7-septembre-2013","status":"publish","type":"post","link":"http:\/\/kouskeol.fr\/?p=873","title":{"rendered":"Praia \u2013 6-7 Septembre 2013"},"content":{"rendered":"<div class=\"contenuArticle\">\n<div class=\"ob-section ob-section-text\">\n<div class=\"ob-text\">\n<p>L&rsquo;\u00e9quipage pour la travers\u00e9e vers le Br\u00e9sil est maintenant \u00e0 pied d\u2019\u0153uvre : Andr\u00e9, William, Jacques et Claude.<\/p>\n<p>Le mouillage dans l&rsquo;avant-port de Praia est relativement pratique, sinon grandiose, proche des \u00ab facilit\u00e9s \u00bb offertes par la capitale. Andr\u00e9 avait d\u00e9j\u00e0 fait le gros des courses : ne manquent que le frais et quelques bricoles. Le march\u00e9 local, pittoresque et bien achaland\u00e9, nous permet de nous approvisionner en fruits et l\u00e9gume.<\/p>\n<p>Nous essayons de nous connecter pour entre autre mettre \u00e0 jour le blog : le choix DU cyber-caf\u00e9 de Praia dans cette optique nous semblait logique&#8230; Ben non. Pas de wifi au cyber-caf\u00e9&#8230; Par contre, un wifi gratuit sur une des places de la vieille ville : petite bande passante, mais suffisant pour vous permettre de lire ces pages.<\/p>\n<p>Nous partons demain 7 septembre pour Salvador : prochain \u00e9pisode dans 2 ou 3 semaines ! Derni\u00e8re soir\u00e9e dans la capitale avec petit restau \u00e0 la clef : on n&rsquo;a plus Marie-Jo aux fourneaux !<\/p>\n<p>Petit commentaire sur le peu du Cap Vert que nous ayons vu, et sur la r\u00e9putation de Praia: les gens sont tr\u00e8s accueillants, le mouillage est tranquille (notre annexe est gard\u00e9e par un groupe rencontr\u00e9 sur la plage), les formalit\u00e9s administratives (immigration et police) se passent de mani\u00e8re bon enfant, les conducteurs s&rsquo;arr\u00eatent spontan\u00e9ment pour laisser passer les pi\u00e9tons, etc. R\u00e9alit\u00e9 assez diff\u00e9rente de tout ce que l&rsquo;on peut lire sur divers sites&#8230; Bien s\u00fbr, ceci est ce que nous avons constat\u00e9 lors de notre escale. Il se peut que d&rsquo;autres aient eu des probl\u00e8mes, mais nous garderons de notre bref s\u00e9jour un excellent souvenir!<\/p>\n<\/div>\n<\/div>\n<\/div>\n","protected":false},"excerpt":{"rendered":"<p>L&rsquo;\u00e9quipage pour la travers\u00e9e vers le Br\u00e9sil est maintenant \u00e0 pied d\u2019\u0153uvre : Andr\u00e9, William, Jacques et Claude. Le mouillage dans l&rsquo;avant-port de Praia est relativement pratique, sinon grandiose, proche des \u00ab facilit\u00e9s \u00bb offertes par la capitale. Andr\u00e9 avait d\u00e9j\u00e0 fait le gros des courses : ne manquent que le frais et quelques bricoles. &hellip; <a href=\"http:\/\/kouskeol.fr\/?p=873\" class=\"more-link\">Continuer la lecture de <span class=\"screen-reader-text\">Praia \u2013 6-7 Septembre 2013<\/span>  <span class=\"meta-nav\">&rarr;<\/span><\/a><\/p>\n","protected":false},"author":1,"featured_media":0,"comment_status":"open","ping_status":"open","sticky":false,"template":"","format":"standard","meta":{"ngg_post_thumbnail":0,"footnotes":""},"categories":[13,8,11],"tags":[],"class_list":["post-873","post","type-post","status-publish","format-standard","hentry","category-atlantique-nord","category-voyage","category-miscellanees"],"_links":{"self":[{"href":"http:\/\/kouskeol.fr\/index.php?rest_route=\/wp\/v2\/posts\/873","targetHints":{"allow":["GET"]}}],"collection":[{"href":"http:\/\/kouskeol.fr\/index.php?rest_route=\/wp\/v2\/posts"}],"about":[{"href":"http:\/\/kouskeol.fr\/index.php?rest_route=\/wp\/v2\/types\/post"}],"author":[{"embeddable":true,"href":"http:\/\/kouskeol.fr\/index.php?rest_route=\/wp\/v2\/users\/1"}],"replies":[{"embeddable":true,"href":"http:\/\/kouskeol.fr\/index.php?rest_route=%2Fwp%2Fv2%2Fcomments&post=873"}],"version-history":[{"count":1,"href":"http:\/\/kouskeol.fr\/index.php?rest_route=\/wp\/v2\/posts\/873\/revisions"}],"predecessor-version":[{"id":874,"href":"http:\/\/kouskeol.fr\/index.php?rest_route=\/wp\/v2\/posts\/873\/revisions\/874"}],"wp:attachment":[{"href":"http:\/\/kouskeol.fr\/index.php?rest_route=%2Fwp%2Fv2%2Fmedia&parent=873"}],"wp:term":[{"taxonomy":"category","embeddable":true,"href":"http:\/\/kouskeol.fr\/index.php?rest_route=%2Fwp%2Fv2%2Fcategories&post=873"},{"taxonomy":"post_tag","embeddable":true,"href":"http:\/\/kouskeol.fr\/index.php?rest_route=%2Fwp%2Fv2%2Ftags&post=873"}],"curies":[{"name":"wp","href":"https:\/\/api.w.org\/{rel}","templated":true}]}}