{"id":881,"date":"2013-08-30T13:05:27","date_gmt":"2013-08-30T12:05:27","guid":{"rendered":"http:\/\/kouskeol.fr\/?p=881"},"modified":"2014-09-18T13:07:10","modified_gmt":"2014-09-18T12:07:10","slug":"les-canaries-se-sont-echappees","status":"publish","type":"post","link":"http:\/\/kouskeol.fr\/?p=881","title":{"rendered":"Les Canaries se sont \u00e9chapp\u00e9es!"},"content":{"rendered":"<div class=\"ob-section ob-section-text\">\n<div class=\"ob-text\">\n<p>Un b\u00eate oubli, une porte entrouverte et pffitttt mes deux Canaries femelles se sont \u00e9chapp\u00e9es \u2026. Marie Jo et Nelly sont reparties vers la France\u2026 On dit qu\u2019il faut ouvrir la cage aux oiseaux, mais quand m\u00eame !<\/p>\n<p>Nous (Marie Jo et Andr\u00e9) avons pass\u00e9 une semaine r\u00e9paratrice \u00e0 La Palmas qui nous a permis de prendre nos marques (enfin) dans notre nouveau chez nous.<\/p>\n<p>Nelly nous a rejoint le 14 ao\u00fbt et le 16 Kousk Eol a fil\u00e9 vers Santa Cruz de T\u00e9n\u00e9riffe. Travers\u00e9e encore une fois surprenante o\u00f9 nous avons commenc\u00e9 dans du petit temps pour finir au pr\u00e8s dans 30 n\u0153uds de vent&#8230;. \u00e7a devient une habitude !<\/p>\n<p>T\u00e9n\u00e9riffe est autrement plus attrayante que Gran Canaria qui elle n&rsquo;a que tr\u00e8s peu d\u2019int\u00e9r\u00eat si ce n\u2019est d&rsquo;avoir une grande Marina (Moins bien que celle de Pierre, mais beaucoup de contacts avec d&rsquo;autres navigateurs) pas ch\u00e8re et avec moult Shipchandlers. Nous avons lou\u00e9 une voiture pour faire le tour de ces deux \u00eeles. T\u00e9n\u00e9riffe avec ses paysages, ses for\u00eats et surtout El Teide (volcan d\u00e9passant les 3700 m\u00e8tres qui se trouve aussi \u00eatre le point culminant de l&rsquo;Espagne) nous a fait oublier la perception plut\u00f4t n\u00e9gative de Gran Canaria o\u00f9 le tourisme de masse a laiss\u00e9 des traces surtout dans le sud.<\/p>\n<p>Le 21 ao\u00fbt, apr\u00e8s r\u00e9ception des courses de El Corte Ingl\u00e9s (une institution de la consommation espagnole) nous partons vers San Sebastian de la Gomera sur les traces de Christophe Colomb. Au risque de me r\u00e9p\u00e9ter nous partons avec du petit temps et passons en revue toute la garde-robe dont le Code D et le moteur que nous n&rsquo;avions plus utilis\u00e9s depuis un mois, pour finir au pr\u00e8s dans 40 n\u0153uds de vent&#8230; \u00e9prouvants. Nous arrivons \u00e0 La Gomera \u00e0 minuit.<\/p>\n<p>Ce traitement de machine \u00e0 laver + essoreuse a eu raison de la motivation de Marie Jo et Nelly qui rentrent le 23 sur la France. Andr\u00e9 tu vas pouvoir nous montrer ce que tu vaux en solitaire!<\/p>\n<p>La Gomera restera une escale pleine de charme et de calme avec un tr\u00e8s bon accueil.<\/p>\n<p>Dicton abscons de Nelly : \u00ab Le(s) Pat(es) c&rsquo;est bon pour la sant\u00e9 \u00bb.<\/p>\n<p>Citation d&rsquo;Alvaro Mutis : \u00ab\u00a0La vie n&rsquo;est qu&rsquo;une errance d\u00e9pourvue de sens, l&rsquo;important est d&rsquo;errer intens\u00e9ment sans penser que l&rsquo;on puisse jamais arriver quelque part\u00a0\u00bb.<\/p>\n<\/div>\n<\/div>\n","protected":false},"excerpt":{"rendered":"<p>Un b\u00eate oubli, une porte entrouverte et pffitttt mes deux Canaries femelles se sont \u00e9chapp\u00e9es \u2026. Marie Jo et Nelly sont reparties vers la France\u2026 On dit qu\u2019il faut ouvrir la cage aux oiseaux, mais quand m\u00eame ! Nous (Marie Jo et Andr\u00e9) avons pass\u00e9 une semaine r\u00e9paratrice \u00e0 La Palmas qui nous a permis &hellip; <a href=\"http:\/\/kouskeol.fr\/?p=881\" class=\"more-link\">Continuer la lecture de <span class=\"screen-reader-text\">Les Canaries se sont \u00e9chapp\u00e9es!<\/span>  <span class=\"meta-nav\">&rarr;<\/span><\/a><\/p>\n","protected":false},"author":1,"featured_media":0,"comment_status":"open","ping_status":"open","sticky":false,"template":"","format":"standard","meta":{"ngg_post_thumbnail":0,"footnotes":""},"categories":[13,8],"tags":[],"class_list":["post-881","post","type-post","status-publish","format-standard","hentry","category-atlantique-nord","category-voyage"],"_links":{"self":[{"href":"http:\/\/kouskeol.fr\/index.php?rest_route=\/wp\/v2\/posts\/881","targetHints":{"allow":["GET"]}}],"collection":[{"href":"http:\/\/kouskeol.fr\/index.php?rest_route=\/wp\/v2\/posts"}],"about":[{"href":"http:\/\/kouskeol.fr\/index.php?rest_route=\/wp\/v2\/types\/post"}],"author":[{"embeddable":true,"href":"http:\/\/kouskeol.fr\/index.php?rest_route=\/wp\/v2\/users\/1"}],"replies":[{"embeddable":true,"href":"http:\/\/kouskeol.fr\/index.php?rest_route=%2Fwp%2Fv2%2Fcomments&post=881"}],"version-history":[{"count":1,"href":"http:\/\/kouskeol.fr\/index.php?rest_route=\/wp\/v2\/posts\/881\/revisions"}],"predecessor-version":[{"id":882,"href":"http:\/\/kouskeol.fr\/index.php?rest_route=\/wp\/v2\/posts\/881\/revisions\/882"}],"wp:attachment":[{"href":"http:\/\/kouskeol.fr\/index.php?rest_route=%2Fwp%2Fv2%2Fmedia&parent=881"}],"wp:term":[{"taxonomy":"category","embeddable":true,"href":"http:\/\/kouskeol.fr\/index.php?rest_route=%2Fwp%2Fv2%2Fcategories&post=881"},{"taxonomy":"post_tag","embeddable":true,"href":"http:\/\/kouskeol.fr\/index.php?rest_route=%2Fwp%2Fv2%2Ftags&post=881"}],"curies":[{"name":"wp","href":"https:\/\/api.w.org\/{rel}","templated":true}]}}