{"id":907,"date":"2013-07-31T14:45:50","date_gmt":"2013-07-31T13:45:50","guid":{"rendered":"http:\/\/kouskeol.fr\/?p=907"},"modified":"2014-09-18T14:56:42","modified_gmt":"2014-09-18T13:56:42","slug":"madere-21-au-29-juillet","status":"publish","type":"post","link":"http:\/\/kouskeol.fr\/?p=907","title":{"rendered":"Mad\u00e8re &#8211; 21 au 29 juillet"},"content":{"rendered":"<div class=\"ob-text\">\n<p>Nous partons de Porto Santo vers 7h, sous un ciel couvert et un vent l\u00e9ger de SW, vers Funchal, la capitale de Mad\u00e8re, soit un peu plus de 40 milles.<\/p>\n<p>Travers\u00e9e sans probl\u00e8me, si ce n&rsquo;est que, oh surprise! nous n&rsquo;avons plus d&rsquo;instrument de navigation&#8230; Plus de GPS, plus de pilote, &#8230; Apr\u00e8s plus d&rsquo;une heure de recherche, on d\u00e9couvre dans un des coffres du cockpit qu&rsquo;un des c\u00e2bles du bus SeaTalk est en partie d\u00e9connect\u00e9 de l&rsquo;un des instruments: la mer des jours pr\u00e9c\u00e9dents a sans doute \u00ab\u00a0tass\u00e9\u00a0\u00bb le contenu des coffres qui est venu contre les connexions mal prot\u00e9g\u00e9es. C\u00e2ble rebranch\u00e9, tout remarche! Nous en profitons pour faire un petit coffrage autour des instruments&#8230;<\/p>\n<figure id=\"attachment_908\" aria-describedby=\"caption-attachment-908\" style=\"width: 300px\" class=\"wp-caption aligncenter\"><a href=\"http:\/\/kouskeol.fr\/wp-content\/uploads\/2014\/09\/ob_834ac2c598bf77beb6a9936ca8a7e231_imgp0224.jpg\" target=\"_blank\"><img loading=\"lazy\" decoding=\"async\" class=\"wp-image-908 size-medium\" src=\"http:\/\/kouskeol.fr\/wp-content\/uploads\/2014\/09\/ob_834ac2c598bf77beb6a9936ca8a7e231_imgp0224-300x168.jpg\" alt=\"ob_834ac2c598bf77beb6a9936ca8a7e231_imgp0224\" width=\"300\" height=\"168\" srcset=\"http:\/\/kouskeol.fr\/wp-content\/uploads\/2014\/09\/ob_834ac2c598bf77beb6a9936ca8a7e231_imgp0224-300x168.jpg 300w, http:\/\/kouskeol.fr\/wp-content\/uploads\/2014\/09\/ob_834ac2c598bf77beb6a9936ca8a7e231_imgp0224-1024x576.jpg 1024w, http:\/\/kouskeol.fr\/wp-content\/uploads\/2014\/09\/ob_834ac2c598bf77beb6a9936ca8a7e231_imgp0224-600x337.jpg 600w, http:\/\/kouskeol.fr\/wp-content\/uploads\/2014\/09\/ob_834ac2c598bf77beb6a9936ca8a7e231_imgp0224.jpg 1200w\" sizes=\"auto, (max-width: 300px) 100vw, 300px\" \/><\/a><figcaption id=\"caption-attachment-908\" class=\"wp-caption-text\">Vive l&rsquo;\u00e9lectronique!<\/figcaption><\/figure>\n<p>Le vent est irr\u00e9gulier, et un joli grain nous arrose&#8230; Mais cela ne nous emp\u00eache pas d&rsquo;admirer trois baleines qui croisent \u00e0 environ 200m du bateau.<\/p>\n<p>Arriv\u00e9e vers 16h dans la tr\u00e8s petite marina de Funchal, o\u00f9 les places sont compt\u00e9es : nous nous amarrons \u00e0 couple d&rsquo;un autre voilier.<\/p>\n<p>Cathy et Isa nous rejoignent bient\u00f4t. Et plus tard dans la nuit, ce sera le tour de Dany et Christian. Le bateau est plein: avec nous 5 d\u00e9j\u00e0 \u00e0 bord (MarieJo, Andr\u00e9, Brigitte, William et Claude), nous sommes maintenant 9 ! Une chambre (en fait un petit appartement) est lou\u00e9 pour r\u00e9partir les dormeurs, prendre des douches et faire la lessive qui s&rsquo;est accumul\u00e9e.<\/p>\n<p>Programme de la semaine:<\/p>\n<ul>\n<li>inspection du bateau: raguage, usure, &#8230; Le r\u00e9a de la balancine est particuli\u00e8rement us\u00e9: d\u00e9sormais, la balancine sera mise au mat d\u00e8s la grand-voile hiss\u00e9e.<\/li>\n<li>course traditionnelle d&rsquo;avirons dans l&rsquo;avant-port;<\/li>\n<li>chorale d&rsquo;\u00e9tudiants sur le quai;<\/li>\n<li>ballades : vers la pointe Est de Mad\u00e8re, puis 2 jours sur la c\u00f4te Nord \u00e0 Santana pour d\u00e9couvrir les <em>levadas<\/em>, une des principales attractions de l&rsquo;\u00eele (r\u00e9seau de canaux r\u00e9cup\u00e9rant l&rsquo;eau de ruissellement pour l&rsquo;agriculture). Paysages magnifiques dans une nature assez exub\u00e9rante : orchid\u00e9es, hortensias sauvages au milieu des bananiers, for\u00eat de lauriers, \u2026<\/li>\n<li>visite du jardin botanique ; mont\u00e9e en t\u00e9l\u00e9ph\u00e9rique (Poma : vive les Grenoblois!) vers l&rsquo;\u00e9glise de Monte qui domine Funchal ;<\/li>\n<li>probl\u00e8me r\u00e9current du choix du restaurant le soir&#8230; Mais avis unanimes sur le <em>bacalao,<\/em> toujours copieux et bien pr\u00e9par\u00e9!<\/li>\n<\/ul>\n<p><a href=\"http:\/\/kouskeol.fr\/wp-content\/uploads\/2014\/09\/ob_6e8a77b75835863874c184aaff6d89d5_clau0608.jpg\" target=\"_blank\"><img loading=\"lazy\" decoding=\"async\" class=\"alignnone wp-image-909 size-thumbnail\" src=\"http:\/\/kouskeol.fr\/wp-content\/uploads\/2014\/09\/ob_6e8a77b75835863874c184aaff6d89d5_clau0608-150x150.jpg\" alt=\"ob_6e8a77b75835863874c184aaff6d89d5_clau0608\" width=\"150\" height=\"150\" \/><\/a> <a href=\"http:\/\/kouskeol.fr\/wp-content\/uploads\/2014\/09\/ob_7dfec5c87a2892f776d498a86432cabc_clau0680.jpg\" target=\"_blank\"><img loading=\"lazy\" decoding=\"async\" class=\"alignnone wp-image-910 size-thumbnail\" src=\"http:\/\/kouskeol.fr\/wp-content\/uploads\/2014\/09\/ob_7dfec5c87a2892f776d498a86432cabc_clau0680-150x150.jpg\" alt=\"ob_7dfec5c87a2892f776d498a86432cabc_clau0680\" width=\"150\" height=\"150\" \/><\/a> <a href=\"http:\/\/kouskeol.fr\/wp-content\/uploads\/2014\/09\/ob_9fc7c95852235d4ed107f3dff58b325d_clau0607.jpg\" target=\"_blank\"><img loading=\"lazy\" decoding=\"async\" class=\"alignnone wp-image-911 size-thumbnail\" src=\"http:\/\/kouskeol.fr\/wp-content\/uploads\/2014\/09\/ob_9fc7c95852235d4ed107f3dff58b325d_clau0607-150x150.jpg\" alt=\"ob_9fc7c95852235d4ed107f3dff58b325d_clau0607\" width=\"150\" height=\"150\" \/><\/a> <a href=\"http:\/\/kouskeol.fr\/wp-content\/uploads\/2014\/09\/ob_41d8ae32460420b45f34bc0cc0af3635_clau0661.jpg\" target=\"_blank\"><img loading=\"lazy\" decoding=\"async\" class=\"alignnone wp-image-912 size-thumbnail\" src=\"http:\/\/kouskeol.fr\/wp-content\/uploads\/2014\/09\/ob_41d8ae32460420b45f34bc0cc0af3635_clau0661-150x150.jpg\" alt=\"ob_41d8ae32460420b45f34bc0cc0af3635_clau0661\" width=\"150\" height=\"150\" \/><\/a> <a href=\"http:\/\/kouskeol.fr\/wp-content\/uploads\/2014\/09\/ob_42d9136b490aab325d005f513b4ab93c_clau0637.jpg\" target=\"_blank\"><img loading=\"lazy\" decoding=\"async\" class=\"alignnone wp-image-913 size-thumbnail\" src=\"http:\/\/kouskeol.fr\/wp-content\/uploads\/2014\/09\/ob_42d9136b490aab325d005f513b4ab93c_clau0637-150x150.jpg\" alt=\"ob_42d9136b490aab325d005f513b4ab93c_clau0637\" width=\"150\" height=\"150\" \/><\/a> <a href=\"http:\/\/kouskeol.fr\/wp-content\/uploads\/2014\/09\/ob_701529fcb890e508473c26fbb5e6ed64_clau0663.jpg\" target=\"_blank\"><img loading=\"lazy\" decoding=\"async\" class=\"alignnone wp-image-914 size-thumbnail\" src=\"http:\/\/kouskeol.fr\/wp-content\/uploads\/2014\/09\/ob_701529fcb890e508473c26fbb5e6ed64_clau0663-150x150.jpg\" alt=\"ob_701529fcb890e508473c26fbb5e6ed64_clau0663\" width=\"150\" height=\"150\" \/><\/a> <a href=\"http:\/\/kouskeol.fr\/wp-content\/uploads\/2014\/09\/ob_a6e8741be60884911924e6c0fac5659c_clau0631.jpg\" target=\"_blank\"><img loading=\"lazy\" decoding=\"async\" class=\"alignnone wp-image-915 size-thumbnail\" src=\"http:\/\/kouskeol.fr\/wp-content\/uploads\/2014\/09\/ob_a6e8741be60884911924e6c0fac5659c_clau0631-150x150.jpg\" alt=\"ob_a6e8741be60884911924e6c0fac5659c_clau0631\" width=\"150\" height=\"150\" \/><\/a> <a href=\"http:\/\/kouskeol.fr\/wp-content\/uploads\/2014\/09\/ob_da36991e465f5ff4157c0def83204829_digueportosanto.jpg\" target=\"_blank\"><img loading=\"lazy\" decoding=\"async\" class=\"alignnone wp-image-916 size-thumbnail\" src=\"http:\/\/kouskeol.fr\/wp-content\/uploads\/2014\/09\/ob_da36991e465f5ff4157c0def83204829_digueportosanto-150x150.jpg\" alt=\"ob_da36991e465f5ff4157c0def83204829_digueportosanto\" width=\"150\" height=\"150\" \/><\/a><\/p>\n<p>Nous passerons aussi 2 jours aux Ilhas Desertas, \u00e0 une 20e de milles au SE de Funchal. 3 heures pour atteindre un mouillage de r\u00eave : seuls dans la seule crique autoris\u00e9e, devant la maison des gardiens de l&rsquo;\u00eele, seule habitation. Ap\u00e9ro sous une paillote avec les 6 gardiens et ouvriers qui sont en charge de l&rsquo;entretien, avec qui notre bouteille de Pastis et les 2 bouteilles de vin ne font pas long feu&#8230; Le courant passe tellement bien que nous sommes invit\u00e9s le lendemain \u00e0 d\u00e9guster les arap\u00e8des grill\u00e9es et un riz aux fruits de mer !<\/p>\n<p><a href=\"http:\/\/kouskeol.fr\/wp-content\/uploads\/2014\/09\/ob_32af4310a1e6c146990f41bf93ee13ec_clau0691.jpg\" target=\"_blank\"><img loading=\"lazy\" decoding=\"async\" class=\"alignnone wp-image-917 size-thumbnail\" src=\"http:\/\/kouskeol.fr\/wp-content\/uploads\/2014\/09\/ob_32af4310a1e6c146990f41bf93ee13ec_clau0691-150x150.jpg\" alt=\"ob_32af4310a1e6c146990f41bf93ee13ec_clau0691\" width=\"150\" height=\"150\" \/><\/a> <a href=\"http:\/\/kouskeol.fr\/wp-content\/uploads\/2014\/09\/ob_86a008c647987d60a6aeb6718ee04886_clau0683.jpg\" target=\"_blank\"><img loading=\"lazy\" decoding=\"async\" class=\"alignnone wp-image-918 size-thumbnail\" src=\"http:\/\/kouskeol.fr\/wp-content\/uploads\/2014\/09\/ob_86a008c647987d60a6aeb6718ee04886_clau0683-150x150.jpg\" alt=\"ob_86a008c647987d60a6aeb6718ee04886_clau0683\" width=\"150\" height=\"150\" \/><\/a> <a href=\"http:\/\/kouskeol.fr\/wp-content\/uploads\/2014\/09\/ob_06981a5eea3bf949d1915544833c05a5_clau0717.jpg\" target=\"_blank\"><img loading=\"lazy\" decoding=\"async\" class=\"alignnone wp-image-919 size-thumbnail\" src=\"http:\/\/kouskeol.fr\/wp-content\/uploads\/2014\/09\/ob_06981a5eea3bf949d1915544833c05a5_clau0717-150x150.jpg\" alt=\"ob_06981a5eea3bf949d1915544833c05a5_clau0717\" width=\"150\" height=\"150\" \/><\/a>\u00a0 <a href=\"http:\/\/kouskeol.fr\/wp-content\/uploads\/2014\/09\/ob_d837265fdfeb1a0be18cad859b89de71_clau0720.jpg\" target=\"_blank\"><img loading=\"lazy\" decoding=\"async\" class=\"alignnone wp-image-921 size-thumbnail\" src=\"http:\/\/kouskeol.fr\/wp-content\/uploads\/2014\/09\/ob_d837265fdfeb1a0be18cad859b89de71_clau0720-150x150.jpg\" alt=\"ob_d837265fdfeb1a0be18cad859b89de71_clau0720\" width=\"150\" height=\"150\" \/><\/a><\/p>\n<figure id=\"attachment_922\" aria-describedby=\"caption-attachment-922\" style=\"width: 300px\" class=\"wp-caption aligncenter\"><a href=\"http:\/\/kouskeol.fr\/wp-content\/uploads\/2014\/09\/ob_e3a408853d03a0826e218b183c3ac5c8_clau0708.jpg\" target=\"_blank\"><img loading=\"lazy\" decoding=\"async\" class=\"wp-image-922 size-medium\" src=\"http:\/\/kouskeol.fr\/wp-content\/uploads\/2014\/09\/ob_e3a408853d03a0826e218b183c3ac5c8_clau0708-300x225.jpg\" alt=\"ob_e3a408853d03a0826e218b183c3ac5c8_clau0708\" width=\"300\" height=\"225\" srcset=\"http:\/\/kouskeol.fr\/wp-content\/uploads\/2014\/09\/ob_e3a408853d03a0826e218b183c3ac5c8_clau0708-300x225.jpg 300w, http:\/\/kouskeol.fr\/wp-content\/uploads\/2014\/09\/ob_e3a408853d03a0826e218b183c3ac5c8_clau0708-1024x768.jpg 1024w, http:\/\/kouskeol.fr\/wp-content\/uploads\/2014\/09\/ob_e3a408853d03a0826e218b183c3ac5c8_clau0708-600x450.jpg 600w, http:\/\/kouskeol.fr\/wp-content\/uploads\/2014\/09\/ob_e3a408853d03a0826e218b183c3ac5c8_clau0708.jpg 1200w\" sizes=\"auto, (max-width: 300px) 100vw, 300px\" \/><\/a><figcaption id=\"caption-attachment-922\" class=\"wp-caption-text\">Kousk Eol au mouillage aux Ilhas Desertas<\/figcaption><\/figure>\n<p>De retour au bateau, nous d\u00e9couvrons un petit bateau de p\u00eache avec ses 6 marins : ils sont consign\u00e9s 24 heures pour ne pas avoir respect\u00e9 les zones autoris\u00e9es&#8230; Du coup, ils nous offrent une partie de leur prise : 7 gros morceau d&rsquo;<em>espada <\/em>qui seront pr\u00e9par\u00e9s au four avec oignon, tomates et huile d&rsquo;olive. Il y a pire&#8230;<\/p>\n<p><a href=\"http:\/\/kouskeol.fr\/wp-content\/uploads\/2014\/09\/ob_c8851b903ce4f30295b6668562c19630_clau0706.jpg\" target=\"_blank\"><img loading=\"lazy\" decoding=\"async\" class=\"aligncenter wp-image-920 size-medium\" src=\"http:\/\/kouskeol.fr\/wp-content\/uploads\/2014\/09\/ob_c8851b903ce4f30295b6668562c19630_clau0706-300x225.jpg\" alt=\"ob_c8851b903ce4f30295b6668562c19630_clau0706\" width=\"300\" height=\"225\" srcset=\"http:\/\/kouskeol.fr\/wp-content\/uploads\/2014\/09\/ob_c8851b903ce4f30295b6668562c19630_clau0706-300x225.jpg 300w, http:\/\/kouskeol.fr\/wp-content\/uploads\/2014\/09\/ob_c8851b903ce4f30295b6668562c19630_clau0706-1024x768.jpg 1024w, http:\/\/kouskeol.fr\/wp-content\/uploads\/2014\/09\/ob_c8851b903ce4f30295b6668562c19630_clau0706-600x450.jpg 600w, http:\/\/kouskeol.fr\/wp-content\/uploads\/2014\/09\/ob_c8851b903ce4f30295b6668562c19630_clau0706.jpg 1200w\" sizes=\"auto, (max-width: 300px) 100vw, 300px\" \/><\/a><\/p>\n<p>Nous sommes endormis le soir par les cris des p\u00e9trels \u00e0 la recherche de leur nid: pas franchement des berceuses, mais ici c&rsquo;est la nature qui d\u00e9cide!<\/p>\n<p>Les <em>Ilhas Desertas<\/em> sont un des derniers refuges des phoques moines, esp\u00e8ce tr\u00e8s menac\u00e9e. Les \u00eeles en abritent une petite 40e : Andr\u00e9 r\u00e9ussi \u00e0 en voir 6 dans une grotte, au grand dam des gardiens qui n&rsquo;ont jamais r\u00e9ussi \u00e0 en voir plus de 4 ensembles&#8230; La fibre biologique a d\u00e9finitivement pris le dessus sur le pass\u00e9 r\u00e9cent de p\u00e9trolier !<\/p>\n<p>Puis retour vers Funchal pour une derni\u00e8re journ\u00e9e avant les d\u00e9parts respectifs:<\/p>\n<ul>\n<li>Toujours LA question cruciale: dans quel restaurant irons nous passer notre derni\u00e8re soir\u00e9e \u00e0 Mad\u00e8re?<\/li>\n<li>Dany, Christian, Cathy, Isa et Claude s&rsquo;envolent vers la France. Claude rejoindra Kousk Eol aux Iles du Cap Vert d\u00e9but septembre.<\/li>\n<li>MarieJo, Brigitte, Andr\u00e9 et William partiront lundi 29 juillet au matin vers les Iles Sauvages, avant les Canaries.<\/li>\n<\/ul>\n<p>Cela fera un mois que nous sommes partis&#8230;<\/p>\n<\/div>\n","protected":false},"excerpt":{"rendered":"<p>Nous partons de Porto Santo vers 7h, sous un ciel couvert et un vent l\u00e9ger de SW, vers Funchal, la capitale de Mad\u00e8re, soit un peu plus de 40 milles. Travers\u00e9e sans probl\u00e8me, si ce n&rsquo;est que, oh surprise! nous n&rsquo;avons plus d&rsquo;instrument de navigation&#8230; Plus de GPS, plus de pilote, &#8230; Apr\u00e8s plus d&rsquo;une &hellip; <a href=\"http:\/\/kouskeol.fr\/?p=907\" class=\"more-link\">Continuer la lecture de <span class=\"screen-reader-text\">Mad\u00e8re &#8211; 21 au 29 juillet<\/span>  <span class=\"meta-nav\">&rarr;<\/span><\/a><\/p>\n","protected":false},"author":1,"featured_media":0,"comment_status":"open","ping_status":"open","sticky":false,"template":"","format":"standard","meta":{"ngg_post_thumbnail":0,"footnotes":""},"categories":[13,8],"tags":[],"class_list":["post-907","post","type-post","status-publish","format-standard","hentry","category-atlantique-nord","category-voyage"],"_links":{"self":[{"href":"http:\/\/kouskeol.fr\/index.php?rest_route=\/wp\/v2\/posts\/907","targetHints":{"allow":["GET"]}}],"collection":[{"href":"http:\/\/kouskeol.fr\/index.php?rest_route=\/wp\/v2\/posts"}],"about":[{"href":"http:\/\/kouskeol.fr\/index.php?rest_route=\/wp\/v2\/types\/post"}],"author":[{"embeddable":true,"href":"http:\/\/kouskeol.fr\/index.php?rest_route=\/wp\/v2\/users\/1"}],"replies":[{"embeddable":true,"href":"http:\/\/kouskeol.fr\/index.php?rest_route=%2Fwp%2Fv2%2Fcomments&post=907"}],"version-history":[{"count":1,"href":"http:\/\/kouskeol.fr\/index.php?rest_route=\/wp\/v2\/posts\/907\/revisions"}],"predecessor-version":[{"id":923,"href":"http:\/\/kouskeol.fr\/index.php?rest_route=\/wp\/v2\/posts\/907\/revisions\/923"}],"wp:attachment":[{"href":"http:\/\/kouskeol.fr\/index.php?rest_route=%2Fwp%2Fv2%2Fmedia&parent=907"}],"wp:term":[{"taxonomy":"category","embeddable":true,"href":"http:\/\/kouskeol.fr\/index.php?rest_route=%2Fwp%2Fv2%2Fcategories&post=907"},{"taxonomy":"post_tag","embeddable":true,"href":"http:\/\/kouskeol.fr\/index.php?rest_route=%2Fwp%2Fv2%2Ftags&post=907"}],"curies":[{"name":"wp","href":"https:\/\/api.w.org\/{rel}","templated":true}]}}