{"id":924,"date":"2013-07-19T14:57:33","date_gmt":"2013-07-19T13:57:33","guid":{"rendered":"http:\/\/kouskeol.fr\/?p=924"},"modified":"2015-01-14T15:44:41","modified_gmt":"2015-01-14T14:44:41","slug":"gibraltar-madere","status":"publish","type":"post","link":"http:\/\/kouskeol.fr\/?p=924","title":{"rendered":"Gibraltar &#8211; Mad\u00e8re"},"content":{"rendered":"<p><strong><em>Dimanche 14 Juillet<\/em><\/strong>. Belle journ\u00e9e, mais pas de fanfare de f\u00eate nationale pour nous tirer de nos couchettes&#8230; Repas sur le pouce au seul bistrot du Puerte Deportivo Alcaidesa, puis pr\u00e9paratifs pour le d\u00e9part vers Mad\u00e8re : plein des r\u00e9servoirs d&rsquo;eau, v\u00e9rification du niveau d&rsquo;huile moteur&#8230; pour d\u00e9couvrir une fuite au niveau de la pompe \u00e0 eau . D\u00e9montage, inspection du joint, graissage et remontage. La fuite semble partie au rayon des mauvais souvenirs.<\/p>\n<p>Nous partons finalement vers 16h30 avec un bon vent qui nous pousse hors de la baie d&rsquo;Algesiras : une bande de dauphins, sans doute amateurs de bateaux rac\u00e9s et bien barr\u00e9s, semble nous montrer la route en jouant \u00e0 l&rsquo;\u00e9trave \u2026<\/p>\n<p>L&rsquo;arriv\u00e9e dans le d\u00e9troit est compliqu\u00e9e : vent de face, changeant et obligeant \u00e0 jongler entre trinquette et g\u00e9nois, trafic maritime \u00e0 surveiller lors de la travers\u00e9e des rails&#8230; Nous rejoignons les c\u00f4tes marocaines vers 19h30. Endroit propice aux libations r\u00e9volutionnaires \u2026 La prise de la Bastille sera c\u00e9l\u00e9br\u00e9e par des prises (mod\u00e9r\u00e9es) de bordeaux, qui voyage ma foi fort bien. L&rsquo;\u00e9quipage est achev\u00e9 par une vieille prune de derri\u00e8re les \u00e9quipets . Merci qui ? Merci Kesbi le magnifique !<\/p>\n<p>Le vent et la mer continuent leur petit jeu, se faisant aider par la mar\u00e9e .R\u00e9sultat: bords carr\u00e9s d&rsquo;anthologie durant la nuit !<\/p>\n<p><a href=\"http:\/\/kouskeol.fr\/wp-content\/uploads\/2013\/07\/ob_0f86bca0a6eb702d3e6a540f5c7c1f27_navdenuit.jpg\" target=\"_blank\"><img loading=\"lazy\" decoding=\"async\" class=\"aligncenter wp-image-926 size-medium\" src=\"http:\/\/kouskeol.fr\/wp-content\/uploads\/2013\/07\/ob_0f86bca0a6eb702d3e6a540f5c7c1f27_navdenuit-300x168.jpg\" alt=\"ob_0f86bca0a6eb702d3e6a540f5c7c1f27_navdenuit\" width=\"300\" height=\"168\" srcset=\"http:\/\/kouskeol.fr\/wp-content\/uploads\/2013\/07\/ob_0f86bca0a6eb702d3e6a540f5c7c1f27_navdenuit-300x168.jpg 300w, http:\/\/kouskeol.fr\/wp-content\/uploads\/2013\/07\/ob_0f86bca0a6eb702d3e6a540f5c7c1f27_navdenuit-600x337.jpg 600w, http:\/\/kouskeol.fr\/wp-content\/uploads\/2013\/07\/ob_0f86bca0a6eb702d3e6a540f5c7c1f27_navdenuit.jpg 800w\" sizes=\"auto, (max-width: 300px) 100vw, 300px\" \/><\/a><\/p>\n<p>Un coup d\u2019\u0153il aux traces GPS montre l&rsquo;ampleur des d\u00e9g\u00e2ts&#8230;<\/p>\n<p>Puis nous reprenons r\u00e9guli\u00e8rement du vent, d&rsquo;abord dans le nez, puis s&rsquo;orientant r\u00e9guli\u00e8rement vers le NNE: plut\u00f4t pas mal pour rejoindre Mad\u00e8re ! La vitesse du bateau monte autour de 8 n\u0153uds, avec des pointes au del\u00e0 de 9nds durant la 2e nuit en mer. Trois petits calmars suicidaires se sont \u00e9chou\u00e9s sur le pont: peut-\u00eatre que l&rsquo;alternative \u00e9tait de finir dans la gueule d&rsquo;une dorade ?<\/p>\n<p>On notera d&rsquo;autre part une baisse notable dans la rigueur de la s\u00e9lection des \u00e9quipiers, si l&rsquo;on peut en juger par le manque de pr\u00e9cipitation \u00e0 aller faire la cuisine par 30\u00b0 de g\u00eete, accompagn\u00e9 d&rsquo;une utilisation anormalement longue des couchettes, sous le pr\u00e9texte futile que l\u00e0, \u00e7a passe mieux&#8230;<\/p>\n<p><em>Mercredi 16 <\/em>: le vent est relativement bien \u00e9tabli, apr\u00e8s quelques vell\u00e9it\u00e9s de coup de mou que nous r\u00e9glons vite faite en mena\u00e7ant de sortir le Code D. Nous ferons 170 milles en 24h : c&rsquo;est pas pire&#8230;<\/p>\n<p><strong><em>Jeudi 17<\/em><\/strong> : nuit de folie, avec le bateau r\u00e9guli\u00e8rement au-dessus de 8nds ! 96 milles en 12 heures&#8230; 180 milles en 24h . Nous devrions \u00eatre \u00e0 Porto Santo, premi\u00e8re \u00eele de l\u2019archipel de Mad\u00e8re, \u00e0 une vingtaine de milles au NE de cette derni\u00e8re, donc la premi\u00e8re sur notre chemin, demain en milieu de journ\u00e9e avec un jour et demi d&rsquo;avance sur nos pr\u00e9visions.<\/p>\n<p><strong><em>Vendredi 18<\/em><\/strong> : le bateau a bien avanc\u00e9, sur une mer un peu chahuteuse. L&rsquo;\u00e9meute \u00e0 bord a \u00e9t\u00e9 \u00e9vit\u00e9e de justesse, certain \u00e9l\u00e9ment f\u00e9minin se plaignant d&rsquo;avoir \u00e9t\u00e9 secou\u00e9 plus que de raison pendant la nuit&#8230;<\/p>\n<p>Pas mal d&rsquo;oiseaux marins : le DD montre son savoir et nous \u00e9pate en citant tous les noms. Faut pas jouer au puffin avec lui ! D&rsquo;un autre c\u00f4t\u00e9, comme on n&rsquo;a aucun moyen de v\u00e9rifier la justesse des assertions&#8230;<\/p>\n<p><strong>Porto Santo<\/strong> est en vue depuis 9h. Nous arriverons vers 13h30 dans un port tranquille, accueilli par un douanier parlant fran\u00e7ais, qui nous aide \u00e0 prendre nos amarres. La digue est pratiquement compl\u00e8tement tagu\u00e9e par les bateaux de passage&#8230;<\/p>\n<figure id=\"attachment_927\" aria-describedby=\"caption-attachment-927\" style=\"width: 300px\" class=\"wp-caption aligncenter\"><a href=\"http:\/\/kouskeol.fr\/wp-content\/uploads\/2013\/07\/ob_142ca0609ef813e7d850c0f951129752_clau0603.jpg\" target=\"_blank\"><img loading=\"lazy\" decoding=\"async\" class=\"wp-image-927 size-medium\" src=\"http:\/\/kouskeol.fr\/wp-content\/uploads\/2013\/07\/ob_142ca0609ef813e7d850c0f951129752_clau0603-300x225.jpg\" alt=\"ob_142ca0609ef813e7d850c0f951129752_clau0603\" width=\"300\" height=\"225\" srcset=\"http:\/\/kouskeol.fr\/wp-content\/uploads\/2013\/07\/ob_142ca0609ef813e7d850c0f951129752_clau0603-300x225.jpg 300w, http:\/\/kouskeol.fr\/wp-content\/uploads\/2013\/07\/ob_142ca0609ef813e7d850c0f951129752_clau0603-600x450.jpg 600w, http:\/\/kouskeol.fr\/wp-content\/uploads\/2013\/07\/ob_142ca0609ef813e7d850c0f951129752_clau0603.jpg 800w\" sizes=\"auto, (max-width: 300px) 100vw, 300px\" \/><\/a><figcaption id=\"caption-attachment-927\" class=\"wp-caption-text\">La plage de Porto Sant. Le port est dans le fond.<\/figcaption><\/figure>\n<p>Un peu moins de 4 jours pour cette premi\u00e8re travers\u00e9e d&rsquo;un peu plus de 600 milles. Presque 1400 milles depuis notre d\u00e9part de Toulon le 30 juin.<\/p>\n<p>Vendredi sera une journ\u00e9e de repos, sans quart et bateau \u00e0 plat&#8230; Samedi, nous repartirons vers Funchal, la capitale de Mad\u00e8re. Suite au prochain num\u00e9ro!<\/p>\n","protected":false},"excerpt":{"rendered":"<p>Dimanche 14 Juillet. Belle journ\u00e9e, mais pas de fanfare de f\u00eate nationale pour nous tirer de nos couchettes&#8230; Repas sur le pouce au seul bistrot du Puerte Deportivo Alcaidesa, puis pr\u00e9paratifs pour le d\u00e9part vers Mad\u00e8re : plein des r\u00e9servoirs d&rsquo;eau, v\u00e9rification du niveau d&rsquo;huile moteur&#8230; pour d\u00e9couvrir une fuite au niveau de la pompe &hellip; <a href=\"http:\/\/kouskeol.fr\/?p=924\" class=\"more-link\">Continuer la lecture de <span class=\"screen-reader-text\">Gibraltar &#8211; Mad\u00e8re<\/span>  <span class=\"meta-nav\">&rarr;<\/span><\/a><\/p>\n","protected":false},"author":1,"featured_media":0,"comment_status":"open","ping_status":"open","sticky":false,"template":"","format":"standard","meta":{"ngg_post_thumbnail":0,"footnotes":""},"categories":[13,8,11],"tags":[],"class_list":["post-924","post","type-post","status-publish","format-standard","hentry","category-atlantique-nord","category-voyage","category-miscellanees"],"_links":{"self":[{"href":"http:\/\/kouskeol.fr\/index.php?rest_route=\/wp\/v2\/posts\/924","targetHints":{"allow":["GET"]}}],"collection":[{"href":"http:\/\/kouskeol.fr\/index.php?rest_route=\/wp\/v2\/posts"}],"about":[{"href":"http:\/\/kouskeol.fr\/index.php?rest_route=\/wp\/v2\/types\/post"}],"author":[{"embeddable":true,"href":"http:\/\/kouskeol.fr\/index.php?rest_route=\/wp\/v2\/users\/1"}],"replies":[{"embeddable":true,"href":"http:\/\/kouskeol.fr\/index.php?rest_route=%2Fwp%2Fv2%2Fcomments&post=924"}],"version-history":[{"count":4,"href":"http:\/\/kouskeol.fr\/index.php?rest_route=\/wp\/v2\/posts\/924\/revisions"}],"predecessor-version":[{"id":2105,"href":"http:\/\/kouskeol.fr\/index.php?rest_route=\/wp\/v2\/posts\/924\/revisions\/2105"}],"wp:attachment":[{"href":"http:\/\/kouskeol.fr\/index.php?rest_route=%2Fwp%2Fv2%2Fmedia&parent=924"}],"wp:term":[{"taxonomy":"category","embeddable":true,"href":"http:\/\/kouskeol.fr\/index.php?rest_route=%2Fwp%2Fv2%2Fcategories&post=924"},{"taxonomy":"post_tag","embeddable":true,"href":"http:\/\/kouskeol.fr\/index.php?rest_route=%2Fwp%2Fv2%2Ftags&post=924"}],"curies":[{"name":"wp","href":"https:\/\/api.w.org\/{rel}","templated":true}]}}