{"id":950,"date":"2013-07-01T16:46:10","date_gmt":"2013-07-01T15:46:10","guid":{"rendered":"http:\/\/kouskeol.fr\/?p=950"},"modified":"2015-01-16T09:19:19","modified_gmt":"2015-01-16T08:19:19","slug":"30-juin-le-depart","status":"publish","type":"post","link":"http:\/\/kouskeol.fr\/?p=950","title":{"rendered":"30 Juin: le d\u00e9part&#8230;"},"content":{"rendered":"<p><strong><span style=\"text-decoration: underline;\"><em>De notre envoy\u00e9e sp\u00e9ciale St\u00e9phanie:<\/em><\/span><\/strong><\/p>\n<p>&nbsp;<\/p>\n<p><a href=\"http:\/\/kouskeol.fr\/wp-content\/uploads\/2014\/09\/Dep3.jpg\" target=\"_blank\"><img loading=\"lazy\" decoding=\"async\" class=\"alignnone wp-image-953 size-thumbnail\" src=\"http:\/\/kouskeol.fr\/wp-content\/uploads\/2014\/09\/Dep3-150x150.jpg\" alt=\"Dep3\" width=\"150\" height=\"150\" \/><\/a> <a href=\"http:\/\/kouskeol.fr\/wp-content\/uploads\/2014\/09\/Dep1.jpg\" target=\"_blank\"><img loading=\"lazy\" decoding=\"async\" class=\"alignnone wp-image-951 size-thumbnail\" src=\"http:\/\/kouskeol.fr\/wp-content\/uploads\/2014\/09\/Dep1-150x150.jpg\" alt=\"Dep1\" width=\"150\" height=\"150\" \/><\/a> <a href=\"http:\/\/kouskeol.fr\/wp-content\/uploads\/2014\/09\/Dep2.jpg\" target=\"_blank\"><img loading=\"lazy\" decoding=\"async\" class=\"alignnone wp-image-952 size-thumbnail\" src=\"http:\/\/kouskeol.fr\/wp-content\/uploads\/2014\/09\/Dep2-150x150.jpg\" alt=\"Dep2\" width=\"150\" height=\"150\" \/><\/a> <a href=\"http:\/\/kouskeol.fr\/wp-content\/uploads\/2014\/09\/phpFfy4Pi.jpg\" target=\"_blank\"><img loading=\"lazy\" decoding=\"async\" class=\"alignnone wp-image-958 size-thumbnail\" src=\"http:\/\/kouskeol.fr\/wp-content\/uploads\/2014\/09\/phpFfy4Pi-150x150.jpg\" alt=\"phpFfy4Pi\" width=\"150\" height=\"150\" \/><\/a><\/p>\n<p>Plus de 50 personnes sur le ponton d&rsquo;accueil de la Vieille Darse: la famille, les amis, &#8230; C&rsquo;\u00e9tait plus qu&rsquo;\u00e9mouvant!<\/p>\n<p>Et il parait m\u00eame que ce n&rsquo;\u00e9tait pas uniquement pour le ros\u00e9 que tout ce monde \u00e9tait l\u00e0! Merci \u00e0 tous pour \u00eatre venus!<\/p>\n<p><a href=\"http:\/\/kouskeol.fr\/wp-content\/uploads\/2014\/09\/phpeVMQjz.jpg\" target=\"_blank\"><img loading=\"lazy\" decoding=\"async\" class=\"alignnone wp-image-957 size-thumbnail\" src=\"http:\/\/kouskeol.fr\/wp-content\/uploads\/2014\/09\/phpeVMQjz-150x150.jpg\" alt=\"phpeVMQjz\" width=\"150\" height=\"150\" \/><\/a><a href=\"http:\/\/kouskeol.fr\/wp-content\/uploads\/2014\/09\/phpHc7UKK.jpg\" target=\"_blank\"><img loading=\"lazy\" decoding=\"async\" class=\"alignnone wp-image-960 size-thumbnail\" src=\"http:\/\/kouskeol.fr\/wp-content\/uploads\/2014\/09\/phpHc7UKK-150x150.jpg\" alt=\"phpHc7UKK\" width=\"150\" height=\"150\" \/><\/a><\/p>\n<p><span style=\"color: #000000;\"><a style=\"color: #000000;\" href=\"http:\/\/kouskeol.fr\/wp-content\/uploads\/2014\/09\/phpgDX10b.jpg\">Puis l&rsquo;heure du d\u00e9part arrive vite&#8230;<\/a><\/span><\/p>\n<p><a href=\"http:\/\/kouskeol.fr\/wp-content\/uploads\/2014\/09\/phpgDX10b.jpg\" target=\"_blank\"><img loading=\"lazy\" decoding=\"async\" class=\"alignnone wp-image-959 size-thumbnail\" src=\"http:\/\/kouskeol.fr\/wp-content\/uploads\/2014\/09\/phpgDX10b-150x150.jpg\" alt=\"phpgDX10b\" width=\"150\" height=\"150\" \/><\/a> <a href=\"http:\/\/kouskeol.fr\/wp-content\/uploads\/2014\/09\/phpec9ggi.jpg\" target=\"_blank\"><img loading=\"lazy\" decoding=\"async\" class=\"alignnone wp-image-956 size-thumbnail\" src=\"http:\/\/kouskeol.fr\/wp-content\/uploads\/2014\/09\/phpec9ggi-150x150.jpg\" alt=\"phpec9ggi\" width=\"150\" height=\"150\" \/><\/a><a href=\"http:\/\/kouskeol.fr\/wp-content\/uploads\/2014\/09\/phpdIAwpJ.jpg\" target=\"_blank\"><img loading=\"lazy\" decoding=\"async\" class=\"alignnone wp-image-955 size-thumbnail\" src=\"http:\/\/kouskeol.fr\/wp-content\/uploads\/2014\/09\/phpdIAwpJ-150x150.jpg\" alt=\"phpdIAwpJ\" width=\"150\" height=\"150\" \/><\/a><\/p>\n<p>Nous aurons m\u00eame droit \u00e0 la b\u00e9n\u00e9diction de Saint Pierre avant le grand d\u00e9part, f\u00eate des p\u00eacheurs oblige&#8230;<\/p>\n<p><a href=\"http:\/\/kouskeol.fr\/wp-content\/uploads\/2014\/09\/phpJGeB4A.jpg\" target=\"_blank\"><img loading=\"lazy\" decoding=\"async\" class=\"alignnone wp-image-962 size-thumbnail\" src=\"http:\/\/kouskeol.fr\/wp-content\/uploads\/2014\/09\/phpJGeB4A-150x150.jpg\" alt=\"phpJGeB4A\" width=\"150\" height=\"150\" \/><\/a> <a href=\"http:\/\/kouskeol.fr\/wp-content\/uploads\/2014\/09\/Dep2.jpg\" target=\"_blank\"><img loading=\"lazy\" decoding=\"async\" class=\"alignnone wp-image-952 size-thumbnail\" src=\"http:\/\/kouskeol.fr\/wp-content\/uploads\/2014\/09\/Dep2-150x150.jpg\" alt=\"Dep2\" width=\"150\" height=\"150\" \/><\/a><a href=\"http:\/\/kouskeol.fr\/wp-content\/uploads\/2014\/09\/Dep1.jpg\" target=\"_blank\"><img loading=\"lazy\" decoding=\"async\" class=\"alignnone wp-image-951 size-thumbnail\" src=\"http:\/\/kouskeol.fr\/wp-content\/uploads\/2014\/09\/Dep1-150x150.jpg\" alt=\"Dep1\" width=\"150\" height=\"150\" \/><\/a>4<\/p>\n<p>Derniers adieux&#8230;<\/p>\n<p><a href=\"http:\/\/kouskeol.fr\/wp-content\/uploads\/2014\/09\/phpgDX10b.jpg\" target=\"_blank\"><img loading=\"lazy\" decoding=\"async\" class=\"alignnone wp-image-959 size-thumbnail\" src=\"http:\/\/kouskeol.fr\/wp-content\/uploads\/2014\/09\/phpgDX10b-150x150.jpg\" alt=\"phpgDX10b\" width=\"150\" height=\"150\" \/><\/a><a href=\"http:\/\/kouskeol.fr\/wp-content\/uploads\/2014\/09\/phpoOC4oX.jpg\" target=\"_blank\"><img loading=\"lazy\" decoding=\"async\" class=\"alignnone wp-image-963 size-thumbnail\" src=\"http:\/\/kouskeol.fr\/wp-content\/uploads\/2014\/09\/phpoOC4oX-150x150.jpg\" alt=\"phpoOC4oX\" width=\"150\" height=\"150\" \/><\/a><a href=\"http:\/\/kouskeol.fr\/wp-content\/uploads\/2014\/09\/phpAPMNjx.jpg\" target=\"_blank\"><img loading=\"lazy\" decoding=\"async\" class=\"alignnone wp-image-954 size-thumbnail\" src=\"http:\/\/kouskeol.fr\/wp-content\/uploads\/2014\/09\/phpAPMNjx-150x150.jpg\" alt=\"phpAPMNjx\" width=\"150\" height=\"150\" \/><\/a><\/p>\n<p>Et voila&#8230; Kousk Eol est parti&#8230;<\/p>\n","protected":false},"excerpt":{"rendered":"<p>De notre envoy\u00e9e sp\u00e9ciale St\u00e9phanie: &nbsp; Plus de 50 personnes sur le ponton d&rsquo;accueil de la Vieille Darse: la famille, les amis, &#8230; C&rsquo;\u00e9tait plus qu&rsquo;\u00e9mouvant! Et il parait m\u00eame que ce n&rsquo;\u00e9tait pas uniquement pour le ros\u00e9 que tout ce monde \u00e9tait l\u00e0! Merci \u00e0 tous pour \u00eatre venus! Puis l&rsquo;heure du d\u00e9part arrive &hellip; <a href=\"http:\/\/kouskeol.fr\/?p=950\" class=\"more-link\">Continuer la lecture de <span class=\"screen-reader-text\">30 Juin: le d\u00e9part&#8230;<\/span>  <span class=\"meta-nav\">&rarr;<\/span><\/a><\/p>\n","protected":false},"author":1,"featured_media":0,"comment_status":"open","ping_status":"open","sticky":false,"template":"","format":"standard","meta":{"ngg_post_thumbnail":0,"footnotes":""},"categories":[8,12],"tags":[],"class_list":["post-950","post","type-post","status-publish","format-standard","hentry","category-voyage","category-mediterrannee"],"_links":{"self":[{"href":"http:\/\/kouskeol.fr\/index.php?rest_route=\/wp\/v2\/posts\/950","targetHints":{"allow":["GET"]}}],"collection":[{"href":"http:\/\/kouskeol.fr\/index.php?rest_route=\/wp\/v2\/posts"}],"about":[{"href":"http:\/\/kouskeol.fr\/index.php?rest_route=\/wp\/v2\/types\/post"}],"author":[{"embeddable":true,"href":"http:\/\/kouskeol.fr\/index.php?rest_route=\/wp\/v2\/users\/1"}],"replies":[{"embeddable":true,"href":"http:\/\/kouskeol.fr\/index.php?rest_route=%2Fwp%2Fv2%2Fcomments&post=950"}],"version-history":[{"count":5,"href":"http:\/\/kouskeol.fr\/index.php?rest_route=\/wp\/v2\/posts\/950\/revisions"}],"predecessor-version":[{"id":2110,"href":"http:\/\/kouskeol.fr\/index.php?rest_route=\/wp\/v2\/posts\/950\/revisions\/2110"}],"wp:attachment":[{"href":"http:\/\/kouskeol.fr\/index.php?rest_route=%2Fwp%2Fv2%2Fmedia&parent=950"}],"wp:term":[{"taxonomy":"category","embeddable":true,"href":"http:\/\/kouskeol.fr\/index.php?rest_route=%2Fwp%2Fv2%2Fcategories&post=950"},{"taxonomy":"post_tag","embeddable":true,"href":"http:\/\/kouskeol.fr\/index.php?rest_route=%2Fwp%2Fv2%2Ftags&post=950"}],"curies":[{"name":"wp","href":"https:\/\/api.w.org\/{rel}","templated":true}]}}