{"id":2206,"date":"2015-02-14T21:16:39","date_gmt":"2015-02-14T20:16:39","guid":{"rendered":"http:\/\/kouskeol.fr\/?p=2206"},"modified":"2015-02-16T04:08:31","modified_gmt":"2015-02-16T03:08:31","slug":"puerto-montt-valdivia","status":"publish","type":"post","link":"https:\/\/kouskeol.fr\/?p=2206","title":{"rendered":"Puerto Montt- Valdivia"},"content":{"rendered":"<p><strong>12 f\u00e9vrier 2015<\/strong>. D\u00e9part vers midi apr\u00e8s un dernier caf\u00e9 avec l&rsquo;\u00e9quipage de <em>Denique<\/em>, et surtout apr\u00e8s la visite \u00e0 bord de l&rsquo;Armada pour l&rsquo;autorisation de partir.<br \/>\nCela fait tout dr\u00f4le de reprendre la mer apr\u00e8s tant de mois \u00e0 terre&#8230; Le temps est beau et nous avons un vent de Sud d&rsquo;une vingtaine de n\u0153uds, donc quelques bords \u00e0 tirer. Cet apr\u00e8s-midi sera une reprise en douceur: nous nous arr\u00eatons vers 16h30 \u00e0 un mouillage tranquille devant le petit village de Puerto Calbuco pour la nuit: demain nous repartirons plus t\u00f4t pour avoir le courant dans le bon sens au passage du nord de Chiloe.<\/p>\n<figure id=\"attachment_2217\" aria-describedby=\"caption-attachment-2217\" style=\"width: 300px\" class=\"wp-caption aligncenter\"><a href=\"http:\/\/kouskeol.fr\/wp-content\/uploads\/2015\/02\/PuertoCalbuco.jpg\" target=\"_blank\"><img loading=\"lazy\" decoding=\"async\" class=\"wp-image-2217 size-medium\" src=\"http:\/\/kouskeol.fr\/wp-content\/uploads\/2015\/02\/PuertoCalbuco-300x225.jpg\" alt=\"PuertoCalbuco\" width=\"300\" height=\"225\" srcset=\"https:\/\/kouskeol.fr\/wp-content\/uploads\/2015\/02\/PuertoCalbuco-300x225.jpg 300w, https:\/\/kouskeol.fr\/wp-content\/uploads\/2015\/02\/PuertoCalbuco-1024x768.jpg 1024w, https:\/\/kouskeol.fr\/wp-content\/uploads\/2015\/02\/PuertoCalbuco.jpg 1280w\" sizes=\"auto, (max-width: 300px) 100vw, 300px\" \/><\/a><figcaption id=\"caption-attachment-2217\" class=\"wp-caption-text\">Mouillage \u00e0 Puerto Calbuco<\/figcaption><\/figure>\n<p>Comme nous sommes toujours en Patagonie, la faune ne fait pas d\u00e9faut: manchots de Humbolt, lions de mer, p\u00e9licans\u2026 Et bien s\u00fbr il y a longtemps qu&rsquo;on ne comptabilise plus les cormorans!<\/p>\n<p><a href=\"http:\/\/kouskeol.fr\/wp-content\/uploads\/2015\/02\/pelicans1.jpg\" target=\"_blank\"><img loading=\"lazy\" decoding=\"async\" class=\"aligncenter wp-image-2214 size-medium\" src=\"http:\/\/kouskeol.fr\/wp-content\/uploads\/2015\/02\/pelicans1-300x198.jpg\" alt=\"pelicans1\" width=\"300\" height=\"198\" srcset=\"https:\/\/kouskeol.fr\/wp-content\/uploads\/2015\/02\/pelicans1-300x198.jpg 300w, https:\/\/kouskeol.fr\/wp-content\/uploads\/2015\/02\/pelicans1-1024x675.jpg 1024w, https:\/\/kouskeol.fr\/wp-content\/uploads\/2015\/02\/pelicans1.jpg 1274w\" sizes=\"auto, (max-width: 300px) 100vw, 300px\" \/><\/a><\/p>\n<figure id=\"attachment_2216\" aria-describedby=\"caption-attachment-2216\" style=\"width: 300px\" class=\"wp-caption aligncenter\"><a href=\"http:\/\/kouskeol.fr\/wp-content\/uploads\/2015\/02\/pelicans2.jpg\" target=\"_blank\"><img loading=\"lazy\" decoding=\"async\" class=\"wp-image-2216 size-medium\" src=\"http:\/\/kouskeol.fr\/wp-content\/uploads\/2015\/02\/pelicans2-300x205.jpg\" alt=\"pelicans2\" width=\"300\" height=\"205\" srcset=\"https:\/\/kouskeol.fr\/wp-content\/uploads\/2015\/02\/pelicans2-300x205.jpg 300w, https:\/\/kouskeol.fr\/wp-content\/uploads\/2015\/02\/pelicans2-1024x698.jpg 1024w, https:\/\/kouskeol.fr\/wp-content\/uploads\/2015\/02\/pelicans2.jpg 1280w\" sizes=\"auto, (max-width: 300px) 100vw, 300px\" \/><\/a><figcaption id=\"caption-attachment-2216\" class=\"wp-caption-text\">P\u00e9licans<\/figcaption><\/figure>\n<p><strong>13 f\u00e9vrier<\/strong>. Nuit calme et lever vers 7h pour un d\u00e9part \u00e0 8h. Le vent s&rsquo;est \u00e9tabli autour de 20 nds: moyenne des estimations du bord (corrobor\u00e9e tout de m\u00eame par les GRIBs), car l&rsquo;an\u00e9mom\u00e8tre a d\u00e9cid\u00e9 que pour lui la pause continuait&#8230; Il a du \u00eatre endommag\u00e9 au ponton par un oiseau un peu gros: lorsque nous sommes arriv\u00e9s \u00e0 Puerto Montt, le secteur de girouette avait \u00e9t\u00e9 d\u00e9plac\u00e9.<\/p>\n<p>Un peu de pr\u00e8s dans les chenaux au nord de Chiloe: le vent du sud est frais! Puis on part cap \u00e0 l&rsquo;ouest pour rejoindre le Pacifique: bient\u00f4t nous quitterons la Patagonie!. Une cinquantaine d&rsquo;otaries curieuses viennent tourner autour de Kousk Eol: c&rsquo;est quand m\u00eame mieux qu&rsquo;au zoo! Tellement beau que mieux \u00e7a risquerait d&rsquo;\u00eatre moins bien.<\/p>\n<figure id=\"attachment_2213\" aria-describedby=\"caption-attachment-2213\" style=\"width: 300px\" class=\"wp-caption aligncenter\"><a href=\"http:\/\/kouskeol.fr\/wp-content\/uploads\/2015\/02\/otaries1.jpg\" target=\"_blank\"><img loading=\"lazy\" decoding=\"async\" class=\"wp-image-2213 size-medium\" src=\"http:\/\/kouskeol.fr\/wp-content\/uploads\/2015\/02\/otaries1-300x189.jpg\" alt=\"otaries1\" width=\"300\" height=\"189\" srcset=\"https:\/\/kouskeol.fr\/wp-content\/uploads\/2015\/02\/otaries1-300x189.jpg 300w, https:\/\/kouskeol.fr\/wp-content\/uploads\/2015\/02\/otaries1-1024x647.jpg 1024w, https:\/\/kouskeol.fr\/wp-content\/uploads\/2015\/02\/otaries1.jpg 1238w\" sizes=\"auto, (max-width: 300px) 100vw, 300px\" \/><\/a><figcaption id=\"caption-attachment-2213\" class=\"wp-caption-text\">Otaries<\/figcaption><\/figure>\n<p>Et puis \u00e7a y est: en d\u00e9but d&rsquo;apr\u00e8s-midi, le Pacifique! Clignotant \u00e0 droite et on file vers le nord \u00e0 10 n\u0153uds, grand largue. Le temps est beau mais ici, bizarrement, le vent du sud est frisquet&#8230; Si \u00e7a continue, on va arriver de nuit dans l&rsquo;estuaire de Valdivia: prudence, on va donc ralentir. La grand-voile est ferl\u00e9e. Et le g\u00e9nois nous tire toujours \u00e0 10 nds. Bon d&rsquo;accord, on en roule un tiers: 9 nds! Finalement, c&rsquo;est avec \u00e0 peine un quart de g\u00e9nois que nous continuerons \u00e0 plus de 6 nds de moyenne&#8230; Et sans la grand-voile, le bateau roule inconfortablement dans une houle de 3 m assez courte: 50 m cr\u00eate \u00e0 cr\u00eate.<\/p>\n<figure id=\"attachment_2218\" aria-describedby=\"caption-attachment-2218\" style=\"width: 300px\" class=\"wp-caption aligncenter\"><a href=\"http:\/\/kouskeol.fr\/wp-content\/uploads\/2015\/02\/quartGenois.jpg\" target=\"_blank\"><img loading=\"lazy\" decoding=\"async\" class=\"wp-image-2218 size-medium\" src=\"http:\/\/kouskeol.fr\/wp-content\/uploads\/2015\/02\/quartGenois-300x221.jpg\" alt=\"quartGenois\" width=\"300\" height=\"221\" srcset=\"https:\/\/kouskeol.fr\/wp-content\/uploads\/2015\/02\/quartGenois-300x221.jpg 300w, https:\/\/kouskeol.fr\/wp-content\/uploads\/2015\/02\/quartGenois-1024x754.jpg 1024w, https:\/\/kouskeol.fr\/wp-content\/uploads\/2015\/02\/quartGenois.jpg 1252w\" sizes=\"auto, (max-width: 300px) 100vw, 300px\" \/><\/a><figcaption id=\"caption-attachment-2218\" class=\"wp-caption-text\">1\/4 de g\u00e9nois pour la nuit&#8230;<\/figcaption><\/figure>\n<p>Pacifique, vous avez dit?<\/p>\n<p><strong>14 f\u00e9vrier<\/strong>. Premiers quarts de nuit depuis bien longtemps, avec cir\u00e9s et bonnets. Pas un seul feu de bateau durant tout le trajet, mais un ciel d&rsquo;une tr\u00e8s grande puret\u00e9. Nous sommes juste sous la Voie Lact\u00e9e, et la Croix du Sud confirme que nous remontons bien vers le nord. Et nous repassons les 40\u00b0S: s&rsquo;ils veulent continuer \u00e0 rugir, ce sera sans nous!<br \/>\nAu petit matin, nous sommes encore \u00e0 15 milles de l&#8217;embouchure: le vent est presque tomb\u00e9, et c&rsquo;est donc une petite ris\u00e9e Volvo qui nous entra\u00eene vers Valdivia, sur une mer presque plate.<\/p>\n<p>10h: nous sommes dans la Bahia Corral, entr\u00e9e du rio. Et bien s\u00fbr, baleines, otaries, p\u00e9trels, cormorans, p\u00e9licans, etc. Mais \u00e7a, on vous l&rsquo;a d\u00e9j\u00e0 dit.<\/p>\n<p><a href=\"http:\/\/kouskeol.fr\/wp-content\/uploads\/2015\/02\/EntreeRioValdivia2.jpg\" target=\"_blank\"><img loading=\"lazy\" decoding=\"async\" class=\"aligncenter wp-image-2210 size-medium\" src=\"http:\/\/kouskeol.fr\/wp-content\/uploads\/2015\/02\/EntreeRioValdivia2-300x222.jpg\" alt=\"EntreeRioValdivia2\" width=\"300\" height=\"222\" srcset=\"https:\/\/kouskeol.fr\/wp-content\/uploads\/2015\/02\/EntreeRioValdivia2-300x222.jpg 300w, https:\/\/kouskeol.fr\/wp-content\/uploads\/2015\/02\/EntreeRioValdivia2-1024x757.jpg 1024w, https:\/\/kouskeol.fr\/wp-content\/uploads\/2015\/02\/EntreeRioValdivia2.jpg 1260w\" sizes=\"auto, (max-width: 300px) 100vw, 300px\" \/><\/a> <a href=\"http:\/\/kouskeol.fr\/wp-content\/uploads\/2015\/02\/Jacques.jpg\" target=\"_blank\"><img loading=\"lazy\" decoding=\"async\" class=\"aligncenter wp-image-2211 size-medium\" src=\"http:\/\/kouskeol.fr\/wp-content\/uploads\/2015\/02\/Jacques-300x219.jpg\" alt=\"Jacques\" width=\"300\" height=\"219\" srcset=\"https:\/\/kouskeol.fr\/wp-content\/uploads\/2015\/02\/Jacques-300x219.jpg 300w, https:\/\/kouskeol.fr\/wp-content\/uploads\/2015\/02\/Jacques-1024x749.jpg 1024w, https:\/\/kouskeol.fr\/wp-content\/uploads\/2015\/02\/Jacques.jpg 1242w\" sizes=\"auto, (max-width: 300px) 100vw, 300px\" \/><\/a> <a href=\"http:\/\/kouskeol.fr\/wp-content\/uploads\/2015\/02\/EntreeRioValdivia.jpg\" target=\"_blank\"><img loading=\"lazy\" decoding=\"async\" class=\"aligncenter wp-image-2209 size-medium\" src=\"http:\/\/kouskeol.fr\/wp-content\/uploads\/2015\/02\/EntreeRioValdivia-300x225.jpg\" alt=\"EntreeRioValdivia\" width=\"300\" height=\"225\" srcset=\"https:\/\/kouskeol.fr\/wp-content\/uploads\/2015\/02\/EntreeRioValdivia-300x225.jpg 300w, https:\/\/kouskeol.fr\/wp-content\/uploads\/2015\/02\/EntreeRioValdivia-1024x768.jpg 1024w, https:\/\/kouskeol.fr\/wp-content\/uploads\/2015\/02\/EntreeRioValdivia.jpg 1280w\" sizes=\"auto, (max-width: 300px) 100vw, 300px\" \/><\/a><br \/>\nEt toujours les m\u00eames d\u00e9calages sur les cartes CM93: la position GPS se retrouve environ 1 mille trop au sud. Heureusement le 2e jeu de cartes est lui bien calibr\u00e9&#8230;<\/p>\n<p>Une heure et demie plus tard, nous mouillons \u00e0 la marina Alwoplast, quelques milles avant Valdivia, o\u00f9 nous retrouvons Carmen, avec son skipper Mike et Shane.<br \/>\nBonne remise en jambes!<\/p>\n<figure id=\"attachment_2208\" aria-describedby=\"caption-attachment-2208\" style=\"width: 300px\" class=\"wp-caption aligncenter\"><a href=\"http:\/\/kouskeol.fr\/wp-content\/uploads\/2015\/02\/CarmenKE.jpg\" target=\"_blank\"><img loading=\"lazy\" decoding=\"async\" class=\"wp-image-2208 size-medium\" src=\"http:\/\/kouskeol.fr\/wp-content\/uploads\/2015\/02\/CarmenKE-300x225.jpg\" alt=\"CarmenKE\" width=\"300\" height=\"225\" srcset=\"https:\/\/kouskeol.fr\/wp-content\/uploads\/2015\/02\/CarmenKE-300x225.jpg 300w, https:\/\/kouskeol.fr\/wp-content\/uploads\/2015\/02\/CarmenKE-1024x767.jpg 1024w, https:\/\/kouskeol.fr\/wp-content\/uploads\/2015\/02\/CarmenKE.jpg 1276w\" sizes=\"auto, (max-width: 300px) 100vw, 300px\" \/><\/a><figcaption id=\"caption-attachment-2208\" class=\"wp-caption-text\">Carment et Kousk Eol \u00e0 la marina Alwoplast<\/figcaption><\/figure>\n<figure id=\"attachment_2207\" aria-describedby=\"caption-attachment-2207\" style=\"width: 300px\" class=\"wp-caption aligncenter\"><a href=\"http:\/\/kouskeol.fr\/wp-content\/uploads\/2015\/02\/AndreMike.jpg\" target=\"_blank\"><img loading=\"lazy\" decoding=\"async\" class=\"wp-image-2207 size-medium\" src=\"http:\/\/kouskeol.fr\/wp-content\/uploads\/2015\/02\/AndreMike-300x225.jpg\" alt=\"AndreMike\" width=\"300\" height=\"225\" srcset=\"https:\/\/kouskeol.fr\/wp-content\/uploads\/2015\/02\/AndreMike-300x225.jpg 300w, https:\/\/kouskeol.fr\/wp-content\/uploads\/2015\/02\/AndreMike-1024x768.jpg 1024w, https:\/\/kouskeol.fr\/wp-content\/uploads\/2015\/02\/AndreMike.jpg 1278w\" sizes=\"auto, (max-width: 300px) 100vw, 300px\" \/><\/a><figcaption id=\"caption-attachment-2207\" class=\"wp-caption-text\">Moment de recueillement: match de rugby France-Irlande (Andr\u00e9 et Mike)<\/figcaption><\/figure>\n<p>Juste deux petits mots sur Mike: il va f\u00eater ses 76 ans dans trois jours, vient de traverser seul d&rsquo;Australie au Cap Horn (50 jours), et rentre dans une semaine chez lui par le sud de la Polyn\u00e9sie&#8230; Il y a de l&rsquo;espoir!<\/p>\n","protected":false},"excerpt":{"rendered":"<p>12 f\u00e9vrier 2015. D\u00e9part vers midi apr\u00e8s un dernier caf\u00e9 avec l&rsquo;\u00e9quipage de Denique, et surtout apr\u00e8s la visite \u00e0 bord de l&rsquo;Armada pour l&rsquo;autorisation de partir. Cela fait tout dr\u00f4le de reprendre la mer apr\u00e8s tant de mois \u00e0 terre&#8230; Le temps est beau et nous avons un vent de Sud d&rsquo;une vingtaine de &hellip; <a href=\"https:\/\/kouskeol.fr\/?p=2206\" class=\"more-link\">Continuer la lecture de <span class=\"screen-reader-text\">Puerto Montt- Valdivia<\/span>  <span class=\"meta-nav\">&rarr;<\/span><\/a><\/p>\n","protected":false},"author":1,"featured_media":0,"comment_status":"open","ping_status":"open","sticky":false,"template":"","format":"standard","meta":{"ngg_post_thumbnail":0,"footnotes":""},"categories":[17,8,55],"tags":[],"class_list":["post-2206","post","type-post","status-publish","format-standard","hentry","category-chili","category-voyage","category-pacifique"],"_links":{"self":[{"href":"https:\/\/kouskeol.fr\/index.php?rest_route=\/wp\/v2\/posts\/2206","targetHints":{"allow":["GET"]}}],"collection":[{"href":"https:\/\/kouskeol.fr\/index.php?rest_route=\/wp\/v2\/posts"}],"about":[{"href":"https:\/\/kouskeol.fr\/index.php?rest_route=\/wp\/v2\/types\/post"}],"author":[{"embeddable":true,"href":"https:\/\/kouskeol.fr\/index.php?rest_route=\/wp\/v2\/users\/1"}],"replies":[{"embeddable":true,"href":"https:\/\/kouskeol.fr\/index.php?rest_route=%2Fwp%2Fv2%2Fcomments&post=2206"}],"version-history":[{"count":8,"href":"https:\/\/kouskeol.fr\/index.php?rest_route=\/wp\/v2\/posts\/2206\/revisions"}],"predecessor-version":[{"id":2272,"href":"https:\/\/kouskeol.fr\/index.php?rest_route=\/wp\/v2\/posts\/2206\/revisions\/2272"}],"wp:attachment":[{"href":"https:\/\/kouskeol.fr\/index.php?rest_route=%2Fwp%2Fv2%2Fmedia&parent=2206"}],"wp:term":[{"taxonomy":"category","embeddable":true,"href":"https:\/\/kouskeol.fr\/index.php?rest_route=%2Fwp%2Fv2%2Fcategories&post=2206"},{"taxonomy":"post_tag","embeddable":true,"href":"https:\/\/kouskeol.fr\/index.php?rest_route=%2Fwp%2Fv2%2Ftags&post=2206"}],"curies":[{"name":"wp","href":"https:\/\/api.w.org\/{rel}","templated":true}]}}